{"id":5052,"date":"2003-05-08T00:00:00","date_gmt":"2003-05-07T22:00:00","guid":{"rendered":"https:\/\/www.justiceinfo.net\/5052-08052003-tpirmedia-un-expert-de-la-defense-estime-que-kangura-na-pas-incite-au-genocide1842.html"},"modified":"2003-05-08T00:00:00","modified_gmt":"2003-05-07T22:00:00","slug":"08052003-tpirmedia-un-expert-de-la-defense-estime-que-kangura-na-pas-incite-au-genocide1842","status":"publish","type":"post","link":"https:\/\/www.justiceinfo.net\/fr\/5052-08052003-tpirmedia-un-expert-de-la-defense-estime-que-kangura-na-pas-incite-au-genocide1842.html","title":{"rendered":"08.05.2003 - TPIR\/MEDIA - UN EXPERT DE LA DEFENSE ESTIME QUE KANGURA N'A PAS INCITE AU GENOCIDE"},"content":{"rendered":"<p  >\nArusha, le 8 mai 2003 (FH) - Un expert cit\u00e9 par la d\u00e9fense a estim\u00e9 que la revue Kangura n'a pas jou\u00e9 de r\u00f4le dans l'incitation au g\u00e9nocide contre les Tutsis en 1994, jeudi dans le proc\u00e8s des \"m\u00e9dias de la haine\" en cours devant le Tribunal p\u00e9nal international pour le Rwanda (TPIR).\n<\/p>\n<p  >\n\"J'ai des doutes, mais je ne peux pas m'\u00e9tendre l\u00e0-dessus parce que cela fait partie du proc\u00e8s\", a d\u00e9clar\u00e9 le politologue allemand Helmut Strizek au quatri\u00e8me jour de sa d\u00e9position dans l'int\u00e9r\u00eat du professeur Ferdinand Nahimana, un des trois accus\u00e9s dans ce proc\u00e8s.\n<\/p>\n<p><!--more--><\/p>\n<p  >\nPromoteur all\u00e9gu\u00e9 de la Radio-t\u00e9l\u00e9vision libre des Milles collines (RTLM), Ferdinand Nahinana est coaccus\u00e9 avec un membre du comit\u00e9 D'initiative de cette radio, Jean-Bosco Barayagwiza, ainsi que l'ancien directeur et r\u00e9dacteur en chef de la revue Kangura, Hassan Ngeze. Ils sont principalement poursuivis pour utilisation de leurs m\u00e9dias respectifs \u00e0 des fins de g\u00e9nocide. Ils plaident non coupables.\n<\/p>\n<p  >\nHelmut Strizek \u00e9tait interrog\u00e9 par un des avocats de Ngeze, le Canadien Ren\u00e9 Martel. Me Martel a demand\u00e9 \u00e0 l'expert Strizek si \"un petit journal comme Kangura\" pouvait s'ajouter \u00e0 une dizaine de facteurs qui, selon lui, ont d\u00e9clench\u00e9 le g\u00e9nocide. Il a alors \u00e9mis des doutes.\n<\/p>\n<p  >\nDans un rapport D'expertise mis en preuve par la d\u00e9fense de Nahimana, le Dr Strizek indique que parmi les \u00e9l\u00e9ments \u00e0 l'origine du g\u00e9nocide au Rwanda figuraient la guerre d\u00e9clench\u00e9e par le Front patriotique rwandais (FPR) en octobre 1990, l'ouverture d\u00e9mocratique tardive dans le pays, le comportement des partis D'opposition, la situation \u00e9conomique d\u00e9sastreuse, la radicalisation de la vie politique, la strat\u00e9gie guerri\u00e8re du FPR soutenue par de grands pays et l'attentat meurtrier contre l'avion de l'ex-pr\u00e9sident Juv\u00e9nal Habyarimana le 6 avril 1994.\n<\/p>\n<p  >\nLa th\u00e8se de la d\u00e9fense de Ngeze est que le bimensuel Kangura, avec un tirage qui ne d\u00e9passait gu\u00e8re les deux mille exemplaires, ne pouvait qu'avoir un impact limit\u00e9 sur la population rwandaise par ailleurs en grande partie analphab\u00e8te.\n<\/p>\n<p  >\nLe procureur all\u00e8gue que la revue Kangura a \u00e9t\u00e9 utilis\u00e9e pour diffuser l'id\u00e9ologie hutue extr\u00e9miste, au d\u00e9triment des Tutsis.\n<\/p>\n<p  >\nLe Dr Strizek a fait des \u00e9tudes de sciences politiques en Allemagne et en France et a fait des recherches sur le Rwanda et le Burundi. Le procureur a sugg\u00e9r\u00e9 que la d\u00e9position du Dr Strizek est \"bais\u00e9e\". Il a cl\u00f4tur\u00e9 son t\u00e9moignage jeudi soir.\n<\/p>\n<p  >\nLe proc\u00e8s des m\u00e9dias se d\u00e9roule devant la premi\u00e8re chambre de premi\u00e8re instance du TPIR pr\u00e9sid\u00e9e par la juge sud-africaine Navanethem Pillay et compos\u00e9e de juges norv\u00e9gien Erik Mose et sri-lankais Asoka de Zoysa Gunawardana. Le proc\u00e8s se poursuit vendredi.\n<\/p>\n<p  >\nAT\/CE\/GF\/FH(ME'0508B)<\/p>\n","protected":false},"excerpt":{"rendered":"<p>Arusha, le 8 mai 2003 (FH) - Un expert cit\u00e9 par la d\u00e9fense a estim\u00e9 que la revue Kangura n'a pas jou\u00e9 de r\u00f4le dans l'incitation au g\u00e9nocide contre les Tutsis en 1994, jeudi dans le proc\u00e8s des \"m\u00e9dias de la haine\" en cours devant le Tribunal p\u00e9nal international pour le Rwanda (TPIR). \"J'ai des [&hellip;]<\/p>\n","protected":false},"author":64,"featured_media":0,"comment_status":"open","ping_status":"closed","sticky":false,"template":"","format":"standard","meta":{"_acf_changed":false,"footnotes":""},"categories":[554],"tags":[],"ji_location":[],"class_list":["post-5052","post","type-post","status-publish","format-standard","hentry","category-hirondellenews"],"acf":[],"yoast_head":"<!-- This site is optimized with the Yoast SEO Premium plugin v25.3.1 (Yoast SEO v25.3.1) - https:\/\/yoast.com\/wordpress\/plugins\/seo\/ -->\n<title>08.05.2003 - TPIR\/MEDIA - UN EXPERT DE LA DEFENSE ESTIME QUE KANGURA N&#039;A PAS INCITE AU GENOCIDE - JusticeInfo.net<\/title>\n<meta name=\"robots\" content=\"index, follow, max-snippet:-1, max-image-preview:large, max-video-preview:-1\" \/>\n<link rel=\"canonical\" href=\"https:\/\/www.justiceinfo.net\/fr\/5052-08052003-tpirmedia-un-expert-de-la-defense-estime-que-kangura-na-pas-incite-au-genocide1842.html\" \/>\n<meta property=\"og:locale\" content=\"fr_FR\" \/>\n<meta property=\"og:type\" content=\"article\" \/>\n<meta property=\"og:title\" content=\"08.05.2003 - TPIR\/MEDIA - UN EXPERT DE LA DEFENSE ESTIME QUE KANGURA N&#039;A PAS INCITE AU GENOCIDE\" \/>\n<meta property=\"og:description\" content=\"Arusha, le 8 mai 2003 (FH) - Un expert cit\u00e9 par la d\u00e9fense a estim\u00e9 que la revue Kangura n&#039;a pas jou\u00e9 de r\u00f4le dans l&#039;incitation au g\u00e9nocide contre les Tutsis en 1994, jeudi dans le proc\u00e8s des &quot;m\u00e9dias de la haine&quot; en cours devant le Tribunal p\u00e9nal international pour le Rwanda (TPIR). &quot;J&#039;ai des [&hellip;]\" \/>\n<meta property=\"og:url\" content=\"https:\/\/www.justiceinfo.net\/fr\/5052-08052003-tpirmedia-un-expert-de-la-defense-estime-que-kangura-na-pas-incite-au-genocide1842.html\" \/>\n<meta property=\"og:site_name\" content=\"JusticeInfo.net\" \/>\n<meta property=\"article:publisher\" content=\"https:\/\/www.facebook.com\/JusticeInfo\/\" \/>\n<meta property=\"article:published_time\" content=\"2003-05-07T22:00:00+00:00\" \/>\n<meta property=\"og:image\" content=\"https:\/\/www.justiceinfo.net\/wp-content\/uploads\/JusticeInfoNet_logo_1200x630px.jpg\" \/>\n\t<meta property=\"og:image:width\" content=\"1200\" \/>\n\t<meta property=\"og:image:height\" content=\"630\" \/>\n\t<meta property=\"og:image:type\" content=\"image\/jpeg\" \/>\n<meta name=\"author\" content=\"solivri\" \/>\n<meta name=\"twitter:card\" content=\"summary_large_image\" \/>\n<meta name=\"twitter:creator\" content=\"@justiceinfonet\" \/>\n<meta name=\"twitter:site\" content=\"@justiceinfonet\" \/>\n<meta name=\"twitter:label1\" content=\"\u00c9crit par\" \/>\n\t<meta name=\"twitter:data1\" content=\"solivri\" \/>\n\t<meta name=\"twitter:label2\" content=\"Dur\u00e9e de lecture estim\u00e9e\" \/>\n\t<meta name=\"twitter:data2\" content=\"2 minutes\" \/>\n<script type=\"application\/ld+json\" class=\"yoast-schema-graph\">{\"@context\":\"https:\/\/schema.org\",\"@graph\":[{\"@type\":\"NewsArticle\",\"@id\":\"https:\/\/www.justiceinfo.net\/fr\/5052-08052003-tpirmedia-un-expert-de-la-defense-estime-que-kangura-na-pas-incite-au-genocide1842.html#article\",\"isPartOf\":{\"@id\":\"https:\/\/www.justiceinfo.net\/fr\/5052-08052003-tpirmedia-un-expert-de-la-defense-estime-que-kangura-na-pas-incite-au-genocide1842.html\"},\"author\":{\"name\":\"solivri\",\"@id\":\"https:\/\/www.justiceinfo.net\/fr#\/schema\/person\/6e53cba1629e2e66f3fc1821d3091865\"},\"headline\":\"08.05.2003 - TPIR\/MEDIA - UN EXPERT DE LA DEFENSE ESTIME QUE KANGURA N'A PAS INCITE AU GENOCIDE\",\"datePublished\":\"2003-05-07T22:00:00+00:00\",\"mainEntityOfPage\":{\"@id\":\"https:\/\/www.justiceinfo.net\/fr\/5052-08052003-tpirmedia-un-expert-de-la-defense-estime-que-kangura-na-pas-incite-au-genocide1842.html\"},\"wordCount\":518,\"commentCount\":0,\"publisher\":{\"@id\":\"https:\/\/www.justiceinfo.net\/fr#organization\"},\"articleSection\":[\"Hirondelle News\"],\"inLanguage\":\"fr-FR\",\"potentialAction\":[{\"@type\":\"CommentAction\",\"name\":\"Comment\",\"target\":[\"https:\/\/www.justiceinfo.net\/fr\/5052-08052003-tpirmedia-un-expert-de-la-defense-estime-que-kangura-na-pas-incite-au-genocide1842.html#respond\"]}]},{\"@type\":\"WebPage\",\"@id\":\"https:\/\/www.justiceinfo.net\/fr\/5052-08052003-tpirmedia-un-expert-de-la-defense-estime-que-kangura-na-pas-incite-au-genocide1842.html\",\"url\":\"https:\/\/www.justiceinfo.net\/fr\/5052-08052003-tpirmedia-un-expert-de-la-defense-estime-que-kangura-na-pas-incite-au-genocide1842.html\",\"name\":\"08.05.2003 - TPIR\/MEDIA - UN EXPERT DE LA DEFENSE ESTIME QUE KANGURA N'A PAS INCITE AU GENOCIDE - JusticeInfo.net\",\"isPartOf\":{\"@id\":\"https:\/\/www.justiceinfo.net\/fr#website\"},\"datePublished\":\"2003-05-07T22:00:00+00:00\",\"breadcrumb\":{\"@id\":\"https:\/\/www.justiceinfo.net\/fr\/5052-08052003-tpirmedia-un-expert-de-la-defense-estime-que-kangura-na-pas-incite-au-genocide1842.html#breadcrumb\"},\"inLanguage\":\"fr-FR\",\"potentialAction\":[{\"@type\":\"ReadAction\",\"target\":[\"https:\/\/www.justiceinfo.net\/fr\/5052-08052003-tpirmedia-un-expert-de-la-defense-estime-que-kangura-na-pas-incite-au-genocide1842.html\"]}]},{\"@type\":\"BreadcrumbList\",\"@id\":\"https:\/\/www.justiceinfo.net\/fr\/5052-08052003-tpirmedia-un-expert-de-la-defense-estime-que-kangura-na-pas-incite-au-genocide1842.html#breadcrumb\",\"itemListElement\":[{\"@type\":\"ListItem\",\"position\":1,\"name\":\"Home\",\"item\":\"https:\/\/www.justiceinfo.net\/fr\"},{\"@type\":\"ListItem\",\"position\":2,\"name\":\"08.05.2003 - TPIR\/MEDIA - UN EXPERT DE LA DEFENSE ESTIME QUE KANGURA N'A PAS INCITE AU GENOCIDE\"}]},{\"@type\":\"WebSite\",\"@id\":\"https:\/\/www.justiceinfo.net\/fr#website\",\"url\":\"https:\/\/www.justiceinfo.net\/fr\",\"name\":\"JusticeInfo.net\",\"description\":\"La justice doit \u00eatre vue pour \u00eatre rendue\",\"publisher\":{\"@id\":\"https:\/\/www.justiceinfo.net\/fr#organization\"},\"potentialAction\":[{\"@type\":\"SearchAction\",\"target\":{\"@type\":\"EntryPoint\",\"urlTemplate\":\"https:\/\/www.justiceinfo.net\/fr?s={search_term_string}\"},\"query-input\":{\"@type\":\"PropertyValueSpecification\",\"valueRequired\":true,\"valueName\":\"search_term_string\"}}],\"inLanguage\":\"fr-FR\"},{\"@type\":\"Organization\",\"@id\":\"https:\/\/www.justiceinfo.net\/fr#organization\",\"name\":\"Justice Info\",\"url\":\"https:\/\/www.justiceinfo.net\/fr\",\"logo\":{\"@type\":\"ImageObject\",\"inLanguage\":\"fr-FR\",\"@id\":\"https:\/\/www.justiceinfo.net\/fr#\/schema\/logo\/image\/\",\"url\":\"https:\/\/www.justiceinfo.net\/wp-content\/uploads\/justiceinfo_logo-trans_1200x1200px.png\",\"contentUrl\":\"https:\/\/www.justiceinfo.net\/wp-content\/uploads\/justiceinfo_logo-trans_1200x1200px.png\",\"width\":1199,\"height\":1200,\"caption\":\"Justice Info\"},\"image\":{\"@id\":\"https:\/\/www.justiceinfo.net\/fr#\/schema\/logo\/image\/\"},\"sameAs\":[\"https:\/\/www.facebook.com\/JusticeInfo\/\",\"https:\/\/x.com\/justiceinfonet\",\"https:\/\/www.linkedin.com\/company\/justice-info\",\"https:\/\/www.youtube.com\/channel\/UCyCEsARodyuWtkWyhn-e7pA\"]},{\"@type\":\"Person\",\"name\":\"solivri\",\"url\":\"\/fr\/?s=solivri\"}]}<\/script>\n<!-- \/ Yoast SEO Premium plugin. -->","yoast_head_json":{"title":"08.05.2003 - TPIR\/MEDIA - UN EXPERT DE LA DEFENSE ESTIME QUE KANGURA N'A PAS INCITE AU GENOCIDE - JusticeInfo.net","robots":{"index":"index","follow":"follow","max-snippet":"max-snippet:-1","max-image-preview":"max-image-preview:large","max-video-preview":"max-video-preview:-1"},"canonical":"https:\/\/www.justiceinfo.net\/fr\/5052-08052003-tpirmedia-un-expert-de-la-defense-estime-que-kangura-na-pas-incite-au-genocide1842.html","og_locale":"fr_FR","og_type":"article","og_title":"08.05.2003 - TPIR\/MEDIA - UN EXPERT DE LA DEFENSE ESTIME QUE KANGURA N'A PAS INCITE AU GENOCIDE","og_description":"Arusha, le 8 mai 2003 (FH) - Un expert cit\u00e9 par la d\u00e9fense a estim\u00e9 que la revue Kangura n'a pas jou\u00e9 de r\u00f4le dans l'incitation au g\u00e9nocide contre les Tutsis en 1994, jeudi dans le proc\u00e8s des \"m\u00e9dias de la haine\" en cours devant le Tribunal p\u00e9nal international pour le Rwanda (TPIR). \"J'ai des [&hellip;]","og_url":"https:\/\/www.justiceinfo.net\/fr\/5052-08052003-tpirmedia-un-expert-de-la-defense-estime-que-kangura-na-pas-incite-au-genocide1842.html","og_site_name":"JusticeInfo.net","article_publisher":"https:\/\/www.facebook.com\/JusticeInfo\/","article_published_time":"2003-05-07T22:00:00+00:00","og_image":[{"width":1200,"height":630,"url":"https:\/\/www.justiceinfo.net\/wp-content\/uploads\/JusticeInfoNet_logo_1200x630px.jpg","type":"image\/jpeg"}],"author":"solivri","twitter_card":"summary_large_image","twitter_creator":"@justiceinfonet","twitter_site":"@justiceinfonet","twitter_misc":{"\u00c9crit par":"solivri","Dur\u00e9e de lecture estim\u00e9e":"2 minutes"},"schema":{"@context":"https:\/\/schema.org","@graph":[{"@type":"NewsArticle","@id":"https:\/\/www.justiceinfo.net\/fr\/5052-08052003-tpirmedia-un-expert-de-la-defense-estime-que-kangura-na-pas-incite-au-genocide1842.html#article","isPartOf":{"@id":"https:\/\/www.justiceinfo.net\/fr\/5052-08052003-tpirmedia-un-expert-de-la-defense-estime-que-kangura-na-pas-incite-au-genocide1842.html"},"author":{"name":"solivri","@id":"https:\/\/www.justiceinfo.net\/fr#\/schema\/person\/6e53cba1629e2e66f3fc1821d3091865"},"headline":"08.05.2003 - TPIR\/MEDIA - UN EXPERT DE LA DEFENSE ESTIME QUE KANGURA N'A PAS INCITE AU GENOCIDE","datePublished":"2003-05-07T22:00:00+00:00","mainEntityOfPage":{"@id":"https:\/\/www.justiceinfo.net\/fr\/5052-08052003-tpirmedia-un-expert-de-la-defense-estime-que-kangura-na-pas-incite-au-genocide1842.html"},"wordCount":518,"commentCount":0,"publisher":{"@id":"https:\/\/www.justiceinfo.net\/fr#organization"},"articleSection":["Hirondelle News"],"inLanguage":"fr-FR","potentialAction":[{"@type":"CommentAction","name":"Comment","target":["https:\/\/www.justiceinfo.net\/fr\/5052-08052003-tpirmedia-un-expert-de-la-defense-estime-que-kangura-na-pas-incite-au-genocide1842.html#respond"]}]},{"@type":"WebPage","@id":"https:\/\/www.justiceinfo.net\/fr\/5052-08052003-tpirmedia-un-expert-de-la-defense-estime-que-kangura-na-pas-incite-au-genocide1842.html","url":"https:\/\/www.justiceinfo.net\/fr\/5052-08052003-tpirmedia-un-expert-de-la-defense-estime-que-kangura-na-pas-incite-au-genocide1842.html","name":"08.05.2003 - TPIR\/MEDIA - UN EXPERT DE LA DEFENSE ESTIME QUE KANGURA N'A PAS INCITE AU GENOCIDE - JusticeInfo.net","isPartOf":{"@id":"https:\/\/www.justiceinfo.net\/fr#website"},"datePublished":"2003-05-07T22:00:00+00:00","breadcrumb":{"@id":"https:\/\/www.justiceinfo.net\/fr\/5052-08052003-tpirmedia-un-expert-de-la-defense-estime-que-kangura-na-pas-incite-au-genocide1842.html#breadcrumb"},"inLanguage":"fr-FR","potentialAction":[{"@type":"ReadAction","target":["https:\/\/www.justiceinfo.net\/fr\/5052-08052003-tpirmedia-un-expert-de-la-defense-estime-que-kangura-na-pas-incite-au-genocide1842.html"]}]},{"@type":"BreadcrumbList","@id":"https:\/\/www.justiceinfo.net\/fr\/5052-08052003-tpirmedia-un-expert-de-la-defense-estime-que-kangura-na-pas-incite-au-genocide1842.html#breadcrumb","itemListElement":[{"@type":"ListItem","position":1,"name":"Home","item":"https:\/\/www.justiceinfo.net\/fr"},{"@type":"ListItem","position":2,"name":"08.05.2003 - TPIR\/MEDIA - UN EXPERT DE LA DEFENSE ESTIME QUE KANGURA N'A PAS INCITE AU GENOCIDE"}]},{"@type":"WebSite","@id":"https:\/\/www.justiceinfo.net\/fr#website","url":"https:\/\/www.justiceinfo.net\/fr","name":"JusticeInfo.net","description":"La justice doit \u00eatre vue pour \u00eatre rendue","publisher":{"@id":"https:\/\/www.justiceinfo.net\/fr#organization"},"potentialAction":[{"@type":"SearchAction","target":{"@type":"EntryPoint","urlTemplate":"https:\/\/www.justiceinfo.net\/fr?s={search_term_string}"},"query-input":{"@type":"PropertyValueSpecification","valueRequired":true,"valueName":"search_term_string"}}],"inLanguage":"fr-FR"},{"@type":"Organization","@id":"https:\/\/www.justiceinfo.net\/fr#organization","name":"Justice Info","url":"https:\/\/www.justiceinfo.net\/fr","logo":{"@type":"ImageObject","inLanguage":"fr-FR","@id":"https:\/\/www.justiceinfo.net\/fr#\/schema\/logo\/image\/","url":"https:\/\/www.justiceinfo.net\/wp-content\/uploads\/justiceinfo_logo-trans_1200x1200px.png","contentUrl":"https:\/\/www.justiceinfo.net\/wp-content\/uploads\/justiceinfo_logo-trans_1200x1200px.png","width":1199,"height":1200,"caption":"Justice Info"},"image":{"@id":"https:\/\/www.justiceinfo.net\/fr#\/schema\/logo\/image\/"},"sameAs":["https:\/\/www.facebook.com\/JusticeInfo\/","https:\/\/x.com\/justiceinfonet","https:\/\/www.linkedin.com\/company\/justice-info","https:\/\/www.youtube.com\/channel\/UCyCEsARodyuWtkWyhn-e7pA"]},{"@type":"Person","name":"solivri","url":"\/fr\/?s=solivri"}]}},"_links":{"self":[{"href":"https:\/\/www.justiceinfo.net\/fr\/wp-json\/wp\/v2\/posts\/5052","targetHints":{"allow":["GET"]}}],"collection":[{"href":"https:\/\/www.justiceinfo.net\/fr\/wp-json\/wp\/v2\/posts"}],"about":[{"href":"https:\/\/www.justiceinfo.net\/fr\/wp-json\/wp\/v2\/types\/post"}],"author":[{"embeddable":true,"href":"https:\/\/www.justiceinfo.net\/fr\/wp-json\/wp\/v2\/users\/64"}],"replies":[{"embeddable":true,"href":"https:\/\/www.justiceinfo.net\/fr\/wp-json\/wp\/v2\/comments?post=5052"}],"version-history":[{"count":0,"href":"https:\/\/www.justiceinfo.net\/fr\/wp-json\/wp\/v2\/posts\/5052\/revisions"}],"wp:attachment":[{"href":"https:\/\/www.justiceinfo.net\/fr\/wp-json\/wp\/v2\/media?parent=5052"}],"wp:term":[{"taxonomy":"category","embeddable":true,"href":"https:\/\/www.justiceinfo.net\/fr\/wp-json\/wp\/v2\/categories?post=5052"},{"taxonomy":"post_tag","embeddable":true,"href":"https:\/\/www.justiceinfo.net\/fr\/wp-json\/wp\/v2\/tags?post=5052"},{"taxonomy":"ji_location","embeddable":true,"href":"https:\/\/www.justiceinfo.net\/fr\/wp-json\/wp\/v2\/ji_location?post=5052"}],"curies":[{"name":"wp","href":"https:\/\/api.w.org\/{rel}","templated":true}]}}