{"id":5077,"date":"2003-04-22T00:00:00","date_gmt":"2003-04-21T22:00:00","guid":{"rendered":"https:\/\/www.justiceinfo.net\/5077-22042003-tpirkajelijeli-laccuse-elude-les-questions-selon-le-parquet1867.html"},"modified":"2003-04-22T00:00:00","modified_gmt":"2003-04-21T22:00:00","slug":"22042003-tpirkajelijeli-laccuse-elude-les-questions-selon-le-parquet1867","status":"publish","type":"post","link":"https:\/\/www.justiceinfo.net\/fr\/5077-22042003-tpirkajelijeli-laccuse-elude-les-questions-selon-le-parquet1867.html","title":{"rendered":"22.04.2003 - TPIR\/KAJELIJELI - L\u2019ACCUSE ELUDE LES QUESTIONS, SELON LE PARQUET"},"content":{"rendered":"<p  >\nArusha, le 22 avril 2003 (FH) - Le parquet s\u2019est plaint \u00e0 plusieurs reprises que l'ex-maire de Mukingo (province de Ruhengeri, nord du Rwanda), Juv\u00e9nal Kajelijeli \u00e9ludait ses questions, mardi, devant le tribunal p\u00e9nal international pour le Rwanda (TPIR).\n<\/p>\n<p  >\nKajelijeli r\u00e9pond de onze chefs d\u2019accusation de g\u00e9nocide et crimes contre l\u2019 humanit\u00e9 portant sur des massacres de Tutsis commis dans la commune Mukingo et dans la r\u00e9gion environnante, entre avril et juillet 1994.\n<\/p>\n<p><!--more--><\/p>\n<p  >\n\"Je demande, Monsieur le Pr\u00e9sident, qu\u2019il soit inscrit au proc\u00e8s-verbal , que l\u2019accus\u00e9 \u00e9lude mes questions \u00bb, a insist\u00e9 \u00e0 plusieurs reprises la repr\u00e9sentante du Procureur, la Nig\u00e9riane Ifeona Ojemini, qui contre-interrogeait l\u2019accus\u00e9.\n<\/p>\n<p  >\nDans la matin\u00e9e, par exemple, Mme Ojemini a d\u00fb poser six fois une question \u00e0 l\u2019accus\u00e9 qui t\u00e9moigne pour sa propre d\u00e9fense depuis le 14 avril dernier.\n<\/p>\n<p  >\nPour sa part, Kajelijeli n\u2019a cess\u00e9 d\u2019arguer, durant la journ\u00e9e, que les questions du Procureur \u00e9taient confuses et impr\u00e9cises.\n<\/p>\n<p  >\n\"Monsieur le Pr\u00e9sident, Honorables juges, est-ce que vous comprenez cette question, vous ? Moi je ne la comprends pas\", a notamment lanc\u00e9 l\u2019accus\u00e9, demandant au tribunal \"d\u2019aider le Procureur \u00e0 poser clairement sa question\".\n<\/p>\n<p  >\nEn maintes occasions, le juge pr\u00e9sident de la chambre, le Tanzanien William Hussein Sekule, a d\u00fb intervenu pour rappeler l\u2019accus\u00e9 \u00e0 l\u2019ordre.\n<\/p>\n<p  >\n\"Vous ne devez plus faire cela. R\u00e9pondez \u00e0 la question. Sachez que le Procureur fait son travail\", a ordonn\u00e9 le juge \u00e0 un moment donn\u00e9.\n<\/p>\n<p  >\nComme lors de ses comparutions ant\u00e9rieures, l\u2019ex-maire a ni\u00e9 avoir \u00e9t\u00e9 chef de miliciens Interahamwe ou organis\u00e9 des attaques contre les Tutsis.\n<\/p>\n<p  >\nAu contraire, il a affirm\u00e9 qu\u2019apr\u00e8s avoir \u00e9t\u00e9 d\u00e9sign\u00e9 pour la deuxi\u00e8me fois maire de Mukingo, en juin 1994, il a demand\u00e9 que des enqu\u00eates soient men\u00e9es sur les massacres de Tutsis.\n<\/p>\n<p  >\n\"A cause de la guerre, ces enqu\u00eates n\u2019ont pu \u00eatre boucl\u00e9es \u00bb, a soutenu Kajelijeli, d\u00e9clarant ressentir \"une grande douleur\" suite \u00e0 la mort d\u2019amis et parents tutsis tu\u00e9s durant les massacres de 1994.\n<\/p>\n<p  >\nIl a \u00e9galement rejet\u00e9 l\u2019all\u00e9gation selon laquelle il entretenait \"des liens \u00e9troits\" avec l\u2019ex-pr\u00e9sident de l\u2019assembl\u00e9e nationale int\u00e9rimaire, Joseph Nzirorera, lui aussi, originaire de Mukingo et d\u00e9tenu par le TPIR.\n<\/p>\n<p  >\nL\u2019accus\u00e9 a dirig\u00e9 la commune Mukingo de 1988 \u00e0 1993 puis de juin \u00e0 juillet 1994, date \u00e0 laquelle il a pris le chemin de l\u2019exil, fuyant l'avanc\u00e9e victorieuse du Front patriotique rwandais (FPR) aujourd\u2019hui au pouvoir.\n<\/p>\n<p  >\nLe contre-interrogatoire devrait se terminer mercredi dans la matin\u00e9e, selon Mme Ojemini.\n<\/p>\n<p  >\nLa chambre pr\u00e9sid\u00e9e par le juge Sekule comprend \u00e9galement les juges Arlette Ramaroson de Madagascar et Winston Churchill Matanzima Maqutu du Lesotho.\n<\/p>\n<p  >\nER\/CE\/GF\/FH (KJ'0422A)<\/p>\n","protected":false},"excerpt":{"rendered":"<p>Arusha, le 22 avril 2003 (FH) - Le parquet s\u2019est plaint \u00e0 plusieurs reprises que l'ex-maire de Mukingo (province de Ruhengeri, nord du Rwanda), Juv\u00e9nal Kajelijeli \u00e9ludait ses questions, mardi, devant le tribunal p\u00e9nal international pour le Rwanda (TPIR). Kajelijeli r\u00e9pond de onze chefs d\u2019accusation de g\u00e9nocide et crimes contre l\u2019 humanit\u00e9 portant sur des [&hellip;]<\/p>\n","protected":false},"author":64,"featured_media":0,"comment_status":"open","ping_status":"closed","sticky":false,"template":"","format":"standard","meta":{"_acf_changed":false,"footnotes":""},"categories":[554],"tags":[],"ji_location":[],"class_list":["post-5077","post","type-post","status-publish","format-standard","hentry","category-hirondellenews"],"acf":[],"yoast_head":"<!-- This site is optimized with the Yoast SEO Premium plugin v25.3.1 (Yoast SEO v25.3.1) - https:\/\/yoast.com\/wordpress\/plugins\/seo\/ -->\n<title>22.04.2003 - TPIR\/KAJELIJELI - L\u2019ACCUSE ELUDE LES QUESTIONS, SELON LE PARQUET - JusticeInfo.net<\/title>\n<meta name=\"robots\" content=\"index, follow, max-snippet:-1, max-image-preview:large, max-video-preview:-1\" \/>\n<link rel=\"canonical\" href=\"https:\/\/www.justiceinfo.net\/fr\/5077-22042003-tpirkajelijeli-laccuse-elude-les-questions-selon-le-parquet1867.html\" \/>\n<meta property=\"og:locale\" content=\"fr_FR\" \/>\n<meta property=\"og:type\" content=\"article\" \/>\n<meta property=\"og:title\" content=\"22.04.2003 - TPIR\/KAJELIJELI - L\u2019ACCUSE ELUDE LES QUESTIONS, SELON LE PARQUET\" \/>\n<meta property=\"og:description\" content=\"Arusha, le 22 avril 2003 (FH) - Le parquet s\u2019est plaint \u00e0 plusieurs reprises que l&#039;ex-maire de Mukingo (province de Ruhengeri, nord du Rwanda), Juv\u00e9nal Kajelijeli \u00e9ludait ses questions, mardi, devant le tribunal p\u00e9nal international pour le Rwanda (TPIR). Kajelijeli r\u00e9pond de onze chefs d\u2019accusation de g\u00e9nocide et crimes contre l\u2019 humanit\u00e9 portant sur des [&hellip;]\" \/>\n<meta property=\"og:url\" content=\"https:\/\/www.justiceinfo.net\/fr\/5077-22042003-tpirkajelijeli-laccuse-elude-les-questions-selon-le-parquet1867.html\" \/>\n<meta property=\"og:site_name\" content=\"JusticeInfo.net\" \/>\n<meta property=\"article:publisher\" content=\"https:\/\/www.facebook.com\/JusticeInfo\/\" \/>\n<meta property=\"article:published_time\" content=\"2003-04-21T22:00:00+00:00\" \/>\n<meta property=\"og:image\" content=\"https:\/\/www.justiceinfo.net\/wp-content\/uploads\/JusticeInfoNet_logo_1200x630px.jpg\" \/>\n\t<meta property=\"og:image:width\" content=\"1200\" \/>\n\t<meta property=\"og:image:height\" content=\"630\" \/>\n\t<meta property=\"og:image:type\" content=\"image\/jpeg\" \/>\n<meta name=\"author\" content=\"solivri\" \/>\n<meta name=\"twitter:card\" content=\"summary_large_image\" \/>\n<meta name=\"twitter:creator\" content=\"@justiceinfonet\" \/>\n<meta name=\"twitter:site\" content=\"@justiceinfonet\" \/>\n<meta name=\"twitter:label1\" content=\"\u00c9crit par\" \/>\n\t<meta name=\"twitter:data1\" content=\"solivri\" \/>\n\t<meta name=\"twitter:label2\" content=\"Dur\u00e9e de lecture estim\u00e9e\" \/>\n\t<meta name=\"twitter:data2\" content=\"2 minutes\" \/>\n<script type=\"application\/ld+json\" class=\"yoast-schema-graph\">{\"@context\":\"https:\/\/schema.org\",\"@graph\":[{\"@type\":\"NewsArticle\",\"@id\":\"https:\/\/www.justiceinfo.net\/fr\/5077-22042003-tpirkajelijeli-laccuse-elude-les-questions-selon-le-parquet1867.html#article\",\"isPartOf\":{\"@id\":\"https:\/\/www.justiceinfo.net\/fr\/5077-22042003-tpirkajelijeli-laccuse-elude-les-questions-selon-le-parquet1867.html\"},\"author\":{\"name\":\"solivri\",\"@id\":\"https:\/\/www.justiceinfo.net\/fr#\/schema\/person\/6e53cba1629e2e66f3fc1821d3091865\"},\"headline\":\"22.04.2003 - TPIR\/KAJELIJELI - L\u2019ACCUSE ELUDE LES QUESTIONS, SELON LE PARQUET\",\"datePublished\":\"2003-04-21T22:00:00+00:00\",\"mainEntityOfPage\":{\"@id\":\"https:\/\/www.justiceinfo.net\/fr\/5077-22042003-tpirkajelijeli-laccuse-elude-les-questions-selon-le-parquet1867.html\"},\"wordCount\":476,\"commentCount\":0,\"publisher\":{\"@id\":\"https:\/\/www.justiceinfo.net\/fr#organization\"},\"articleSection\":[\"Hirondelle News\"],\"inLanguage\":\"fr-FR\",\"potentialAction\":[{\"@type\":\"CommentAction\",\"name\":\"Comment\",\"target\":[\"https:\/\/www.justiceinfo.net\/fr\/5077-22042003-tpirkajelijeli-laccuse-elude-les-questions-selon-le-parquet1867.html#respond\"]}]},{\"@type\":\"WebPage\",\"@id\":\"https:\/\/www.justiceinfo.net\/fr\/5077-22042003-tpirkajelijeli-laccuse-elude-les-questions-selon-le-parquet1867.html\",\"url\":\"https:\/\/www.justiceinfo.net\/fr\/5077-22042003-tpirkajelijeli-laccuse-elude-les-questions-selon-le-parquet1867.html\",\"name\":\"22.04.2003 - TPIR\/KAJELIJELI - L\u2019ACCUSE ELUDE LES QUESTIONS, SELON LE PARQUET - JusticeInfo.net\",\"isPartOf\":{\"@id\":\"https:\/\/www.justiceinfo.net\/fr#website\"},\"datePublished\":\"2003-04-21T22:00:00+00:00\",\"breadcrumb\":{\"@id\":\"https:\/\/www.justiceinfo.net\/fr\/5077-22042003-tpirkajelijeli-laccuse-elude-les-questions-selon-le-parquet1867.html#breadcrumb\"},\"inLanguage\":\"fr-FR\",\"potentialAction\":[{\"@type\":\"ReadAction\",\"target\":[\"https:\/\/www.justiceinfo.net\/fr\/5077-22042003-tpirkajelijeli-laccuse-elude-les-questions-selon-le-parquet1867.html\"]}]},{\"@type\":\"BreadcrumbList\",\"@id\":\"https:\/\/www.justiceinfo.net\/fr\/5077-22042003-tpirkajelijeli-laccuse-elude-les-questions-selon-le-parquet1867.html#breadcrumb\",\"itemListElement\":[{\"@type\":\"ListItem\",\"position\":1,\"name\":\"Home\",\"item\":\"https:\/\/www.justiceinfo.net\/fr\"},{\"@type\":\"ListItem\",\"position\":2,\"name\":\"22.04.2003 - TPIR\/KAJELIJELI - L\u2019ACCUSE ELUDE LES QUESTIONS, SELON LE PARQUET\"}]},{\"@type\":\"WebSite\",\"@id\":\"https:\/\/www.justiceinfo.net\/fr#website\",\"url\":\"https:\/\/www.justiceinfo.net\/fr\",\"name\":\"JusticeInfo.net\",\"description\":\"La justice doit \u00eatre vue pour \u00eatre rendue\",\"publisher\":{\"@id\":\"https:\/\/www.justiceinfo.net\/fr#organization\"},\"potentialAction\":[{\"@type\":\"SearchAction\",\"target\":{\"@type\":\"EntryPoint\",\"urlTemplate\":\"https:\/\/www.justiceinfo.net\/fr?s={search_term_string}\"},\"query-input\":{\"@type\":\"PropertyValueSpecification\",\"valueRequired\":true,\"valueName\":\"search_term_string\"}}],\"inLanguage\":\"fr-FR\"},{\"@type\":\"Organization\",\"@id\":\"https:\/\/www.justiceinfo.net\/fr#organization\",\"name\":\"Justice Info\",\"url\":\"https:\/\/www.justiceinfo.net\/fr\",\"logo\":{\"@type\":\"ImageObject\",\"inLanguage\":\"fr-FR\",\"@id\":\"https:\/\/www.justiceinfo.net\/fr#\/schema\/logo\/image\/\",\"url\":\"https:\/\/www.justiceinfo.net\/wp-content\/uploads\/justiceinfo_logo-trans_1200x1200px.png\",\"contentUrl\":\"https:\/\/www.justiceinfo.net\/wp-content\/uploads\/justiceinfo_logo-trans_1200x1200px.png\",\"width\":1199,\"height\":1200,\"caption\":\"Justice Info\"},\"image\":{\"@id\":\"https:\/\/www.justiceinfo.net\/fr#\/schema\/logo\/image\/\"},\"sameAs\":[\"https:\/\/www.facebook.com\/JusticeInfo\/\",\"https:\/\/x.com\/justiceinfonet\",\"https:\/\/www.linkedin.com\/company\/justice-info\",\"https:\/\/www.youtube.com\/channel\/UCyCEsARodyuWtkWyhn-e7pA\"]},{\"@type\":\"Person\",\"name\":\"solivri\",\"url\":\"\/fr\/?s=solivri\"}]}<\/script>\n<!-- \/ Yoast SEO Premium plugin. -->","yoast_head_json":{"title":"22.04.2003 - TPIR\/KAJELIJELI - L\u2019ACCUSE ELUDE LES QUESTIONS, SELON LE PARQUET - JusticeInfo.net","robots":{"index":"index","follow":"follow","max-snippet":"max-snippet:-1","max-image-preview":"max-image-preview:large","max-video-preview":"max-video-preview:-1"},"canonical":"https:\/\/www.justiceinfo.net\/fr\/5077-22042003-tpirkajelijeli-laccuse-elude-les-questions-selon-le-parquet1867.html","og_locale":"fr_FR","og_type":"article","og_title":"22.04.2003 - TPIR\/KAJELIJELI - L\u2019ACCUSE ELUDE LES QUESTIONS, SELON LE PARQUET","og_description":"Arusha, le 22 avril 2003 (FH) - Le parquet s\u2019est plaint \u00e0 plusieurs reprises que l'ex-maire de Mukingo (province de Ruhengeri, nord du Rwanda), Juv\u00e9nal Kajelijeli \u00e9ludait ses questions, mardi, devant le tribunal p\u00e9nal international pour le Rwanda (TPIR). Kajelijeli r\u00e9pond de onze chefs d\u2019accusation de g\u00e9nocide et crimes contre l\u2019 humanit\u00e9 portant sur des [&hellip;]","og_url":"https:\/\/www.justiceinfo.net\/fr\/5077-22042003-tpirkajelijeli-laccuse-elude-les-questions-selon-le-parquet1867.html","og_site_name":"JusticeInfo.net","article_publisher":"https:\/\/www.facebook.com\/JusticeInfo\/","article_published_time":"2003-04-21T22:00:00+00:00","og_image":[{"width":1200,"height":630,"url":"https:\/\/www.justiceinfo.net\/wp-content\/uploads\/JusticeInfoNet_logo_1200x630px.jpg","type":"image\/jpeg"}],"author":"solivri","twitter_card":"summary_large_image","twitter_creator":"@justiceinfonet","twitter_site":"@justiceinfonet","twitter_misc":{"\u00c9crit par":"solivri","Dur\u00e9e de lecture estim\u00e9e":"2 minutes"},"schema":{"@context":"https:\/\/schema.org","@graph":[{"@type":"NewsArticle","@id":"https:\/\/www.justiceinfo.net\/fr\/5077-22042003-tpirkajelijeli-laccuse-elude-les-questions-selon-le-parquet1867.html#article","isPartOf":{"@id":"https:\/\/www.justiceinfo.net\/fr\/5077-22042003-tpirkajelijeli-laccuse-elude-les-questions-selon-le-parquet1867.html"},"author":{"name":"solivri","@id":"https:\/\/www.justiceinfo.net\/fr#\/schema\/person\/6e53cba1629e2e66f3fc1821d3091865"},"headline":"22.04.2003 - TPIR\/KAJELIJELI - L\u2019ACCUSE ELUDE LES QUESTIONS, SELON LE PARQUET","datePublished":"2003-04-21T22:00:00+00:00","mainEntityOfPage":{"@id":"https:\/\/www.justiceinfo.net\/fr\/5077-22042003-tpirkajelijeli-laccuse-elude-les-questions-selon-le-parquet1867.html"},"wordCount":476,"commentCount":0,"publisher":{"@id":"https:\/\/www.justiceinfo.net\/fr#organization"},"articleSection":["Hirondelle News"],"inLanguage":"fr-FR","potentialAction":[{"@type":"CommentAction","name":"Comment","target":["https:\/\/www.justiceinfo.net\/fr\/5077-22042003-tpirkajelijeli-laccuse-elude-les-questions-selon-le-parquet1867.html#respond"]}]},{"@type":"WebPage","@id":"https:\/\/www.justiceinfo.net\/fr\/5077-22042003-tpirkajelijeli-laccuse-elude-les-questions-selon-le-parquet1867.html","url":"https:\/\/www.justiceinfo.net\/fr\/5077-22042003-tpirkajelijeli-laccuse-elude-les-questions-selon-le-parquet1867.html","name":"22.04.2003 - TPIR\/KAJELIJELI - L\u2019ACCUSE ELUDE LES QUESTIONS, SELON LE PARQUET - JusticeInfo.net","isPartOf":{"@id":"https:\/\/www.justiceinfo.net\/fr#website"},"datePublished":"2003-04-21T22:00:00+00:00","breadcrumb":{"@id":"https:\/\/www.justiceinfo.net\/fr\/5077-22042003-tpirkajelijeli-laccuse-elude-les-questions-selon-le-parquet1867.html#breadcrumb"},"inLanguage":"fr-FR","potentialAction":[{"@type":"ReadAction","target":["https:\/\/www.justiceinfo.net\/fr\/5077-22042003-tpirkajelijeli-laccuse-elude-les-questions-selon-le-parquet1867.html"]}]},{"@type":"BreadcrumbList","@id":"https:\/\/www.justiceinfo.net\/fr\/5077-22042003-tpirkajelijeli-laccuse-elude-les-questions-selon-le-parquet1867.html#breadcrumb","itemListElement":[{"@type":"ListItem","position":1,"name":"Home","item":"https:\/\/www.justiceinfo.net\/fr"},{"@type":"ListItem","position":2,"name":"22.04.2003 - TPIR\/KAJELIJELI - L\u2019ACCUSE ELUDE LES QUESTIONS, SELON LE PARQUET"}]},{"@type":"WebSite","@id":"https:\/\/www.justiceinfo.net\/fr#website","url":"https:\/\/www.justiceinfo.net\/fr","name":"JusticeInfo.net","description":"La justice doit \u00eatre vue pour \u00eatre rendue","publisher":{"@id":"https:\/\/www.justiceinfo.net\/fr#organization"},"potentialAction":[{"@type":"SearchAction","target":{"@type":"EntryPoint","urlTemplate":"https:\/\/www.justiceinfo.net\/fr?s={search_term_string}"},"query-input":{"@type":"PropertyValueSpecification","valueRequired":true,"valueName":"search_term_string"}}],"inLanguage":"fr-FR"},{"@type":"Organization","@id":"https:\/\/www.justiceinfo.net\/fr#organization","name":"Justice Info","url":"https:\/\/www.justiceinfo.net\/fr","logo":{"@type":"ImageObject","inLanguage":"fr-FR","@id":"https:\/\/www.justiceinfo.net\/fr#\/schema\/logo\/image\/","url":"https:\/\/www.justiceinfo.net\/wp-content\/uploads\/justiceinfo_logo-trans_1200x1200px.png","contentUrl":"https:\/\/www.justiceinfo.net\/wp-content\/uploads\/justiceinfo_logo-trans_1200x1200px.png","width":1199,"height":1200,"caption":"Justice Info"},"image":{"@id":"https:\/\/www.justiceinfo.net\/fr#\/schema\/logo\/image\/"},"sameAs":["https:\/\/www.facebook.com\/JusticeInfo\/","https:\/\/x.com\/justiceinfonet","https:\/\/www.linkedin.com\/company\/justice-info","https:\/\/www.youtube.com\/channel\/UCyCEsARodyuWtkWyhn-e7pA"]},{"@type":"Person","name":"solivri","url":"\/fr\/?s=solivri"}]}},"_links":{"self":[{"href":"https:\/\/www.justiceinfo.net\/fr\/wp-json\/wp\/v2\/posts\/5077","targetHints":{"allow":["GET"]}}],"collection":[{"href":"https:\/\/www.justiceinfo.net\/fr\/wp-json\/wp\/v2\/posts"}],"about":[{"href":"https:\/\/www.justiceinfo.net\/fr\/wp-json\/wp\/v2\/types\/post"}],"author":[{"embeddable":true,"href":"https:\/\/www.justiceinfo.net\/fr\/wp-json\/wp\/v2\/users\/64"}],"replies":[{"embeddable":true,"href":"https:\/\/www.justiceinfo.net\/fr\/wp-json\/wp\/v2\/comments?post=5077"}],"version-history":[{"count":0,"href":"https:\/\/www.justiceinfo.net\/fr\/wp-json\/wp\/v2\/posts\/5077\/revisions"}],"wp:attachment":[{"href":"https:\/\/www.justiceinfo.net\/fr\/wp-json\/wp\/v2\/media?parent=5077"}],"wp:term":[{"taxonomy":"category","embeddable":true,"href":"https:\/\/www.justiceinfo.net\/fr\/wp-json\/wp\/v2\/categories?post=5077"},{"taxonomy":"post_tag","embeddable":true,"href":"https:\/\/www.justiceinfo.net\/fr\/wp-json\/wp\/v2\/tags?post=5077"},{"taxonomy":"ji_location","embeddable":true,"href":"https:\/\/www.justiceinfo.net\/fr\/wp-json\/wp\/v2\/ji_location?post=5077"}],"curies":[{"name":"wp","href":"https:\/\/api.w.org\/{rel}","templated":true}]}}