{"id":5099,"date":"2003-04-07T00:00:00","date_gmt":"2003-04-06T22:00:00","guid":{"rendered":"https:\/\/www.justiceinfo.net\/5099-07042003-tpirkajelijeli-des-recrutements-clandestins-de-jeunes-tutsis-ont-attise-les-tensions1889.html"},"modified":"2003-04-07T00:00:00","modified_gmt":"2003-04-06T22:00:00","slug":"07042003-tpirkajelijeli-des-recrutements-clandestins-de-jeunes-tutsis-ont-attise-les-tensions1889","status":"publish","type":"post","link":"https:\/\/www.justiceinfo.net\/fr\/5099-07042003-tpirkajelijeli-des-recrutements-clandestins-de-jeunes-tutsis-ont-attise-les-tensions1889.html","title":{"rendered":"07.04.2003 - TPIR\/KAJELIJELI - DES RECRUTEMENTS CLANDESTINS DE JEUNES TUTSIS ONT ATTISE LES TENSIONS"},"content":{"rendered":"<p  >\nArusha, le 7 avril 2003) (FH) - Un t\u00e9moin expert dans le proc\u00e8s de l\u2019ex-maire de Mukingo (province de Ruhengeri, nord du Rwanda), Juv\u00e9nal Kajelijeli, a d\u00e9clar\u00e9 que la guerre de 1990-1994 a \"attis\u00e9 les tensions entre Hutus et Tutsis\", lundi devant le Tribunal p\u00e9nal international pour le Rwanda (TPIR).\n<\/p>\n<p  >\nLe t\u00e9moin, Fran\u00e7ois-Xavier Bangamwabo, est un linguiste rwandais en exil dans le Kwazulu Natal (Afrique du Sud).\n<\/p>\n<p><!--more--><\/p>\n<p  >\nIl a soutenu que la p\u00e9riode allant de 1973 \u00e0 1990 avait \u00e9t\u00e9 caract\u00e9ris\u00e9e par \"une paix r\u00e9elle, un climat serein, une tol\u00e9rance mutuelle entre Hutus et Tutsis\".\n<\/p>\n<p  >\nFran\u00e7ois-Xavier Bangamwabo s\u2019est appesanti sur l\u2019offensive de grande envergure lanc\u00e9e par le FPR le 8 f\u00e9vrier 1993. Cette attaque a caus\u00e9 des dizaines de milliers de morts et port\u00e9 \u00e0 un million le nombre de personnes d\u00e9plac\u00e9es, a-t-il dit. \"On n\u2019avait jamais connu un nombre aussi important de d\u00e9plac\u00e9s depuis le d\u00e9but de la guerre\" en octobre 1990, a-t-il indiqu\u00e9.\n<\/p>\n<p  >\nPour lui, cette offensive men\u00e9e, alors que des n\u00e9gociations \u00e9taient en cours, a entra\u00een\u00e9 une \"grande col\u00e8re\", non seulement parmi ces d\u00e9plac\u00e9s mais aussi parmi d\u2019autres citoyens. \"A partir de cette \u00e9poque-l\u00e0, les Tutsis qui ont envoy\u00e9 leurs enfants dans le maquis du FPR sont de plus en plus per\u00e7us comme co-responsables du drame des d\u00e9plac\u00e9s\", a affirm\u00e9 l'expert Bangamwabo, soulignant que \"un grand malaise socio-politique s\u2019installe alors\".\n<\/p>\n<p  >\nLe t\u00e9moin a expliqu\u00e9 qu\u2019il existait, \u00e0 l\u2019\u00e9poque, \u00e0 l\u2019int\u00e9rieur du pays, des cellules clandestines du FPR qui recrutaient de nouveaux combattants, essentiellement parmi les jeunes tutsis.\n<\/p>\n<p  >\nL\u2019interrogatoire principal s\u2019est achev\u00e9 lundi soir.Mardi, il sera contre-interrog\u00e9 par le parquet.\n<\/p>\n<p  >\nLe professeur Bangamwabo est l'avant dernier t\u00e9moin dans ce proc\u00e8s qui a commenc\u00e9 le 4 juillet 2001. Apr\u00e8s lui, l\u2019accus\u00e9 Kajelijeli t\u00e9moignera pour sa propre d\u00e9fense.\n<\/p>\n<p  >\nJuv\u00e9nal Kajelijeli r\u00e9pond de onze chefs d\u2019accusation de g\u00e9nocide et crimes contre l\u2019humanit\u00e9 portant sur des massacres de Tutsis dans la commune de Mukingo et ses environs. Il plaide non coupable.\n<\/p>\n<p  >\nLe proc\u00e8s se d\u00e9roule devant la deuxi\u00e8me chambre de premi\u00e8re instance du TPIR pr\u00e9sid\u00e9e par le juge tanzanien William Hussein Sekule et comprenant, en outre, les juges Arlette Ramaroson de Madagascar et Winston Churchill Matanzima Maqutu du Lesotho.\n<\/p>\n<p  >\nER\/AT\/GF\/FH(KJ'0407A)<\/p>\n","protected":false},"excerpt":{"rendered":"<p>Arusha, le 7 avril 2003) (FH) - Un t\u00e9moin expert dans le proc\u00e8s de l\u2019ex-maire de Mukingo (province de Ruhengeri, nord du Rwanda), Juv\u00e9nal Kajelijeli, a d\u00e9clar\u00e9 que la guerre de 1990-1994 a \"attis\u00e9 les tensions entre Hutus et Tutsis\", lundi devant le Tribunal p\u00e9nal international pour le Rwanda (TPIR). Le t\u00e9moin, Fran\u00e7ois-Xavier Bangamwabo, est [&hellip;]<\/p>\n","protected":false},"author":64,"featured_media":0,"comment_status":"open","ping_status":"closed","sticky":false,"template":"","format":"standard","meta":{"_acf_changed":false,"footnotes":""},"categories":[554],"tags":[],"ji_location":[],"class_list":["post-5099","post","type-post","status-publish","format-standard","hentry","category-hirondellenews"],"acf":[],"yoast_head":"<!-- This site is optimized with the Yoast SEO Premium plugin v25.3.1 (Yoast SEO v25.3.1) - https:\/\/yoast.com\/wordpress\/plugins\/seo\/ -->\n<title>07.04.2003 - TPIR\/KAJELIJELI - DES RECRUTEMENTS CLANDESTINS DE JEUNES TUTSIS ONT ATTISE LES TENSIONS - JusticeInfo.net<\/title>\n<meta name=\"robots\" content=\"index, follow, max-snippet:-1, max-image-preview:large, max-video-preview:-1\" \/>\n<link rel=\"canonical\" href=\"https:\/\/www.justiceinfo.net\/fr\/5099-07042003-tpirkajelijeli-des-recrutements-clandestins-de-jeunes-tutsis-ont-attise-les-tensions1889.html\" \/>\n<meta property=\"og:locale\" content=\"fr_FR\" \/>\n<meta property=\"og:type\" content=\"article\" \/>\n<meta property=\"og:title\" content=\"07.04.2003 - TPIR\/KAJELIJELI - DES RECRUTEMENTS CLANDESTINS DE JEUNES TUTSIS ONT ATTISE LES TENSIONS\" \/>\n<meta property=\"og:description\" content=\"Arusha, le 7 avril 2003) (FH) - Un t\u00e9moin expert dans le proc\u00e8s de l\u2019ex-maire de Mukingo (province de Ruhengeri, nord du Rwanda), Juv\u00e9nal Kajelijeli, a d\u00e9clar\u00e9 que la guerre de 1990-1994 a &quot;attis\u00e9 les tensions entre Hutus et Tutsis&quot;, lundi devant le Tribunal p\u00e9nal international pour le Rwanda (TPIR). Le t\u00e9moin, Fran\u00e7ois-Xavier Bangamwabo, est [&hellip;]\" \/>\n<meta property=\"og:url\" content=\"https:\/\/www.justiceinfo.net\/fr\/5099-07042003-tpirkajelijeli-des-recrutements-clandestins-de-jeunes-tutsis-ont-attise-les-tensions1889.html\" \/>\n<meta property=\"og:site_name\" content=\"JusticeInfo.net\" \/>\n<meta property=\"article:publisher\" content=\"https:\/\/www.facebook.com\/JusticeInfo\/\" \/>\n<meta property=\"article:published_time\" content=\"2003-04-06T22:00:00+00:00\" \/>\n<meta property=\"og:image\" content=\"https:\/\/www.justiceinfo.net\/wp-content\/uploads\/JusticeInfoNet_logo_1200x630px.jpg\" \/>\n\t<meta property=\"og:image:width\" content=\"1200\" \/>\n\t<meta property=\"og:image:height\" content=\"630\" \/>\n\t<meta property=\"og:image:type\" content=\"image\/jpeg\" \/>\n<meta name=\"author\" content=\"solivri\" \/>\n<meta name=\"twitter:card\" content=\"summary_large_image\" \/>\n<meta name=\"twitter:creator\" content=\"@justiceinfonet\" \/>\n<meta name=\"twitter:site\" content=\"@justiceinfonet\" \/>\n<meta name=\"twitter:label1\" content=\"\u00c9crit par\" \/>\n\t<meta name=\"twitter:data1\" content=\"solivri\" \/>\n\t<meta name=\"twitter:label2\" content=\"Dur\u00e9e de lecture estim\u00e9e\" \/>\n\t<meta name=\"twitter:data2\" content=\"2 minutes\" \/>\n<script type=\"application\/ld+json\" class=\"yoast-schema-graph\">{\"@context\":\"https:\/\/schema.org\",\"@graph\":[{\"@type\":\"NewsArticle\",\"@id\":\"https:\/\/www.justiceinfo.net\/fr\/5099-07042003-tpirkajelijeli-des-recrutements-clandestins-de-jeunes-tutsis-ont-attise-les-tensions1889.html#article\",\"isPartOf\":{\"@id\":\"https:\/\/www.justiceinfo.net\/fr\/5099-07042003-tpirkajelijeli-des-recrutements-clandestins-de-jeunes-tutsis-ont-attise-les-tensions1889.html\"},\"author\":{\"name\":\"solivri\",\"@id\":\"https:\/\/www.justiceinfo.net\/fr#\/schema\/person\/6e53cba1629e2e66f3fc1821d3091865\"},\"headline\":\"07.04.2003 - TPIR\/KAJELIJELI - DES RECRUTEMENTS CLANDESTINS DE JEUNES TUTSIS ONT ATTISE LES TENSIONS\",\"datePublished\":\"2003-04-06T22:00:00+00:00\",\"mainEntityOfPage\":{\"@id\":\"https:\/\/www.justiceinfo.net\/fr\/5099-07042003-tpirkajelijeli-des-recrutements-clandestins-de-jeunes-tutsis-ont-attise-les-tensions1889.html\"},\"wordCount\":426,\"commentCount\":0,\"publisher\":{\"@id\":\"https:\/\/www.justiceinfo.net\/fr#organization\"},\"articleSection\":[\"Hirondelle News\"],\"inLanguage\":\"fr-FR\",\"potentialAction\":[{\"@type\":\"CommentAction\",\"name\":\"Comment\",\"target\":[\"https:\/\/www.justiceinfo.net\/fr\/5099-07042003-tpirkajelijeli-des-recrutements-clandestins-de-jeunes-tutsis-ont-attise-les-tensions1889.html#respond\"]}]},{\"@type\":\"WebPage\",\"@id\":\"https:\/\/www.justiceinfo.net\/fr\/5099-07042003-tpirkajelijeli-des-recrutements-clandestins-de-jeunes-tutsis-ont-attise-les-tensions1889.html\",\"url\":\"https:\/\/www.justiceinfo.net\/fr\/5099-07042003-tpirkajelijeli-des-recrutements-clandestins-de-jeunes-tutsis-ont-attise-les-tensions1889.html\",\"name\":\"07.04.2003 - TPIR\/KAJELIJELI - DES RECRUTEMENTS CLANDESTINS DE JEUNES TUTSIS ONT ATTISE LES TENSIONS - JusticeInfo.net\",\"isPartOf\":{\"@id\":\"https:\/\/www.justiceinfo.net\/fr#website\"},\"datePublished\":\"2003-04-06T22:00:00+00:00\",\"breadcrumb\":{\"@id\":\"https:\/\/www.justiceinfo.net\/fr\/5099-07042003-tpirkajelijeli-des-recrutements-clandestins-de-jeunes-tutsis-ont-attise-les-tensions1889.html#breadcrumb\"},\"inLanguage\":\"fr-FR\",\"potentialAction\":[{\"@type\":\"ReadAction\",\"target\":[\"https:\/\/www.justiceinfo.net\/fr\/5099-07042003-tpirkajelijeli-des-recrutements-clandestins-de-jeunes-tutsis-ont-attise-les-tensions1889.html\"]}]},{\"@type\":\"BreadcrumbList\",\"@id\":\"https:\/\/www.justiceinfo.net\/fr\/5099-07042003-tpirkajelijeli-des-recrutements-clandestins-de-jeunes-tutsis-ont-attise-les-tensions1889.html#breadcrumb\",\"itemListElement\":[{\"@type\":\"ListItem\",\"position\":1,\"name\":\"Home\",\"item\":\"https:\/\/www.justiceinfo.net\/fr\"},{\"@type\":\"ListItem\",\"position\":2,\"name\":\"07.04.2003 - TPIR\/KAJELIJELI - DES RECRUTEMENTS CLANDESTINS DE JEUNES TUTSIS ONT ATTISE LES TENSIONS\"}]},{\"@type\":\"WebSite\",\"@id\":\"https:\/\/www.justiceinfo.net\/fr#website\",\"url\":\"https:\/\/www.justiceinfo.net\/fr\",\"name\":\"JusticeInfo.net\",\"description\":\"La justice doit \u00eatre vue pour \u00eatre rendue\",\"publisher\":{\"@id\":\"https:\/\/www.justiceinfo.net\/fr#organization\"},\"potentialAction\":[{\"@type\":\"SearchAction\",\"target\":{\"@type\":\"EntryPoint\",\"urlTemplate\":\"https:\/\/www.justiceinfo.net\/fr?s={search_term_string}\"},\"query-input\":{\"@type\":\"PropertyValueSpecification\",\"valueRequired\":true,\"valueName\":\"search_term_string\"}}],\"inLanguage\":\"fr-FR\"},{\"@type\":\"Organization\",\"@id\":\"https:\/\/www.justiceinfo.net\/fr#organization\",\"name\":\"Justice Info\",\"url\":\"https:\/\/www.justiceinfo.net\/fr\",\"logo\":{\"@type\":\"ImageObject\",\"inLanguage\":\"fr-FR\",\"@id\":\"https:\/\/www.justiceinfo.net\/fr#\/schema\/logo\/image\/\",\"url\":\"https:\/\/www.justiceinfo.net\/wp-content\/uploads\/justiceinfo_logo-trans_1200x1200px.png\",\"contentUrl\":\"https:\/\/www.justiceinfo.net\/wp-content\/uploads\/justiceinfo_logo-trans_1200x1200px.png\",\"width\":1199,\"height\":1200,\"caption\":\"Justice Info\"},\"image\":{\"@id\":\"https:\/\/www.justiceinfo.net\/fr#\/schema\/logo\/image\/\"},\"sameAs\":[\"https:\/\/www.facebook.com\/JusticeInfo\/\",\"https:\/\/x.com\/justiceinfonet\",\"https:\/\/www.linkedin.com\/company\/justice-info\",\"https:\/\/www.youtube.com\/channel\/UCyCEsARodyuWtkWyhn-e7pA\"]},{\"@type\":\"Person\",\"name\":\"solivri\",\"url\":\"\/fr\/?s=solivri\"}]}<\/script>\n<!-- \/ Yoast SEO Premium plugin. -->","yoast_head_json":{"title":"07.04.2003 - TPIR\/KAJELIJELI - DES RECRUTEMENTS CLANDESTINS DE JEUNES TUTSIS ONT ATTISE LES TENSIONS - JusticeInfo.net","robots":{"index":"index","follow":"follow","max-snippet":"max-snippet:-1","max-image-preview":"max-image-preview:large","max-video-preview":"max-video-preview:-1"},"canonical":"https:\/\/www.justiceinfo.net\/fr\/5099-07042003-tpirkajelijeli-des-recrutements-clandestins-de-jeunes-tutsis-ont-attise-les-tensions1889.html","og_locale":"fr_FR","og_type":"article","og_title":"07.04.2003 - TPIR\/KAJELIJELI - DES RECRUTEMENTS CLANDESTINS DE JEUNES TUTSIS ONT ATTISE LES TENSIONS","og_description":"Arusha, le 7 avril 2003) (FH) - Un t\u00e9moin expert dans le proc\u00e8s de l\u2019ex-maire de Mukingo (province de Ruhengeri, nord du Rwanda), Juv\u00e9nal Kajelijeli, a d\u00e9clar\u00e9 que la guerre de 1990-1994 a \"attis\u00e9 les tensions entre Hutus et Tutsis\", lundi devant le Tribunal p\u00e9nal international pour le Rwanda (TPIR). Le t\u00e9moin, Fran\u00e7ois-Xavier Bangamwabo, est [&hellip;]","og_url":"https:\/\/www.justiceinfo.net\/fr\/5099-07042003-tpirkajelijeli-des-recrutements-clandestins-de-jeunes-tutsis-ont-attise-les-tensions1889.html","og_site_name":"JusticeInfo.net","article_publisher":"https:\/\/www.facebook.com\/JusticeInfo\/","article_published_time":"2003-04-06T22:00:00+00:00","og_image":[{"width":1200,"height":630,"url":"https:\/\/www.justiceinfo.net\/wp-content\/uploads\/JusticeInfoNet_logo_1200x630px.jpg","type":"image\/jpeg"}],"author":"solivri","twitter_card":"summary_large_image","twitter_creator":"@justiceinfonet","twitter_site":"@justiceinfonet","twitter_misc":{"\u00c9crit par":"solivri","Dur\u00e9e de lecture estim\u00e9e":"2 minutes"},"schema":{"@context":"https:\/\/schema.org","@graph":[{"@type":"NewsArticle","@id":"https:\/\/www.justiceinfo.net\/fr\/5099-07042003-tpirkajelijeli-des-recrutements-clandestins-de-jeunes-tutsis-ont-attise-les-tensions1889.html#article","isPartOf":{"@id":"https:\/\/www.justiceinfo.net\/fr\/5099-07042003-tpirkajelijeli-des-recrutements-clandestins-de-jeunes-tutsis-ont-attise-les-tensions1889.html"},"author":{"name":"solivri","@id":"https:\/\/www.justiceinfo.net\/fr#\/schema\/person\/6e53cba1629e2e66f3fc1821d3091865"},"headline":"07.04.2003 - TPIR\/KAJELIJELI - DES RECRUTEMENTS CLANDESTINS DE JEUNES TUTSIS ONT ATTISE LES TENSIONS","datePublished":"2003-04-06T22:00:00+00:00","mainEntityOfPage":{"@id":"https:\/\/www.justiceinfo.net\/fr\/5099-07042003-tpirkajelijeli-des-recrutements-clandestins-de-jeunes-tutsis-ont-attise-les-tensions1889.html"},"wordCount":426,"commentCount":0,"publisher":{"@id":"https:\/\/www.justiceinfo.net\/fr#organization"},"articleSection":["Hirondelle News"],"inLanguage":"fr-FR","potentialAction":[{"@type":"CommentAction","name":"Comment","target":["https:\/\/www.justiceinfo.net\/fr\/5099-07042003-tpirkajelijeli-des-recrutements-clandestins-de-jeunes-tutsis-ont-attise-les-tensions1889.html#respond"]}]},{"@type":"WebPage","@id":"https:\/\/www.justiceinfo.net\/fr\/5099-07042003-tpirkajelijeli-des-recrutements-clandestins-de-jeunes-tutsis-ont-attise-les-tensions1889.html","url":"https:\/\/www.justiceinfo.net\/fr\/5099-07042003-tpirkajelijeli-des-recrutements-clandestins-de-jeunes-tutsis-ont-attise-les-tensions1889.html","name":"07.04.2003 - TPIR\/KAJELIJELI - DES RECRUTEMENTS CLANDESTINS DE JEUNES TUTSIS ONT ATTISE LES TENSIONS - JusticeInfo.net","isPartOf":{"@id":"https:\/\/www.justiceinfo.net\/fr#website"},"datePublished":"2003-04-06T22:00:00+00:00","breadcrumb":{"@id":"https:\/\/www.justiceinfo.net\/fr\/5099-07042003-tpirkajelijeli-des-recrutements-clandestins-de-jeunes-tutsis-ont-attise-les-tensions1889.html#breadcrumb"},"inLanguage":"fr-FR","potentialAction":[{"@type":"ReadAction","target":["https:\/\/www.justiceinfo.net\/fr\/5099-07042003-tpirkajelijeli-des-recrutements-clandestins-de-jeunes-tutsis-ont-attise-les-tensions1889.html"]}]},{"@type":"BreadcrumbList","@id":"https:\/\/www.justiceinfo.net\/fr\/5099-07042003-tpirkajelijeli-des-recrutements-clandestins-de-jeunes-tutsis-ont-attise-les-tensions1889.html#breadcrumb","itemListElement":[{"@type":"ListItem","position":1,"name":"Home","item":"https:\/\/www.justiceinfo.net\/fr"},{"@type":"ListItem","position":2,"name":"07.04.2003 - TPIR\/KAJELIJELI - DES RECRUTEMENTS CLANDESTINS DE JEUNES TUTSIS ONT ATTISE LES TENSIONS"}]},{"@type":"WebSite","@id":"https:\/\/www.justiceinfo.net\/fr#website","url":"https:\/\/www.justiceinfo.net\/fr","name":"JusticeInfo.net","description":"La justice doit \u00eatre vue pour \u00eatre rendue","publisher":{"@id":"https:\/\/www.justiceinfo.net\/fr#organization"},"potentialAction":[{"@type":"SearchAction","target":{"@type":"EntryPoint","urlTemplate":"https:\/\/www.justiceinfo.net\/fr?s={search_term_string}"},"query-input":{"@type":"PropertyValueSpecification","valueRequired":true,"valueName":"search_term_string"}}],"inLanguage":"fr-FR"},{"@type":"Organization","@id":"https:\/\/www.justiceinfo.net\/fr#organization","name":"Justice Info","url":"https:\/\/www.justiceinfo.net\/fr","logo":{"@type":"ImageObject","inLanguage":"fr-FR","@id":"https:\/\/www.justiceinfo.net\/fr#\/schema\/logo\/image\/","url":"https:\/\/www.justiceinfo.net\/wp-content\/uploads\/justiceinfo_logo-trans_1200x1200px.png","contentUrl":"https:\/\/www.justiceinfo.net\/wp-content\/uploads\/justiceinfo_logo-trans_1200x1200px.png","width":1199,"height":1200,"caption":"Justice Info"},"image":{"@id":"https:\/\/www.justiceinfo.net\/fr#\/schema\/logo\/image\/"},"sameAs":["https:\/\/www.facebook.com\/JusticeInfo\/","https:\/\/x.com\/justiceinfonet","https:\/\/www.linkedin.com\/company\/justice-info","https:\/\/www.youtube.com\/channel\/UCyCEsARodyuWtkWyhn-e7pA"]},{"@type":"Person","name":"solivri","url":"\/fr\/?s=solivri"}]}},"_links":{"self":[{"href":"https:\/\/www.justiceinfo.net\/fr\/wp-json\/wp\/v2\/posts\/5099","targetHints":{"allow":["GET"]}}],"collection":[{"href":"https:\/\/www.justiceinfo.net\/fr\/wp-json\/wp\/v2\/posts"}],"about":[{"href":"https:\/\/www.justiceinfo.net\/fr\/wp-json\/wp\/v2\/types\/post"}],"author":[{"embeddable":true,"href":"https:\/\/www.justiceinfo.net\/fr\/wp-json\/wp\/v2\/users\/64"}],"replies":[{"embeddable":true,"href":"https:\/\/www.justiceinfo.net\/fr\/wp-json\/wp\/v2\/comments?post=5099"}],"version-history":[{"count":0,"href":"https:\/\/www.justiceinfo.net\/fr\/wp-json\/wp\/v2\/posts\/5099\/revisions"}],"wp:attachment":[{"href":"https:\/\/www.justiceinfo.net\/fr\/wp-json\/wp\/v2\/media?parent=5099"}],"wp:term":[{"taxonomy":"category","embeddable":true,"href":"https:\/\/www.justiceinfo.net\/fr\/wp-json\/wp\/v2\/categories?post=5099"},{"taxonomy":"post_tag","embeddable":true,"href":"https:\/\/www.justiceinfo.net\/fr\/wp-json\/wp\/v2\/tags?post=5099"},{"taxonomy":"ji_location","embeddable":true,"href":"https:\/\/www.justiceinfo.net\/fr\/wp-json\/wp\/v2\/ji_location?post=5099"}],"curies":[{"name":"wp","href":"https:\/\/api.w.org\/{rel}","templated":true}]}}