{"id":5115,"date":"2003-04-02T00:00:00","date_gmt":"2003-04-01T22:00:00","guid":{"rendered":"https:\/\/www.justiceinfo.net\/5115-02042003-tpirkajelijeli-un-membre-des-ex-far-temoigne-pour-la-defense-de-kajelijeli1905.html"},"modified":"2003-04-02T00:00:00","modified_gmt":"2003-04-01T22:00:00","slug":"02042003-tpirkajelijeli-un-membre-des-ex-far-temoigne-pour-la-defense-de-kajelijeli1905","status":"publish","type":"post","link":"https:\/\/www.justiceinfo.net\/fr\/5115-02042003-tpirkajelijeli-un-membre-des-ex-far-temoigne-pour-la-defense-de-kajelijeli1905.html","title":{"rendered":"02.04.2003 - TPIR\/KAJELIJELI - UN MEMBRE DES EX-FAR TEMOIGNE POUR LA DEFENSE DE KAJELIJELI"},"content":{"rendered":"<p  >\nArusha, le 2 avril 2003 (FH) - Un membre des ex-Forces arm\u00e9es rwandaises (FAR) a t\u00e9moign\u00e9 mercredi pour la d\u00e9fense de l\u2019ex-maire de Mukingo (province de Ruhengeri, nord du Rwanda), Juv\u00e9nal Kajelijeli, poursuivi pour g\u00e9nocide devant le Tribunal p\u00e9nal international pour le Rwanda (TPIR).\n<\/p>\n<p  >\nKajelijeli r\u00e9pond de 11 chefs d\u2019accusation de g\u00e9nocide et crimes contre l\u2019 humanit\u00e9 portant sur des massacres de Tutsis \u00e0 la paroisse catholique de Busogo et aux environs lors du g\u00e9nocide de 1994.\n<\/p>\n<p><!--more--><\/p>\n<p  >\nD\u00e9nomm\u00e9 FMB pour pr\u00e9server son anonymat, l\u2019ancien militaire a d\u00e9clar\u00e9 que les v\u00e9hicules civils ne pouvaient circuler sur l\u2019axe Mukingo -Ruhengeri ville durant la p\u00e9riode du 6 au 10 avril 1994.\n<\/p>\n<p  >\n\"Le tron\u00e7on \u00e9tait ferm\u00e9 aux v\u00e9hicules civils, seuls les v\u00e9hicules militaires y passaient. M\u00eame ces derniers \u00e9taient tenus de d\u00e9barquer les hommes et leur mat\u00e9riel \u00e0 l\u2019approche des positions militaires\", a indiqu\u00e9 le t\u00e9moin.\n<\/p>\n<p  >\nDes t\u00e9moins du parquet ont all\u00e9gu\u00e9 que Kajelijeli, circulant \u00e0 bord de son v\u00e9hicule, aurait dirig\u00e9 des attaques contre les Tutsis dans la commune Mukingo, au lendemain de l'attentat contre l\u2019avion pr\u00e9sidentiel, le 6 avril 1994.\n<\/p>\n<p  >\nLes v\u00e9hicules civils ne pouvaient circuler sur cet axe qu\u2019\u00e0 la seule condition d\u2019\u00eatre munis \u00ab d\u2019un laisser-passer sp\u00e9cial \u00bb d\u00e9livr\u00e9 par les autorit\u00e9s militaires de la r\u00e9gion. Or, le t\u00e9moin a ni\u00e9 qu\u2019une demande de ce genre ait \u00e9t\u00e9 enregistr\u00e9e durant la p\u00e9riode du 6 au 10 avril.\n<\/p>\n<p  >\n\"Si cela avait eu lieu, je l\u2019aurais su\", a-t-il assur\u00e9.\n<\/p>\n<p  >\nComme la veille, le tribunal a si\u00e9g\u00e9 \u00e0 huis clos \u00e0 plusieurs reprises pour \u00e9viter de r\u00e9v\u00e9ler en public des informations pouvant aider \u00e0 la divulgation de l\u2019identit\u00e9 du t\u00e9moin.\n<\/p>\n<p  >\nLa d\u00e9fense entend citer trois autres t\u00e9moins dont l\u2019accus\u00e9 lui-m\u00eame, qui t\u00e9moignera en dernier pour sa propre d\u00e9fense.\n<\/p>\n<p  >\nA l\u2019ouverture de l\u2019audience, la repr\u00e9sentante du bureau du Procureur, Ifeona Ojemeni, a cependant plaid\u00e9 une requ\u00eate contestant la qualit\u00e9 d\u2019expert au linguiste rwandais Fran\u00e7ois-Xavier Bangamwabo, que la d\u00e9fense entendait faire citer comme t\u00e9moin expert.\n<\/p>\n<p  >\nLa chambre a promis de rendre sa d\u00e9cision dans des \"d\u00e9lais utiles\".\n<\/p>\n<p  >\nKajelijeli est jug\u00e9 par la deuxi\u00e8me chambre de premi\u00e8re instance du TPIR pr\u00e9sid\u00e9e par le juge tanzanien William Hussein Sekule et comprenant, en outre, les juges Arlette Ramaroson de Madagascar et Winston Churchill Matanzima Maqutu du Lesotho.\n<\/p>\n<p  >\nER\/CE\/GF\/FH (KJ'0402A)<\/p>\n","protected":false},"excerpt":{"rendered":"<p>Arusha, le 2 avril 2003 (FH) - Un membre des ex-Forces arm\u00e9es rwandaises (FAR) a t\u00e9moign\u00e9 mercredi pour la d\u00e9fense de l\u2019ex-maire de Mukingo (province de Ruhengeri, nord du Rwanda), Juv\u00e9nal Kajelijeli, poursuivi pour g\u00e9nocide devant le Tribunal p\u00e9nal international pour le Rwanda (TPIR). Kajelijeli r\u00e9pond de 11 chefs d\u2019accusation de g\u00e9nocide et crimes contre [&hellip;]<\/p>\n","protected":false},"author":64,"featured_media":0,"comment_status":"open","ping_status":"closed","sticky":false,"template":"","format":"standard","meta":{"_acf_changed":false,"footnotes":""},"categories":[554],"tags":[],"ji_location":[],"class_list":["post-5115","post","type-post","status-publish","format-standard","hentry","category-hirondellenews"],"acf":[],"yoast_head":"<!-- This site is optimized with the Yoast SEO Premium plugin v25.3.1 (Yoast SEO v25.3.1) - https:\/\/yoast.com\/wordpress\/plugins\/seo\/ -->\n<title>02.04.2003 - TPIR\/KAJELIJELI - UN MEMBRE DES EX-FAR TEMOIGNE POUR LA DEFENSE DE KAJELIJELI - JusticeInfo.net<\/title>\n<meta name=\"robots\" content=\"index, follow, max-snippet:-1, max-image-preview:large, max-video-preview:-1\" \/>\n<link rel=\"canonical\" href=\"https:\/\/www.justiceinfo.net\/fr\/5115-02042003-tpirkajelijeli-un-membre-des-ex-far-temoigne-pour-la-defense-de-kajelijeli1905.html\" \/>\n<meta property=\"og:locale\" content=\"fr_FR\" \/>\n<meta property=\"og:type\" content=\"article\" \/>\n<meta property=\"og:title\" content=\"02.04.2003 - TPIR\/KAJELIJELI - UN MEMBRE DES EX-FAR TEMOIGNE POUR LA DEFENSE DE KAJELIJELI\" \/>\n<meta property=\"og:description\" content=\"Arusha, le 2 avril 2003 (FH) - Un membre des ex-Forces arm\u00e9es rwandaises (FAR) a t\u00e9moign\u00e9 mercredi pour la d\u00e9fense de l\u2019ex-maire de Mukingo (province de Ruhengeri, nord du Rwanda), Juv\u00e9nal Kajelijeli, poursuivi pour g\u00e9nocide devant le Tribunal p\u00e9nal international pour le Rwanda (TPIR). Kajelijeli r\u00e9pond de 11 chefs d\u2019accusation de g\u00e9nocide et crimes contre [&hellip;]\" \/>\n<meta property=\"og:url\" content=\"https:\/\/www.justiceinfo.net\/fr\/5115-02042003-tpirkajelijeli-un-membre-des-ex-far-temoigne-pour-la-defense-de-kajelijeli1905.html\" \/>\n<meta property=\"og:site_name\" content=\"JusticeInfo.net\" \/>\n<meta property=\"article:publisher\" content=\"https:\/\/www.facebook.com\/JusticeInfo\/\" \/>\n<meta property=\"article:published_time\" content=\"2003-04-01T22:00:00+00:00\" \/>\n<meta property=\"og:image\" content=\"https:\/\/www.justiceinfo.net\/wp-content\/uploads\/JusticeInfoNet_logo_1200x630px.jpg\" \/>\n\t<meta property=\"og:image:width\" content=\"1200\" \/>\n\t<meta property=\"og:image:height\" content=\"630\" \/>\n\t<meta property=\"og:image:type\" content=\"image\/jpeg\" \/>\n<meta name=\"author\" content=\"solivri\" \/>\n<meta name=\"twitter:card\" content=\"summary_large_image\" \/>\n<meta name=\"twitter:creator\" content=\"@justiceinfonet\" \/>\n<meta name=\"twitter:site\" content=\"@justiceinfonet\" \/>\n<meta name=\"twitter:label1\" content=\"\u00c9crit par\" \/>\n\t<meta name=\"twitter:data1\" content=\"solivri\" \/>\n\t<meta name=\"twitter:label2\" content=\"Dur\u00e9e de lecture estim\u00e9e\" \/>\n\t<meta name=\"twitter:data2\" content=\"2 minutes\" \/>\n<script type=\"application\/ld+json\" class=\"yoast-schema-graph\">{\"@context\":\"https:\/\/schema.org\",\"@graph\":[{\"@type\":\"NewsArticle\",\"@id\":\"https:\/\/www.justiceinfo.net\/fr\/5115-02042003-tpirkajelijeli-un-membre-des-ex-far-temoigne-pour-la-defense-de-kajelijeli1905.html#article\",\"isPartOf\":{\"@id\":\"https:\/\/www.justiceinfo.net\/fr\/5115-02042003-tpirkajelijeli-un-membre-des-ex-far-temoigne-pour-la-defense-de-kajelijeli1905.html\"},\"author\":{\"name\":\"solivri\",\"@id\":\"https:\/\/www.justiceinfo.net\/fr#\/schema\/person\/6e53cba1629e2e66f3fc1821d3091865\"},\"headline\":\"02.04.2003 - TPIR\/KAJELIJELI - UN MEMBRE DES EX-FAR TEMOIGNE POUR LA DEFENSE DE KAJELIJELI\",\"datePublished\":\"2003-04-01T22:00:00+00:00\",\"mainEntityOfPage\":{\"@id\":\"https:\/\/www.justiceinfo.net\/fr\/5115-02042003-tpirkajelijeli-un-membre-des-ex-far-temoigne-pour-la-defense-de-kajelijeli1905.html\"},\"wordCount\":439,\"commentCount\":0,\"publisher\":{\"@id\":\"https:\/\/www.justiceinfo.net\/fr#organization\"},\"articleSection\":[\"Hirondelle News\"],\"inLanguage\":\"fr-FR\",\"potentialAction\":[{\"@type\":\"CommentAction\",\"name\":\"Comment\",\"target\":[\"https:\/\/www.justiceinfo.net\/fr\/5115-02042003-tpirkajelijeli-un-membre-des-ex-far-temoigne-pour-la-defense-de-kajelijeli1905.html#respond\"]}]},{\"@type\":\"WebPage\",\"@id\":\"https:\/\/www.justiceinfo.net\/fr\/5115-02042003-tpirkajelijeli-un-membre-des-ex-far-temoigne-pour-la-defense-de-kajelijeli1905.html\",\"url\":\"https:\/\/www.justiceinfo.net\/fr\/5115-02042003-tpirkajelijeli-un-membre-des-ex-far-temoigne-pour-la-defense-de-kajelijeli1905.html\",\"name\":\"02.04.2003 - TPIR\/KAJELIJELI - UN MEMBRE DES EX-FAR TEMOIGNE POUR LA DEFENSE DE KAJELIJELI - JusticeInfo.net\",\"isPartOf\":{\"@id\":\"https:\/\/www.justiceinfo.net\/fr#website\"},\"datePublished\":\"2003-04-01T22:00:00+00:00\",\"breadcrumb\":{\"@id\":\"https:\/\/www.justiceinfo.net\/fr\/5115-02042003-tpirkajelijeli-un-membre-des-ex-far-temoigne-pour-la-defense-de-kajelijeli1905.html#breadcrumb\"},\"inLanguage\":\"fr-FR\",\"potentialAction\":[{\"@type\":\"ReadAction\",\"target\":[\"https:\/\/www.justiceinfo.net\/fr\/5115-02042003-tpirkajelijeli-un-membre-des-ex-far-temoigne-pour-la-defense-de-kajelijeli1905.html\"]}]},{\"@type\":\"BreadcrumbList\",\"@id\":\"https:\/\/www.justiceinfo.net\/fr\/5115-02042003-tpirkajelijeli-un-membre-des-ex-far-temoigne-pour-la-defense-de-kajelijeli1905.html#breadcrumb\",\"itemListElement\":[{\"@type\":\"ListItem\",\"position\":1,\"name\":\"Home\",\"item\":\"https:\/\/www.justiceinfo.net\/fr\"},{\"@type\":\"ListItem\",\"position\":2,\"name\":\"02.04.2003 - TPIR\/KAJELIJELI - UN MEMBRE DES EX-FAR TEMOIGNE POUR LA DEFENSE DE KAJELIJELI\"}]},{\"@type\":\"WebSite\",\"@id\":\"https:\/\/www.justiceinfo.net\/fr#website\",\"url\":\"https:\/\/www.justiceinfo.net\/fr\",\"name\":\"JusticeInfo.net\",\"description\":\"La justice doit \u00eatre vue pour \u00eatre rendue\",\"publisher\":{\"@id\":\"https:\/\/www.justiceinfo.net\/fr#organization\"},\"potentialAction\":[{\"@type\":\"SearchAction\",\"target\":{\"@type\":\"EntryPoint\",\"urlTemplate\":\"https:\/\/www.justiceinfo.net\/fr?s={search_term_string}\"},\"query-input\":{\"@type\":\"PropertyValueSpecification\",\"valueRequired\":true,\"valueName\":\"search_term_string\"}}],\"inLanguage\":\"fr-FR\"},{\"@type\":\"Organization\",\"@id\":\"https:\/\/www.justiceinfo.net\/fr#organization\",\"name\":\"Justice Info\",\"url\":\"https:\/\/www.justiceinfo.net\/fr\",\"logo\":{\"@type\":\"ImageObject\",\"inLanguage\":\"fr-FR\",\"@id\":\"https:\/\/www.justiceinfo.net\/fr#\/schema\/logo\/image\/\",\"url\":\"https:\/\/www.justiceinfo.net\/wp-content\/uploads\/justiceinfo_logo-trans_1200x1200px.png\",\"contentUrl\":\"https:\/\/www.justiceinfo.net\/wp-content\/uploads\/justiceinfo_logo-trans_1200x1200px.png\",\"width\":1199,\"height\":1200,\"caption\":\"Justice Info\"},\"image\":{\"@id\":\"https:\/\/www.justiceinfo.net\/fr#\/schema\/logo\/image\/\"},\"sameAs\":[\"https:\/\/www.facebook.com\/JusticeInfo\/\",\"https:\/\/x.com\/justiceinfonet\",\"https:\/\/www.linkedin.com\/company\/justice-info\",\"https:\/\/www.youtube.com\/channel\/UCyCEsARodyuWtkWyhn-e7pA\"]},{\"@type\":\"Person\",\"name\":\"solivri\",\"url\":\"\/fr\/?s=solivri\"}]}<\/script>\n<!-- \/ Yoast SEO Premium plugin. -->","yoast_head_json":{"title":"02.04.2003 - TPIR\/KAJELIJELI - UN MEMBRE DES EX-FAR TEMOIGNE POUR LA DEFENSE DE KAJELIJELI - JusticeInfo.net","robots":{"index":"index","follow":"follow","max-snippet":"max-snippet:-1","max-image-preview":"max-image-preview:large","max-video-preview":"max-video-preview:-1"},"canonical":"https:\/\/www.justiceinfo.net\/fr\/5115-02042003-tpirkajelijeli-un-membre-des-ex-far-temoigne-pour-la-defense-de-kajelijeli1905.html","og_locale":"fr_FR","og_type":"article","og_title":"02.04.2003 - TPIR\/KAJELIJELI - UN MEMBRE DES EX-FAR TEMOIGNE POUR LA DEFENSE DE KAJELIJELI","og_description":"Arusha, le 2 avril 2003 (FH) - Un membre des ex-Forces arm\u00e9es rwandaises (FAR) a t\u00e9moign\u00e9 mercredi pour la d\u00e9fense de l\u2019ex-maire de Mukingo (province de Ruhengeri, nord du Rwanda), Juv\u00e9nal Kajelijeli, poursuivi pour g\u00e9nocide devant le Tribunal p\u00e9nal international pour le Rwanda (TPIR). Kajelijeli r\u00e9pond de 11 chefs d\u2019accusation de g\u00e9nocide et crimes contre [&hellip;]","og_url":"https:\/\/www.justiceinfo.net\/fr\/5115-02042003-tpirkajelijeli-un-membre-des-ex-far-temoigne-pour-la-defense-de-kajelijeli1905.html","og_site_name":"JusticeInfo.net","article_publisher":"https:\/\/www.facebook.com\/JusticeInfo\/","article_published_time":"2003-04-01T22:00:00+00:00","og_image":[{"width":1200,"height":630,"url":"https:\/\/www.justiceinfo.net\/wp-content\/uploads\/JusticeInfoNet_logo_1200x630px.jpg","type":"image\/jpeg"}],"author":"solivri","twitter_card":"summary_large_image","twitter_creator":"@justiceinfonet","twitter_site":"@justiceinfonet","twitter_misc":{"\u00c9crit par":"solivri","Dur\u00e9e de lecture estim\u00e9e":"2 minutes"},"schema":{"@context":"https:\/\/schema.org","@graph":[{"@type":"NewsArticle","@id":"https:\/\/www.justiceinfo.net\/fr\/5115-02042003-tpirkajelijeli-un-membre-des-ex-far-temoigne-pour-la-defense-de-kajelijeli1905.html#article","isPartOf":{"@id":"https:\/\/www.justiceinfo.net\/fr\/5115-02042003-tpirkajelijeli-un-membre-des-ex-far-temoigne-pour-la-defense-de-kajelijeli1905.html"},"author":{"name":"solivri","@id":"https:\/\/www.justiceinfo.net\/fr#\/schema\/person\/6e53cba1629e2e66f3fc1821d3091865"},"headline":"02.04.2003 - TPIR\/KAJELIJELI - UN MEMBRE DES EX-FAR TEMOIGNE POUR LA DEFENSE DE KAJELIJELI","datePublished":"2003-04-01T22:00:00+00:00","mainEntityOfPage":{"@id":"https:\/\/www.justiceinfo.net\/fr\/5115-02042003-tpirkajelijeli-un-membre-des-ex-far-temoigne-pour-la-defense-de-kajelijeli1905.html"},"wordCount":439,"commentCount":0,"publisher":{"@id":"https:\/\/www.justiceinfo.net\/fr#organization"},"articleSection":["Hirondelle News"],"inLanguage":"fr-FR","potentialAction":[{"@type":"CommentAction","name":"Comment","target":["https:\/\/www.justiceinfo.net\/fr\/5115-02042003-tpirkajelijeli-un-membre-des-ex-far-temoigne-pour-la-defense-de-kajelijeli1905.html#respond"]}]},{"@type":"WebPage","@id":"https:\/\/www.justiceinfo.net\/fr\/5115-02042003-tpirkajelijeli-un-membre-des-ex-far-temoigne-pour-la-defense-de-kajelijeli1905.html","url":"https:\/\/www.justiceinfo.net\/fr\/5115-02042003-tpirkajelijeli-un-membre-des-ex-far-temoigne-pour-la-defense-de-kajelijeli1905.html","name":"02.04.2003 - TPIR\/KAJELIJELI - UN MEMBRE DES EX-FAR TEMOIGNE POUR LA DEFENSE DE KAJELIJELI - JusticeInfo.net","isPartOf":{"@id":"https:\/\/www.justiceinfo.net\/fr#website"},"datePublished":"2003-04-01T22:00:00+00:00","breadcrumb":{"@id":"https:\/\/www.justiceinfo.net\/fr\/5115-02042003-tpirkajelijeli-un-membre-des-ex-far-temoigne-pour-la-defense-de-kajelijeli1905.html#breadcrumb"},"inLanguage":"fr-FR","potentialAction":[{"@type":"ReadAction","target":["https:\/\/www.justiceinfo.net\/fr\/5115-02042003-tpirkajelijeli-un-membre-des-ex-far-temoigne-pour-la-defense-de-kajelijeli1905.html"]}]},{"@type":"BreadcrumbList","@id":"https:\/\/www.justiceinfo.net\/fr\/5115-02042003-tpirkajelijeli-un-membre-des-ex-far-temoigne-pour-la-defense-de-kajelijeli1905.html#breadcrumb","itemListElement":[{"@type":"ListItem","position":1,"name":"Home","item":"https:\/\/www.justiceinfo.net\/fr"},{"@type":"ListItem","position":2,"name":"02.04.2003 - TPIR\/KAJELIJELI - UN MEMBRE DES EX-FAR TEMOIGNE POUR LA DEFENSE DE KAJELIJELI"}]},{"@type":"WebSite","@id":"https:\/\/www.justiceinfo.net\/fr#website","url":"https:\/\/www.justiceinfo.net\/fr","name":"JusticeInfo.net","description":"La justice doit \u00eatre vue pour \u00eatre rendue","publisher":{"@id":"https:\/\/www.justiceinfo.net\/fr#organization"},"potentialAction":[{"@type":"SearchAction","target":{"@type":"EntryPoint","urlTemplate":"https:\/\/www.justiceinfo.net\/fr?s={search_term_string}"},"query-input":{"@type":"PropertyValueSpecification","valueRequired":true,"valueName":"search_term_string"}}],"inLanguage":"fr-FR"},{"@type":"Organization","@id":"https:\/\/www.justiceinfo.net\/fr#organization","name":"Justice Info","url":"https:\/\/www.justiceinfo.net\/fr","logo":{"@type":"ImageObject","inLanguage":"fr-FR","@id":"https:\/\/www.justiceinfo.net\/fr#\/schema\/logo\/image\/","url":"https:\/\/www.justiceinfo.net\/wp-content\/uploads\/justiceinfo_logo-trans_1200x1200px.png","contentUrl":"https:\/\/www.justiceinfo.net\/wp-content\/uploads\/justiceinfo_logo-trans_1200x1200px.png","width":1199,"height":1200,"caption":"Justice Info"},"image":{"@id":"https:\/\/www.justiceinfo.net\/fr#\/schema\/logo\/image\/"},"sameAs":["https:\/\/www.facebook.com\/JusticeInfo\/","https:\/\/x.com\/justiceinfonet","https:\/\/www.linkedin.com\/company\/justice-info","https:\/\/www.youtube.com\/channel\/UCyCEsARodyuWtkWyhn-e7pA"]},{"@type":"Person","name":"solivri","url":"\/fr\/?s=solivri"}]}},"_links":{"self":[{"href":"https:\/\/www.justiceinfo.net\/fr\/wp-json\/wp\/v2\/posts\/5115","targetHints":{"allow":["GET"]}}],"collection":[{"href":"https:\/\/www.justiceinfo.net\/fr\/wp-json\/wp\/v2\/posts"}],"about":[{"href":"https:\/\/www.justiceinfo.net\/fr\/wp-json\/wp\/v2\/types\/post"}],"author":[{"embeddable":true,"href":"https:\/\/www.justiceinfo.net\/fr\/wp-json\/wp\/v2\/users\/64"}],"replies":[{"embeddable":true,"href":"https:\/\/www.justiceinfo.net\/fr\/wp-json\/wp\/v2\/comments?post=5115"}],"version-history":[{"count":0,"href":"https:\/\/www.justiceinfo.net\/fr\/wp-json\/wp\/v2\/posts\/5115\/revisions"}],"wp:attachment":[{"href":"https:\/\/www.justiceinfo.net\/fr\/wp-json\/wp\/v2\/media?parent=5115"}],"wp:term":[{"taxonomy":"category","embeddable":true,"href":"https:\/\/www.justiceinfo.net\/fr\/wp-json\/wp\/v2\/categories?post=5115"},{"taxonomy":"post_tag","embeddable":true,"href":"https:\/\/www.justiceinfo.net\/fr\/wp-json\/wp\/v2\/tags?post=5115"},{"taxonomy":"ji_location","embeddable":true,"href":"https:\/\/www.justiceinfo.net\/fr\/wp-json\/wp\/v2\/ji_location?post=5115"}],"curies":[{"name":"wp","href":"https:\/\/api.w.org\/{rel}","templated":true}]}}