{"id":5251,"date":"2003-02-13T00:00:00","date_gmt":"2003-02-12T23:00:00","guid":{"rendered":"https:\/\/www.justiceinfo.net\/5251-13022003-tpirkamuhanda-kamuhanda-ne-pouvait-pas-se-rendre-a-gikomero-pendant-le-genocide-sel2041.html"},"modified":"2003-02-13T00:00:00","modified_gmt":"2003-02-12T23:00:00","slug":"13022003-tpirkamuhanda-kamuhanda-ne-pouvait-pas-se-rendre-a-gikomero-pendant-le-genocide-sel2041","status":"publish","type":"post","link":"https:\/\/www.justiceinfo.net\/fr\/5251-13022003-tpirkamuhanda-kamuhanda-ne-pouvait-pas-se-rendre-a-gikomero-pendant-le-genocide-sel2041.html","title":{"rendered":"13.02.2003 - TPIR\/KAMUHANDA - KAMUHANDA NE POUVAIT PAS SE RENDRE A GIKOMERO PENDANT LE GENOCIDE, SEL"},"content":{"rendered":"<p  >\nArusha, le13 f\u00e9vrier 2003) (FH) - Deux t\u00e9moins de la d\u00e9fense dans le proc\u00e8s de l'ancien ministre de l'enseignement supr\u00e9rieur et de la recherche scientifique, Jean de Dieu Kamuhanda, ont d\u00e9clar\u00e9 jeudi devant le Tribunal p\u00e9nal international pour le Rwanda (TPIR) que l'accus\u00e9 ne pouvait pas se rendre \u00e0 Gikomero (province Kigali rurale, centre du Rwanda) le 12 avril 1994, car toutes les routes qui y conduisaient \u00e9taient en zones de combats.\n<\/p>\n<p  >\nLes deux t\u00e9moins entendus jeudi portent \u00e0 vingt-huit le nombre de t\u00e9moins de la d\u00e9fense de Kamuhanda.\n<\/p>\n<p><!--more--><\/p>\n<p  >\nIl s'agit du t\u00e9moin d\u00e9sign\u00e9 \"RGS\" pour prot\u00e9ger son identit\u00e9 et de Laurent Hitimana, un ing\u00e9nieur rwandais exil\u00e9 au Kenya.\n<\/p>\n<p  >\nLe parquet du TPIR accuse Kamuhanda D'avoir dirig\u00e9, le 12 avril 1994, une attaque contre des Tutsis qui s'\u00e9taient r\u00e9fugi\u00e9s \u00e0 la paroisse protestante de Gikomero.\n<\/p>\n<p  >\nLe t\u00e9moin RGS, un ancien condisciple de lyc\u00e9e de Kamuhanda, a d\u00e9clar\u00e9 que l'accus\u00e9 ne pouvait pas aller \u00e0 Gikomero, \u00e0 moins qu'il ne f\u00fbt un membre de l'ex-r\u00e9bellion \u00e0 dominante tutsie, le Front patriotique rwandais (FPR), qui s'\u00e9tait empar\u00e9 des routes qui y menaient.\n<\/p>\n<p  >\nRGS a d\u00e9crit Kamuhanda comme un homme droit et de bonne moralit\u00e9. \"C\u00e9tait un homme que je connaissais et que J'estimais beaucoup\", a d\u00e9clar\u00e9 RGS.\n<\/p>\n<p  >\nLaurent Hitimana a \u00e9galement affirm\u00e9 que tel qu'il conna\u00eet Kamuhanda, il ne pouvait pas participer au g\u00e9nocide.\n<\/p>\n<p  >\nLaurent Hitimana s'est servi de cartes pour montrer quelles routes \u00e9taient ou non accessibles apr\u00e8s le 6 avril 1994.\n<\/p>\n<p  >\nLaurent Hitimana, qui \u00e9tait initialement un t\u00e9moin prot\u00e9g\u00e9, a indiqu\u00e9 \u00e0 la chambre qu'il souhaitait d\u00e9poser \u00e0 visage d\u00e9couvert.\n<\/p>\n<p  >\nLe proc\u00e8s se poursuivra lundi devant la deuxi\u00e8me chambre de premi\u00e8re instance du TPIR pr\u00e9sid\u00e9e par le juge tanzanien William Hussein Sekule et compos\u00e9e enoutre des juges malgache Arlette Ramaroson et Winston Churchill Matanzima Maqutu du Lesotho.\n<\/p>\n<p  >\nAT\/PJ\/GF\/FH (KH'0213A)<\/p>\n","protected":false},"excerpt":{"rendered":"<p>Arusha, le13 f\u00e9vrier 2003) (FH) - Deux t\u00e9moins de la d\u00e9fense dans le proc\u00e8s de l'ancien ministre de l'enseignement supr\u00e9rieur et de la recherche scientifique, Jean de Dieu Kamuhanda, ont d\u00e9clar\u00e9 jeudi devant le Tribunal p\u00e9nal international pour le Rwanda (TPIR) que l'accus\u00e9 ne pouvait pas se rendre \u00e0 Gikomero (province Kigali rurale, centre du [&hellip;]<\/p>\n","protected":false},"author":64,"featured_media":0,"comment_status":"open","ping_status":"closed","sticky":false,"template":"","format":"standard","meta":{"_acf_changed":false,"footnotes":""},"categories":[554],"tags":[],"ji_location":[],"class_list":["post-5251","post","type-post","status-publish","format-standard","hentry","category-hirondellenews"],"acf":[],"yoast_head":"<!-- This site is optimized with the Yoast SEO Premium plugin v25.3.1 (Yoast SEO v25.3.1) - https:\/\/yoast.com\/wordpress\/plugins\/seo\/ -->\n<title>13.02.2003 - TPIR\/KAMUHANDA - KAMUHANDA NE POUVAIT PAS SE RENDRE A GIKOMERO PENDANT LE GENOCIDE, SEL - JusticeInfo.net<\/title>\n<meta name=\"robots\" content=\"index, follow, max-snippet:-1, max-image-preview:large, max-video-preview:-1\" \/>\n<link rel=\"canonical\" href=\"https:\/\/www.justiceinfo.net\/fr\/5251-13022003-tpirkamuhanda-kamuhanda-ne-pouvait-pas-se-rendre-a-gikomero-pendant-le-genocide-sel2041.html\" \/>\n<meta property=\"og:locale\" content=\"fr_FR\" \/>\n<meta property=\"og:type\" content=\"article\" \/>\n<meta property=\"og:title\" content=\"13.02.2003 - TPIR\/KAMUHANDA - KAMUHANDA NE POUVAIT PAS SE RENDRE A GIKOMERO PENDANT LE GENOCIDE, SEL\" \/>\n<meta property=\"og:description\" content=\"Arusha, le13 f\u00e9vrier 2003) (FH) - Deux t\u00e9moins de la d\u00e9fense dans le proc\u00e8s de l&#039;ancien ministre de l&#039;enseignement supr\u00e9rieur et de la recherche scientifique, Jean de Dieu Kamuhanda, ont d\u00e9clar\u00e9 jeudi devant le Tribunal p\u00e9nal international pour le Rwanda (TPIR) que l&#039;accus\u00e9 ne pouvait pas se rendre \u00e0 Gikomero (province Kigali rurale, centre du [&hellip;]\" \/>\n<meta property=\"og:url\" content=\"https:\/\/www.justiceinfo.net\/fr\/5251-13022003-tpirkamuhanda-kamuhanda-ne-pouvait-pas-se-rendre-a-gikomero-pendant-le-genocide-sel2041.html\" \/>\n<meta property=\"og:site_name\" content=\"JusticeInfo.net\" \/>\n<meta property=\"article:publisher\" content=\"https:\/\/www.facebook.com\/JusticeInfo\/\" \/>\n<meta property=\"article:published_time\" content=\"2003-02-12T23:00:00+00:00\" \/>\n<meta property=\"og:image\" content=\"https:\/\/www.justiceinfo.net\/wp-content\/uploads\/JusticeInfoNet_logo_1200x630px.jpg\" \/>\n\t<meta property=\"og:image:width\" content=\"1200\" \/>\n\t<meta property=\"og:image:height\" content=\"630\" \/>\n\t<meta property=\"og:image:type\" content=\"image\/jpeg\" \/>\n<meta name=\"author\" content=\"solivri\" \/>\n<meta name=\"twitter:card\" content=\"summary_large_image\" \/>\n<meta name=\"twitter:creator\" content=\"@justiceinfonet\" \/>\n<meta name=\"twitter:site\" content=\"@justiceinfonet\" \/>\n<meta name=\"twitter:label1\" content=\"\u00c9crit par\" \/>\n\t<meta name=\"twitter:data1\" content=\"solivri\" \/>\n\t<meta name=\"twitter:label2\" content=\"Dur\u00e9e de lecture estim\u00e9e\" \/>\n\t<meta name=\"twitter:data2\" content=\"2 minutes\" \/>\n<script type=\"application\/ld+json\" class=\"yoast-schema-graph\">{\"@context\":\"https:\/\/schema.org\",\"@graph\":[{\"@type\":\"NewsArticle\",\"@id\":\"https:\/\/www.justiceinfo.net\/fr\/5251-13022003-tpirkamuhanda-kamuhanda-ne-pouvait-pas-se-rendre-a-gikomero-pendant-le-genocide-sel2041.html#article\",\"isPartOf\":{\"@id\":\"https:\/\/www.justiceinfo.net\/fr\/5251-13022003-tpirkamuhanda-kamuhanda-ne-pouvait-pas-se-rendre-a-gikomero-pendant-le-genocide-sel2041.html\"},\"author\":{\"name\":\"solivri\",\"@id\":\"https:\/\/www.justiceinfo.net\/fr#\/schema\/person\/6e53cba1629e2e66f3fc1821d3091865\"},\"headline\":\"13.02.2003 - TPIR\/KAMUHANDA - KAMUHANDA NE POUVAIT PAS SE RENDRE A GIKOMERO PENDANT LE GENOCIDE, SEL\",\"datePublished\":\"2003-02-12T23:00:00+00:00\",\"mainEntityOfPage\":{\"@id\":\"https:\/\/www.justiceinfo.net\/fr\/5251-13022003-tpirkamuhanda-kamuhanda-ne-pouvait-pas-se-rendre-a-gikomero-pendant-le-genocide-sel2041.html\"},\"wordCount\":355,\"commentCount\":0,\"publisher\":{\"@id\":\"https:\/\/www.justiceinfo.net\/fr#organization\"},\"articleSection\":[\"Hirondelle News\"],\"inLanguage\":\"fr-FR\",\"potentialAction\":[{\"@type\":\"CommentAction\",\"name\":\"Comment\",\"target\":[\"https:\/\/www.justiceinfo.net\/fr\/5251-13022003-tpirkamuhanda-kamuhanda-ne-pouvait-pas-se-rendre-a-gikomero-pendant-le-genocide-sel2041.html#respond\"]}]},{\"@type\":\"WebPage\",\"@id\":\"https:\/\/www.justiceinfo.net\/fr\/5251-13022003-tpirkamuhanda-kamuhanda-ne-pouvait-pas-se-rendre-a-gikomero-pendant-le-genocide-sel2041.html\",\"url\":\"https:\/\/www.justiceinfo.net\/fr\/5251-13022003-tpirkamuhanda-kamuhanda-ne-pouvait-pas-se-rendre-a-gikomero-pendant-le-genocide-sel2041.html\",\"name\":\"13.02.2003 - TPIR\/KAMUHANDA - KAMUHANDA NE POUVAIT PAS SE RENDRE A GIKOMERO PENDANT LE GENOCIDE, SEL - JusticeInfo.net\",\"isPartOf\":{\"@id\":\"https:\/\/www.justiceinfo.net\/fr#website\"},\"datePublished\":\"2003-02-12T23:00:00+00:00\",\"breadcrumb\":{\"@id\":\"https:\/\/www.justiceinfo.net\/fr\/5251-13022003-tpirkamuhanda-kamuhanda-ne-pouvait-pas-se-rendre-a-gikomero-pendant-le-genocide-sel2041.html#breadcrumb\"},\"inLanguage\":\"fr-FR\",\"potentialAction\":[{\"@type\":\"ReadAction\",\"target\":[\"https:\/\/www.justiceinfo.net\/fr\/5251-13022003-tpirkamuhanda-kamuhanda-ne-pouvait-pas-se-rendre-a-gikomero-pendant-le-genocide-sel2041.html\"]}]},{\"@type\":\"BreadcrumbList\",\"@id\":\"https:\/\/www.justiceinfo.net\/fr\/5251-13022003-tpirkamuhanda-kamuhanda-ne-pouvait-pas-se-rendre-a-gikomero-pendant-le-genocide-sel2041.html#breadcrumb\",\"itemListElement\":[{\"@type\":\"ListItem\",\"position\":1,\"name\":\"Home\",\"item\":\"https:\/\/www.justiceinfo.net\/fr\"},{\"@type\":\"ListItem\",\"position\":2,\"name\":\"13.02.2003 - TPIR\/KAMUHANDA - KAMUHANDA NE POUVAIT PAS SE RENDRE A GIKOMERO PENDANT LE GENOCIDE, SEL\"}]},{\"@type\":\"WebSite\",\"@id\":\"https:\/\/www.justiceinfo.net\/fr#website\",\"url\":\"https:\/\/www.justiceinfo.net\/fr\",\"name\":\"JusticeInfo.net\",\"description\":\"La justice doit \u00eatre vue pour \u00eatre rendue\",\"publisher\":{\"@id\":\"https:\/\/www.justiceinfo.net\/fr#organization\"},\"potentialAction\":[{\"@type\":\"SearchAction\",\"target\":{\"@type\":\"EntryPoint\",\"urlTemplate\":\"https:\/\/www.justiceinfo.net\/fr?s={search_term_string}\"},\"query-input\":{\"@type\":\"PropertyValueSpecification\",\"valueRequired\":true,\"valueName\":\"search_term_string\"}}],\"inLanguage\":\"fr-FR\"},{\"@type\":\"Organization\",\"@id\":\"https:\/\/www.justiceinfo.net\/fr#organization\",\"name\":\"Justice Info\",\"url\":\"https:\/\/www.justiceinfo.net\/fr\",\"logo\":{\"@type\":\"ImageObject\",\"inLanguage\":\"fr-FR\",\"@id\":\"https:\/\/www.justiceinfo.net\/fr#\/schema\/logo\/image\/\",\"url\":\"https:\/\/www.justiceinfo.net\/wp-content\/uploads\/justiceinfo_logo-trans_1200x1200px.png\",\"contentUrl\":\"https:\/\/www.justiceinfo.net\/wp-content\/uploads\/justiceinfo_logo-trans_1200x1200px.png\",\"width\":1199,\"height\":1200,\"caption\":\"Justice Info\"},\"image\":{\"@id\":\"https:\/\/www.justiceinfo.net\/fr#\/schema\/logo\/image\/\"},\"sameAs\":[\"https:\/\/www.facebook.com\/JusticeInfo\/\",\"https:\/\/x.com\/justiceinfonet\",\"https:\/\/www.linkedin.com\/company\/justice-info\",\"https:\/\/www.youtube.com\/channel\/UCyCEsARodyuWtkWyhn-e7pA\"]},{\"@type\":\"Person\",\"name\":\"solivri\",\"url\":\"\/fr\/?s=solivri\"}]}<\/script>\n<!-- \/ Yoast SEO Premium plugin. -->","yoast_head_json":{"title":"13.02.2003 - TPIR\/KAMUHANDA - KAMUHANDA NE POUVAIT PAS SE RENDRE A GIKOMERO PENDANT LE GENOCIDE, SEL - JusticeInfo.net","robots":{"index":"index","follow":"follow","max-snippet":"max-snippet:-1","max-image-preview":"max-image-preview:large","max-video-preview":"max-video-preview:-1"},"canonical":"https:\/\/www.justiceinfo.net\/fr\/5251-13022003-tpirkamuhanda-kamuhanda-ne-pouvait-pas-se-rendre-a-gikomero-pendant-le-genocide-sel2041.html","og_locale":"fr_FR","og_type":"article","og_title":"13.02.2003 - TPIR\/KAMUHANDA - KAMUHANDA NE POUVAIT PAS SE RENDRE A GIKOMERO PENDANT LE GENOCIDE, SEL","og_description":"Arusha, le13 f\u00e9vrier 2003) (FH) - Deux t\u00e9moins de la d\u00e9fense dans le proc\u00e8s de l'ancien ministre de l'enseignement supr\u00e9rieur et de la recherche scientifique, Jean de Dieu Kamuhanda, ont d\u00e9clar\u00e9 jeudi devant le Tribunal p\u00e9nal international pour le Rwanda (TPIR) que l'accus\u00e9 ne pouvait pas se rendre \u00e0 Gikomero (province Kigali rurale, centre du [&hellip;]","og_url":"https:\/\/www.justiceinfo.net\/fr\/5251-13022003-tpirkamuhanda-kamuhanda-ne-pouvait-pas-se-rendre-a-gikomero-pendant-le-genocide-sel2041.html","og_site_name":"JusticeInfo.net","article_publisher":"https:\/\/www.facebook.com\/JusticeInfo\/","article_published_time":"2003-02-12T23:00:00+00:00","og_image":[{"width":1200,"height":630,"url":"https:\/\/www.justiceinfo.net\/wp-content\/uploads\/JusticeInfoNet_logo_1200x630px.jpg","type":"image\/jpeg"}],"author":"solivri","twitter_card":"summary_large_image","twitter_creator":"@justiceinfonet","twitter_site":"@justiceinfonet","twitter_misc":{"\u00c9crit par":"solivri","Dur\u00e9e de lecture estim\u00e9e":"2 minutes"},"schema":{"@context":"https:\/\/schema.org","@graph":[{"@type":"NewsArticle","@id":"https:\/\/www.justiceinfo.net\/fr\/5251-13022003-tpirkamuhanda-kamuhanda-ne-pouvait-pas-se-rendre-a-gikomero-pendant-le-genocide-sel2041.html#article","isPartOf":{"@id":"https:\/\/www.justiceinfo.net\/fr\/5251-13022003-tpirkamuhanda-kamuhanda-ne-pouvait-pas-se-rendre-a-gikomero-pendant-le-genocide-sel2041.html"},"author":{"name":"solivri","@id":"https:\/\/www.justiceinfo.net\/fr#\/schema\/person\/6e53cba1629e2e66f3fc1821d3091865"},"headline":"13.02.2003 - TPIR\/KAMUHANDA - KAMUHANDA NE POUVAIT PAS SE RENDRE A GIKOMERO PENDANT LE GENOCIDE, SEL","datePublished":"2003-02-12T23:00:00+00:00","mainEntityOfPage":{"@id":"https:\/\/www.justiceinfo.net\/fr\/5251-13022003-tpirkamuhanda-kamuhanda-ne-pouvait-pas-se-rendre-a-gikomero-pendant-le-genocide-sel2041.html"},"wordCount":355,"commentCount":0,"publisher":{"@id":"https:\/\/www.justiceinfo.net\/fr#organization"},"articleSection":["Hirondelle News"],"inLanguage":"fr-FR","potentialAction":[{"@type":"CommentAction","name":"Comment","target":["https:\/\/www.justiceinfo.net\/fr\/5251-13022003-tpirkamuhanda-kamuhanda-ne-pouvait-pas-se-rendre-a-gikomero-pendant-le-genocide-sel2041.html#respond"]}]},{"@type":"WebPage","@id":"https:\/\/www.justiceinfo.net\/fr\/5251-13022003-tpirkamuhanda-kamuhanda-ne-pouvait-pas-se-rendre-a-gikomero-pendant-le-genocide-sel2041.html","url":"https:\/\/www.justiceinfo.net\/fr\/5251-13022003-tpirkamuhanda-kamuhanda-ne-pouvait-pas-se-rendre-a-gikomero-pendant-le-genocide-sel2041.html","name":"13.02.2003 - TPIR\/KAMUHANDA - KAMUHANDA NE POUVAIT PAS SE RENDRE A GIKOMERO PENDANT LE GENOCIDE, SEL - JusticeInfo.net","isPartOf":{"@id":"https:\/\/www.justiceinfo.net\/fr#website"},"datePublished":"2003-02-12T23:00:00+00:00","breadcrumb":{"@id":"https:\/\/www.justiceinfo.net\/fr\/5251-13022003-tpirkamuhanda-kamuhanda-ne-pouvait-pas-se-rendre-a-gikomero-pendant-le-genocide-sel2041.html#breadcrumb"},"inLanguage":"fr-FR","potentialAction":[{"@type":"ReadAction","target":["https:\/\/www.justiceinfo.net\/fr\/5251-13022003-tpirkamuhanda-kamuhanda-ne-pouvait-pas-se-rendre-a-gikomero-pendant-le-genocide-sel2041.html"]}]},{"@type":"BreadcrumbList","@id":"https:\/\/www.justiceinfo.net\/fr\/5251-13022003-tpirkamuhanda-kamuhanda-ne-pouvait-pas-se-rendre-a-gikomero-pendant-le-genocide-sel2041.html#breadcrumb","itemListElement":[{"@type":"ListItem","position":1,"name":"Home","item":"https:\/\/www.justiceinfo.net\/fr"},{"@type":"ListItem","position":2,"name":"13.02.2003 - TPIR\/KAMUHANDA - KAMUHANDA NE POUVAIT PAS SE RENDRE A GIKOMERO PENDANT LE GENOCIDE, SEL"}]},{"@type":"WebSite","@id":"https:\/\/www.justiceinfo.net\/fr#website","url":"https:\/\/www.justiceinfo.net\/fr","name":"JusticeInfo.net","description":"La justice doit \u00eatre vue pour \u00eatre rendue","publisher":{"@id":"https:\/\/www.justiceinfo.net\/fr#organization"},"potentialAction":[{"@type":"SearchAction","target":{"@type":"EntryPoint","urlTemplate":"https:\/\/www.justiceinfo.net\/fr?s={search_term_string}"},"query-input":{"@type":"PropertyValueSpecification","valueRequired":true,"valueName":"search_term_string"}}],"inLanguage":"fr-FR"},{"@type":"Organization","@id":"https:\/\/www.justiceinfo.net\/fr#organization","name":"Justice Info","url":"https:\/\/www.justiceinfo.net\/fr","logo":{"@type":"ImageObject","inLanguage":"fr-FR","@id":"https:\/\/www.justiceinfo.net\/fr#\/schema\/logo\/image\/","url":"https:\/\/www.justiceinfo.net\/wp-content\/uploads\/justiceinfo_logo-trans_1200x1200px.png","contentUrl":"https:\/\/www.justiceinfo.net\/wp-content\/uploads\/justiceinfo_logo-trans_1200x1200px.png","width":1199,"height":1200,"caption":"Justice Info"},"image":{"@id":"https:\/\/www.justiceinfo.net\/fr#\/schema\/logo\/image\/"},"sameAs":["https:\/\/www.facebook.com\/JusticeInfo\/","https:\/\/x.com\/justiceinfonet","https:\/\/www.linkedin.com\/company\/justice-info","https:\/\/www.youtube.com\/channel\/UCyCEsARodyuWtkWyhn-e7pA"]},{"@type":"Person","name":"solivri","url":"\/fr\/?s=solivri"}]}},"_links":{"self":[{"href":"https:\/\/www.justiceinfo.net\/fr\/wp-json\/wp\/v2\/posts\/5251","targetHints":{"allow":["GET"]}}],"collection":[{"href":"https:\/\/www.justiceinfo.net\/fr\/wp-json\/wp\/v2\/posts"}],"about":[{"href":"https:\/\/www.justiceinfo.net\/fr\/wp-json\/wp\/v2\/types\/post"}],"author":[{"embeddable":true,"href":"https:\/\/www.justiceinfo.net\/fr\/wp-json\/wp\/v2\/users\/64"}],"replies":[{"embeddable":true,"href":"https:\/\/www.justiceinfo.net\/fr\/wp-json\/wp\/v2\/comments?post=5251"}],"version-history":[{"count":0,"href":"https:\/\/www.justiceinfo.net\/fr\/wp-json\/wp\/v2\/posts\/5251\/revisions"}],"wp:attachment":[{"href":"https:\/\/www.justiceinfo.net\/fr\/wp-json\/wp\/v2\/media?parent=5251"}],"wp:term":[{"taxonomy":"category","embeddable":true,"href":"https:\/\/www.justiceinfo.net\/fr\/wp-json\/wp\/v2\/categories?post=5251"},{"taxonomy":"post_tag","embeddable":true,"href":"https:\/\/www.justiceinfo.net\/fr\/wp-json\/wp\/v2\/tags?post=5251"},{"taxonomy":"ji_location","embeddable":true,"href":"https:\/\/www.justiceinfo.net\/fr\/wp-json\/wp\/v2\/ji_location?post=5251"}],"curies":[{"name":"wp","href":"https:\/\/api.w.org\/{rel}","templated":true}]}}