{"id":5259,"date":"2003-02-11T00:00:00","date_gmt":"2003-02-10T23:00:00","guid":{"rendered":"https:\/\/www.justiceinfo.net\/5259-11022003-tpircyangugu-bagambiki-na-aucune-responsabilite-dans-les-massacres-de-bugesera-sel2049.html"},"modified":"2003-02-11T00:00:00","modified_gmt":"2003-02-10T23:00:00","slug":"11022003-tpircyangugu-bagambiki-na-aucune-responsabilite-dans-les-massacres-de-bugesera-sel2049","status":"publish","type":"post","link":"https:\/\/www.justiceinfo.net\/fr\/5259-11022003-tpircyangugu-bagambiki-na-aucune-responsabilite-dans-les-massacres-de-bugesera-sel2049.html","title":{"rendered":"11.02.2003 - TPIR\/CYANGUGU - BAGAMBIKI N'A AUCUNE RESPONSABILITE DANS LES MASSACRES DE BUGESERA, SEL"},"content":{"rendered":"<p  >\nArusha, le 11 f\u00e9vrier 2003 (FH) - l'ancien pr\u00e9fet de Cyangugu (sud-ouest du Rwanda), Emmanuel Bagambiki, n'a jou\u00e9 aucun r\u00f4le dans le massacre de 250 Tutsis perp\u00e9tr\u00e9s en 1992 \u00e0 Bugesera (pr\u00e9fecture de Kigali rural), a d\u00e9clar\u00e9 un t\u00e9moin de la d\u00e9fense mardi, devant le Tribunal P\u00e9nal International pour le Rwanda.\n<\/p>\n<p  >\nBagambiki, 54 ans, est accus\u00e9 D'avoir planifi\u00e9 et men\u00e9 le g\u00e9nocide dans sa province natale de Cyangugu.\n<\/p>\n<p><!--more--><\/p>\n<p  >\nLe parquet l'accuse \u00e9galement D'avoir assist\u00e9 et particip\u00e9 aux r\u00e9unions qui ont organis\u00e9 le g\u00e9nocide et D'avoir coordonn\u00e9 les massacres de Tutsis pendant toute la dur\u00e9e du g\u00e9nocide. Bagambiki est \u00e9galement accus\u00e9 D'avoir une responsabilit\u00e9 dans les massacres du Bugesera, en 1992, alors qu'il \u00e9tait pr\u00e9fet de Kigali rural.\n<\/p>\n<p  >\n\u201cLe nom de Bagambiki n'a jamais \u00e9t\u00e9 \u00e9voqu\u00e9 par aucune des organisations des droits de l'homme qui ont enqu\u00eat\u00e9 sur ces tueries\", a indiqu\u00e9 le t\u00e9moin prot\u00e9g\u00e9 FOE.\n<\/p>\n<p  >\nFOE travaillait au Minist\u00e8re du Plan. Il occupait \u00e9galement un poste au bureau de Cyangugu du MDR, le parti de l'opposition. Suite aux massacres de Bugesera, le bureau de Cyangugu du MDR a publi\u00e9 un communiqu\u00e9 accusant Bagambiki D'\u00eatre responsable des tueries.\n<\/p>\n<p  >\nInterrog\u00e9 sur ce communiqu\u00e9, FOE a d\u00e9clar\u00e9 qu'il s'agissait D'une propagande sans fondement, \u00e0 une \u00e9poque de rivalit\u00e9 entre les partis politiques. Selon<br \/>\nlui, ce communiqu\u00e9 \u00e9tait destin\u00e9 \u00e0 ternir l'image du parti alors au pouvoir, le MRND, auquel Bagambiki appartenait.\n<\/p>\n<p  >\nLe substitut du procureur, l'Ougandais Richard Karegyesa, a pour sa part sugg\u00e9r\u00e9 que Bagambiki \u00e9tait responsable, dans la mesure o\u00f9 ses subordonn\u00e9s \u00e9taient impliqu\u00e9s dans ces massacres.\n<\/p>\n<p  >\nBagambiki est co-accus\u00e9 avec l'ancien ministre des Transports et des Communications, Andr\u00e9 Ntagerura, ainsi que l'ancien commandant du camp militaire de Karambo, le lieutenant Samuel Imanishimwe.\n<\/p>\n<p  >\nUn autre t\u00e9moin prot\u00e9g\u00e9, d\u00e9nomm\u00e9 EOT, a \u00e9galement d\u00e9pos\u00e9 mardi. La plupart de son t\u00e9moignage a \u00e9t\u00e9 entendu \u00e0 huis-clos.\n<\/p>\n<p  >\nLe proc\u00e8s a \u00e9t\u00e9 ajourn\u00e9 \u00e0 jeudi, mercredi \u00e9tant un jour f\u00e9ri\u00e9 en Tanzanie.\n<\/p>\n<p  >\nLe proc\u00e8s Cyangugu se d\u00e9roule devant le troisi\u00e8me chambre du TPIR, compos\u00e9e du juge-pr\u00e9sident Lloyd George Williams de St. Kitts et Nevis, et des juges russe Yakov Ostrovsky et slov\u00e8ne Pavel Dolenc.\n<\/p>\n<p  >\nCE\/GG\/GF\/FH (CY-0211e)<\/p>\n","protected":false},"excerpt":{"rendered":"<p>Arusha, le 11 f\u00e9vrier 2003 (FH) - l'ancien pr\u00e9fet de Cyangugu (sud-ouest du Rwanda), Emmanuel Bagambiki, n'a jou\u00e9 aucun r\u00f4le dans le massacre de 250 Tutsis perp\u00e9tr\u00e9s en 1992 \u00e0 Bugesera (pr\u00e9fecture de Kigali rural), a d\u00e9clar\u00e9 un t\u00e9moin de la d\u00e9fense mardi, devant le Tribunal P\u00e9nal International pour le Rwanda. Bagambiki, 54 ans, est [&hellip;]<\/p>\n","protected":false},"author":64,"featured_media":0,"comment_status":"open","ping_status":"closed","sticky":false,"template":"","format":"standard","meta":{"_acf_changed":false,"footnotes":""},"categories":[554],"tags":[],"ji_location":[],"class_list":["post-5259","post","type-post","status-publish","format-standard","hentry","category-hirondellenews"],"acf":[],"yoast_head":"<!-- This site is optimized with the Yoast SEO Premium plugin v25.3.1 (Yoast SEO v25.3.1) - https:\/\/yoast.com\/wordpress\/plugins\/seo\/ -->\n<title>11.02.2003 - TPIR\/CYANGUGU - BAGAMBIKI N&#039;A AUCUNE RESPONSABILITE DANS LES MASSACRES DE BUGESERA, SEL - JusticeInfo.net<\/title>\n<meta name=\"robots\" content=\"index, follow, max-snippet:-1, max-image-preview:large, max-video-preview:-1\" \/>\n<link rel=\"canonical\" href=\"https:\/\/www.justiceinfo.net\/fr\/5259-11022003-tpircyangugu-bagambiki-na-aucune-responsabilite-dans-les-massacres-de-bugesera-sel2049.html\" \/>\n<meta property=\"og:locale\" content=\"fr_FR\" \/>\n<meta property=\"og:type\" content=\"article\" \/>\n<meta property=\"og:title\" content=\"11.02.2003 - TPIR\/CYANGUGU - BAGAMBIKI N&#039;A AUCUNE RESPONSABILITE DANS LES MASSACRES DE BUGESERA, SEL\" \/>\n<meta property=\"og:description\" content=\"Arusha, le 11 f\u00e9vrier 2003 (FH) - l&#039;ancien pr\u00e9fet de Cyangugu (sud-ouest du Rwanda), Emmanuel Bagambiki, n&#039;a jou\u00e9 aucun r\u00f4le dans le massacre de 250 Tutsis perp\u00e9tr\u00e9s en 1992 \u00e0 Bugesera (pr\u00e9fecture de Kigali rural), a d\u00e9clar\u00e9 un t\u00e9moin de la d\u00e9fense mardi, devant le Tribunal P\u00e9nal International pour le Rwanda. Bagambiki, 54 ans, est [&hellip;]\" \/>\n<meta property=\"og:url\" content=\"https:\/\/www.justiceinfo.net\/fr\/5259-11022003-tpircyangugu-bagambiki-na-aucune-responsabilite-dans-les-massacres-de-bugesera-sel2049.html\" \/>\n<meta property=\"og:site_name\" content=\"JusticeInfo.net\" \/>\n<meta property=\"article:publisher\" content=\"https:\/\/www.facebook.com\/JusticeInfo\/\" \/>\n<meta property=\"article:published_time\" content=\"2003-02-10T23:00:00+00:00\" \/>\n<meta property=\"og:image\" content=\"https:\/\/www.justiceinfo.net\/wp-content\/uploads\/JusticeInfoNet_logo_1200x630px.jpg\" \/>\n\t<meta property=\"og:image:width\" content=\"1200\" \/>\n\t<meta property=\"og:image:height\" content=\"630\" \/>\n\t<meta property=\"og:image:type\" content=\"image\/jpeg\" \/>\n<meta name=\"author\" content=\"solivri\" \/>\n<meta name=\"twitter:card\" content=\"summary_large_image\" \/>\n<meta name=\"twitter:creator\" content=\"@justiceinfonet\" \/>\n<meta name=\"twitter:site\" content=\"@justiceinfonet\" \/>\n<meta name=\"twitter:label1\" content=\"\u00c9crit par\" \/>\n\t<meta name=\"twitter:data1\" content=\"solivri\" \/>\n\t<meta name=\"twitter:label2\" content=\"Dur\u00e9e de lecture estim\u00e9e\" \/>\n\t<meta name=\"twitter:data2\" content=\"2 minutes\" \/>\n<script type=\"application\/ld+json\" class=\"yoast-schema-graph\">{\"@context\":\"https:\/\/schema.org\",\"@graph\":[{\"@type\":\"NewsArticle\",\"@id\":\"https:\/\/www.justiceinfo.net\/fr\/5259-11022003-tpircyangugu-bagambiki-na-aucune-responsabilite-dans-les-massacres-de-bugesera-sel2049.html#article\",\"isPartOf\":{\"@id\":\"https:\/\/www.justiceinfo.net\/fr\/5259-11022003-tpircyangugu-bagambiki-na-aucune-responsabilite-dans-les-massacres-de-bugesera-sel2049.html\"},\"author\":{\"name\":\"solivri\",\"@id\":\"https:\/\/www.justiceinfo.net\/fr#\/schema\/person\/6e53cba1629e2e66f3fc1821d3091865\"},\"headline\":\"11.02.2003 - TPIR\/CYANGUGU - BAGAMBIKI N'A AUCUNE RESPONSABILITE DANS LES MASSACRES DE BUGESERA, SEL\",\"datePublished\":\"2003-02-10T23:00:00+00:00\",\"mainEntityOfPage\":{\"@id\":\"https:\/\/www.justiceinfo.net\/fr\/5259-11022003-tpircyangugu-bagambiki-na-aucune-responsabilite-dans-les-massacres-de-bugesera-sel2049.html\"},\"wordCount\":413,\"commentCount\":0,\"publisher\":{\"@id\":\"https:\/\/www.justiceinfo.net\/fr#organization\"},\"articleSection\":[\"Hirondelle News\"],\"inLanguage\":\"fr-FR\",\"potentialAction\":[{\"@type\":\"CommentAction\",\"name\":\"Comment\",\"target\":[\"https:\/\/www.justiceinfo.net\/fr\/5259-11022003-tpircyangugu-bagambiki-na-aucune-responsabilite-dans-les-massacres-de-bugesera-sel2049.html#respond\"]}]},{\"@type\":\"WebPage\",\"@id\":\"https:\/\/www.justiceinfo.net\/fr\/5259-11022003-tpircyangugu-bagambiki-na-aucune-responsabilite-dans-les-massacres-de-bugesera-sel2049.html\",\"url\":\"https:\/\/www.justiceinfo.net\/fr\/5259-11022003-tpircyangugu-bagambiki-na-aucune-responsabilite-dans-les-massacres-de-bugesera-sel2049.html\",\"name\":\"11.02.2003 - TPIR\/CYANGUGU - BAGAMBIKI N'A AUCUNE RESPONSABILITE DANS LES MASSACRES DE BUGESERA, SEL - JusticeInfo.net\",\"isPartOf\":{\"@id\":\"https:\/\/www.justiceinfo.net\/fr#website\"},\"datePublished\":\"2003-02-10T23:00:00+00:00\",\"breadcrumb\":{\"@id\":\"https:\/\/www.justiceinfo.net\/fr\/5259-11022003-tpircyangugu-bagambiki-na-aucune-responsabilite-dans-les-massacres-de-bugesera-sel2049.html#breadcrumb\"},\"inLanguage\":\"fr-FR\",\"potentialAction\":[{\"@type\":\"ReadAction\",\"target\":[\"https:\/\/www.justiceinfo.net\/fr\/5259-11022003-tpircyangugu-bagambiki-na-aucune-responsabilite-dans-les-massacres-de-bugesera-sel2049.html\"]}]},{\"@type\":\"BreadcrumbList\",\"@id\":\"https:\/\/www.justiceinfo.net\/fr\/5259-11022003-tpircyangugu-bagambiki-na-aucune-responsabilite-dans-les-massacres-de-bugesera-sel2049.html#breadcrumb\",\"itemListElement\":[{\"@type\":\"ListItem\",\"position\":1,\"name\":\"Home\",\"item\":\"https:\/\/www.justiceinfo.net\/fr\"},{\"@type\":\"ListItem\",\"position\":2,\"name\":\"11.02.2003 - TPIR\/CYANGUGU - BAGAMBIKI N'A AUCUNE RESPONSABILITE DANS LES MASSACRES DE BUGESERA, SEL\"}]},{\"@type\":\"WebSite\",\"@id\":\"https:\/\/www.justiceinfo.net\/fr#website\",\"url\":\"https:\/\/www.justiceinfo.net\/fr\",\"name\":\"JusticeInfo.net\",\"description\":\"La justice doit \u00eatre vue pour \u00eatre rendue\",\"publisher\":{\"@id\":\"https:\/\/www.justiceinfo.net\/fr#organization\"},\"potentialAction\":[{\"@type\":\"SearchAction\",\"target\":{\"@type\":\"EntryPoint\",\"urlTemplate\":\"https:\/\/www.justiceinfo.net\/fr?s={search_term_string}\"},\"query-input\":{\"@type\":\"PropertyValueSpecification\",\"valueRequired\":true,\"valueName\":\"search_term_string\"}}],\"inLanguage\":\"fr-FR\"},{\"@type\":\"Organization\",\"@id\":\"https:\/\/www.justiceinfo.net\/fr#organization\",\"name\":\"Justice Info\",\"url\":\"https:\/\/www.justiceinfo.net\/fr\",\"logo\":{\"@type\":\"ImageObject\",\"inLanguage\":\"fr-FR\",\"@id\":\"https:\/\/www.justiceinfo.net\/fr#\/schema\/logo\/image\/\",\"url\":\"https:\/\/www.justiceinfo.net\/wp-content\/uploads\/justiceinfo_logo-trans_1200x1200px.png\",\"contentUrl\":\"https:\/\/www.justiceinfo.net\/wp-content\/uploads\/justiceinfo_logo-trans_1200x1200px.png\",\"width\":1199,\"height\":1200,\"caption\":\"Justice Info\"},\"image\":{\"@id\":\"https:\/\/www.justiceinfo.net\/fr#\/schema\/logo\/image\/\"},\"sameAs\":[\"https:\/\/www.facebook.com\/JusticeInfo\/\",\"https:\/\/x.com\/justiceinfonet\",\"https:\/\/www.linkedin.com\/company\/justice-info\",\"https:\/\/www.youtube.com\/channel\/UCyCEsARodyuWtkWyhn-e7pA\"]},{\"@type\":\"Person\",\"name\":\"solivri\",\"url\":\"\/fr\/?s=solivri\"}]}<\/script>\n<!-- \/ Yoast SEO Premium plugin. -->","yoast_head_json":{"title":"11.02.2003 - TPIR\/CYANGUGU - BAGAMBIKI N'A AUCUNE RESPONSABILITE DANS LES MASSACRES DE BUGESERA, SEL - JusticeInfo.net","robots":{"index":"index","follow":"follow","max-snippet":"max-snippet:-1","max-image-preview":"max-image-preview:large","max-video-preview":"max-video-preview:-1"},"canonical":"https:\/\/www.justiceinfo.net\/fr\/5259-11022003-tpircyangugu-bagambiki-na-aucune-responsabilite-dans-les-massacres-de-bugesera-sel2049.html","og_locale":"fr_FR","og_type":"article","og_title":"11.02.2003 - TPIR\/CYANGUGU - BAGAMBIKI N'A AUCUNE RESPONSABILITE DANS LES MASSACRES DE BUGESERA, SEL","og_description":"Arusha, le 11 f\u00e9vrier 2003 (FH) - l'ancien pr\u00e9fet de Cyangugu (sud-ouest du Rwanda), Emmanuel Bagambiki, n'a jou\u00e9 aucun r\u00f4le dans le massacre de 250 Tutsis perp\u00e9tr\u00e9s en 1992 \u00e0 Bugesera (pr\u00e9fecture de Kigali rural), a d\u00e9clar\u00e9 un t\u00e9moin de la d\u00e9fense mardi, devant le Tribunal P\u00e9nal International pour le Rwanda. Bagambiki, 54 ans, est [&hellip;]","og_url":"https:\/\/www.justiceinfo.net\/fr\/5259-11022003-tpircyangugu-bagambiki-na-aucune-responsabilite-dans-les-massacres-de-bugesera-sel2049.html","og_site_name":"JusticeInfo.net","article_publisher":"https:\/\/www.facebook.com\/JusticeInfo\/","article_published_time":"2003-02-10T23:00:00+00:00","og_image":[{"width":1200,"height":630,"url":"https:\/\/www.justiceinfo.net\/wp-content\/uploads\/JusticeInfoNet_logo_1200x630px.jpg","type":"image\/jpeg"}],"author":"solivri","twitter_card":"summary_large_image","twitter_creator":"@justiceinfonet","twitter_site":"@justiceinfonet","twitter_misc":{"\u00c9crit par":"solivri","Dur\u00e9e de lecture estim\u00e9e":"2 minutes"},"schema":{"@context":"https:\/\/schema.org","@graph":[{"@type":"NewsArticle","@id":"https:\/\/www.justiceinfo.net\/fr\/5259-11022003-tpircyangugu-bagambiki-na-aucune-responsabilite-dans-les-massacres-de-bugesera-sel2049.html#article","isPartOf":{"@id":"https:\/\/www.justiceinfo.net\/fr\/5259-11022003-tpircyangugu-bagambiki-na-aucune-responsabilite-dans-les-massacres-de-bugesera-sel2049.html"},"author":{"name":"solivri","@id":"https:\/\/www.justiceinfo.net\/fr#\/schema\/person\/6e53cba1629e2e66f3fc1821d3091865"},"headline":"11.02.2003 - TPIR\/CYANGUGU - BAGAMBIKI N'A AUCUNE RESPONSABILITE DANS LES MASSACRES DE BUGESERA, SEL","datePublished":"2003-02-10T23:00:00+00:00","mainEntityOfPage":{"@id":"https:\/\/www.justiceinfo.net\/fr\/5259-11022003-tpircyangugu-bagambiki-na-aucune-responsabilite-dans-les-massacres-de-bugesera-sel2049.html"},"wordCount":413,"commentCount":0,"publisher":{"@id":"https:\/\/www.justiceinfo.net\/fr#organization"},"articleSection":["Hirondelle News"],"inLanguage":"fr-FR","potentialAction":[{"@type":"CommentAction","name":"Comment","target":["https:\/\/www.justiceinfo.net\/fr\/5259-11022003-tpircyangugu-bagambiki-na-aucune-responsabilite-dans-les-massacres-de-bugesera-sel2049.html#respond"]}]},{"@type":"WebPage","@id":"https:\/\/www.justiceinfo.net\/fr\/5259-11022003-tpircyangugu-bagambiki-na-aucune-responsabilite-dans-les-massacres-de-bugesera-sel2049.html","url":"https:\/\/www.justiceinfo.net\/fr\/5259-11022003-tpircyangugu-bagambiki-na-aucune-responsabilite-dans-les-massacres-de-bugesera-sel2049.html","name":"11.02.2003 - TPIR\/CYANGUGU - BAGAMBIKI N'A AUCUNE RESPONSABILITE DANS LES MASSACRES DE BUGESERA, SEL - JusticeInfo.net","isPartOf":{"@id":"https:\/\/www.justiceinfo.net\/fr#website"},"datePublished":"2003-02-10T23:00:00+00:00","breadcrumb":{"@id":"https:\/\/www.justiceinfo.net\/fr\/5259-11022003-tpircyangugu-bagambiki-na-aucune-responsabilite-dans-les-massacres-de-bugesera-sel2049.html#breadcrumb"},"inLanguage":"fr-FR","potentialAction":[{"@type":"ReadAction","target":["https:\/\/www.justiceinfo.net\/fr\/5259-11022003-tpircyangugu-bagambiki-na-aucune-responsabilite-dans-les-massacres-de-bugesera-sel2049.html"]}]},{"@type":"BreadcrumbList","@id":"https:\/\/www.justiceinfo.net\/fr\/5259-11022003-tpircyangugu-bagambiki-na-aucune-responsabilite-dans-les-massacres-de-bugesera-sel2049.html#breadcrumb","itemListElement":[{"@type":"ListItem","position":1,"name":"Home","item":"https:\/\/www.justiceinfo.net\/fr"},{"@type":"ListItem","position":2,"name":"11.02.2003 - TPIR\/CYANGUGU - BAGAMBIKI N'A AUCUNE RESPONSABILITE DANS LES MASSACRES DE BUGESERA, SEL"}]},{"@type":"WebSite","@id":"https:\/\/www.justiceinfo.net\/fr#website","url":"https:\/\/www.justiceinfo.net\/fr","name":"JusticeInfo.net","description":"La justice doit \u00eatre vue pour \u00eatre rendue","publisher":{"@id":"https:\/\/www.justiceinfo.net\/fr#organization"},"potentialAction":[{"@type":"SearchAction","target":{"@type":"EntryPoint","urlTemplate":"https:\/\/www.justiceinfo.net\/fr?s={search_term_string}"},"query-input":{"@type":"PropertyValueSpecification","valueRequired":true,"valueName":"search_term_string"}}],"inLanguage":"fr-FR"},{"@type":"Organization","@id":"https:\/\/www.justiceinfo.net\/fr#organization","name":"Justice Info","url":"https:\/\/www.justiceinfo.net\/fr","logo":{"@type":"ImageObject","inLanguage":"fr-FR","@id":"https:\/\/www.justiceinfo.net\/fr#\/schema\/logo\/image\/","url":"https:\/\/www.justiceinfo.net\/wp-content\/uploads\/justiceinfo_logo-trans_1200x1200px.png","contentUrl":"https:\/\/www.justiceinfo.net\/wp-content\/uploads\/justiceinfo_logo-trans_1200x1200px.png","width":1199,"height":1200,"caption":"Justice Info"},"image":{"@id":"https:\/\/www.justiceinfo.net\/fr#\/schema\/logo\/image\/"},"sameAs":["https:\/\/www.facebook.com\/JusticeInfo\/","https:\/\/x.com\/justiceinfonet","https:\/\/www.linkedin.com\/company\/justice-info","https:\/\/www.youtube.com\/channel\/UCyCEsARodyuWtkWyhn-e7pA"]},{"@type":"Person","name":"solivri","url":"\/fr\/?s=solivri"}]}},"_links":{"self":[{"href":"https:\/\/www.justiceinfo.net\/fr\/wp-json\/wp\/v2\/posts\/5259","targetHints":{"allow":["GET"]}}],"collection":[{"href":"https:\/\/www.justiceinfo.net\/fr\/wp-json\/wp\/v2\/posts"}],"about":[{"href":"https:\/\/www.justiceinfo.net\/fr\/wp-json\/wp\/v2\/types\/post"}],"author":[{"embeddable":true,"href":"https:\/\/www.justiceinfo.net\/fr\/wp-json\/wp\/v2\/users\/64"}],"replies":[{"embeddable":true,"href":"https:\/\/www.justiceinfo.net\/fr\/wp-json\/wp\/v2\/comments?post=5259"}],"version-history":[{"count":0,"href":"https:\/\/www.justiceinfo.net\/fr\/wp-json\/wp\/v2\/posts\/5259\/revisions"}],"wp:attachment":[{"href":"https:\/\/www.justiceinfo.net\/fr\/wp-json\/wp\/v2\/media?parent=5259"}],"wp:term":[{"taxonomy":"category","embeddable":true,"href":"https:\/\/www.justiceinfo.net\/fr\/wp-json\/wp\/v2\/categories?post=5259"},{"taxonomy":"post_tag","embeddable":true,"href":"https:\/\/www.justiceinfo.net\/fr\/wp-json\/wp\/v2\/tags?post=5259"},{"taxonomy":"ji_location","embeddable":true,"href":"https:\/\/www.justiceinfo.net\/fr\/wp-json\/wp\/v2\/ji_location?post=5259"}],"curies":[{"name":"wp","href":"https:\/\/api.w.org\/{rel}","templated":true}]}}