{"id":5291,"date":"2002-01-27T00:00:00","date_gmt":"2002-01-26T23:00:00","guid":{"rendered":"https:\/\/www.justiceinfo.net\/5291-27012002-tpirkamuhanda-il-ny-a-pas-eu-de-distribution-darmes-a-gikomero-selon-un-temoin2081.html"},"modified":"2002-01-27T00:00:00","modified_gmt":"2002-01-26T23:00:00","slug":"27012002-tpirkamuhanda-il-ny-a-pas-eu-de-distribution-darmes-a-gikomero-selon-un-temoin2081","status":"publish","type":"post","link":"https:\/\/www.justiceinfo.net\/fr\/5291-27012002-tpirkamuhanda-il-ny-a-pas-eu-de-distribution-darmes-a-gikomero-selon-un-temoin2081.html","title":{"rendered":"27.01.2002 - TPIR\/KAMUHANDA - IL N'Y A PAS EU DE DISTRIBUTION D'ARMES A GIKOMERO, SELON UN TEMOIN"},"content":{"rendered":"<p  >\nArusha, le 27 janvier 2003 (FH) - Un t\u00e9moin de la d\u00e9fense de l'ancien ministre de l'enseignement sup\u00e9rieur et de la recherche scientifique, Jean de Dieu Kamuhanda, a d\u00e9clar\u00e9 que des armes n'avaient pas \u00e9t\u00e9 distribu\u00e9es \u00e0 la population de Gikomero (province Kigali rural, centre du Rwanda), lors de sa d\u00e9position lundi devant le Tribunal p\u00e9nal international pour le Rwanda (TPIR).\n<\/p>\n<p  >\nD\u00e9nomm\u00e9 \"NTD\" pour prot\u00e9ger son anonymat, il est le seizi\u00e8me t\u00e9moin cit\u00e9 par la d\u00e9fense de Kamuhanda.\n<\/p>\n<p><!--more--><\/p>\n<p  >\nJean de Dieu Kamuhanda est poursuivi pour g\u00e9nocide et crimes contre l'humanit\u00e9 commis \u00e0 Gikomero en 1994. Il plaide non coupable.\n<\/p>\n<p  >\nLe parquet all\u00e8gue notamment que des armes ont \u00e9t\u00e9 distribu\u00e9es \u00e0 la population de Gikomero \u00e0 des fins de g\u00e9nocide. Le t\u00e9moin a d\u00e9clar\u00e9 qu'entre le 6 et le 16 avril 1994, il n'y avait qu'un seul fusil \u00e0 Gikomero, d\u00e9tenu par un certain Nzaramba. Le t\u00e9moin a ajout\u00e9 que la commune a obtenu plus tard deux autres fusils, abandonn\u00e9s sur place par des combattants de l'ex-mouvement rebelle \u00e0 dominante tutsie, le Front patriotique rwandais (FPR), chass\u00e9s par la population locale.\n<\/p>\n<p  >\nLe t\u00e9moin a d\u00e9clar\u00e9 que ces armes ont \u00e9t\u00e9 alors remises \u00e0 deux anciens gendarmes.\n<\/p>\n<p  >\nComme les autres t\u00e9moins qui l'ont pr\u00e9c\u00e9d\u00e9, NTD a affirm\u00e9 que Kamuhanda ne s'\u00e9tait jamais rendu \u00e0 Gikomero pendant le g\u00e9nocide. Il a ajout\u00e9 qu'il n'avait pas non plus entendu quelqu'un dire avoir vu l'accus\u00e9 \u00e0 cet endroit durant cette p\u00e9riode.\n<\/p>\n<p  >\nLa d\u00e9position de NTD a \u00e9t\u00e9 suivie de celle de GPD qui devrait se poursuivre mardi. Le proc\u00e8s Kamuhanda se d\u00e9roule devant la deuxi\u00e8me chambre de premi\u00e8re instance du TPIR pr\u00e9sid\u00e9e par le juge tanzanien William Sekule, assist\u00e9 des juges malgache Arlette Ramaroson et Winston Churchill Matanzima Maqutu du Lesotho.\n<\/p>\n<p  >\nAT\/NI\/GF\/FH (KH-0127A)<\/p>\n","protected":false},"excerpt":{"rendered":"<p>Arusha, le 27 janvier 2003 (FH) - Un t\u00e9moin de la d\u00e9fense de l'ancien ministre de l'enseignement sup\u00e9rieur et de la recherche scientifique, Jean de Dieu Kamuhanda, a d\u00e9clar\u00e9 que des armes n'avaient pas \u00e9t\u00e9 distribu\u00e9es \u00e0 la population de Gikomero (province Kigali rural, centre du Rwanda), lors de sa d\u00e9position lundi devant le Tribunal [&hellip;]<\/p>\n","protected":false},"author":64,"featured_media":0,"comment_status":"open","ping_status":"closed","sticky":false,"template":"","format":"standard","meta":{"_acf_changed":false,"footnotes":""},"categories":[554],"tags":[],"ji_location":[],"class_list":["post-5291","post","type-post","status-publish","format-standard","hentry","category-hirondellenews"],"acf":[],"yoast_head":"<!-- This site is optimized with the Yoast SEO Premium plugin v25.3.1 (Yoast SEO v25.3.1) - https:\/\/yoast.com\/wordpress\/plugins\/seo\/ -->\n<title>27.01.2002 - TPIR\/KAMUHANDA - IL N&#039;Y A PAS EU DE DISTRIBUTION D&#039;ARMES A GIKOMERO, SELON UN TEMOIN - JusticeInfo.net<\/title>\n<meta name=\"robots\" content=\"index, follow, max-snippet:-1, max-image-preview:large, max-video-preview:-1\" \/>\n<link rel=\"canonical\" href=\"https:\/\/www.justiceinfo.net\/fr\/5291-27012002-tpirkamuhanda-il-ny-a-pas-eu-de-distribution-darmes-a-gikomero-selon-un-temoin2081.html\" \/>\n<meta property=\"og:locale\" content=\"fr_FR\" \/>\n<meta property=\"og:type\" content=\"article\" \/>\n<meta property=\"og:title\" content=\"27.01.2002 - TPIR\/KAMUHANDA - IL N&#039;Y A PAS EU DE DISTRIBUTION D&#039;ARMES A GIKOMERO, SELON UN TEMOIN\" \/>\n<meta property=\"og:description\" content=\"Arusha, le 27 janvier 2003 (FH) - Un t\u00e9moin de la d\u00e9fense de l&#039;ancien ministre de l&#039;enseignement sup\u00e9rieur et de la recherche scientifique, Jean de Dieu Kamuhanda, a d\u00e9clar\u00e9 que des armes n&#039;avaient pas \u00e9t\u00e9 distribu\u00e9es \u00e0 la population de Gikomero (province Kigali rural, centre du Rwanda), lors de sa d\u00e9position lundi devant le Tribunal [&hellip;]\" \/>\n<meta property=\"og:url\" content=\"https:\/\/www.justiceinfo.net\/fr\/5291-27012002-tpirkamuhanda-il-ny-a-pas-eu-de-distribution-darmes-a-gikomero-selon-un-temoin2081.html\" \/>\n<meta property=\"og:site_name\" content=\"JusticeInfo.net\" \/>\n<meta property=\"article:publisher\" content=\"https:\/\/www.facebook.com\/JusticeInfo\/\" \/>\n<meta property=\"article:published_time\" content=\"2002-01-26T23:00:00+00:00\" \/>\n<meta property=\"og:image\" content=\"https:\/\/www.justiceinfo.net\/wp-content\/uploads\/JusticeInfoNet_logo_1200x630px.jpg\" \/>\n\t<meta property=\"og:image:width\" content=\"1200\" \/>\n\t<meta property=\"og:image:height\" content=\"630\" \/>\n\t<meta property=\"og:image:type\" content=\"image\/jpeg\" \/>\n<meta name=\"author\" content=\"solivri\" \/>\n<meta name=\"twitter:card\" content=\"summary_large_image\" \/>\n<meta name=\"twitter:creator\" content=\"@justiceinfonet\" \/>\n<meta name=\"twitter:site\" content=\"@justiceinfonet\" \/>\n<meta name=\"twitter:label1\" content=\"\u00c9crit par\" \/>\n\t<meta name=\"twitter:data1\" content=\"solivri\" \/>\n\t<meta name=\"twitter:label2\" content=\"Dur\u00e9e de lecture estim\u00e9e\" \/>\n\t<meta name=\"twitter:data2\" content=\"2 minutes\" \/>\n<script type=\"application\/ld+json\" class=\"yoast-schema-graph\">{\"@context\":\"https:\/\/schema.org\",\"@graph\":[{\"@type\":\"NewsArticle\",\"@id\":\"https:\/\/www.justiceinfo.net\/fr\/5291-27012002-tpirkamuhanda-il-ny-a-pas-eu-de-distribution-darmes-a-gikomero-selon-un-temoin2081.html#article\",\"isPartOf\":{\"@id\":\"https:\/\/www.justiceinfo.net\/fr\/5291-27012002-tpirkamuhanda-il-ny-a-pas-eu-de-distribution-darmes-a-gikomero-selon-un-temoin2081.html\"},\"author\":{\"name\":\"solivri\",\"@id\":\"https:\/\/www.justiceinfo.net\/fr#\/schema\/person\/6e53cba1629e2e66f3fc1821d3091865\"},\"headline\":\"27.01.2002 - TPIR\/KAMUHANDA - IL N'Y A PAS EU DE DISTRIBUTION D'ARMES A GIKOMERO, SELON UN TEMOIN\",\"datePublished\":\"2002-01-26T23:00:00+00:00\",\"mainEntityOfPage\":{\"@id\":\"https:\/\/www.justiceinfo.net\/fr\/5291-27012002-tpirkamuhanda-il-ny-a-pas-eu-de-distribution-darmes-a-gikomero-selon-un-temoin2081.html\"},\"wordCount\":346,\"commentCount\":0,\"publisher\":{\"@id\":\"https:\/\/www.justiceinfo.net\/fr#organization\"},\"articleSection\":[\"Hirondelle News\"],\"inLanguage\":\"fr-FR\",\"potentialAction\":[{\"@type\":\"CommentAction\",\"name\":\"Comment\",\"target\":[\"https:\/\/www.justiceinfo.net\/fr\/5291-27012002-tpirkamuhanda-il-ny-a-pas-eu-de-distribution-darmes-a-gikomero-selon-un-temoin2081.html#respond\"]}]},{\"@type\":\"WebPage\",\"@id\":\"https:\/\/www.justiceinfo.net\/fr\/5291-27012002-tpirkamuhanda-il-ny-a-pas-eu-de-distribution-darmes-a-gikomero-selon-un-temoin2081.html\",\"url\":\"https:\/\/www.justiceinfo.net\/fr\/5291-27012002-tpirkamuhanda-il-ny-a-pas-eu-de-distribution-darmes-a-gikomero-selon-un-temoin2081.html\",\"name\":\"27.01.2002 - TPIR\/KAMUHANDA - IL N'Y A PAS EU DE DISTRIBUTION D'ARMES A GIKOMERO, SELON UN TEMOIN - JusticeInfo.net\",\"isPartOf\":{\"@id\":\"https:\/\/www.justiceinfo.net\/fr#website\"},\"datePublished\":\"2002-01-26T23:00:00+00:00\",\"breadcrumb\":{\"@id\":\"https:\/\/www.justiceinfo.net\/fr\/5291-27012002-tpirkamuhanda-il-ny-a-pas-eu-de-distribution-darmes-a-gikomero-selon-un-temoin2081.html#breadcrumb\"},\"inLanguage\":\"fr-FR\",\"potentialAction\":[{\"@type\":\"ReadAction\",\"target\":[\"https:\/\/www.justiceinfo.net\/fr\/5291-27012002-tpirkamuhanda-il-ny-a-pas-eu-de-distribution-darmes-a-gikomero-selon-un-temoin2081.html\"]}]},{\"@type\":\"BreadcrumbList\",\"@id\":\"https:\/\/www.justiceinfo.net\/fr\/5291-27012002-tpirkamuhanda-il-ny-a-pas-eu-de-distribution-darmes-a-gikomero-selon-un-temoin2081.html#breadcrumb\",\"itemListElement\":[{\"@type\":\"ListItem\",\"position\":1,\"name\":\"Home\",\"item\":\"https:\/\/www.justiceinfo.net\/fr\"},{\"@type\":\"ListItem\",\"position\":2,\"name\":\"27.01.2002 - TPIR\/KAMUHANDA - IL N'Y A PAS EU DE DISTRIBUTION D'ARMES A GIKOMERO, SELON UN TEMOIN\"}]},{\"@type\":\"WebSite\",\"@id\":\"https:\/\/www.justiceinfo.net\/fr#website\",\"url\":\"https:\/\/www.justiceinfo.net\/fr\",\"name\":\"JusticeInfo.net\",\"description\":\"La justice doit \u00eatre vue pour \u00eatre rendue\",\"publisher\":{\"@id\":\"https:\/\/www.justiceinfo.net\/fr#organization\"},\"potentialAction\":[{\"@type\":\"SearchAction\",\"target\":{\"@type\":\"EntryPoint\",\"urlTemplate\":\"https:\/\/www.justiceinfo.net\/fr?s={search_term_string}\"},\"query-input\":{\"@type\":\"PropertyValueSpecification\",\"valueRequired\":true,\"valueName\":\"search_term_string\"}}],\"inLanguage\":\"fr-FR\"},{\"@type\":\"Organization\",\"@id\":\"https:\/\/www.justiceinfo.net\/fr#organization\",\"name\":\"Justice Info\",\"url\":\"https:\/\/www.justiceinfo.net\/fr\",\"logo\":{\"@type\":\"ImageObject\",\"inLanguage\":\"fr-FR\",\"@id\":\"https:\/\/www.justiceinfo.net\/fr#\/schema\/logo\/image\/\",\"url\":\"https:\/\/www.justiceinfo.net\/wp-content\/uploads\/justiceinfo_logo-trans_1200x1200px.png\",\"contentUrl\":\"https:\/\/www.justiceinfo.net\/wp-content\/uploads\/justiceinfo_logo-trans_1200x1200px.png\",\"width\":1199,\"height\":1200,\"caption\":\"Justice Info\"},\"image\":{\"@id\":\"https:\/\/www.justiceinfo.net\/fr#\/schema\/logo\/image\/\"},\"sameAs\":[\"https:\/\/www.facebook.com\/JusticeInfo\/\",\"https:\/\/x.com\/justiceinfonet\",\"https:\/\/www.linkedin.com\/company\/justice-info\",\"https:\/\/www.youtube.com\/channel\/UCyCEsARodyuWtkWyhn-e7pA\"]},{\"@type\":\"Person\",\"name\":\"solivri\",\"url\":\"\/fr\/?s=solivri\"}]}<\/script>\n<!-- \/ Yoast SEO Premium plugin. -->","yoast_head_json":{"title":"27.01.2002 - TPIR\/KAMUHANDA - IL N'Y A PAS EU DE DISTRIBUTION D'ARMES A GIKOMERO, SELON UN TEMOIN - JusticeInfo.net","robots":{"index":"index","follow":"follow","max-snippet":"max-snippet:-1","max-image-preview":"max-image-preview:large","max-video-preview":"max-video-preview:-1"},"canonical":"https:\/\/www.justiceinfo.net\/fr\/5291-27012002-tpirkamuhanda-il-ny-a-pas-eu-de-distribution-darmes-a-gikomero-selon-un-temoin2081.html","og_locale":"fr_FR","og_type":"article","og_title":"27.01.2002 - TPIR\/KAMUHANDA - IL N'Y A PAS EU DE DISTRIBUTION D'ARMES A GIKOMERO, SELON UN TEMOIN","og_description":"Arusha, le 27 janvier 2003 (FH) - Un t\u00e9moin de la d\u00e9fense de l'ancien ministre de l'enseignement sup\u00e9rieur et de la recherche scientifique, Jean de Dieu Kamuhanda, a d\u00e9clar\u00e9 que des armes n'avaient pas \u00e9t\u00e9 distribu\u00e9es \u00e0 la population de Gikomero (province Kigali rural, centre du Rwanda), lors de sa d\u00e9position lundi devant le Tribunal [&hellip;]","og_url":"https:\/\/www.justiceinfo.net\/fr\/5291-27012002-tpirkamuhanda-il-ny-a-pas-eu-de-distribution-darmes-a-gikomero-selon-un-temoin2081.html","og_site_name":"JusticeInfo.net","article_publisher":"https:\/\/www.facebook.com\/JusticeInfo\/","article_published_time":"2002-01-26T23:00:00+00:00","og_image":[{"width":1200,"height":630,"url":"https:\/\/www.justiceinfo.net\/wp-content\/uploads\/JusticeInfoNet_logo_1200x630px.jpg","type":"image\/jpeg"}],"author":"solivri","twitter_card":"summary_large_image","twitter_creator":"@justiceinfonet","twitter_site":"@justiceinfonet","twitter_misc":{"\u00c9crit par":"solivri","Dur\u00e9e de lecture estim\u00e9e":"2 minutes"},"schema":{"@context":"https:\/\/schema.org","@graph":[{"@type":"NewsArticle","@id":"https:\/\/www.justiceinfo.net\/fr\/5291-27012002-tpirkamuhanda-il-ny-a-pas-eu-de-distribution-darmes-a-gikomero-selon-un-temoin2081.html#article","isPartOf":{"@id":"https:\/\/www.justiceinfo.net\/fr\/5291-27012002-tpirkamuhanda-il-ny-a-pas-eu-de-distribution-darmes-a-gikomero-selon-un-temoin2081.html"},"author":{"name":"solivri","@id":"https:\/\/www.justiceinfo.net\/fr#\/schema\/person\/6e53cba1629e2e66f3fc1821d3091865"},"headline":"27.01.2002 - TPIR\/KAMUHANDA - IL N'Y A PAS EU DE DISTRIBUTION D'ARMES A GIKOMERO, SELON UN TEMOIN","datePublished":"2002-01-26T23:00:00+00:00","mainEntityOfPage":{"@id":"https:\/\/www.justiceinfo.net\/fr\/5291-27012002-tpirkamuhanda-il-ny-a-pas-eu-de-distribution-darmes-a-gikomero-selon-un-temoin2081.html"},"wordCount":346,"commentCount":0,"publisher":{"@id":"https:\/\/www.justiceinfo.net\/fr#organization"},"articleSection":["Hirondelle News"],"inLanguage":"fr-FR","potentialAction":[{"@type":"CommentAction","name":"Comment","target":["https:\/\/www.justiceinfo.net\/fr\/5291-27012002-tpirkamuhanda-il-ny-a-pas-eu-de-distribution-darmes-a-gikomero-selon-un-temoin2081.html#respond"]}]},{"@type":"WebPage","@id":"https:\/\/www.justiceinfo.net\/fr\/5291-27012002-tpirkamuhanda-il-ny-a-pas-eu-de-distribution-darmes-a-gikomero-selon-un-temoin2081.html","url":"https:\/\/www.justiceinfo.net\/fr\/5291-27012002-tpirkamuhanda-il-ny-a-pas-eu-de-distribution-darmes-a-gikomero-selon-un-temoin2081.html","name":"27.01.2002 - TPIR\/KAMUHANDA - IL N'Y A PAS EU DE DISTRIBUTION D'ARMES A GIKOMERO, SELON UN TEMOIN - JusticeInfo.net","isPartOf":{"@id":"https:\/\/www.justiceinfo.net\/fr#website"},"datePublished":"2002-01-26T23:00:00+00:00","breadcrumb":{"@id":"https:\/\/www.justiceinfo.net\/fr\/5291-27012002-tpirkamuhanda-il-ny-a-pas-eu-de-distribution-darmes-a-gikomero-selon-un-temoin2081.html#breadcrumb"},"inLanguage":"fr-FR","potentialAction":[{"@type":"ReadAction","target":["https:\/\/www.justiceinfo.net\/fr\/5291-27012002-tpirkamuhanda-il-ny-a-pas-eu-de-distribution-darmes-a-gikomero-selon-un-temoin2081.html"]}]},{"@type":"BreadcrumbList","@id":"https:\/\/www.justiceinfo.net\/fr\/5291-27012002-tpirkamuhanda-il-ny-a-pas-eu-de-distribution-darmes-a-gikomero-selon-un-temoin2081.html#breadcrumb","itemListElement":[{"@type":"ListItem","position":1,"name":"Home","item":"https:\/\/www.justiceinfo.net\/fr"},{"@type":"ListItem","position":2,"name":"27.01.2002 - TPIR\/KAMUHANDA - IL N'Y A PAS EU DE DISTRIBUTION D'ARMES A GIKOMERO, SELON UN TEMOIN"}]},{"@type":"WebSite","@id":"https:\/\/www.justiceinfo.net\/fr#website","url":"https:\/\/www.justiceinfo.net\/fr","name":"JusticeInfo.net","description":"La justice doit \u00eatre vue pour \u00eatre rendue","publisher":{"@id":"https:\/\/www.justiceinfo.net\/fr#organization"},"potentialAction":[{"@type":"SearchAction","target":{"@type":"EntryPoint","urlTemplate":"https:\/\/www.justiceinfo.net\/fr?s={search_term_string}"},"query-input":{"@type":"PropertyValueSpecification","valueRequired":true,"valueName":"search_term_string"}}],"inLanguage":"fr-FR"},{"@type":"Organization","@id":"https:\/\/www.justiceinfo.net\/fr#organization","name":"Justice Info","url":"https:\/\/www.justiceinfo.net\/fr","logo":{"@type":"ImageObject","inLanguage":"fr-FR","@id":"https:\/\/www.justiceinfo.net\/fr#\/schema\/logo\/image\/","url":"https:\/\/www.justiceinfo.net\/wp-content\/uploads\/justiceinfo_logo-trans_1200x1200px.png","contentUrl":"https:\/\/www.justiceinfo.net\/wp-content\/uploads\/justiceinfo_logo-trans_1200x1200px.png","width":1199,"height":1200,"caption":"Justice Info"},"image":{"@id":"https:\/\/www.justiceinfo.net\/fr#\/schema\/logo\/image\/"},"sameAs":["https:\/\/www.facebook.com\/JusticeInfo\/","https:\/\/x.com\/justiceinfonet","https:\/\/www.linkedin.com\/company\/justice-info","https:\/\/www.youtube.com\/channel\/UCyCEsARodyuWtkWyhn-e7pA"]},{"@type":"Person","name":"solivri","url":"\/fr\/?s=solivri"}]}},"_links":{"self":[{"href":"https:\/\/www.justiceinfo.net\/fr\/wp-json\/wp\/v2\/posts\/5291","targetHints":{"allow":["GET"]}}],"collection":[{"href":"https:\/\/www.justiceinfo.net\/fr\/wp-json\/wp\/v2\/posts"}],"about":[{"href":"https:\/\/www.justiceinfo.net\/fr\/wp-json\/wp\/v2\/types\/post"}],"author":[{"embeddable":true,"href":"https:\/\/www.justiceinfo.net\/fr\/wp-json\/wp\/v2\/users\/64"}],"replies":[{"embeddable":true,"href":"https:\/\/www.justiceinfo.net\/fr\/wp-json\/wp\/v2\/comments?post=5291"}],"version-history":[{"count":0,"href":"https:\/\/www.justiceinfo.net\/fr\/wp-json\/wp\/v2\/posts\/5291\/revisions"}],"wp:attachment":[{"href":"https:\/\/www.justiceinfo.net\/fr\/wp-json\/wp\/v2\/media?parent=5291"}],"wp:term":[{"taxonomy":"category","embeddable":true,"href":"https:\/\/www.justiceinfo.net\/fr\/wp-json\/wp\/v2\/categories?post=5291"},{"taxonomy":"post_tag","embeddable":true,"href":"https:\/\/www.justiceinfo.net\/fr\/wp-json\/wp\/v2\/tags?post=5291"},{"taxonomy":"ji_location","embeddable":true,"href":"https:\/\/www.justiceinfo.net\/fr\/wp-json\/wp\/v2\/ji_location?post=5291"}],"curies":[{"name":"wp","href":"https:\/\/api.w.org\/{rel}","templated":true}]}}