{"id":5301,"date":"2003-01-23T00:00:00","date_gmt":"2003-01-22T23:00:00","guid":{"rendered":"https:\/\/www.justiceinfo.net\/5301-23012003-tpirmedias-le-proces-suspendu-jusqua-lundi-suite-au-retard-des-temoins2091.html"},"modified":"2003-01-23T00:00:00","modified_gmt":"2003-01-22T23:00:00","slug":"23012003-tpirmedias-le-proces-suspendu-jusqua-lundi-suite-au-retard-des-temoins2091","status":"publish","type":"post","link":"https:\/\/www.justiceinfo.net\/fr\/5301-23012003-tpirmedias-le-proces-suspendu-jusqua-lundi-suite-au-retard-des-temoins2091.html","title":{"rendered":"23.01.2003 - TPIR\/MEDIAS - LE PROCES SUSPENDU JUSQU'A LUNDI SUITE AU RETARD DES TEMOINS"},"content":{"rendered":"<p  >\nArusha, le 23 janvier 2003 (FH) - Le proc\u00e8s de trois Rwandais poursuivis pour utilisation des m\u00e9dias \u00e0 des fins de g\u00e9nocide a \u00e9t\u00e9 suspendu jusqu'\u00e0 lundi prochain suite \u00e0 l\u2019arriv\u00e9e retard\u00e9e de t\u00e9moins \u00e0 d\u00e9charge, a-t-on appris jeudi au Tribunal p\u00e9nal international pour le Rwanda (TPIR).\n<\/p>\n<p  >\nUn repr\u00e9sentant du greffe a expliqu\u00e9 que malgr\u00e9 toutes les diligences effectu\u00e9es, sept t\u00e9moins annonc\u00e9s n'ont pas pu arriver \u00e0 Arusha dans les d\u00e9lais.\n<\/p>\n<p><!--more--><\/p>\n<p  >\nLa chambre a accept\u00e9 ces explications et a suspendu les d\u00e9bats jusqu'\u00e0 lundi prochain.\n<\/p>\n<p  >\nLe Tribunal entend actuellement les t\u00e9moins de la d\u00e9fense de l'ancien directeur et r\u00e9dacteur en chef de la revue Kangura, Hassan Ngeze. Trois ont d\u00e9j\u00e0 \u00e9t\u00e9 cit\u00e9s.\n<\/p>\n<p  >\nHassan Ngeze est coaccus\u00e9 avec deux responsables pr\u00e9sum\u00e9s de la Radio-t\u00e9l\u00e9vision libre des Mille collines (RTLM), Ferdinand Nahimana et Jean-Bosco Barayagwiza.\n<\/p>\n<p  >\nNgeze prend la parole<br \/>\nApr\u00e8s de nouveaux \u00e9changes de points de vue entre le parquet et la d\u00e9fense concernant la comparution de t\u00e9moins \u00e0 d\u00e9charge qui devaient initialement d\u00e9poser \u00e0 charge, Hassan Ngeze a demand\u00e9 la parole au pr\u00e9sident de la chambre. Il a une nouvelle fois all\u00e9gu\u00e9 que ses avocats ne le contactent pas pour pr\u00e9parer sa d\u00e9fense et a sollicit\u00e9 l'intervention de la chambre.\n<\/p>\n<p  >\n\"Nous n'avons pas pr\u00e9par\u00e9 ensemble les questions \u00e0 poser aux t\u00e9moins\", a d\u00e9clar\u00e9 en substance Hassan Ngeze. \"Je connais mes t\u00e9moins. Je devrais discuter avec mes avocats\" avant les d\u00e9positions, a poursuivi l'accus\u00e9, demandant \u00e0 la chambre de l\u2019autoriser \u00e0 poser cinq questions \u00e0 chacun de ses futurs t\u00e9moins pour pallier ce probl\u00e8me de communication avec sa d\u00e9fense.\n<\/p>\n<p  >\nl'avocat de Hassan Ngeze, l'Am\u00e9ricain Me John Floyd, a r\u00e9pondu que son \u00e9quipe faisait tout son possible pour d\u00e9fendre les int\u00e9r\u00eats de son client.\n<\/p>\n<p  >\nNgeze a, plusieurs fois, demand\u00e9 le remplacement de ses avocats, arguant qu'ils ne le consultent pas. La chambre a une fois acc\u00e9d\u00e9 \u00e0 sa demande de se faire repr\u00e9senter par des conseils qu'il paierait lui-m\u00eame, mais l'accus\u00e9 n'a pas pu les faire venir.\n<\/p>\n<p  >\n\"Je sais que je gagnerai ce proc\u00e8s. Mais je demande que si jamais le procureur fait appel, ces avocats cessent de me d\u00e9fendre\", a d\u00e9clar\u00e9 Hassan Ngeze.\n<\/p>\n<p  >\nMe Floyd a r\u00e9torqu\u00e9 que lui-m\u00eame et son co-conseil, le Canadien Me Ren\u00e9 Martel, avaient d\u00e9j\u00e0 pris la d\u00e9cision de se retirer du dossier apr\u00e8s le proc\u00e8s en premi\u00e8re instance.\n<\/p>\n<p  >\nNgeze a en outre demand\u00e9 au Tribunal d\u2019ordonner \u00e0 ses avocats et au procureur de rencontrer certains t\u00e9moins \u00e0 charge qui auraient d\u00e9clar\u00e9 devant les juridictions populaires au Rwanda, les \"gacacas\", qu'ils ont \u00e9t\u00e9 pay\u00e9s pour livrer de faux t\u00e9moignages.\n<\/p>\n<p  >\nHassan Ngeze a affirm\u00e9 que, parmi les t\u00e9moins qui seraient pr\u00eats \u00e0 d\u00e9poser en sa faveur, se trouve la femme de feu Modeste Tabaro, que Ngeze est accus\u00e9 D'avoir assassin\u00e9 pendant le g\u00e9nocide.\n<\/p>\n<p  >\nLa repr\u00e9sentante kenyane du parquet, Charity Kagwi-Ndungu, a accus\u00e9 Hassan Ngeze de subornation des t\u00e9moins. Ngeze lui a r\u00e9pondu : \"Pourquoi avez-vous peur de la v\u00e9rit\u00e9 ? Laissez les gens parler.\"\n<\/p>\n<p  >\nLe proc\u00e8s des m\u00e9dias se d\u00e9roule devant la premi\u00e8re chambre de premi\u00e8re instance du TPIR pr\u00e9sid\u00e9e par la juge sud-africaine Navanethem Pillay et comprenant en outre les juges norv\u00e9gien Erik Mose et sri-lankais Asoka de Zoysa Gunawardana.\n<\/p>\n<p  >\nAT\/CE\/GF\/FH (ME'0123A )<\/p>\n","protected":false},"excerpt":{"rendered":"<p>Arusha, le 23 janvier 2003 (FH) - Le proc\u00e8s de trois Rwandais poursuivis pour utilisation des m\u00e9dias \u00e0 des fins de g\u00e9nocide a \u00e9t\u00e9 suspendu jusqu'\u00e0 lundi prochain suite \u00e0 l\u2019arriv\u00e9e retard\u00e9e de t\u00e9moins \u00e0 d\u00e9charge, a-t-on appris jeudi au Tribunal p\u00e9nal international pour le Rwanda (TPIR). Un repr\u00e9sentant du greffe a expliqu\u00e9 que malgr\u00e9 [&hellip;]<\/p>\n","protected":false},"author":64,"featured_media":0,"comment_status":"open","ping_status":"closed","sticky":false,"template":"","format":"standard","meta":{"_acf_changed":false,"footnotes":""},"categories":[554],"tags":[],"ji_location":[],"class_list":["post-5301","post","type-post","status-publish","format-standard","hentry","category-hirondellenews"],"acf":[],"yoast_head":"<!-- This site is optimized with the Yoast SEO Premium plugin v25.3.1 (Yoast SEO v25.3.1) - https:\/\/yoast.com\/wordpress\/plugins\/seo\/ -->\n<title>23.01.2003 - TPIR\/MEDIAS - LE PROCES SUSPENDU JUSQU&#039;A LUNDI SUITE AU RETARD DES TEMOINS - JusticeInfo.net<\/title>\n<meta name=\"robots\" content=\"index, follow, max-snippet:-1, max-image-preview:large, max-video-preview:-1\" \/>\n<link rel=\"canonical\" href=\"https:\/\/www.justiceinfo.net\/fr\/5301-23012003-tpirmedias-le-proces-suspendu-jusqua-lundi-suite-au-retard-des-temoins2091.html\" \/>\n<meta property=\"og:locale\" content=\"fr_FR\" \/>\n<meta property=\"og:type\" content=\"article\" \/>\n<meta property=\"og:title\" content=\"23.01.2003 - TPIR\/MEDIAS - LE PROCES SUSPENDU JUSQU&#039;A LUNDI SUITE AU RETARD DES TEMOINS\" \/>\n<meta property=\"og:description\" content=\"Arusha, le 23 janvier 2003 (FH) - Le proc\u00e8s de trois Rwandais poursuivis pour utilisation des m\u00e9dias \u00e0 des fins de g\u00e9nocide a \u00e9t\u00e9 suspendu jusqu&#039;\u00e0 lundi prochain suite \u00e0 l\u2019arriv\u00e9e retard\u00e9e de t\u00e9moins \u00e0 d\u00e9charge, a-t-on appris jeudi au Tribunal p\u00e9nal international pour le Rwanda (TPIR). Un repr\u00e9sentant du greffe a expliqu\u00e9 que malgr\u00e9 [&hellip;]\" \/>\n<meta property=\"og:url\" content=\"https:\/\/www.justiceinfo.net\/fr\/5301-23012003-tpirmedias-le-proces-suspendu-jusqua-lundi-suite-au-retard-des-temoins2091.html\" \/>\n<meta property=\"og:site_name\" content=\"JusticeInfo.net\" \/>\n<meta property=\"article:publisher\" content=\"https:\/\/www.facebook.com\/JusticeInfo\/\" \/>\n<meta property=\"article:published_time\" content=\"2003-01-22T23:00:00+00:00\" \/>\n<meta property=\"og:image\" content=\"https:\/\/www.justiceinfo.net\/wp-content\/uploads\/JusticeInfoNet_logo_1200x630px.jpg\" \/>\n\t<meta property=\"og:image:width\" content=\"1200\" \/>\n\t<meta property=\"og:image:height\" content=\"630\" \/>\n\t<meta property=\"og:image:type\" content=\"image\/jpeg\" \/>\n<meta name=\"author\" content=\"solivri\" \/>\n<meta name=\"twitter:card\" content=\"summary_large_image\" \/>\n<meta name=\"twitter:creator\" content=\"@justiceinfonet\" \/>\n<meta name=\"twitter:site\" content=\"@justiceinfonet\" \/>\n<meta name=\"twitter:label1\" content=\"\u00c9crit par\" \/>\n\t<meta name=\"twitter:data1\" content=\"solivri\" \/>\n\t<meta name=\"twitter:label2\" content=\"Dur\u00e9e de lecture estim\u00e9e\" \/>\n\t<meta name=\"twitter:data2\" content=\"3 minutes\" \/>\n<script type=\"application\/ld+json\" class=\"yoast-schema-graph\">{\"@context\":\"https:\/\/schema.org\",\"@graph\":[{\"@type\":\"NewsArticle\",\"@id\":\"https:\/\/www.justiceinfo.net\/fr\/5301-23012003-tpirmedias-le-proces-suspendu-jusqua-lundi-suite-au-retard-des-temoins2091.html#article\",\"isPartOf\":{\"@id\":\"https:\/\/www.justiceinfo.net\/fr\/5301-23012003-tpirmedias-le-proces-suspendu-jusqua-lundi-suite-au-retard-des-temoins2091.html\"},\"author\":{\"name\":\"solivri\",\"@id\":\"https:\/\/www.justiceinfo.net\/fr#\/schema\/person\/6e53cba1629e2e66f3fc1821d3091865\"},\"headline\":\"23.01.2003 - TPIR\/MEDIAS - LE PROCES SUSPENDU JUSQU'A LUNDI SUITE AU RETARD DES TEMOINS\",\"datePublished\":\"2003-01-22T23:00:00+00:00\",\"mainEntityOfPage\":{\"@id\":\"https:\/\/www.justiceinfo.net\/fr\/5301-23012003-tpirmedias-le-proces-suspendu-jusqua-lundi-suite-au-retard-des-temoins2091.html\"},\"wordCount\":619,\"commentCount\":0,\"publisher\":{\"@id\":\"https:\/\/www.justiceinfo.net\/fr#organization\"},\"articleSection\":[\"Hirondelle News\"],\"inLanguage\":\"fr-FR\",\"potentialAction\":[{\"@type\":\"CommentAction\",\"name\":\"Comment\",\"target\":[\"https:\/\/www.justiceinfo.net\/fr\/5301-23012003-tpirmedias-le-proces-suspendu-jusqua-lundi-suite-au-retard-des-temoins2091.html#respond\"]}]},{\"@type\":\"WebPage\",\"@id\":\"https:\/\/www.justiceinfo.net\/fr\/5301-23012003-tpirmedias-le-proces-suspendu-jusqua-lundi-suite-au-retard-des-temoins2091.html\",\"url\":\"https:\/\/www.justiceinfo.net\/fr\/5301-23012003-tpirmedias-le-proces-suspendu-jusqua-lundi-suite-au-retard-des-temoins2091.html\",\"name\":\"23.01.2003 - TPIR\/MEDIAS - LE PROCES SUSPENDU JUSQU'A LUNDI SUITE AU RETARD DES TEMOINS - JusticeInfo.net\",\"isPartOf\":{\"@id\":\"https:\/\/www.justiceinfo.net\/fr#website\"},\"datePublished\":\"2003-01-22T23:00:00+00:00\",\"breadcrumb\":{\"@id\":\"https:\/\/www.justiceinfo.net\/fr\/5301-23012003-tpirmedias-le-proces-suspendu-jusqua-lundi-suite-au-retard-des-temoins2091.html#breadcrumb\"},\"inLanguage\":\"fr-FR\",\"potentialAction\":[{\"@type\":\"ReadAction\",\"target\":[\"https:\/\/www.justiceinfo.net\/fr\/5301-23012003-tpirmedias-le-proces-suspendu-jusqua-lundi-suite-au-retard-des-temoins2091.html\"]}]},{\"@type\":\"BreadcrumbList\",\"@id\":\"https:\/\/www.justiceinfo.net\/fr\/5301-23012003-tpirmedias-le-proces-suspendu-jusqua-lundi-suite-au-retard-des-temoins2091.html#breadcrumb\",\"itemListElement\":[{\"@type\":\"ListItem\",\"position\":1,\"name\":\"Home\",\"item\":\"https:\/\/www.justiceinfo.net\/fr\"},{\"@type\":\"ListItem\",\"position\":2,\"name\":\"23.01.2003 - TPIR\/MEDIAS - LE PROCES SUSPENDU JUSQU'A LUNDI SUITE AU RETARD DES TEMOINS\"}]},{\"@type\":\"WebSite\",\"@id\":\"https:\/\/www.justiceinfo.net\/fr#website\",\"url\":\"https:\/\/www.justiceinfo.net\/fr\",\"name\":\"JusticeInfo.net\",\"description\":\"La justice doit \u00eatre vue pour \u00eatre rendue\",\"publisher\":{\"@id\":\"https:\/\/www.justiceinfo.net\/fr#organization\"},\"potentialAction\":[{\"@type\":\"SearchAction\",\"target\":{\"@type\":\"EntryPoint\",\"urlTemplate\":\"https:\/\/www.justiceinfo.net\/fr?s={search_term_string}\"},\"query-input\":{\"@type\":\"PropertyValueSpecification\",\"valueRequired\":true,\"valueName\":\"search_term_string\"}}],\"inLanguage\":\"fr-FR\"},{\"@type\":\"Organization\",\"@id\":\"https:\/\/www.justiceinfo.net\/fr#organization\",\"name\":\"Justice Info\",\"url\":\"https:\/\/www.justiceinfo.net\/fr\",\"logo\":{\"@type\":\"ImageObject\",\"inLanguage\":\"fr-FR\",\"@id\":\"https:\/\/www.justiceinfo.net\/fr#\/schema\/logo\/image\/\",\"url\":\"https:\/\/www.justiceinfo.net\/wp-content\/uploads\/justiceinfo_logo-trans_1200x1200px.png\",\"contentUrl\":\"https:\/\/www.justiceinfo.net\/wp-content\/uploads\/justiceinfo_logo-trans_1200x1200px.png\",\"width\":1199,\"height\":1200,\"caption\":\"Justice Info\"},\"image\":{\"@id\":\"https:\/\/www.justiceinfo.net\/fr#\/schema\/logo\/image\/\"},\"sameAs\":[\"https:\/\/www.facebook.com\/JusticeInfo\/\",\"https:\/\/x.com\/justiceinfonet\",\"https:\/\/www.linkedin.com\/company\/justice-info\",\"https:\/\/www.youtube.com\/channel\/UCyCEsARodyuWtkWyhn-e7pA\"]},{\"@type\":\"Person\",\"name\":\"solivri\",\"url\":\"\/fr\/?s=solivri\"}]}<\/script>\n<!-- \/ Yoast SEO Premium plugin. -->","yoast_head_json":{"title":"23.01.2003 - TPIR\/MEDIAS - LE PROCES SUSPENDU JUSQU'A LUNDI SUITE AU RETARD DES TEMOINS - JusticeInfo.net","robots":{"index":"index","follow":"follow","max-snippet":"max-snippet:-1","max-image-preview":"max-image-preview:large","max-video-preview":"max-video-preview:-1"},"canonical":"https:\/\/www.justiceinfo.net\/fr\/5301-23012003-tpirmedias-le-proces-suspendu-jusqua-lundi-suite-au-retard-des-temoins2091.html","og_locale":"fr_FR","og_type":"article","og_title":"23.01.2003 - TPIR\/MEDIAS - LE PROCES SUSPENDU JUSQU'A LUNDI SUITE AU RETARD DES TEMOINS","og_description":"Arusha, le 23 janvier 2003 (FH) - Le proc\u00e8s de trois Rwandais poursuivis pour utilisation des m\u00e9dias \u00e0 des fins de g\u00e9nocide a \u00e9t\u00e9 suspendu jusqu'\u00e0 lundi prochain suite \u00e0 l\u2019arriv\u00e9e retard\u00e9e de t\u00e9moins \u00e0 d\u00e9charge, a-t-on appris jeudi au Tribunal p\u00e9nal international pour le Rwanda (TPIR). Un repr\u00e9sentant du greffe a expliqu\u00e9 que malgr\u00e9 [&hellip;]","og_url":"https:\/\/www.justiceinfo.net\/fr\/5301-23012003-tpirmedias-le-proces-suspendu-jusqua-lundi-suite-au-retard-des-temoins2091.html","og_site_name":"JusticeInfo.net","article_publisher":"https:\/\/www.facebook.com\/JusticeInfo\/","article_published_time":"2003-01-22T23:00:00+00:00","og_image":[{"width":1200,"height":630,"url":"https:\/\/www.justiceinfo.net\/wp-content\/uploads\/JusticeInfoNet_logo_1200x630px.jpg","type":"image\/jpeg"}],"author":"solivri","twitter_card":"summary_large_image","twitter_creator":"@justiceinfonet","twitter_site":"@justiceinfonet","twitter_misc":{"\u00c9crit par":"solivri","Dur\u00e9e de lecture estim\u00e9e":"3 minutes"},"schema":{"@context":"https:\/\/schema.org","@graph":[{"@type":"NewsArticle","@id":"https:\/\/www.justiceinfo.net\/fr\/5301-23012003-tpirmedias-le-proces-suspendu-jusqua-lundi-suite-au-retard-des-temoins2091.html#article","isPartOf":{"@id":"https:\/\/www.justiceinfo.net\/fr\/5301-23012003-tpirmedias-le-proces-suspendu-jusqua-lundi-suite-au-retard-des-temoins2091.html"},"author":{"name":"solivri","@id":"https:\/\/www.justiceinfo.net\/fr#\/schema\/person\/6e53cba1629e2e66f3fc1821d3091865"},"headline":"23.01.2003 - TPIR\/MEDIAS - LE PROCES SUSPENDU JUSQU'A LUNDI SUITE AU RETARD DES TEMOINS","datePublished":"2003-01-22T23:00:00+00:00","mainEntityOfPage":{"@id":"https:\/\/www.justiceinfo.net\/fr\/5301-23012003-tpirmedias-le-proces-suspendu-jusqua-lundi-suite-au-retard-des-temoins2091.html"},"wordCount":619,"commentCount":0,"publisher":{"@id":"https:\/\/www.justiceinfo.net\/fr#organization"},"articleSection":["Hirondelle News"],"inLanguage":"fr-FR","potentialAction":[{"@type":"CommentAction","name":"Comment","target":["https:\/\/www.justiceinfo.net\/fr\/5301-23012003-tpirmedias-le-proces-suspendu-jusqua-lundi-suite-au-retard-des-temoins2091.html#respond"]}]},{"@type":"WebPage","@id":"https:\/\/www.justiceinfo.net\/fr\/5301-23012003-tpirmedias-le-proces-suspendu-jusqua-lundi-suite-au-retard-des-temoins2091.html","url":"https:\/\/www.justiceinfo.net\/fr\/5301-23012003-tpirmedias-le-proces-suspendu-jusqua-lundi-suite-au-retard-des-temoins2091.html","name":"23.01.2003 - TPIR\/MEDIAS - LE PROCES SUSPENDU JUSQU'A LUNDI SUITE AU RETARD DES TEMOINS - JusticeInfo.net","isPartOf":{"@id":"https:\/\/www.justiceinfo.net\/fr#website"},"datePublished":"2003-01-22T23:00:00+00:00","breadcrumb":{"@id":"https:\/\/www.justiceinfo.net\/fr\/5301-23012003-tpirmedias-le-proces-suspendu-jusqua-lundi-suite-au-retard-des-temoins2091.html#breadcrumb"},"inLanguage":"fr-FR","potentialAction":[{"@type":"ReadAction","target":["https:\/\/www.justiceinfo.net\/fr\/5301-23012003-tpirmedias-le-proces-suspendu-jusqua-lundi-suite-au-retard-des-temoins2091.html"]}]},{"@type":"BreadcrumbList","@id":"https:\/\/www.justiceinfo.net\/fr\/5301-23012003-tpirmedias-le-proces-suspendu-jusqua-lundi-suite-au-retard-des-temoins2091.html#breadcrumb","itemListElement":[{"@type":"ListItem","position":1,"name":"Home","item":"https:\/\/www.justiceinfo.net\/fr"},{"@type":"ListItem","position":2,"name":"23.01.2003 - TPIR\/MEDIAS - LE PROCES SUSPENDU JUSQU'A LUNDI SUITE AU RETARD DES TEMOINS"}]},{"@type":"WebSite","@id":"https:\/\/www.justiceinfo.net\/fr#website","url":"https:\/\/www.justiceinfo.net\/fr","name":"JusticeInfo.net","description":"La justice doit \u00eatre vue pour \u00eatre rendue","publisher":{"@id":"https:\/\/www.justiceinfo.net\/fr#organization"},"potentialAction":[{"@type":"SearchAction","target":{"@type":"EntryPoint","urlTemplate":"https:\/\/www.justiceinfo.net\/fr?s={search_term_string}"},"query-input":{"@type":"PropertyValueSpecification","valueRequired":true,"valueName":"search_term_string"}}],"inLanguage":"fr-FR"},{"@type":"Organization","@id":"https:\/\/www.justiceinfo.net\/fr#organization","name":"Justice Info","url":"https:\/\/www.justiceinfo.net\/fr","logo":{"@type":"ImageObject","inLanguage":"fr-FR","@id":"https:\/\/www.justiceinfo.net\/fr#\/schema\/logo\/image\/","url":"https:\/\/www.justiceinfo.net\/wp-content\/uploads\/justiceinfo_logo-trans_1200x1200px.png","contentUrl":"https:\/\/www.justiceinfo.net\/wp-content\/uploads\/justiceinfo_logo-trans_1200x1200px.png","width":1199,"height":1200,"caption":"Justice Info"},"image":{"@id":"https:\/\/www.justiceinfo.net\/fr#\/schema\/logo\/image\/"},"sameAs":["https:\/\/www.facebook.com\/JusticeInfo\/","https:\/\/x.com\/justiceinfonet","https:\/\/www.linkedin.com\/company\/justice-info","https:\/\/www.youtube.com\/channel\/UCyCEsARodyuWtkWyhn-e7pA"]},{"@type":"Person","name":"solivri","url":"\/fr\/?s=solivri"}]}},"_links":{"self":[{"href":"https:\/\/www.justiceinfo.net\/fr\/wp-json\/wp\/v2\/posts\/5301","targetHints":{"allow":["GET"]}}],"collection":[{"href":"https:\/\/www.justiceinfo.net\/fr\/wp-json\/wp\/v2\/posts"}],"about":[{"href":"https:\/\/www.justiceinfo.net\/fr\/wp-json\/wp\/v2\/types\/post"}],"author":[{"embeddable":true,"href":"https:\/\/www.justiceinfo.net\/fr\/wp-json\/wp\/v2\/users\/64"}],"replies":[{"embeddable":true,"href":"https:\/\/www.justiceinfo.net\/fr\/wp-json\/wp\/v2\/comments?post=5301"}],"version-history":[{"count":0,"href":"https:\/\/www.justiceinfo.net\/fr\/wp-json\/wp\/v2\/posts\/5301\/revisions"}],"wp:attachment":[{"href":"https:\/\/www.justiceinfo.net\/fr\/wp-json\/wp\/v2\/media?parent=5301"}],"wp:term":[{"taxonomy":"category","embeddable":true,"href":"https:\/\/www.justiceinfo.net\/fr\/wp-json\/wp\/v2\/categories?post=5301"},{"taxonomy":"post_tag","embeddable":true,"href":"https:\/\/www.justiceinfo.net\/fr\/wp-json\/wp\/v2\/tags?post=5301"},{"taxonomy":"ji_location","embeddable":true,"href":"https:\/\/www.justiceinfo.net\/fr\/wp-json\/wp\/v2\/ji_location?post=5301"}],"curies":[{"name":"wp","href":"https:\/\/api.w.org\/{rel}","templated":true}]}}