{"id":5305,"date":"2003-01-22T00:00:00","date_gmt":"2003-01-21T23:00:00","guid":{"rendered":"https:\/\/www.justiceinfo.net\/5305-22012003-tpircyangugu-des-soldats-avaient-projete-de-me-tuer-declare-imanishimwe2095.html"},"modified":"2003-01-22T00:00:00","modified_gmt":"2003-01-21T23:00:00","slug":"22012003-tpircyangugu-des-soldats-avaient-projete-de-me-tuer-declare-imanishimwe2095","status":"publish","type":"post","link":"https:\/\/www.justiceinfo.net\/fr\/5305-22012003-tpircyangugu-des-soldats-avaient-projete-de-me-tuer-declare-imanishimwe2095.html","title":{"rendered":"22.01.2003 - TPIR\/CYANGUGU - DES SOLDATS AVAIENT PROJETE DE ME TUER, DECLARE IMANISHIMWE"},"content":{"rendered":"<p  >\nArusha, le 22 janvier 2003 (FH) \u2013 L\u2019ancien commandant du camp militaire de Karambo (sud-ouest du Rwanda), le lieutenant Samuel Imanishimwe a d\u00e9clar\u00e9<br \/>\nmercredi devant le Tribunal P\u00e9nal International pour le Rwanda que quatre soldats de son camp avaient projet\u00e9 de l\u2019assassiner quelques jours apr\u00e8s l\u2019annonce de la mort du pr\u00e9sident Habyarimana.\n<\/p>\n<p  >\nImanishimwe t\u00e9moigne pour sa propre d\u00e9fense.\n<\/p>\n<p><!--more--><\/p>\n<p  >\nIl a ensuite indiqu\u00e9 que, suite \u00e0 la d\u00e9couverte de ce projet, les quatre soldats ont \u00e9t\u00e9 arr\u00eat\u00e9s et d\u00e9tenus \u00e0 la prison de Cyangugu. Plus tard, un d\u2019entre eux a r\u00e9ussi \u00e0 s\u2019\u00e9chapper. D\u2019apr\u00e8s le t\u00e9moin, deux d\u2019entre eux \u00e9taient hutu, les deux autres \u00e9tant tutsi.\n<\/p>\n<p  >\nLe parquet all\u00e8gue qu\u2019Imanishimwe aurait ordonn\u00e9 l\u2019arrestation et le meurtre de dix soldats de son camp, et que tous ceux qui auraient \u00e9t\u00e9 arr\u00eates seraient tutsi.\n<\/p>\n<p  >\nPoursuivant sa narration de l\u2019\u00e9v\u00e9nement, Imanishimwe a d\u00e9clar\u00e9 avoir \u00e9t\u00e9 oblig\u00e9 d\u2019agir de la sorte, des incident similaires ayant eu lieu dans d\u2019autres camps, o\u00f9, notamment, un officier et un soldat auraient \u00e9t\u00e9 tu\u00e9s par d\u2019autres soldats. Il a soulign\u00e9 de pas vouloir risquer sa vie, et que les arrestations avaient eu lieu apr\u00e8s qu\u2019il eut consult\u00e9 le quartier g\u00e9n\u00e9ral de l\u2019arm\u00e9e \u00e0 Kigali.\n<\/p>\n<p  >\nIl a ensuite r\u00e9fut\u00e9 plusieurs autres all\u00e9gations du parquet, notamment l\u2019arrestation, la torture et le meurtre de r\u00e9fugi\u00e9s tutsis \u00e0 l\u2019int\u00e9rieur et \u00e0 l\u2019ext\u00e9rieur du camp de Karambo. Il a \u00e9galement ni\u00e9 avoir \u00e9t\u00e9 pr\u00e9sent sur certains sites de massacres de Tutsis comme Gatandara, Bugarama, Nyarushishi et les stades de Gashirabobwa et de Kamarampaka.\n<\/p>\n<p  >\nImanishimwe a d\u00e9crit les d\u00e9positions de certains t\u00e9moins \u00e0 charge comme \u00e9tant des \u00ab histoires fausses, fabriqu\u00e9es pour lui nuire \u00bb.\n<\/p>\n<p  >\nLa d\u00e9fense a termin\u00e9 mercredi son interrogatoire principal du t\u00e9moin. Le parquet devrait d\u00e9buter son contre-interrogatoire jeudi. Imanishimwe est conjointement accus\u00e9 avec deux anciens hommes politiques de la r\u00e9gion de Cyangugu, l\u2019ancien ministre des Transports et des Communications, Andr\u00e9 Ntagerura et l\u2019ancien pr\u00e9fet de Cyangugu, Emmanuel Bagambiki. Tous trois plaident non-coupable.\n<\/p>\n<p  >\nLe proc\u00e8s de Cyangugu se d\u00e9roule devant le troisi\u00e8me chambre du TPIR, compos\u00e9e du juge-pr\u00e9sident Lloyd George Williams de St. Kitts et Nevis et des juges russe Yakov Ostrovsky et slov\u00e8ne Pavel Dolenc.\n<\/p>\n<p  >\nCE\/NI\/FH (CY-0122e)<\/p>\n","protected":false},"excerpt":{"rendered":"<p>Arusha, le 22 janvier 2003 (FH) \u2013 L\u2019ancien commandant du camp militaire de Karambo (sud-ouest du Rwanda), le lieutenant Samuel Imanishimwe a d\u00e9clar\u00e9 mercredi devant le Tribunal P\u00e9nal International pour le Rwanda que quatre soldats de son camp avaient projet\u00e9 de l\u2019assassiner quelques jours apr\u00e8s l\u2019annonce de la mort du pr\u00e9sident Habyarimana. Imanishimwe t\u00e9moigne pour [&hellip;]<\/p>\n","protected":false},"author":64,"featured_media":0,"comment_status":"open","ping_status":"closed","sticky":false,"template":"","format":"standard","meta":{"_acf_changed":false,"footnotes":""},"categories":[554],"tags":[],"ji_location":[],"class_list":["post-5305","post","type-post","status-publish","format-standard","hentry","category-hirondellenews"],"acf":[],"yoast_head":"<!-- This site is optimized with the Yoast SEO Premium plugin v25.3.1 (Yoast SEO v25.3.1) - https:\/\/yoast.com\/wordpress\/plugins\/seo\/ -->\n<title>22.01.2003 - TPIR\/CYANGUGU - DES SOLDATS AVAIENT PROJETE DE ME TUER, DECLARE IMANISHIMWE - JusticeInfo.net<\/title>\n<meta name=\"robots\" content=\"index, follow, max-snippet:-1, max-image-preview:large, max-video-preview:-1\" \/>\n<link rel=\"canonical\" href=\"https:\/\/www.justiceinfo.net\/fr\/5305-22012003-tpircyangugu-des-soldats-avaient-projete-de-me-tuer-declare-imanishimwe2095.html\" \/>\n<meta property=\"og:locale\" content=\"fr_FR\" \/>\n<meta property=\"og:type\" content=\"article\" \/>\n<meta property=\"og:title\" content=\"22.01.2003 - TPIR\/CYANGUGU - DES SOLDATS AVAIENT PROJETE DE ME TUER, DECLARE IMANISHIMWE\" \/>\n<meta property=\"og:description\" content=\"Arusha, le 22 janvier 2003 (FH) \u2013 L\u2019ancien commandant du camp militaire de Karambo (sud-ouest du Rwanda), le lieutenant Samuel Imanishimwe a d\u00e9clar\u00e9 mercredi devant le Tribunal P\u00e9nal International pour le Rwanda que quatre soldats de son camp avaient projet\u00e9 de l\u2019assassiner quelques jours apr\u00e8s l\u2019annonce de la mort du pr\u00e9sident Habyarimana. Imanishimwe t\u00e9moigne pour [&hellip;]\" \/>\n<meta property=\"og:url\" content=\"https:\/\/www.justiceinfo.net\/fr\/5305-22012003-tpircyangugu-des-soldats-avaient-projete-de-me-tuer-declare-imanishimwe2095.html\" \/>\n<meta property=\"og:site_name\" content=\"JusticeInfo.net\" \/>\n<meta property=\"article:publisher\" content=\"https:\/\/www.facebook.com\/JusticeInfo\/\" \/>\n<meta property=\"article:published_time\" content=\"2003-01-21T23:00:00+00:00\" \/>\n<meta property=\"og:image\" content=\"https:\/\/www.justiceinfo.net\/wp-content\/uploads\/JusticeInfoNet_logo_1200x630px.jpg\" \/>\n\t<meta property=\"og:image:width\" content=\"1200\" \/>\n\t<meta property=\"og:image:height\" content=\"630\" \/>\n\t<meta property=\"og:image:type\" content=\"image\/jpeg\" \/>\n<meta name=\"author\" content=\"solivri\" \/>\n<meta name=\"twitter:card\" content=\"summary_large_image\" \/>\n<meta name=\"twitter:creator\" content=\"@justiceinfonet\" \/>\n<meta name=\"twitter:site\" content=\"@justiceinfonet\" \/>\n<meta name=\"twitter:label1\" content=\"\u00c9crit par\" \/>\n\t<meta name=\"twitter:data1\" content=\"solivri\" \/>\n\t<meta name=\"twitter:label2\" content=\"Dur\u00e9e de lecture estim\u00e9e\" \/>\n\t<meta name=\"twitter:data2\" content=\"2 minutes\" \/>\n<script type=\"application\/ld+json\" class=\"yoast-schema-graph\">{\"@context\":\"https:\/\/schema.org\",\"@graph\":[{\"@type\":\"NewsArticle\",\"@id\":\"https:\/\/www.justiceinfo.net\/fr\/5305-22012003-tpircyangugu-des-soldats-avaient-projete-de-me-tuer-declare-imanishimwe2095.html#article\",\"isPartOf\":{\"@id\":\"https:\/\/www.justiceinfo.net\/fr\/5305-22012003-tpircyangugu-des-soldats-avaient-projete-de-me-tuer-declare-imanishimwe2095.html\"},\"author\":{\"name\":\"solivri\",\"@id\":\"https:\/\/www.justiceinfo.net\/fr#\/schema\/person\/6e53cba1629e2e66f3fc1821d3091865\"},\"headline\":\"22.01.2003 - TPIR\/CYANGUGU - DES SOLDATS AVAIENT PROJETE DE ME TUER, DECLARE IMANISHIMWE\",\"datePublished\":\"2003-01-21T23:00:00+00:00\",\"mainEntityOfPage\":{\"@id\":\"https:\/\/www.justiceinfo.net\/fr\/5305-22012003-tpircyangugu-des-soldats-avaient-projete-de-me-tuer-declare-imanishimwe2095.html\"},\"wordCount\":424,\"commentCount\":0,\"publisher\":{\"@id\":\"https:\/\/www.justiceinfo.net\/fr#organization\"},\"articleSection\":[\"Hirondelle News\"],\"inLanguage\":\"fr-FR\",\"potentialAction\":[{\"@type\":\"CommentAction\",\"name\":\"Comment\",\"target\":[\"https:\/\/www.justiceinfo.net\/fr\/5305-22012003-tpircyangugu-des-soldats-avaient-projete-de-me-tuer-declare-imanishimwe2095.html#respond\"]}]},{\"@type\":\"WebPage\",\"@id\":\"https:\/\/www.justiceinfo.net\/fr\/5305-22012003-tpircyangugu-des-soldats-avaient-projete-de-me-tuer-declare-imanishimwe2095.html\",\"url\":\"https:\/\/www.justiceinfo.net\/fr\/5305-22012003-tpircyangugu-des-soldats-avaient-projete-de-me-tuer-declare-imanishimwe2095.html\",\"name\":\"22.01.2003 - TPIR\/CYANGUGU - DES SOLDATS AVAIENT PROJETE DE ME TUER, DECLARE IMANISHIMWE - JusticeInfo.net\",\"isPartOf\":{\"@id\":\"https:\/\/www.justiceinfo.net\/fr#website\"},\"datePublished\":\"2003-01-21T23:00:00+00:00\",\"breadcrumb\":{\"@id\":\"https:\/\/www.justiceinfo.net\/fr\/5305-22012003-tpircyangugu-des-soldats-avaient-projete-de-me-tuer-declare-imanishimwe2095.html#breadcrumb\"},\"inLanguage\":\"fr-FR\",\"potentialAction\":[{\"@type\":\"ReadAction\",\"target\":[\"https:\/\/www.justiceinfo.net\/fr\/5305-22012003-tpircyangugu-des-soldats-avaient-projete-de-me-tuer-declare-imanishimwe2095.html\"]}]},{\"@type\":\"BreadcrumbList\",\"@id\":\"https:\/\/www.justiceinfo.net\/fr\/5305-22012003-tpircyangugu-des-soldats-avaient-projete-de-me-tuer-declare-imanishimwe2095.html#breadcrumb\",\"itemListElement\":[{\"@type\":\"ListItem\",\"position\":1,\"name\":\"Home\",\"item\":\"https:\/\/www.justiceinfo.net\/fr\"},{\"@type\":\"ListItem\",\"position\":2,\"name\":\"22.01.2003 - TPIR\/CYANGUGU - DES SOLDATS AVAIENT PROJETE DE ME TUER, DECLARE IMANISHIMWE\"}]},{\"@type\":\"WebSite\",\"@id\":\"https:\/\/www.justiceinfo.net\/fr#website\",\"url\":\"https:\/\/www.justiceinfo.net\/fr\",\"name\":\"JusticeInfo.net\",\"description\":\"La justice doit \u00eatre vue pour \u00eatre rendue\",\"publisher\":{\"@id\":\"https:\/\/www.justiceinfo.net\/fr#organization\"},\"potentialAction\":[{\"@type\":\"SearchAction\",\"target\":{\"@type\":\"EntryPoint\",\"urlTemplate\":\"https:\/\/www.justiceinfo.net\/fr?s={search_term_string}\"},\"query-input\":{\"@type\":\"PropertyValueSpecification\",\"valueRequired\":true,\"valueName\":\"search_term_string\"}}],\"inLanguage\":\"fr-FR\"},{\"@type\":\"Organization\",\"@id\":\"https:\/\/www.justiceinfo.net\/fr#organization\",\"name\":\"Justice Info\",\"url\":\"https:\/\/www.justiceinfo.net\/fr\",\"logo\":{\"@type\":\"ImageObject\",\"inLanguage\":\"fr-FR\",\"@id\":\"https:\/\/www.justiceinfo.net\/fr#\/schema\/logo\/image\/\",\"url\":\"https:\/\/www.justiceinfo.net\/wp-content\/uploads\/justiceinfo_logo-trans_1200x1200px.png\",\"contentUrl\":\"https:\/\/www.justiceinfo.net\/wp-content\/uploads\/justiceinfo_logo-trans_1200x1200px.png\",\"width\":1199,\"height\":1200,\"caption\":\"Justice Info\"},\"image\":{\"@id\":\"https:\/\/www.justiceinfo.net\/fr#\/schema\/logo\/image\/\"},\"sameAs\":[\"https:\/\/www.facebook.com\/JusticeInfo\/\",\"https:\/\/x.com\/justiceinfonet\",\"https:\/\/www.linkedin.com\/company\/justice-info\",\"https:\/\/www.youtube.com\/channel\/UCyCEsARodyuWtkWyhn-e7pA\"]},{\"@type\":\"Person\",\"name\":\"solivri\",\"url\":\"\/fr\/?s=solivri\"}]}<\/script>\n<!-- \/ Yoast SEO Premium plugin. -->","yoast_head_json":{"title":"22.01.2003 - TPIR\/CYANGUGU - DES SOLDATS AVAIENT PROJETE DE ME TUER, DECLARE IMANISHIMWE - JusticeInfo.net","robots":{"index":"index","follow":"follow","max-snippet":"max-snippet:-1","max-image-preview":"max-image-preview:large","max-video-preview":"max-video-preview:-1"},"canonical":"https:\/\/www.justiceinfo.net\/fr\/5305-22012003-tpircyangugu-des-soldats-avaient-projete-de-me-tuer-declare-imanishimwe2095.html","og_locale":"fr_FR","og_type":"article","og_title":"22.01.2003 - TPIR\/CYANGUGU - DES SOLDATS AVAIENT PROJETE DE ME TUER, DECLARE IMANISHIMWE","og_description":"Arusha, le 22 janvier 2003 (FH) \u2013 L\u2019ancien commandant du camp militaire de Karambo (sud-ouest du Rwanda), le lieutenant Samuel Imanishimwe a d\u00e9clar\u00e9 mercredi devant le Tribunal P\u00e9nal International pour le Rwanda que quatre soldats de son camp avaient projet\u00e9 de l\u2019assassiner quelques jours apr\u00e8s l\u2019annonce de la mort du pr\u00e9sident Habyarimana. Imanishimwe t\u00e9moigne pour [&hellip;]","og_url":"https:\/\/www.justiceinfo.net\/fr\/5305-22012003-tpircyangugu-des-soldats-avaient-projete-de-me-tuer-declare-imanishimwe2095.html","og_site_name":"JusticeInfo.net","article_publisher":"https:\/\/www.facebook.com\/JusticeInfo\/","article_published_time":"2003-01-21T23:00:00+00:00","og_image":[{"width":1200,"height":630,"url":"https:\/\/www.justiceinfo.net\/wp-content\/uploads\/JusticeInfoNet_logo_1200x630px.jpg","type":"image\/jpeg"}],"author":"solivri","twitter_card":"summary_large_image","twitter_creator":"@justiceinfonet","twitter_site":"@justiceinfonet","twitter_misc":{"\u00c9crit par":"solivri","Dur\u00e9e de lecture estim\u00e9e":"2 minutes"},"schema":{"@context":"https:\/\/schema.org","@graph":[{"@type":"NewsArticle","@id":"https:\/\/www.justiceinfo.net\/fr\/5305-22012003-tpircyangugu-des-soldats-avaient-projete-de-me-tuer-declare-imanishimwe2095.html#article","isPartOf":{"@id":"https:\/\/www.justiceinfo.net\/fr\/5305-22012003-tpircyangugu-des-soldats-avaient-projete-de-me-tuer-declare-imanishimwe2095.html"},"author":{"name":"solivri","@id":"https:\/\/www.justiceinfo.net\/fr#\/schema\/person\/6e53cba1629e2e66f3fc1821d3091865"},"headline":"22.01.2003 - TPIR\/CYANGUGU - DES SOLDATS AVAIENT PROJETE DE ME TUER, DECLARE IMANISHIMWE","datePublished":"2003-01-21T23:00:00+00:00","mainEntityOfPage":{"@id":"https:\/\/www.justiceinfo.net\/fr\/5305-22012003-tpircyangugu-des-soldats-avaient-projete-de-me-tuer-declare-imanishimwe2095.html"},"wordCount":424,"commentCount":0,"publisher":{"@id":"https:\/\/www.justiceinfo.net\/fr#organization"},"articleSection":["Hirondelle News"],"inLanguage":"fr-FR","potentialAction":[{"@type":"CommentAction","name":"Comment","target":["https:\/\/www.justiceinfo.net\/fr\/5305-22012003-tpircyangugu-des-soldats-avaient-projete-de-me-tuer-declare-imanishimwe2095.html#respond"]}]},{"@type":"WebPage","@id":"https:\/\/www.justiceinfo.net\/fr\/5305-22012003-tpircyangugu-des-soldats-avaient-projete-de-me-tuer-declare-imanishimwe2095.html","url":"https:\/\/www.justiceinfo.net\/fr\/5305-22012003-tpircyangugu-des-soldats-avaient-projete-de-me-tuer-declare-imanishimwe2095.html","name":"22.01.2003 - TPIR\/CYANGUGU - DES SOLDATS AVAIENT PROJETE DE ME TUER, DECLARE IMANISHIMWE - JusticeInfo.net","isPartOf":{"@id":"https:\/\/www.justiceinfo.net\/fr#website"},"datePublished":"2003-01-21T23:00:00+00:00","breadcrumb":{"@id":"https:\/\/www.justiceinfo.net\/fr\/5305-22012003-tpircyangugu-des-soldats-avaient-projete-de-me-tuer-declare-imanishimwe2095.html#breadcrumb"},"inLanguage":"fr-FR","potentialAction":[{"@type":"ReadAction","target":["https:\/\/www.justiceinfo.net\/fr\/5305-22012003-tpircyangugu-des-soldats-avaient-projete-de-me-tuer-declare-imanishimwe2095.html"]}]},{"@type":"BreadcrumbList","@id":"https:\/\/www.justiceinfo.net\/fr\/5305-22012003-tpircyangugu-des-soldats-avaient-projete-de-me-tuer-declare-imanishimwe2095.html#breadcrumb","itemListElement":[{"@type":"ListItem","position":1,"name":"Home","item":"https:\/\/www.justiceinfo.net\/fr"},{"@type":"ListItem","position":2,"name":"22.01.2003 - TPIR\/CYANGUGU - DES SOLDATS AVAIENT PROJETE DE ME TUER, DECLARE IMANISHIMWE"}]},{"@type":"WebSite","@id":"https:\/\/www.justiceinfo.net\/fr#website","url":"https:\/\/www.justiceinfo.net\/fr","name":"JusticeInfo.net","description":"La justice doit \u00eatre vue pour \u00eatre rendue","publisher":{"@id":"https:\/\/www.justiceinfo.net\/fr#organization"},"potentialAction":[{"@type":"SearchAction","target":{"@type":"EntryPoint","urlTemplate":"https:\/\/www.justiceinfo.net\/fr?s={search_term_string}"},"query-input":{"@type":"PropertyValueSpecification","valueRequired":true,"valueName":"search_term_string"}}],"inLanguage":"fr-FR"},{"@type":"Organization","@id":"https:\/\/www.justiceinfo.net\/fr#organization","name":"Justice Info","url":"https:\/\/www.justiceinfo.net\/fr","logo":{"@type":"ImageObject","inLanguage":"fr-FR","@id":"https:\/\/www.justiceinfo.net\/fr#\/schema\/logo\/image\/","url":"https:\/\/www.justiceinfo.net\/wp-content\/uploads\/justiceinfo_logo-trans_1200x1200px.png","contentUrl":"https:\/\/www.justiceinfo.net\/wp-content\/uploads\/justiceinfo_logo-trans_1200x1200px.png","width":1199,"height":1200,"caption":"Justice Info"},"image":{"@id":"https:\/\/www.justiceinfo.net\/fr#\/schema\/logo\/image\/"},"sameAs":["https:\/\/www.facebook.com\/JusticeInfo\/","https:\/\/x.com\/justiceinfonet","https:\/\/www.linkedin.com\/company\/justice-info","https:\/\/www.youtube.com\/channel\/UCyCEsARodyuWtkWyhn-e7pA"]},{"@type":"Person","name":"solivri","url":"\/fr\/?s=solivri"}]}},"_links":{"self":[{"href":"https:\/\/www.justiceinfo.net\/fr\/wp-json\/wp\/v2\/posts\/5305","targetHints":{"allow":["GET"]}}],"collection":[{"href":"https:\/\/www.justiceinfo.net\/fr\/wp-json\/wp\/v2\/posts"}],"about":[{"href":"https:\/\/www.justiceinfo.net\/fr\/wp-json\/wp\/v2\/types\/post"}],"author":[{"embeddable":true,"href":"https:\/\/www.justiceinfo.net\/fr\/wp-json\/wp\/v2\/users\/64"}],"replies":[{"embeddable":true,"href":"https:\/\/www.justiceinfo.net\/fr\/wp-json\/wp\/v2\/comments?post=5305"}],"version-history":[{"count":0,"href":"https:\/\/www.justiceinfo.net\/fr\/wp-json\/wp\/v2\/posts\/5305\/revisions"}],"wp:attachment":[{"href":"https:\/\/www.justiceinfo.net\/fr\/wp-json\/wp\/v2\/media?parent=5305"}],"wp:term":[{"taxonomy":"category","embeddable":true,"href":"https:\/\/www.justiceinfo.net\/fr\/wp-json\/wp\/v2\/categories?post=5305"},{"taxonomy":"post_tag","embeddable":true,"href":"https:\/\/www.justiceinfo.net\/fr\/wp-json\/wp\/v2\/tags?post=5305"},{"taxonomy":"ji_location","embeddable":true,"href":"https:\/\/www.justiceinfo.net\/fr\/wp-json\/wp\/v2\/ji_location?post=5305"}],"curies":[{"name":"wp","href":"https:\/\/api.w.org\/{rel}","templated":true}]}}