{"id":5347,"date":"2002-12-04T00:00:00","date_gmt":"2002-12-03T23:00:00","guid":{"rendered":"https:\/\/www.justiceinfo.net\/5347-04122002-tpirkajelijeli-laccuse-joseph-nzirorera-temoigne-en-faveur-de-lex-maire-kajelijeli2137.html"},"modified":"2002-12-04T00:00:00","modified_gmt":"2002-12-03T23:00:00","slug":"04122002-tpirkajelijeli-laccuse-joseph-nzirorera-temoigne-en-faveur-de-lex-maire-kajelijeli2137","status":"publish","type":"post","link":"https:\/\/www.justiceinfo.net\/fr\/5347-04122002-tpirkajelijeli-laccuse-joseph-nzirorera-temoigne-en-faveur-de-lex-maire-kajelijeli2137.html","title":{"rendered":"04.12.2002 - TPIR\/KAJELIJELI - l'ACCUSE JOSEPH NZIRORERA TEMOIGNE EN FAVEUR DE l'EX-MAIRE KAJELIJELI"},"content":{"rendered":"<p  >\nArusha, le 4 d\u00e9cembre 2002 (FH) - Joseph Nzirorera, d\u00e9tenu par le Tribunal p\u00e9nal international pour le Rwanda (TPIR), a t\u00e9moign\u00e9 mardi en faveur de<br \/>\nl'ancien maire de Mukingo (province Ruhengeri, nord du Rwanda), Juv\u00e9nal Kajelijeli, poursuivi pour g\u00e9nocide.\n<\/p>\n<p  >\nJoseph Nzirorera \u00e9tait secr\u00e9taire g\u00e9n\u00e9ral de l'ex-parti pr\u00e9sidentiel rwandais, le Mouvement r\u00e9publicain national pour la d\u00e9mocratie et le d\u00e9veloppement (MRND).\n<\/p>\n<p><!--more--><\/p>\n<p  >\nEn juin 1994, il avait \u00e9t\u00e9 \u00e9lu pr\u00e9sident de l'assembl\u00e9e nationale int\u00e9rimaire.\n<\/p>\n<p  >\nOriginaire de la m\u00eame commune que Kajelijeli, Joseph Nzirorera a d\u00e9clar\u00e9 le conna\u00eetre depuis sa jeunesse. \"Nous sommes de la m\u00eame g\u00e9n\u00e9ration. Je suis peut-\u00eatre D'une ann\u00e9e son a\u00een\u00e9. Nous avons fait l'\u00e9cole primaire ensemble\", a-t-il d\u00e9clar\u00e9.\n<\/p>\n<p  >\nNeuvi\u00e8me t\u00e9moin de la d\u00e9fense, Joseph Nzirorera a affirm\u00e9 que Juv\u00e9nal Kajelijeli n'a jamais \u00e9t\u00e9 membre du MRND, comme l'all\u00e8gue le procureur.\n<\/p>\n<p  >\nl'aile jeunesse du MRND, les Interahamwe, est consid\u00e9r\u00e9e par le parquet du TPIR comme le fer de lance du g\u00e9nocide anti-tutsi et des massacres D'opposants qui ont fait un million de morts entre avril et juin 1994.\n<\/p>\n<p  >\nl'avocat de Kajelijeli, l'Am\u00e9ricain Lennox Hinds, a pr\u00e9sent\u00e9 aux juges les statuts du MRND, sign\u00e9s par ses membres \u00e0 la cr\u00e9ation du parti en juillet 1991 et a plaid\u00e9 que son client n'en \u00e9tait pas signataire. Joseph Nzirorera a confirm\u00e9 cela, ajoutant que Kajelijeli n'avait jou\u00e9 aucun r\u00f4le au sein du MRND, y compris au niveau local.\n<\/p>\n<p  >\nJoseph Nzirorera a indiqu\u00e9 que Kajelijeli avait \u00e9t\u00e9 d\u00e9mis de ses fonctions de maire sous la pression du Front Patriotique Rwandais (FPR), alors en n\u00e9gociations de paix avec le gouvernement. Kajelijeli est redevenu maire en juin 1994.\n<\/p>\n<p  >\nLors du contre-interrogatoire, Joseph Nzirorera a r\u00e9fut\u00e9 la th\u00e8se avanc\u00e9e par le substitut australien du procureur, Kenneth Fleming, selon laquelle Kajelijeli avait \u00e9t\u00e9 d\u00e9mis parce que le FPR l'accusait D'avoir ordonn\u00e9 des massacres de Tutsis dans sa commune en 1993. \"Le FPR n'a pas donn\u00e9 de raisons, il a seulement formul\u00e9 la demande\", a d\u00e9clar\u00e9 Joseph Nzirorera.\n<\/p>\n<p  >\nJoseph Nzirorera a en outre ni\u00e9 avoir influenc\u00e9 la seconde nomination de Kajelijeli \u00e0 la mairie de Mukingo. \"Il a \u00e9t\u00e9 nomm\u00e9 sur proposition du ministre de l'int\u00e9rieur\", a-t-il affirm\u00e9.\n<\/p>\n<p  >\nLa d\u00e9position de Nzirorera a \u00e9t\u00e9 suivie par celle D'un t\u00e9moin prot\u00e9g\u00e9, d\u00e9nomm\u00e9 \"KAA\".\n<\/p>\n<p  >\nLe proc\u00e8s Kajelijeli se d\u00e9roule devant la deuxi\u00e8me chambre de premi\u00e8re instance du TPIR pr\u00e9sid\u00e9e par le juge tanzanien William Hussein Sekule et compos\u00e9e en outre des juges malgache Arlette Ramarason et Winston Churchill Mantanzima Maqutu.\n<\/p>\n<p  >\nAT\/PJ\/CE\/GF\/FH(KJ-1203A)<\/p>\n","protected":false},"excerpt":{"rendered":"<p>Arusha, le 4 d\u00e9cembre 2002 (FH) - Joseph Nzirorera, d\u00e9tenu par le Tribunal p\u00e9nal international pour le Rwanda (TPIR), a t\u00e9moign\u00e9 mardi en faveur de l'ancien maire de Mukingo (province Ruhengeri, nord du Rwanda), Juv\u00e9nal Kajelijeli, poursuivi pour g\u00e9nocide. Joseph Nzirorera \u00e9tait secr\u00e9taire g\u00e9n\u00e9ral de l'ex-parti pr\u00e9sidentiel rwandais, le Mouvement r\u00e9publicain national pour la d\u00e9mocratie [&hellip;]<\/p>\n","protected":false},"author":64,"featured_media":0,"comment_status":"open","ping_status":"closed","sticky":false,"template":"","format":"standard","meta":{"_acf_changed":false,"footnotes":""},"categories":[554],"tags":[],"ji_location":[],"class_list":["post-5347","post","type-post","status-publish","format-standard","hentry","category-hirondellenews"],"acf":[],"yoast_head":"<!-- This site is optimized with the Yoast SEO Premium plugin v25.3.1 (Yoast SEO v25.3.1) - https:\/\/yoast.com\/wordpress\/plugins\/seo\/ -->\n<title>04.12.2002 - TPIR\/KAJELIJELI - l&#039;ACCUSE JOSEPH NZIRORERA TEMOIGNE EN FAVEUR DE l&#039;EX-MAIRE KAJELIJELI - JusticeInfo.net<\/title>\n<meta name=\"robots\" content=\"index, follow, max-snippet:-1, max-image-preview:large, max-video-preview:-1\" \/>\n<link rel=\"canonical\" href=\"https:\/\/www.justiceinfo.net\/fr\/5347-04122002-tpirkajelijeli-laccuse-joseph-nzirorera-temoigne-en-faveur-de-lex-maire-kajelijeli2137.html\" \/>\n<meta property=\"og:locale\" content=\"fr_FR\" \/>\n<meta property=\"og:type\" content=\"article\" \/>\n<meta property=\"og:title\" content=\"04.12.2002 - TPIR\/KAJELIJELI - l&#039;ACCUSE JOSEPH NZIRORERA TEMOIGNE EN FAVEUR DE l&#039;EX-MAIRE KAJELIJELI\" \/>\n<meta property=\"og:description\" content=\"Arusha, le 4 d\u00e9cembre 2002 (FH) - Joseph Nzirorera, d\u00e9tenu par le Tribunal p\u00e9nal international pour le Rwanda (TPIR), a t\u00e9moign\u00e9 mardi en faveur de l&#039;ancien maire de Mukingo (province Ruhengeri, nord du Rwanda), Juv\u00e9nal Kajelijeli, poursuivi pour g\u00e9nocide. Joseph Nzirorera \u00e9tait secr\u00e9taire g\u00e9n\u00e9ral de l&#039;ex-parti pr\u00e9sidentiel rwandais, le Mouvement r\u00e9publicain national pour la d\u00e9mocratie [&hellip;]\" \/>\n<meta property=\"og:url\" content=\"https:\/\/www.justiceinfo.net\/fr\/5347-04122002-tpirkajelijeli-laccuse-joseph-nzirorera-temoigne-en-faveur-de-lex-maire-kajelijeli2137.html\" \/>\n<meta property=\"og:site_name\" content=\"JusticeInfo.net\" \/>\n<meta property=\"article:publisher\" content=\"https:\/\/www.facebook.com\/JusticeInfo\/\" \/>\n<meta property=\"article:published_time\" content=\"2002-12-03T23:00:00+00:00\" \/>\n<meta property=\"og:image\" content=\"https:\/\/www.justiceinfo.net\/wp-content\/uploads\/JusticeInfoNet_logo_1200x630px.jpg\" \/>\n\t<meta property=\"og:image:width\" content=\"1200\" \/>\n\t<meta property=\"og:image:height\" content=\"630\" \/>\n\t<meta property=\"og:image:type\" content=\"image\/jpeg\" \/>\n<meta name=\"author\" content=\"solivri\" \/>\n<meta name=\"twitter:card\" content=\"summary_large_image\" \/>\n<meta name=\"twitter:creator\" content=\"@justiceinfonet\" \/>\n<meta name=\"twitter:site\" content=\"@justiceinfonet\" \/>\n<meta name=\"twitter:label1\" content=\"\u00c9crit par\" \/>\n\t<meta name=\"twitter:data1\" content=\"solivri\" \/>\n\t<meta name=\"twitter:label2\" content=\"Dur\u00e9e de lecture estim\u00e9e\" \/>\n\t<meta name=\"twitter:data2\" content=\"2 minutes\" \/>\n<script type=\"application\/ld+json\" class=\"yoast-schema-graph\">{\"@context\":\"https:\/\/schema.org\",\"@graph\":[{\"@type\":\"NewsArticle\",\"@id\":\"https:\/\/www.justiceinfo.net\/fr\/5347-04122002-tpirkajelijeli-laccuse-joseph-nzirorera-temoigne-en-faveur-de-lex-maire-kajelijeli2137.html#article\",\"isPartOf\":{\"@id\":\"https:\/\/www.justiceinfo.net\/fr\/5347-04122002-tpirkajelijeli-laccuse-joseph-nzirorera-temoigne-en-faveur-de-lex-maire-kajelijeli2137.html\"},\"author\":{\"name\":\"solivri\",\"@id\":\"https:\/\/www.justiceinfo.net\/fr#\/schema\/person\/6e53cba1629e2e66f3fc1821d3091865\"},\"headline\":\"04.12.2002 - TPIR\/KAJELIJELI - l'ACCUSE JOSEPH NZIRORERA TEMOIGNE EN FAVEUR DE l'EX-MAIRE KAJELIJELI\",\"datePublished\":\"2002-12-03T23:00:00+00:00\",\"mainEntityOfPage\":{\"@id\":\"https:\/\/www.justiceinfo.net\/fr\/5347-04122002-tpirkajelijeli-laccuse-joseph-nzirorera-temoigne-en-faveur-de-lex-maire-kajelijeli2137.html\"},\"wordCount\":487,\"commentCount\":0,\"publisher\":{\"@id\":\"https:\/\/www.justiceinfo.net\/fr#organization\"},\"articleSection\":[\"Hirondelle News\"],\"inLanguage\":\"fr-FR\",\"potentialAction\":[{\"@type\":\"CommentAction\",\"name\":\"Comment\",\"target\":[\"https:\/\/www.justiceinfo.net\/fr\/5347-04122002-tpirkajelijeli-laccuse-joseph-nzirorera-temoigne-en-faveur-de-lex-maire-kajelijeli2137.html#respond\"]}]},{\"@type\":\"WebPage\",\"@id\":\"https:\/\/www.justiceinfo.net\/fr\/5347-04122002-tpirkajelijeli-laccuse-joseph-nzirorera-temoigne-en-faveur-de-lex-maire-kajelijeli2137.html\",\"url\":\"https:\/\/www.justiceinfo.net\/fr\/5347-04122002-tpirkajelijeli-laccuse-joseph-nzirorera-temoigne-en-faveur-de-lex-maire-kajelijeli2137.html\",\"name\":\"04.12.2002 - TPIR\/KAJELIJELI - l'ACCUSE JOSEPH NZIRORERA TEMOIGNE EN FAVEUR DE l'EX-MAIRE KAJELIJELI - JusticeInfo.net\",\"isPartOf\":{\"@id\":\"https:\/\/www.justiceinfo.net\/fr#website\"},\"datePublished\":\"2002-12-03T23:00:00+00:00\",\"breadcrumb\":{\"@id\":\"https:\/\/www.justiceinfo.net\/fr\/5347-04122002-tpirkajelijeli-laccuse-joseph-nzirorera-temoigne-en-faveur-de-lex-maire-kajelijeli2137.html#breadcrumb\"},\"inLanguage\":\"fr-FR\",\"potentialAction\":[{\"@type\":\"ReadAction\",\"target\":[\"https:\/\/www.justiceinfo.net\/fr\/5347-04122002-tpirkajelijeli-laccuse-joseph-nzirorera-temoigne-en-faveur-de-lex-maire-kajelijeli2137.html\"]}]},{\"@type\":\"BreadcrumbList\",\"@id\":\"https:\/\/www.justiceinfo.net\/fr\/5347-04122002-tpirkajelijeli-laccuse-joseph-nzirorera-temoigne-en-faveur-de-lex-maire-kajelijeli2137.html#breadcrumb\",\"itemListElement\":[{\"@type\":\"ListItem\",\"position\":1,\"name\":\"Home\",\"item\":\"https:\/\/www.justiceinfo.net\/fr\"},{\"@type\":\"ListItem\",\"position\":2,\"name\":\"04.12.2002 - TPIR\/KAJELIJELI - l'ACCUSE JOSEPH NZIRORERA TEMOIGNE EN FAVEUR DE l'EX-MAIRE KAJELIJELI\"}]},{\"@type\":\"WebSite\",\"@id\":\"https:\/\/www.justiceinfo.net\/fr#website\",\"url\":\"https:\/\/www.justiceinfo.net\/fr\",\"name\":\"JusticeInfo.net\",\"description\":\"La justice doit \u00eatre vue pour \u00eatre rendue\",\"publisher\":{\"@id\":\"https:\/\/www.justiceinfo.net\/fr#organization\"},\"potentialAction\":[{\"@type\":\"SearchAction\",\"target\":{\"@type\":\"EntryPoint\",\"urlTemplate\":\"https:\/\/www.justiceinfo.net\/fr?s={search_term_string}\"},\"query-input\":{\"@type\":\"PropertyValueSpecification\",\"valueRequired\":true,\"valueName\":\"search_term_string\"}}],\"inLanguage\":\"fr-FR\"},{\"@type\":\"Organization\",\"@id\":\"https:\/\/www.justiceinfo.net\/fr#organization\",\"name\":\"Justice Info\",\"url\":\"https:\/\/www.justiceinfo.net\/fr\",\"logo\":{\"@type\":\"ImageObject\",\"inLanguage\":\"fr-FR\",\"@id\":\"https:\/\/www.justiceinfo.net\/fr#\/schema\/logo\/image\/\",\"url\":\"https:\/\/www.justiceinfo.net\/wp-content\/uploads\/justiceinfo_logo-trans_1200x1200px.png\",\"contentUrl\":\"https:\/\/www.justiceinfo.net\/wp-content\/uploads\/justiceinfo_logo-trans_1200x1200px.png\",\"width\":1199,\"height\":1200,\"caption\":\"Justice Info\"},\"image\":{\"@id\":\"https:\/\/www.justiceinfo.net\/fr#\/schema\/logo\/image\/\"},\"sameAs\":[\"https:\/\/www.facebook.com\/JusticeInfo\/\",\"https:\/\/x.com\/justiceinfonet\",\"https:\/\/www.linkedin.com\/company\/justice-info\",\"https:\/\/www.youtube.com\/channel\/UCyCEsARodyuWtkWyhn-e7pA\"]},{\"@type\":\"Person\",\"name\":\"solivri\",\"url\":\"\/fr\/?s=solivri\"}]}<\/script>\n<!-- \/ Yoast SEO Premium plugin. -->","yoast_head_json":{"title":"04.12.2002 - TPIR\/KAJELIJELI - l'ACCUSE JOSEPH NZIRORERA TEMOIGNE EN FAVEUR DE l'EX-MAIRE KAJELIJELI - JusticeInfo.net","robots":{"index":"index","follow":"follow","max-snippet":"max-snippet:-1","max-image-preview":"max-image-preview:large","max-video-preview":"max-video-preview:-1"},"canonical":"https:\/\/www.justiceinfo.net\/fr\/5347-04122002-tpirkajelijeli-laccuse-joseph-nzirorera-temoigne-en-faveur-de-lex-maire-kajelijeli2137.html","og_locale":"fr_FR","og_type":"article","og_title":"04.12.2002 - TPIR\/KAJELIJELI - l'ACCUSE JOSEPH NZIRORERA TEMOIGNE EN FAVEUR DE l'EX-MAIRE KAJELIJELI","og_description":"Arusha, le 4 d\u00e9cembre 2002 (FH) - Joseph Nzirorera, d\u00e9tenu par le Tribunal p\u00e9nal international pour le Rwanda (TPIR), a t\u00e9moign\u00e9 mardi en faveur de l'ancien maire de Mukingo (province Ruhengeri, nord du Rwanda), Juv\u00e9nal Kajelijeli, poursuivi pour g\u00e9nocide. Joseph Nzirorera \u00e9tait secr\u00e9taire g\u00e9n\u00e9ral de l'ex-parti pr\u00e9sidentiel rwandais, le Mouvement r\u00e9publicain national pour la d\u00e9mocratie [&hellip;]","og_url":"https:\/\/www.justiceinfo.net\/fr\/5347-04122002-tpirkajelijeli-laccuse-joseph-nzirorera-temoigne-en-faveur-de-lex-maire-kajelijeli2137.html","og_site_name":"JusticeInfo.net","article_publisher":"https:\/\/www.facebook.com\/JusticeInfo\/","article_published_time":"2002-12-03T23:00:00+00:00","og_image":[{"width":1200,"height":630,"url":"https:\/\/www.justiceinfo.net\/wp-content\/uploads\/JusticeInfoNet_logo_1200x630px.jpg","type":"image\/jpeg"}],"author":"solivri","twitter_card":"summary_large_image","twitter_creator":"@justiceinfonet","twitter_site":"@justiceinfonet","twitter_misc":{"\u00c9crit par":"solivri","Dur\u00e9e de lecture estim\u00e9e":"2 minutes"},"schema":{"@context":"https:\/\/schema.org","@graph":[{"@type":"NewsArticle","@id":"https:\/\/www.justiceinfo.net\/fr\/5347-04122002-tpirkajelijeli-laccuse-joseph-nzirorera-temoigne-en-faveur-de-lex-maire-kajelijeli2137.html#article","isPartOf":{"@id":"https:\/\/www.justiceinfo.net\/fr\/5347-04122002-tpirkajelijeli-laccuse-joseph-nzirorera-temoigne-en-faveur-de-lex-maire-kajelijeli2137.html"},"author":{"name":"solivri","@id":"https:\/\/www.justiceinfo.net\/fr#\/schema\/person\/6e53cba1629e2e66f3fc1821d3091865"},"headline":"04.12.2002 - TPIR\/KAJELIJELI - l'ACCUSE JOSEPH NZIRORERA TEMOIGNE EN FAVEUR DE l'EX-MAIRE KAJELIJELI","datePublished":"2002-12-03T23:00:00+00:00","mainEntityOfPage":{"@id":"https:\/\/www.justiceinfo.net\/fr\/5347-04122002-tpirkajelijeli-laccuse-joseph-nzirorera-temoigne-en-faveur-de-lex-maire-kajelijeli2137.html"},"wordCount":487,"commentCount":0,"publisher":{"@id":"https:\/\/www.justiceinfo.net\/fr#organization"},"articleSection":["Hirondelle News"],"inLanguage":"fr-FR","potentialAction":[{"@type":"CommentAction","name":"Comment","target":["https:\/\/www.justiceinfo.net\/fr\/5347-04122002-tpirkajelijeli-laccuse-joseph-nzirorera-temoigne-en-faveur-de-lex-maire-kajelijeli2137.html#respond"]}]},{"@type":"WebPage","@id":"https:\/\/www.justiceinfo.net\/fr\/5347-04122002-tpirkajelijeli-laccuse-joseph-nzirorera-temoigne-en-faveur-de-lex-maire-kajelijeli2137.html","url":"https:\/\/www.justiceinfo.net\/fr\/5347-04122002-tpirkajelijeli-laccuse-joseph-nzirorera-temoigne-en-faveur-de-lex-maire-kajelijeli2137.html","name":"04.12.2002 - TPIR\/KAJELIJELI - l'ACCUSE JOSEPH NZIRORERA TEMOIGNE EN FAVEUR DE l'EX-MAIRE KAJELIJELI - JusticeInfo.net","isPartOf":{"@id":"https:\/\/www.justiceinfo.net\/fr#website"},"datePublished":"2002-12-03T23:00:00+00:00","breadcrumb":{"@id":"https:\/\/www.justiceinfo.net\/fr\/5347-04122002-tpirkajelijeli-laccuse-joseph-nzirorera-temoigne-en-faveur-de-lex-maire-kajelijeli2137.html#breadcrumb"},"inLanguage":"fr-FR","potentialAction":[{"@type":"ReadAction","target":["https:\/\/www.justiceinfo.net\/fr\/5347-04122002-tpirkajelijeli-laccuse-joseph-nzirorera-temoigne-en-faveur-de-lex-maire-kajelijeli2137.html"]}]},{"@type":"BreadcrumbList","@id":"https:\/\/www.justiceinfo.net\/fr\/5347-04122002-tpirkajelijeli-laccuse-joseph-nzirorera-temoigne-en-faveur-de-lex-maire-kajelijeli2137.html#breadcrumb","itemListElement":[{"@type":"ListItem","position":1,"name":"Home","item":"https:\/\/www.justiceinfo.net\/fr"},{"@type":"ListItem","position":2,"name":"04.12.2002 - TPIR\/KAJELIJELI - l'ACCUSE JOSEPH NZIRORERA TEMOIGNE EN FAVEUR DE l'EX-MAIRE KAJELIJELI"}]},{"@type":"WebSite","@id":"https:\/\/www.justiceinfo.net\/fr#website","url":"https:\/\/www.justiceinfo.net\/fr","name":"JusticeInfo.net","description":"La justice doit \u00eatre vue pour \u00eatre rendue","publisher":{"@id":"https:\/\/www.justiceinfo.net\/fr#organization"},"potentialAction":[{"@type":"SearchAction","target":{"@type":"EntryPoint","urlTemplate":"https:\/\/www.justiceinfo.net\/fr?s={search_term_string}"},"query-input":{"@type":"PropertyValueSpecification","valueRequired":true,"valueName":"search_term_string"}}],"inLanguage":"fr-FR"},{"@type":"Organization","@id":"https:\/\/www.justiceinfo.net\/fr#organization","name":"Justice Info","url":"https:\/\/www.justiceinfo.net\/fr","logo":{"@type":"ImageObject","inLanguage":"fr-FR","@id":"https:\/\/www.justiceinfo.net\/fr#\/schema\/logo\/image\/","url":"https:\/\/www.justiceinfo.net\/wp-content\/uploads\/justiceinfo_logo-trans_1200x1200px.png","contentUrl":"https:\/\/www.justiceinfo.net\/wp-content\/uploads\/justiceinfo_logo-trans_1200x1200px.png","width":1199,"height":1200,"caption":"Justice Info"},"image":{"@id":"https:\/\/www.justiceinfo.net\/fr#\/schema\/logo\/image\/"},"sameAs":["https:\/\/www.facebook.com\/JusticeInfo\/","https:\/\/x.com\/justiceinfonet","https:\/\/www.linkedin.com\/company\/justice-info","https:\/\/www.youtube.com\/channel\/UCyCEsARodyuWtkWyhn-e7pA"]},{"@type":"Person","name":"solivri","url":"\/fr\/?s=solivri"}]}},"_links":{"self":[{"href":"https:\/\/www.justiceinfo.net\/fr\/wp-json\/wp\/v2\/posts\/5347","targetHints":{"allow":["GET"]}}],"collection":[{"href":"https:\/\/www.justiceinfo.net\/fr\/wp-json\/wp\/v2\/posts"}],"about":[{"href":"https:\/\/www.justiceinfo.net\/fr\/wp-json\/wp\/v2\/types\/post"}],"author":[{"embeddable":true,"href":"https:\/\/www.justiceinfo.net\/fr\/wp-json\/wp\/v2\/users\/64"}],"replies":[{"embeddable":true,"href":"https:\/\/www.justiceinfo.net\/fr\/wp-json\/wp\/v2\/comments?post=5347"}],"version-history":[{"count":0,"href":"https:\/\/www.justiceinfo.net\/fr\/wp-json\/wp\/v2\/posts\/5347\/revisions"}],"wp:attachment":[{"href":"https:\/\/www.justiceinfo.net\/fr\/wp-json\/wp\/v2\/media?parent=5347"}],"wp:term":[{"taxonomy":"category","embeddable":true,"href":"https:\/\/www.justiceinfo.net\/fr\/wp-json\/wp\/v2\/categories?post=5347"},{"taxonomy":"post_tag","embeddable":true,"href":"https:\/\/www.justiceinfo.net\/fr\/wp-json\/wp\/v2\/tags?post=5347"},{"taxonomy":"ji_location","embeddable":true,"href":"https:\/\/www.justiceinfo.net\/fr\/wp-json\/wp\/v2\/ji_location?post=5347"}],"curies":[{"name":"wp","href":"https:\/\/api.w.org\/{rel}","templated":true}]}}