{"id":5356,"date":"2002-12-02T00:00:00","date_gmt":"2002-12-01T23:00:00","guid":{"rendered":"https:\/\/www.justiceinfo.net\/5356-02122002-tpirmedias-le-proces-des-medias-a-repris-lundi-devant-le-tpir2146.html"},"modified":"2002-12-02T00:00:00","modified_gmt":"2002-12-01T23:00:00","slug":"02122002-tpirmedias-le-proces-des-medias-a-repris-lundi-devant-le-tpir2146","status":"publish","type":"post","link":"https:\/\/www.justiceinfo.net\/fr\/5356-02122002-tpirmedias-le-proces-des-medias-a-repris-lundi-devant-le-tpir2146.html","title":{"rendered":"02.12.2002 - TPIR\/MEDIAS - LE PROCES DES MEDIAS A REPRIS LUNDI DEVANT LE TPIR"},"content":{"rendered":"<p  >\nArusha, le 2 d\u00e9cembre 2002 (FH) - Le proc\u00e8s des anciens responsables des \"m\u00e9dias de la haine\" a repris lundi devant le Tribunal p\u00e9nal international pour le Rwanda (TPIR) avec la poursuite de la pr\u00e9sentation des preuves \u00e0 d\u00e9charge.\n<\/p>\n<p  >\nLa chambre a entendu la d\u00e9position du septi\u00e8me t\u00e9moin de la d\u00e9fense de Ferdinand Nahimana, une des trois personnes accus\u00e9es dans ce proc\u00e8s.\n<\/p>\n<p><!--more--><\/p>\n<p  >\nPromoteur all\u00e9gu\u00e9 de la Radio-t\u00e9l\u00e9vision libre des Mille collines (RTLM), Ferdinand Nahimana est coaccus\u00e9 avec l'ancien conseiller politique au minist\u00e8re des affaires \u00e9trang\u00e8res et membre du comit\u00e9 D'initiative de la RTLM, Jean-Bosco Barayagwiza, ainsi que l'ancien directeur et r\u00e9dacteur en chef de la revue Kangura, Hassan Ngeze. Ils sont poursuivis notamment pour entente et incitation \u00e0 commettre le g\u00e9nocide. Ils plaident non coupables.\n<\/p>\n<p  >\nD\u00e9nomm\u00e9 \"F3\" pour pr\u00e9server son anonymat, le septi\u00e8me t\u00e9moin de la d\u00e9fense a affirm\u00e9 que Ferdinand Nahimana n'a jamais adopt\u00e9 de comportement ethniciste<br \/>\nou r\u00e9gionaliste.\n<\/p>\n<p  >\nLe t\u00e9moin a d\u00e9clar\u00e9 qu'il conna\u00eet Ferdinand Nahimana depuis plusieurs ann\u00e9es, car ils sont originaires de la m\u00eame r\u00e9gion. F3 se trouvait au Burundi en avril 1994. Le t\u00e9moin a confirm\u00e9 avoir vu Ferdinand Nahimana parmi les personnalit\u00e9s rwandaises \u00e9vacu\u00e9es sur Bujumbura par des avions militaires fran\u00e7ais le 12 avril 1994.\n<\/p>\n<p  >\nUn t\u00e9moin de l'accusation avait affirm\u00e9 que, le 12 avril 1994, Ferdinand Nahimana avait particip\u00e9 \u00e0 une r\u00e9union dans sa commune natale de Gatonde (pr\u00e9fecture Ruhengeri, nord du Rwanda) au cours de laquelle il aurait incit\u00e9 aux massacres de Tutsis.\n<\/p>\n<p  >\nLe t\u00e9moin a indiqu\u00e9 que les accusations formul\u00e9es contre Ferdinand Nahimana rel\u00e8vent de la rumeur.\n<\/p>\n<p  >\nLe proc\u00e8s des m\u00e9dias avait \u00e9t\u00e9 suspendu le 8 novembre dernier. Il se d\u00e9roule devant la premi\u00e8re chambre de premi\u00e8re instance du TPIR pr\u00e9sid\u00e9e par la juge<br \/>\nsud-africaine Navanethem Pillay et compos\u00e9e des juges norv\u00e9gien Erik Mose et sri-lankais Asoka de Zoysa Gunawardana. La pr\u00e9sente session durera jusqu'aux vacances judiciaires pr\u00e9vues mi-d\u00e9cembre.\n<\/p>\n<p  >\nAT\/CE\/GF\/FH(ME-1202A)<\/p>\n","protected":false},"excerpt":{"rendered":"<p>Arusha, le 2 d\u00e9cembre 2002 (FH) - Le proc\u00e8s des anciens responsables des \"m\u00e9dias de la haine\" a repris lundi devant le Tribunal p\u00e9nal international pour le Rwanda (TPIR) avec la poursuite de la pr\u00e9sentation des preuves \u00e0 d\u00e9charge. La chambre a entendu la d\u00e9position du septi\u00e8me t\u00e9moin de la d\u00e9fense de Ferdinand Nahimana, une [&hellip;]<\/p>\n","protected":false},"author":64,"featured_media":0,"comment_status":"open","ping_status":"closed","sticky":false,"template":"","format":"standard","meta":{"_acf_changed":false,"footnotes":""},"categories":[554],"tags":[],"ji_location":[],"class_list":["post-5356","post","type-post","status-publish","format-standard","hentry","category-hirondellenews"],"acf":[],"yoast_head":"<!-- This site is optimized with the Yoast SEO Premium plugin v25.3.1 (Yoast SEO v25.3.1) - https:\/\/yoast.com\/wordpress\/plugins\/seo\/ -->\n<title>02.12.2002 - TPIR\/MEDIAS - LE PROCES DES MEDIAS A REPRIS LUNDI DEVANT LE TPIR - JusticeInfo.net<\/title>\n<meta name=\"robots\" content=\"index, follow, max-snippet:-1, max-image-preview:large, max-video-preview:-1\" \/>\n<link rel=\"canonical\" href=\"https:\/\/www.justiceinfo.net\/fr\/5356-02122002-tpirmedias-le-proces-des-medias-a-repris-lundi-devant-le-tpir2146.html\" \/>\n<meta property=\"og:locale\" content=\"fr_FR\" \/>\n<meta property=\"og:type\" content=\"article\" \/>\n<meta property=\"og:title\" content=\"02.12.2002 - TPIR\/MEDIAS - LE PROCES DES MEDIAS A REPRIS LUNDI DEVANT LE TPIR\" \/>\n<meta property=\"og:description\" content=\"Arusha, le 2 d\u00e9cembre 2002 (FH) - Le proc\u00e8s des anciens responsables des &quot;m\u00e9dias de la haine&quot; a repris lundi devant le Tribunal p\u00e9nal international pour le Rwanda (TPIR) avec la poursuite de la pr\u00e9sentation des preuves \u00e0 d\u00e9charge. La chambre a entendu la d\u00e9position du septi\u00e8me t\u00e9moin de la d\u00e9fense de Ferdinand Nahimana, une [&hellip;]\" \/>\n<meta property=\"og:url\" content=\"https:\/\/www.justiceinfo.net\/fr\/5356-02122002-tpirmedias-le-proces-des-medias-a-repris-lundi-devant-le-tpir2146.html\" \/>\n<meta property=\"og:site_name\" content=\"JusticeInfo.net\" \/>\n<meta property=\"article:publisher\" content=\"https:\/\/www.facebook.com\/JusticeInfo\/\" \/>\n<meta property=\"article:published_time\" content=\"2002-12-01T23:00:00+00:00\" \/>\n<meta property=\"og:image\" content=\"https:\/\/www.justiceinfo.net\/wp-content\/uploads\/JusticeInfoNet_logo_1200x630px.jpg\" \/>\n\t<meta property=\"og:image:width\" content=\"1200\" \/>\n\t<meta property=\"og:image:height\" content=\"630\" \/>\n\t<meta property=\"og:image:type\" content=\"image\/jpeg\" \/>\n<meta name=\"author\" content=\"solivri\" \/>\n<meta name=\"twitter:card\" content=\"summary_large_image\" \/>\n<meta name=\"twitter:creator\" content=\"@justiceinfonet\" \/>\n<meta name=\"twitter:site\" content=\"@justiceinfonet\" \/>\n<meta name=\"twitter:label1\" content=\"\u00c9crit par\" \/>\n\t<meta name=\"twitter:data1\" content=\"solivri\" \/>\n\t<meta name=\"twitter:label2\" content=\"Dur\u00e9e de lecture estim\u00e9e\" \/>\n\t<meta name=\"twitter:data2\" content=\"2 minutes\" \/>\n<script type=\"application\/ld+json\" class=\"yoast-schema-graph\">{\"@context\":\"https:\/\/schema.org\",\"@graph\":[{\"@type\":\"NewsArticle\",\"@id\":\"https:\/\/www.justiceinfo.net\/fr\/5356-02122002-tpirmedias-le-proces-des-medias-a-repris-lundi-devant-le-tpir2146.html#article\",\"isPartOf\":{\"@id\":\"https:\/\/www.justiceinfo.net\/fr\/5356-02122002-tpirmedias-le-proces-des-medias-a-repris-lundi-devant-le-tpir2146.html\"},\"author\":{\"name\":\"solivri\",\"@id\":\"https:\/\/www.justiceinfo.net\/fr#\/schema\/person\/6e53cba1629e2e66f3fc1821d3091865\"},\"headline\":\"02.12.2002 - TPIR\/MEDIAS - LE PROCES DES MEDIAS A REPRIS LUNDI DEVANT LE TPIR\",\"datePublished\":\"2002-12-01T23:00:00+00:00\",\"mainEntityOfPage\":{\"@id\":\"https:\/\/www.justiceinfo.net\/fr\/5356-02122002-tpirmedias-le-proces-des-medias-a-repris-lundi-devant-le-tpir2146.html\"},\"wordCount\":377,\"commentCount\":0,\"publisher\":{\"@id\":\"https:\/\/www.justiceinfo.net\/fr#organization\"},\"articleSection\":[\"Hirondelle News\"],\"inLanguage\":\"fr-FR\",\"potentialAction\":[{\"@type\":\"CommentAction\",\"name\":\"Comment\",\"target\":[\"https:\/\/www.justiceinfo.net\/fr\/5356-02122002-tpirmedias-le-proces-des-medias-a-repris-lundi-devant-le-tpir2146.html#respond\"]}]},{\"@type\":\"WebPage\",\"@id\":\"https:\/\/www.justiceinfo.net\/fr\/5356-02122002-tpirmedias-le-proces-des-medias-a-repris-lundi-devant-le-tpir2146.html\",\"url\":\"https:\/\/www.justiceinfo.net\/fr\/5356-02122002-tpirmedias-le-proces-des-medias-a-repris-lundi-devant-le-tpir2146.html\",\"name\":\"02.12.2002 - TPIR\/MEDIAS - LE PROCES DES MEDIAS A REPRIS LUNDI DEVANT LE TPIR - JusticeInfo.net\",\"isPartOf\":{\"@id\":\"https:\/\/www.justiceinfo.net\/fr#website\"},\"datePublished\":\"2002-12-01T23:00:00+00:00\",\"breadcrumb\":{\"@id\":\"https:\/\/www.justiceinfo.net\/fr\/5356-02122002-tpirmedias-le-proces-des-medias-a-repris-lundi-devant-le-tpir2146.html#breadcrumb\"},\"inLanguage\":\"fr-FR\",\"potentialAction\":[{\"@type\":\"ReadAction\",\"target\":[\"https:\/\/www.justiceinfo.net\/fr\/5356-02122002-tpirmedias-le-proces-des-medias-a-repris-lundi-devant-le-tpir2146.html\"]}]},{\"@type\":\"BreadcrumbList\",\"@id\":\"https:\/\/www.justiceinfo.net\/fr\/5356-02122002-tpirmedias-le-proces-des-medias-a-repris-lundi-devant-le-tpir2146.html#breadcrumb\",\"itemListElement\":[{\"@type\":\"ListItem\",\"position\":1,\"name\":\"Home\",\"item\":\"https:\/\/www.justiceinfo.net\/fr\"},{\"@type\":\"ListItem\",\"position\":2,\"name\":\"02.12.2002 - TPIR\/MEDIAS - LE PROCES DES MEDIAS A REPRIS LUNDI DEVANT LE TPIR\"}]},{\"@type\":\"WebSite\",\"@id\":\"https:\/\/www.justiceinfo.net\/fr#website\",\"url\":\"https:\/\/www.justiceinfo.net\/fr\",\"name\":\"JusticeInfo.net\",\"description\":\"La justice doit \u00eatre vue pour \u00eatre rendue\",\"publisher\":{\"@id\":\"https:\/\/www.justiceinfo.net\/fr#organization\"},\"potentialAction\":[{\"@type\":\"SearchAction\",\"target\":{\"@type\":\"EntryPoint\",\"urlTemplate\":\"https:\/\/www.justiceinfo.net\/fr?s={search_term_string}\"},\"query-input\":{\"@type\":\"PropertyValueSpecification\",\"valueRequired\":true,\"valueName\":\"search_term_string\"}}],\"inLanguage\":\"fr-FR\"},{\"@type\":\"Organization\",\"@id\":\"https:\/\/www.justiceinfo.net\/fr#organization\",\"name\":\"Justice Info\",\"url\":\"https:\/\/www.justiceinfo.net\/fr\",\"logo\":{\"@type\":\"ImageObject\",\"inLanguage\":\"fr-FR\",\"@id\":\"https:\/\/www.justiceinfo.net\/fr#\/schema\/logo\/image\/\",\"url\":\"https:\/\/www.justiceinfo.net\/wp-content\/uploads\/justiceinfo_logo-trans_1200x1200px.png\",\"contentUrl\":\"https:\/\/www.justiceinfo.net\/wp-content\/uploads\/justiceinfo_logo-trans_1200x1200px.png\",\"width\":1199,\"height\":1200,\"caption\":\"Justice Info\"},\"image\":{\"@id\":\"https:\/\/www.justiceinfo.net\/fr#\/schema\/logo\/image\/\"},\"sameAs\":[\"https:\/\/www.facebook.com\/JusticeInfo\/\",\"https:\/\/x.com\/justiceinfonet\",\"https:\/\/www.linkedin.com\/company\/justice-info\",\"https:\/\/www.youtube.com\/channel\/UCyCEsARodyuWtkWyhn-e7pA\"]},{\"@type\":\"Person\",\"name\":\"solivri\",\"url\":\"\/fr\/?s=solivri\"}]}<\/script>\n<!-- \/ Yoast SEO Premium plugin. -->","yoast_head_json":{"title":"02.12.2002 - TPIR\/MEDIAS - LE PROCES DES MEDIAS A REPRIS LUNDI DEVANT LE TPIR - JusticeInfo.net","robots":{"index":"index","follow":"follow","max-snippet":"max-snippet:-1","max-image-preview":"max-image-preview:large","max-video-preview":"max-video-preview:-1"},"canonical":"https:\/\/www.justiceinfo.net\/fr\/5356-02122002-tpirmedias-le-proces-des-medias-a-repris-lundi-devant-le-tpir2146.html","og_locale":"fr_FR","og_type":"article","og_title":"02.12.2002 - TPIR\/MEDIAS - LE PROCES DES MEDIAS A REPRIS LUNDI DEVANT LE TPIR","og_description":"Arusha, le 2 d\u00e9cembre 2002 (FH) - Le proc\u00e8s des anciens responsables des \"m\u00e9dias de la haine\" a repris lundi devant le Tribunal p\u00e9nal international pour le Rwanda (TPIR) avec la poursuite de la pr\u00e9sentation des preuves \u00e0 d\u00e9charge. La chambre a entendu la d\u00e9position du septi\u00e8me t\u00e9moin de la d\u00e9fense de Ferdinand Nahimana, une [&hellip;]","og_url":"https:\/\/www.justiceinfo.net\/fr\/5356-02122002-tpirmedias-le-proces-des-medias-a-repris-lundi-devant-le-tpir2146.html","og_site_name":"JusticeInfo.net","article_publisher":"https:\/\/www.facebook.com\/JusticeInfo\/","article_published_time":"2002-12-01T23:00:00+00:00","og_image":[{"width":1200,"height":630,"url":"https:\/\/www.justiceinfo.net\/wp-content\/uploads\/JusticeInfoNet_logo_1200x630px.jpg","type":"image\/jpeg"}],"author":"solivri","twitter_card":"summary_large_image","twitter_creator":"@justiceinfonet","twitter_site":"@justiceinfonet","twitter_misc":{"\u00c9crit par":"solivri","Dur\u00e9e de lecture estim\u00e9e":"2 minutes"},"schema":{"@context":"https:\/\/schema.org","@graph":[{"@type":"NewsArticle","@id":"https:\/\/www.justiceinfo.net\/fr\/5356-02122002-tpirmedias-le-proces-des-medias-a-repris-lundi-devant-le-tpir2146.html#article","isPartOf":{"@id":"https:\/\/www.justiceinfo.net\/fr\/5356-02122002-tpirmedias-le-proces-des-medias-a-repris-lundi-devant-le-tpir2146.html"},"author":{"name":"solivri","@id":"https:\/\/www.justiceinfo.net\/fr#\/schema\/person\/6e53cba1629e2e66f3fc1821d3091865"},"headline":"02.12.2002 - TPIR\/MEDIAS - LE PROCES DES MEDIAS A REPRIS LUNDI DEVANT LE TPIR","datePublished":"2002-12-01T23:00:00+00:00","mainEntityOfPage":{"@id":"https:\/\/www.justiceinfo.net\/fr\/5356-02122002-tpirmedias-le-proces-des-medias-a-repris-lundi-devant-le-tpir2146.html"},"wordCount":377,"commentCount":0,"publisher":{"@id":"https:\/\/www.justiceinfo.net\/fr#organization"},"articleSection":["Hirondelle News"],"inLanguage":"fr-FR","potentialAction":[{"@type":"CommentAction","name":"Comment","target":["https:\/\/www.justiceinfo.net\/fr\/5356-02122002-tpirmedias-le-proces-des-medias-a-repris-lundi-devant-le-tpir2146.html#respond"]}]},{"@type":"WebPage","@id":"https:\/\/www.justiceinfo.net\/fr\/5356-02122002-tpirmedias-le-proces-des-medias-a-repris-lundi-devant-le-tpir2146.html","url":"https:\/\/www.justiceinfo.net\/fr\/5356-02122002-tpirmedias-le-proces-des-medias-a-repris-lundi-devant-le-tpir2146.html","name":"02.12.2002 - TPIR\/MEDIAS - LE PROCES DES MEDIAS A REPRIS LUNDI DEVANT LE TPIR - JusticeInfo.net","isPartOf":{"@id":"https:\/\/www.justiceinfo.net\/fr#website"},"datePublished":"2002-12-01T23:00:00+00:00","breadcrumb":{"@id":"https:\/\/www.justiceinfo.net\/fr\/5356-02122002-tpirmedias-le-proces-des-medias-a-repris-lundi-devant-le-tpir2146.html#breadcrumb"},"inLanguage":"fr-FR","potentialAction":[{"@type":"ReadAction","target":["https:\/\/www.justiceinfo.net\/fr\/5356-02122002-tpirmedias-le-proces-des-medias-a-repris-lundi-devant-le-tpir2146.html"]}]},{"@type":"BreadcrumbList","@id":"https:\/\/www.justiceinfo.net\/fr\/5356-02122002-tpirmedias-le-proces-des-medias-a-repris-lundi-devant-le-tpir2146.html#breadcrumb","itemListElement":[{"@type":"ListItem","position":1,"name":"Home","item":"https:\/\/www.justiceinfo.net\/fr"},{"@type":"ListItem","position":2,"name":"02.12.2002 - TPIR\/MEDIAS - LE PROCES DES MEDIAS A REPRIS LUNDI DEVANT LE TPIR"}]},{"@type":"WebSite","@id":"https:\/\/www.justiceinfo.net\/fr#website","url":"https:\/\/www.justiceinfo.net\/fr","name":"JusticeInfo.net","description":"La justice doit \u00eatre vue pour \u00eatre rendue","publisher":{"@id":"https:\/\/www.justiceinfo.net\/fr#organization"},"potentialAction":[{"@type":"SearchAction","target":{"@type":"EntryPoint","urlTemplate":"https:\/\/www.justiceinfo.net\/fr?s={search_term_string}"},"query-input":{"@type":"PropertyValueSpecification","valueRequired":true,"valueName":"search_term_string"}}],"inLanguage":"fr-FR"},{"@type":"Organization","@id":"https:\/\/www.justiceinfo.net\/fr#organization","name":"Justice Info","url":"https:\/\/www.justiceinfo.net\/fr","logo":{"@type":"ImageObject","inLanguage":"fr-FR","@id":"https:\/\/www.justiceinfo.net\/fr#\/schema\/logo\/image\/","url":"https:\/\/www.justiceinfo.net\/wp-content\/uploads\/justiceinfo_logo-trans_1200x1200px.png","contentUrl":"https:\/\/www.justiceinfo.net\/wp-content\/uploads\/justiceinfo_logo-trans_1200x1200px.png","width":1199,"height":1200,"caption":"Justice Info"},"image":{"@id":"https:\/\/www.justiceinfo.net\/fr#\/schema\/logo\/image\/"},"sameAs":["https:\/\/www.facebook.com\/JusticeInfo\/","https:\/\/x.com\/justiceinfonet","https:\/\/www.linkedin.com\/company\/justice-info","https:\/\/www.youtube.com\/channel\/UCyCEsARodyuWtkWyhn-e7pA"]},{"@type":"Person","name":"solivri","url":"\/fr\/?s=solivri"}]}},"_links":{"self":[{"href":"https:\/\/www.justiceinfo.net\/fr\/wp-json\/wp\/v2\/posts\/5356","targetHints":{"allow":["GET"]}}],"collection":[{"href":"https:\/\/www.justiceinfo.net\/fr\/wp-json\/wp\/v2\/posts"}],"about":[{"href":"https:\/\/www.justiceinfo.net\/fr\/wp-json\/wp\/v2\/types\/post"}],"author":[{"embeddable":true,"href":"https:\/\/www.justiceinfo.net\/fr\/wp-json\/wp\/v2\/users\/64"}],"replies":[{"embeddable":true,"href":"https:\/\/www.justiceinfo.net\/fr\/wp-json\/wp\/v2\/comments?post=5356"}],"version-history":[{"count":0,"href":"https:\/\/www.justiceinfo.net\/fr\/wp-json\/wp\/v2\/posts\/5356\/revisions"}],"wp:attachment":[{"href":"https:\/\/www.justiceinfo.net\/fr\/wp-json\/wp\/v2\/media?parent=5356"}],"wp:term":[{"taxonomy":"category","embeddable":true,"href":"https:\/\/www.justiceinfo.net\/fr\/wp-json\/wp\/v2\/categories?post=5356"},{"taxonomy":"post_tag","embeddable":true,"href":"https:\/\/www.justiceinfo.net\/fr\/wp-json\/wp\/v2\/tags?post=5356"},{"taxonomy":"ji_location","embeddable":true,"href":"https:\/\/www.justiceinfo.net\/fr\/wp-json\/wp\/v2\/ji_location?post=5356"}],"curies":[{"name":"wp","href":"https:\/\/api.w.org\/{rel}","templated":true}]}}