{"id":5378,"date":"2002-11-21T00:00:00","date_gmt":"2002-11-20T23:00:00","guid":{"rendered":"https:\/\/www.justiceinfo.net\/5378-21112002-tpirmilitaires-nsengiyumva-etait-en-faveur-du-multipartisme-selon-la-defense2168.html"},"modified":"2002-11-21T00:00:00","modified_gmt":"2002-11-20T23:00:00","slug":"21112002-tpirmilitaires-nsengiyumva-etait-en-faveur-du-multipartisme-selon-la-defense2168","status":"publish","type":"post","link":"https:\/\/www.justiceinfo.net\/fr\/5378-21112002-tpirmilitaires-nsengiyumva-etait-en-faveur-du-multipartisme-selon-la-defense2168.html","title":{"rendered":"21.11.2002 - TPIR\/MILITAIRES - NSENGIYUMVA ETAIT EN FAVEUR DU MULTIPARTISME, SELON LA DEFENSE"},"content":{"rendered":"<p  >\nArusha, le 21 novembre 2002 (FH) \u2013 Le d\u00e9fense de l'ancien commandant de la r\u00e9gion militaire de Gisenyi (ouest du Rwanda), le lieutenant-colonel Anatole<br \/>\nNsengiyumva, a affirm\u00e9 jeudi que son client \u00e9tait pour l'instauration du pluralisme politique au Rwanda.\n<\/p>\n<p  >\nl'avocat kenyan Me Ottachi Bw'Omwana, co-conseil de l'accus\u00e9, a fait cette d\u00e9claration au cours du contre-interrogatoire D'Alison Des Forges, l'historienne am\u00e9ricaine et activiste des droits de l'homme, cit\u00e9e comme expert par le parquet dans le \"proc\u00e8s des militaires\" en cours devant le Tribunal p\u00e9nal international pour le Rwanda (TPIR).\n<\/p>\n<p><!--more--><\/p>\n<p  >\n\"Je ne pense pas que [Nsengiyumva] ait sinc\u00e8rement cru \u00e0 l'id\u00e9e du multipartisme\", a soutenu Mme Des Forges, expliquant que l'accus\u00e9 recommandait des changements \"pour r\u00e9pondre \u00e0 la pression internationale\".\n<\/p>\n<p  >\nD'apr\u00e8s l'expert, \"ces changements \u00e9taient in\u00e9vitables mais peu d\u00e9sirables\", du moins dans l'esprit de Nsengiyumva. l'accus\u00e9 aurait fait r\u00e9f\u00e9rence au fameux \"vent de la d\u00e9mocratie\" qui commen\u00e7ait \u00e0 souffler \u00e0 travers l'Afrique, et conclu que \"ce vent (...) va nous balayer\". C'est \"une des tactiques venues D'Europe pour perp\u00e9tuer la domination coloniale\", aurait-il-dit.\n<\/p>\n<p  >\nMe Ottachi a cependant relev\u00e9 que son client avait, en 1990, sugg\u00e9r\u00e9 au pr\u00e9sident de la r\u00e9publique, Juv\u00e9nal Habyarimana, que le Rwanda ne pouvait pas \u00e9chapper au processus de d\u00e9mocratisation et pr\u00f4nait la tenue d\u2019\u00e9lections.\n<\/p>\n<p  >\nl'accus\u00e9 se serait cependant pos\u00e9 la question de savoir comment on allait g\u00e9rer ce changement, basant ses inqui\u00e9tudes sur le fait que les partis politiques naissants seraient entach\u00e9s D'une connotation r\u00e9gionale ou ethnique.\n<\/p>\n<p  >\nA ce sujet, Mme Des Forges a indiqu\u00e9 que la cr\u00e9ation du multipartisme ne pouvait donner lieu \u00e0 des divisions \"car elles existaient d\u00e9j\u00e0\". \"Elle a donc contribu\u00e9 \u00e0 les aggraver\", a-t-elle clarifi\u00e9.\n<\/p>\n<p  >\nLe multipartisme a vu le jour au Rwanda en 1991. Des n\u00e9gociations de paix avec le FPR (l'ex-mouvement rebelle du Front Patriotique Rwandais), entam\u00e9es en 1993, devaient aboutir \u00e0 la mise sur pied D'un gouvernement \u00e0 base \u00e9largie.\n<\/p>\n<p  >\nLe parquet all\u00e8gue que Nsengiyumva et ses co-accus\u00e9s \u00e9taient contre ces accords, rest\u00e9s lettre morte en raison notamment du g\u00e9nocide d\u00e9clench\u00e9 le 6 avril 1994 \u00e0 la suite de l'attentat contre le pr\u00e9sident Habyarimana.\n<\/p>\n<p  >\nNsengiyumva est co-accus\u00e9 avec trois autres hauts officiers des ex-Forces arm\u00e9es rwandaises (ex-FAR): l'ancien directeur de cabinet au minist\u00e8re de la d\u00e9fense, le colonel Th\u00e9oneste Bagosora, l'ancien responsable des op\u00e9rations militaires \u00e0 l'Etat major de l'arm\u00e9e, le g\u00e9n\u00e9ral de brigade Gratien Kabiligi, ainsi que l'ancien commandant du bataillon para-commando de Kigali, le major Aloys Ntabakuze.\n<\/p>\n<p  >\nIls sont notamment accus\u00e9s D'entente en vue de commettre le g\u00e9nocide et de crimes de guerre. Le parquet all\u00e8gue que les quatre hauts grad\u00e9s des ex-FAR<br \/>\nsont parmi les principaux responsables de la trag\u00e9die rwandaise qui a emport\u00e9 la vie D'un million de personnes D'avril \u00e0 juillet 1994. Ils plaident non coupables.\n<\/p>\n<p  >\nLe proc\u00e8s des militaires se d\u00e9roule devant la troisi\u00e8me chambre de premi\u00e8re instance du TPIR, pr\u00e9sid\u00e9e par le juge George Lloyd Williams de Saint Kitts<br \/>\net Nevis, et compos\u00e9e en outre des juges, slov\u00e8ne, Pavel Dolenc, et s\u00e9n\u00e9galaise, Andr\u00e9sie Vaz.\n<\/p>\n<p  >\nContrairement \u00e0 ses habitudes, la troisi\u00e8me chambre si\u00e8gera vendredi \"pour gagner du temps\".\n<\/p>\n<p  >\nGA\/CE\/GF\/FH (ML-1121A)<\/p>\n","protected":false},"excerpt":{"rendered":"<p>Arusha, le 21 novembre 2002 (FH) \u2013 Le d\u00e9fense de l'ancien commandant de la r\u00e9gion militaire de Gisenyi (ouest du Rwanda), le lieutenant-colonel Anatole Nsengiyumva, a affirm\u00e9 jeudi que son client \u00e9tait pour l'instauration du pluralisme politique au Rwanda. l'avocat kenyan Me Ottachi Bw'Omwana, co-conseil de l'accus\u00e9, a fait cette d\u00e9claration au cours du contre-interrogatoire [&hellip;]<\/p>\n","protected":false},"author":64,"featured_media":0,"comment_status":"open","ping_status":"closed","sticky":false,"template":"","format":"standard","meta":{"_acf_changed":false,"footnotes":""},"categories":[554],"tags":[],"ji_location":[],"class_list":["post-5378","post","type-post","status-publish","format-standard","hentry","category-hirondellenews"],"acf":[],"yoast_head":"<!-- This site is optimized with the Yoast SEO Premium plugin v25.3.1 (Yoast SEO v25.3.1) - https:\/\/yoast.com\/wordpress\/plugins\/seo\/ -->\n<title>21.11.2002 - TPIR\/MILITAIRES - NSENGIYUMVA ETAIT EN FAVEUR DU MULTIPARTISME, SELON LA DEFENSE - JusticeInfo.net<\/title>\n<meta name=\"robots\" content=\"index, follow, max-snippet:-1, max-image-preview:large, max-video-preview:-1\" \/>\n<link rel=\"canonical\" href=\"https:\/\/www.justiceinfo.net\/fr\/5378-21112002-tpirmilitaires-nsengiyumva-etait-en-faveur-du-multipartisme-selon-la-defense2168.html\" \/>\n<meta property=\"og:locale\" content=\"fr_FR\" \/>\n<meta property=\"og:type\" content=\"article\" \/>\n<meta property=\"og:title\" content=\"21.11.2002 - TPIR\/MILITAIRES - NSENGIYUMVA ETAIT EN FAVEUR DU MULTIPARTISME, SELON LA DEFENSE\" \/>\n<meta property=\"og:description\" content=\"Arusha, le 21 novembre 2002 (FH) \u2013 Le d\u00e9fense de l&#039;ancien commandant de la r\u00e9gion militaire de Gisenyi (ouest du Rwanda), le lieutenant-colonel Anatole Nsengiyumva, a affirm\u00e9 jeudi que son client \u00e9tait pour l&#039;instauration du pluralisme politique au Rwanda. l&#039;avocat kenyan Me Ottachi Bw&#039;Omwana, co-conseil de l&#039;accus\u00e9, a fait cette d\u00e9claration au cours du contre-interrogatoire [&hellip;]\" \/>\n<meta property=\"og:url\" content=\"https:\/\/www.justiceinfo.net\/fr\/5378-21112002-tpirmilitaires-nsengiyumva-etait-en-faveur-du-multipartisme-selon-la-defense2168.html\" \/>\n<meta property=\"og:site_name\" content=\"JusticeInfo.net\" \/>\n<meta property=\"article:publisher\" content=\"https:\/\/www.facebook.com\/JusticeInfo\/\" \/>\n<meta property=\"article:published_time\" content=\"2002-11-20T23:00:00+00:00\" \/>\n<meta property=\"og:image\" content=\"https:\/\/www.justiceinfo.net\/wp-content\/uploads\/JusticeInfoNet_logo_1200x630px.jpg\" \/>\n\t<meta property=\"og:image:width\" content=\"1200\" \/>\n\t<meta property=\"og:image:height\" content=\"630\" \/>\n\t<meta property=\"og:image:type\" content=\"image\/jpeg\" \/>\n<meta name=\"author\" content=\"solivri\" \/>\n<meta name=\"twitter:card\" content=\"summary_large_image\" \/>\n<meta name=\"twitter:creator\" content=\"@justiceinfonet\" \/>\n<meta name=\"twitter:site\" content=\"@justiceinfonet\" \/>\n<meta name=\"twitter:label1\" content=\"\u00c9crit par\" \/>\n\t<meta name=\"twitter:data1\" content=\"solivri\" \/>\n\t<meta name=\"twitter:label2\" content=\"Dur\u00e9e de lecture estim\u00e9e\" \/>\n\t<meta name=\"twitter:data2\" content=\"3 minutes\" \/>\n<script type=\"application\/ld+json\" class=\"yoast-schema-graph\">{\"@context\":\"https:\/\/schema.org\",\"@graph\":[{\"@type\":\"NewsArticle\",\"@id\":\"https:\/\/www.justiceinfo.net\/fr\/5378-21112002-tpirmilitaires-nsengiyumva-etait-en-faveur-du-multipartisme-selon-la-defense2168.html#article\",\"isPartOf\":{\"@id\":\"https:\/\/www.justiceinfo.net\/fr\/5378-21112002-tpirmilitaires-nsengiyumva-etait-en-faveur-du-multipartisme-selon-la-defense2168.html\"},\"author\":{\"name\":\"solivri\",\"@id\":\"https:\/\/www.justiceinfo.net\/fr#\/schema\/person\/6e53cba1629e2e66f3fc1821d3091865\"},\"headline\":\"21.11.2002 - TPIR\/MILITAIRES - NSENGIYUMVA ETAIT EN FAVEUR DU MULTIPARTISME, SELON LA DEFENSE\",\"datePublished\":\"2002-11-20T23:00:00+00:00\",\"mainEntityOfPage\":{\"@id\":\"https:\/\/www.justiceinfo.net\/fr\/5378-21112002-tpirmilitaires-nsengiyumva-etait-en-faveur-du-multipartisme-selon-la-defense2168.html\"},\"wordCount\":596,\"commentCount\":0,\"publisher\":{\"@id\":\"https:\/\/www.justiceinfo.net\/fr#organization\"},\"articleSection\":[\"Hirondelle News\"],\"inLanguage\":\"fr-FR\",\"potentialAction\":[{\"@type\":\"CommentAction\",\"name\":\"Comment\",\"target\":[\"https:\/\/www.justiceinfo.net\/fr\/5378-21112002-tpirmilitaires-nsengiyumva-etait-en-faveur-du-multipartisme-selon-la-defense2168.html#respond\"]}]},{\"@type\":\"WebPage\",\"@id\":\"https:\/\/www.justiceinfo.net\/fr\/5378-21112002-tpirmilitaires-nsengiyumva-etait-en-faveur-du-multipartisme-selon-la-defense2168.html\",\"url\":\"https:\/\/www.justiceinfo.net\/fr\/5378-21112002-tpirmilitaires-nsengiyumva-etait-en-faveur-du-multipartisme-selon-la-defense2168.html\",\"name\":\"21.11.2002 - TPIR\/MILITAIRES - NSENGIYUMVA ETAIT EN FAVEUR DU MULTIPARTISME, SELON LA DEFENSE - JusticeInfo.net\",\"isPartOf\":{\"@id\":\"https:\/\/www.justiceinfo.net\/fr#website\"},\"datePublished\":\"2002-11-20T23:00:00+00:00\",\"breadcrumb\":{\"@id\":\"https:\/\/www.justiceinfo.net\/fr\/5378-21112002-tpirmilitaires-nsengiyumva-etait-en-faveur-du-multipartisme-selon-la-defense2168.html#breadcrumb\"},\"inLanguage\":\"fr-FR\",\"potentialAction\":[{\"@type\":\"ReadAction\",\"target\":[\"https:\/\/www.justiceinfo.net\/fr\/5378-21112002-tpirmilitaires-nsengiyumva-etait-en-faveur-du-multipartisme-selon-la-defense2168.html\"]}]},{\"@type\":\"BreadcrumbList\",\"@id\":\"https:\/\/www.justiceinfo.net\/fr\/5378-21112002-tpirmilitaires-nsengiyumva-etait-en-faveur-du-multipartisme-selon-la-defense2168.html#breadcrumb\",\"itemListElement\":[{\"@type\":\"ListItem\",\"position\":1,\"name\":\"Home\",\"item\":\"https:\/\/www.justiceinfo.net\/fr\"},{\"@type\":\"ListItem\",\"position\":2,\"name\":\"21.11.2002 - TPIR\/MILITAIRES - NSENGIYUMVA ETAIT EN FAVEUR DU MULTIPARTISME, SELON LA DEFENSE\"}]},{\"@type\":\"WebSite\",\"@id\":\"https:\/\/www.justiceinfo.net\/fr#website\",\"url\":\"https:\/\/www.justiceinfo.net\/fr\",\"name\":\"JusticeInfo.net\",\"description\":\"La justice doit \u00eatre vue pour \u00eatre rendue\",\"publisher\":{\"@id\":\"https:\/\/www.justiceinfo.net\/fr#organization\"},\"potentialAction\":[{\"@type\":\"SearchAction\",\"target\":{\"@type\":\"EntryPoint\",\"urlTemplate\":\"https:\/\/www.justiceinfo.net\/fr?s={search_term_string}\"},\"query-input\":{\"@type\":\"PropertyValueSpecification\",\"valueRequired\":true,\"valueName\":\"search_term_string\"}}],\"inLanguage\":\"fr-FR\"},{\"@type\":\"Organization\",\"@id\":\"https:\/\/www.justiceinfo.net\/fr#organization\",\"name\":\"Justice Info\",\"url\":\"https:\/\/www.justiceinfo.net\/fr\",\"logo\":{\"@type\":\"ImageObject\",\"inLanguage\":\"fr-FR\",\"@id\":\"https:\/\/www.justiceinfo.net\/fr#\/schema\/logo\/image\/\",\"url\":\"https:\/\/www.justiceinfo.net\/wp-content\/uploads\/justiceinfo_logo-trans_1200x1200px.png\",\"contentUrl\":\"https:\/\/www.justiceinfo.net\/wp-content\/uploads\/justiceinfo_logo-trans_1200x1200px.png\",\"width\":1199,\"height\":1200,\"caption\":\"Justice Info\"},\"image\":{\"@id\":\"https:\/\/www.justiceinfo.net\/fr#\/schema\/logo\/image\/\"},\"sameAs\":[\"https:\/\/www.facebook.com\/JusticeInfo\/\",\"https:\/\/x.com\/justiceinfonet\",\"https:\/\/www.linkedin.com\/company\/justice-info\",\"https:\/\/www.youtube.com\/channel\/UCyCEsARodyuWtkWyhn-e7pA\"]},{\"@type\":\"Person\",\"name\":\"solivri\",\"url\":\"\/fr\/?s=solivri\"}]}<\/script>\n<!-- \/ Yoast SEO Premium plugin. -->","yoast_head_json":{"title":"21.11.2002 - TPIR\/MILITAIRES - NSENGIYUMVA ETAIT EN FAVEUR DU MULTIPARTISME, SELON LA DEFENSE - JusticeInfo.net","robots":{"index":"index","follow":"follow","max-snippet":"max-snippet:-1","max-image-preview":"max-image-preview:large","max-video-preview":"max-video-preview:-1"},"canonical":"https:\/\/www.justiceinfo.net\/fr\/5378-21112002-tpirmilitaires-nsengiyumva-etait-en-faveur-du-multipartisme-selon-la-defense2168.html","og_locale":"fr_FR","og_type":"article","og_title":"21.11.2002 - TPIR\/MILITAIRES - NSENGIYUMVA ETAIT EN FAVEUR DU MULTIPARTISME, SELON LA DEFENSE","og_description":"Arusha, le 21 novembre 2002 (FH) \u2013 Le d\u00e9fense de l'ancien commandant de la r\u00e9gion militaire de Gisenyi (ouest du Rwanda), le lieutenant-colonel Anatole Nsengiyumva, a affirm\u00e9 jeudi que son client \u00e9tait pour l'instauration du pluralisme politique au Rwanda. l'avocat kenyan Me Ottachi Bw'Omwana, co-conseil de l'accus\u00e9, a fait cette d\u00e9claration au cours du contre-interrogatoire [&hellip;]","og_url":"https:\/\/www.justiceinfo.net\/fr\/5378-21112002-tpirmilitaires-nsengiyumva-etait-en-faveur-du-multipartisme-selon-la-defense2168.html","og_site_name":"JusticeInfo.net","article_publisher":"https:\/\/www.facebook.com\/JusticeInfo\/","article_published_time":"2002-11-20T23:00:00+00:00","og_image":[{"width":1200,"height":630,"url":"https:\/\/www.justiceinfo.net\/wp-content\/uploads\/JusticeInfoNet_logo_1200x630px.jpg","type":"image\/jpeg"}],"author":"solivri","twitter_card":"summary_large_image","twitter_creator":"@justiceinfonet","twitter_site":"@justiceinfonet","twitter_misc":{"\u00c9crit par":"solivri","Dur\u00e9e de lecture estim\u00e9e":"3 minutes"},"schema":{"@context":"https:\/\/schema.org","@graph":[{"@type":"NewsArticle","@id":"https:\/\/www.justiceinfo.net\/fr\/5378-21112002-tpirmilitaires-nsengiyumva-etait-en-faveur-du-multipartisme-selon-la-defense2168.html#article","isPartOf":{"@id":"https:\/\/www.justiceinfo.net\/fr\/5378-21112002-tpirmilitaires-nsengiyumva-etait-en-faveur-du-multipartisme-selon-la-defense2168.html"},"author":{"name":"solivri","@id":"https:\/\/www.justiceinfo.net\/fr#\/schema\/person\/6e53cba1629e2e66f3fc1821d3091865"},"headline":"21.11.2002 - TPIR\/MILITAIRES - NSENGIYUMVA ETAIT EN FAVEUR DU MULTIPARTISME, SELON LA DEFENSE","datePublished":"2002-11-20T23:00:00+00:00","mainEntityOfPage":{"@id":"https:\/\/www.justiceinfo.net\/fr\/5378-21112002-tpirmilitaires-nsengiyumva-etait-en-faveur-du-multipartisme-selon-la-defense2168.html"},"wordCount":596,"commentCount":0,"publisher":{"@id":"https:\/\/www.justiceinfo.net\/fr#organization"},"articleSection":["Hirondelle News"],"inLanguage":"fr-FR","potentialAction":[{"@type":"CommentAction","name":"Comment","target":["https:\/\/www.justiceinfo.net\/fr\/5378-21112002-tpirmilitaires-nsengiyumva-etait-en-faveur-du-multipartisme-selon-la-defense2168.html#respond"]}]},{"@type":"WebPage","@id":"https:\/\/www.justiceinfo.net\/fr\/5378-21112002-tpirmilitaires-nsengiyumva-etait-en-faveur-du-multipartisme-selon-la-defense2168.html","url":"https:\/\/www.justiceinfo.net\/fr\/5378-21112002-tpirmilitaires-nsengiyumva-etait-en-faveur-du-multipartisme-selon-la-defense2168.html","name":"21.11.2002 - TPIR\/MILITAIRES - NSENGIYUMVA ETAIT EN FAVEUR DU MULTIPARTISME, SELON LA DEFENSE - JusticeInfo.net","isPartOf":{"@id":"https:\/\/www.justiceinfo.net\/fr#website"},"datePublished":"2002-11-20T23:00:00+00:00","breadcrumb":{"@id":"https:\/\/www.justiceinfo.net\/fr\/5378-21112002-tpirmilitaires-nsengiyumva-etait-en-faveur-du-multipartisme-selon-la-defense2168.html#breadcrumb"},"inLanguage":"fr-FR","potentialAction":[{"@type":"ReadAction","target":["https:\/\/www.justiceinfo.net\/fr\/5378-21112002-tpirmilitaires-nsengiyumva-etait-en-faveur-du-multipartisme-selon-la-defense2168.html"]}]},{"@type":"BreadcrumbList","@id":"https:\/\/www.justiceinfo.net\/fr\/5378-21112002-tpirmilitaires-nsengiyumva-etait-en-faveur-du-multipartisme-selon-la-defense2168.html#breadcrumb","itemListElement":[{"@type":"ListItem","position":1,"name":"Home","item":"https:\/\/www.justiceinfo.net\/fr"},{"@type":"ListItem","position":2,"name":"21.11.2002 - TPIR\/MILITAIRES - NSENGIYUMVA ETAIT EN FAVEUR DU MULTIPARTISME, SELON LA DEFENSE"}]},{"@type":"WebSite","@id":"https:\/\/www.justiceinfo.net\/fr#website","url":"https:\/\/www.justiceinfo.net\/fr","name":"JusticeInfo.net","description":"La justice doit \u00eatre vue pour \u00eatre rendue","publisher":{"@id":"https:\/\/www.justiceinfo.net\/fr#organization"},"potentialAction":[{"@type":"SearchAction","target":{"@type":"EntryPoint","urlTemplate":"https:\/\/www.justiceinfo.net\/fr?s={search_term_string}"},"query-input":{"@type":"PropertyValueSpecification","valueRequired":true,"valueName":"search_term_string"}}],"inLanguage":"fr-FR"},{"@type":"Organization","@id":"https:\/\/www.justiceinfo.net\/fr#organization","name":"Justice Info","url":"https:\/\/www.justiceinfo.net\/fr","logo":{"@type":"ImageObject","inLanguage":"fr-FR","@id":"https:\/\/www.justiceinfo.net\/fr#\/schema\/logo\/image\/","url":"https:\/\/www.justiceinfo.net\/wp-content\/uploads\/justiceinfo_logo-trans_1200x1200px.png","contentUrl":"https:\/\/www.justiceinfo.net\/wp-content\/uploads\/justiceinfo_logo-trans_1200x1200px.png","width":1199,"height":1200,"caption":"Justice Info"},"image":{"@id":"https:\/\/www.justiceinfo.net\/fr#\/schema\/logo\/image\/"},"sameAs":["https:\/\/www.facebook.com\/JusticeInfo\/","https:\/\/x.com\/justiceinfonet","https:\/\/www.linkedin.com\/company\/justice-info","https:\/\/www.youtube.com\/channel\/UCyCEsARodyuWtkWyhn-e7pA"]},{"@type":"Person","name":"solivri","url":"\/fr\/?s=solivri"}]}},"_links":{"self":[{"href":"https:\/\/www.justiceinfo.net\/fr\/wp-json\/wp\/v2\/posts\/5378","targetHints":{"allow":["GET"]}}],"collection":[{"href":"https:\/\/www.justiceinfo.net\/fr\/wp-json\/wp\/v2\/posts"}],"about":[{"href":"https:\/\/www.justiceinfo.net\/fr\/wp-json\/wp\/v2\/types\/post"}],"author":[{"embeddable":true,"href":"https:\/\/www.justiceinfo.net\/fr\/wp-json\/wp\/v2\/users\/64"}],"replies":[{"embeddable":true,"href":"https:\/\/www.justiceinfo.net\/fr\/wp-json\/wp\/v2\/comments?post=5378"}],"version-history":[{"count":0,"href":"https:\/\/www.justiceinfo.net\/fr\/wp-json\/wp\/v2\/posts\/5378\/revisions"}],"wp:attachment":[{"href":"https:\/\/www.justiceinfo.net\/fr\/wp-json\/wp\/v2\/media?parent=5378"}],"wp:term":[{"taxonomy":"category","embeddable":true,"href":"https:\/\/www.justiceinfo.net\/fr\/wp-json\/wp\/v2\/categories?post=5378"},{"taxonomy":"post_tag","embeddable":true,"href":"https:\/\/www.justiceinfo.net\/fr\/wp-json\/wp\/v2\/tags?post=5378"},{"taxonomy":"ji_location","embeddable":true,"href":"https:\/\/www.justiceinfo.net\/fr\/wp-json\/wp\/v2\/ji_location?post=5378"}],"curies":[{"name":"wp","href":"https:\/\/api.w.org\/{rel}","templated":true}]}}