{"id":5439,"date":"2002-10-25T00:00:00","date_gmt":"2002-10-24T22:00:00","guid":{"rendered":"https:\/\/www.justiceinfo.net\/5439-25102002-tpirmedias-nahimana-desapprouvait-les-interahamwe-selon-un-temoin2229.html"},"modified":"2002-10-25T00:00:00","modified_gmt":"2002-10-24T22:00:00","slug":"25102002-tpirmedias-nahimana-desapprouvait-les-interahamwe-selon-un-temoin2229","status":"publish","type":"post","link":"https:\/\/www.justiceinfo.net\/fr\/5439-25102002-tpirmedias-nahimana-desapprouvait-les-interahamwe-selon-un-temoin2229.html","title":{"rendered":"25.10.2002 - TPIR\/MEDIAS - NAHIMANA DESAPPROUVAIT LES INTERAHAMWE, SELON UN TEMOIN"},"content":{"rendered":"<p  >\nArusha, le 25 octobre 2002 (FH) - Ferdinand Nahimana, un des trois accus\u00e9s dans le proc\u00e8s des \"m\u00e9dias de la haine\", d\u00e9sapprouvait le comportement de la jeunesse Interahamwe, a affirm\u00e9 un t\u00e9moin de la d\u00e9fense, vendredi, devant le Tribunal p\u00e9nal international pour le Rwanda (TPIR).\n<\/p>\n<p  >\nD\u00e9sign\u00e9 par les lettres I 2 pour pr\u00e9server son anonymat, le t\u00e9moin \u00e9tait membre du comit\u00e9 provincial de l'ex-parti pr\u00e9sidentiel, le Mouvement r\u00e9publicain national pour la d\u00e9mocratie et le d\u00e9veloppement (MRND), \u00e0 Ruhengeri (nord du Rwanda) en m\u00eame temps que Ferdinand Nahimana.\n<\/p>\n<p><!--more--><\/p>\n<p  >\nConsid\u00e9r\u00e9s comme le fer de lance du g\u00e9nocide anti-tutsi et des massacres D'opposants qui ont fait un million de morts au Rwanda en 1994, les Interahamwe \u00e9taient affili\u00e9s au MRND.\n<\/p>\n<p  >\nLe t\u00e9moin a affirm\u00e9 que Ferdinand Nahimana et lui-m\u00eame faisaient partie de l'aile novatrice du MRND. Ferdinand Nahimana \"a r\u00e9prouv\u00e9 sans \u00e9quivoque ces gens\" bien avant le g\u00e9nocide, a d\u00e9clar\u00e9 le t\u00e9moin.\n<\/p>\n<p  >\n\"Nous constations qu\u2019ils [les Interahamwe] \u00e9taient compos\u00e9s de brigands, qu'ils \u00e9taient financ\u00e9s par des structures extra-MRND et qu'ils \u00e9chappaient aux structures du parti\", a-t-il expliqu\u00e9.\n<\/p>\n<p  >\nLe t\u00e9moin a confirm\u00e9 la d\u00e9position de Ferdinand Nahimana lui-m\u00eame selon laquelle le comit\u00e9 provincial du MRND \u00e0 Ruhengeri \u00e9tait oppos\u00e9 aux Interahamwe. \"Nous n'avions aucune relation, ni fonctionnelle, ni organique par rapport aux Interahamwe de Ruhengeri. Par contre nous \u00e9tions oppos\u00e9s \u00e0 leurs m\u00e9thodes et \u00e0 leurs pratiques\".\n<\/p>\n<p  >\nLe t\u00e9moin a indiqu\u00e9 qu'\u00e0 un moment donn\u00e9 les Interahamwe avaient agress\u00e9 les opposants politiques et d\u00e9truit leurs maisons notamment \u00e0 Ruhengeri. Le comit\u00e9 provincial avait condamn\u00e9 leur attitude, a-t-il dit. \"Ils agissaient contre toute orientation que nous jugions opportune\", a d\u00e9clar\u00e9 le t\u00e9moin.\n<\/p>\n<p  >\nLe parquet du TPIR affirme que Ferdinand Nahimana avait des liens \u00e9troits avec les Interahamwe. l'accus\u00e9 le nie.\n<\/p>\n<p  >\nPromoteur all\u00e9gu\u00e9 de la Radio-t\u00e9l\u00e9vision libre des Mille collines (RTLM) qui a incit\u00e9 au g\u00e9nocide, Ferdinand Nahimana est coaccus\u00e9 avec l'ancien conseiller politique au minist\u00e8re des affaires \u00e9trang\u00e8res et membre du comit\u00e9 D'initiative de la RTLM, Jean-Bosco Barayagwiza, ainsi qu'avec l'ancien directeur et r\u00e9dacteur en chef de la revue Kangura, Hassan Ngeze.\n<\/p>\n<p  >\nLe proc\u00e8s se d\u00e9roule devant la premi\u00e8re chambre de premi\u00e8re instance du TPIR pr\u00e9sid\u00e9e par la juge sud-africaine Navanethem Pillay et comprenant en outre<br \/>\nles juges, norv\u00e9gien Erik Mose et sri-lankais Asoka de Zoysa Gunawardana.\n<\/p>\n<p  >\nLundi prochain, la juge Pillay sera absente mais le proc\u00e8s se poursuivra sans elle pendant quelques jours comme le permet le R\u00e8glement.\n<\/p>\n<p  >\nAT\/CE\/GF\/FH (ME-1025A )<\/p>\n","protected":false},"excerpt":{"rendered":"<p>Arusha, le 25 octobre 2002 (FH) - Ferdinand Nahimana, un des trois accus\u00e9s dans le proc\u00e8s des \"m\u00e9dias de la haine\", d\u00e9sapprouvait le comportement de la jeunesse Interahamwe, a affirm\u00e9 un t\u00e9moin de la d\u00e9fense, vendredi, devant le Tribunal p\u00e9nal international pour le Rwanda (TPIR). D\u00e9sign\u00e9 par les lettres I 2 pour pr\u00e9server son anonymat, [&hellip;]<\/p>\n","protected":false},"author":64,"featured_media":0,"comment_status":"open","ping_status":"closed","sticky":false,"template":"","format":"standard","meta":{"_acf_changed":false,"footnotes":""},"categories":[554],"tags":[],"ji_location":[],"class_list":["post-5439","post","type-post","status-publish","format-standard","hentry","category-hirondellenews"],"acf":[],"yoast_head":"<!-- This site is optimized with the Yoast SEO Premium plugin v25.3.1 (Yoast SEO v25.3.1) - https:\/\/yoast.com\/wordpress\/plugins\/seo\/ -->\n<title>25.10.2002 - TPIR\/MEDIAS - NAHIMANA DESAPPROUVAIT LES INTERAHAMWE, SELON UN TEMOIN - JusticeInfo.net<\/title>\n<meta name=\"robots\" content=\"index, follow, max-snippet:-1, max-image-preview:large, max-video-preview:-1\" \/>\n<link rel=\"canonical\" href=\"https:\/\/www.justiceinfo.net\/fr\/5439-25102002-tpirmedias-nahimana-desapprouvait-les-interahamwe-selon-un-temoin2229.html\" \/>\n<meta property=\"og:locale\" content=\"fr_FR\" \/>\n<meta property=\"og:type\" content=\"article\" \/>\n<meta property=\"og:title\" content=\"25.10.2002 - TPIR\/MEDIAS - NAHIMANA DESAPPROUVAIT LES INTERAHAMWE, SELON UN TEMOIN\" \/>\n<meta property=\"og:description\" content=\"Arusha, le 25 octobre 2002 (FH) - Ferdinand Nahimana, un des trois accus\u00e9s dans le proc\u00e8s des &quot;m\u00e9dias de la haine&quot;, d\u00e9sapprouvait le comportement de la jeunesse Interahamwe, a affirm\u00e9 un t\u00e9moin de la d\u00e9fense, vendredi, devant le Tribunal p\u00e9nal international pour le Rwanda (TPIR). D\u00e9sign\u00e9 par les lettres I 2 pour pr\u00e9server son anonymat, [&hellip;]\" \/>\n<meta property=\"og:url\" content=\"https:\/\/www.justiceinfo.net\/fr\/5439-25102002-tpirmedias-nahimana-desapprouvait-les-interahamwe-selon-un-temoin2229.html\" \/>\n<meta property=\"og:site_name\" content=\"JusticeInfo.net\" \/>\n<meta property=\"article:publisher\" content=\"https:\/\/www.facebook.com\/JusticeInfo\/\" \/>\n<meta property=\"article:published_time\" content=\"2002-10-24T22:00:00+00:00\" \/>\n<meta property=\"og:image\" content=\"https:\/\/www.justiceinfo.net\/wp-content\/uploads\/JusticeInfoNet_logo_1200x630px.jpg\" \/>\n\t<meta property=\"og:image:width\" content=\"1200\" \/>\n\t<meta property=\"og:image:height\" content=\"630\" \/>\n\t<meta property=\"og:image:type\" content=\"image\/jpeg\" \/>\n<meta name=\"author\" content=\"solivri\" \/>\n<meta name=\"twitter:card\" content=\"summary_large_image\" \/>\n<meta name=\"twitter:creator\" content=\"@justiceinfonet\" \/>\n<meta name=\"twitter:site\" content=\"@justiceinfonet\" \/>\n<meta name=\"twitter:label1\" content=\"\u00c9crit par\" \/>\n\t<meta name=\"twitter:data1\" content=\"solivri\" \/>\n\t<meta name=\"twitter:label2\" content=\"Dur\u00e9e de lecture estim\u00e9e\" \/>\n\t<meta name=\"twitter:data2\" content=\"2 minutes\" \/>\n<script type=\"application\/ld+json\" class=\"yoast-schema-graph\">{\"@context\":\"https:\/\/schema.org\",\"@graph\":[{\"@type\":\"NewsArticle\",\"@id\":\"https:\/\/www.justiceinfo.net\/fr\/5439-25102002-tpirmedias-nahimana-desapprouvait-les-interahamwe-selon-un-temoin2229.html#article\",\"isPartOf\":{\"@id\":\"https:\/\/www.justiceinfo.net\/fr\/5439-25102002-tpirmedias-nahimana-desapprouvait-les-interahamwe-selon-un-temoin2229.html\"},\"author\":{\"name\":\"solivri\",\"@id\":\"https:\/\/www.justiceinfo.net\/fr#\/schema\/person\/6e53cba1629e2e66f3fc1821d3091865\"},\"headline\":\"25.10.2002 - TPIR\/MEDIAS - NAHIMANA DESAPPROUVAIT LES INTERAHAMWE, SELON UN TEMOIN\",\"datePublished\":\"2002-10-24T22:00:00+00:00\",\"mainEntityOfPage\":{\"@id\":\"https:\/\/www.justiceinfo.net\/fr\/5439-25102002-tpirmedias-nahimana-desapprouvait-les-interahamwe-selon-un-temoin2229.html\"},\"wordCount\":466,\"commentCount\":0,\"publisher\":{\"@id\":\"https:\/\/www.justiceinfo.net\/fr#organization\"},\"articleSection\":[\"Hirondelle News\"],\"inLanguage\":\"fr-FR\",\"potentialAction\":[{\"@type\":\"CommentAction\",\"name\":\"Comment\",\"target\":[\"https:\/\/www.justiceinfo.net\/fr\/5439-25102002-tpirmedias-nahimana-desapprouvait-les-interahamwe-selon-un-temoin2229.html#respond\"]}]},{\"@type\":\"WebPage\",\"@id\":\"https:\/\/www.justiceinfo.net\/fr\/5439-25102002-tpirmedias-nahimana-desapprouvait-les-interahamwe-selon-un-temoin2229.html\",\"url\":\"https:\/\/www.justiceinfo.net\/fr\/5439-25102002-tpirmedias-nahimana-desapprouvait-les-interahamwe-selon-un-temoin2229.html\",\"name\":\"25.10.2002 - TPIR\/MEDIAS - NAHIMANA DESAPPROUVAIT LES INTERAHAMWE, SELON UN TEMOIN - JusticeInfo.net\",\"isPartOf\":{\"@id\":\"https:\/\/www.justiceinfo.net\/fr#website\"},\"datePublished\":\"2002-10-24T22:00:00+00:00\",\"breadcrumb\":{\"@id\":\"https:\/\/www.justiceinfo.net\/fr\/5439-25102002-tpirmedias-nahimana-desapprouvait-les-interahamwe-selon-un-temoin2229.html#breadcrumb\"},\"inLanguage\":\"fr-FR\",\"potentialAction\":[{\"@type\":\"ReadAction\",\"target\":[\"https:\/\/www.justiceinfo.net\/fr\/5439-25102002-tpirmedias-nahimana-desapprouvait-les-interahamwe-selon-un-temoin2229.html\"]}]},{\"@type\":\"BreadcrumbList\",\"@id\":\"https:\/\/www.justiceinfo.net\/fr\/5439-25102002-tpirmedias-nahimana-desapprouvait-les-interahamwe-selon-un-temoin2229.html#breadcrumb\",\"itemListElement\":[{\"@type\":\"ListItem\",\"position\":1,\"name\":\"Home\",\"item\":\"https:\/\/www.justiceinfo.net\/fr\"},{\"@type\":\"ListItem\",\"position\":2,\"name\":\"25.10.2002 - TPIR\/MEDIAS - NAHIMANA DESAPPROUVAIT LES INTERAHAMWE, SELON UN TEMOIN\"}]},{\"@type\":\"WebSite\",\"@id\":\"https:\/\/www.justiceinfo.net\/fr#website\",\"url\":\"https:\/\/www.justiceinfo.net\/fr\",\"name\":\"JusticeInfo.net\",\"description\":\"La justice doit \u00eatre vue pour \u00eatre rendue\",\"publisher\":{\"@id\":\"https:\/\/www.justiceinfo.net\/fr#organization\"},\"potentialAction\":[{\"@type\":\"SearchAction\",\"target\":{\"@type\":\"EntryPoint\",\"urlTemplate\":\"https:\/\/www.justiceinfo.net\/fr?s={search_term_string}\"},\"query-input\":{\"@type\":\"PropertyValueSpecification\",\"valueRequired\":true,\"valueName\":\"search_term_string\"}}],\"inLanguage\":\"fr-FR\"},{\"@type\":\"Organization\",\"@id\":\"https:\/\/www.justiceinfo.net\/fr#organization\",\"name\":\"Justice Info\",\"url\":\"https:\/\/www.justiceinfo.net\/fr\",\"logo\":{\"@type\":\"ImageObject\",\"inLanguage\":\"fr-FR\",\"@id\":\"https:\/\/www.justiceinfo.net\/fr#\/schema\/logo\/image\/\",\"url\":\"https:\/\/www.justiceinfo.net\/wp-content\/uploads\/justiceinfo_logo-trans_1200x1200px.png\",\"contentUrl\":\"https:\/\/www.justiceinfo.net\/wp-content\/uploads\/justiceinfo_logo-trans_1200x1200px.png\",\"width\":1199,\"height\":1200,\"caption\":\"Justice Info\"},\"image\":{\"@id\":\"https:\/\/www.justiceinfo.net\/fr#\/schema\/logo\/image\/\"},\"sameAs\":[\"https:\/\/www.facebook.com\/JusticeInfo\/\",\"https:\/\/x.com\/justiceinfonet\",\"https:\/\/www.linkedin.com\/company\/justice-info\",\"https:\/\/www.youtube.com\/channel\/UCyCEsARodyuWtkWyhn-e7pA\"]},{\"@type\":\"Person\",\"name\":\"solivri\",\"url\":\"\/fr\/?s=solivri\"}]}<\/script>\n<!-- \/ Yoast SEO Premium plugin. -->","yoast_head_json":{"title":"25.10.2002 - TPIR\/MEDIAS - NAHIMANA DESAPPROUVAIT LES INTERAHAMWE, SELON UN TEMOIN - JusticeInfo.net","robots":{"index":"index","follow":"follow","max-snippet":"max-snippet:-1","max-image-preview":"max-image-preview:large","max-video-preview":"max-video-preview:-1"},"canonical":"https:\/\/www.justiceinfo.net\/fr\/5439-25102002-tpirmedias-nahimana-desapprouvait-les-interahamwe-selon-un-temoin2229.html","og_locale":"fr_FR","og_type":"article","og_title":"25.10.2002 - TPIR\/MEDIAS - NAHIMANA DESAPPROUVAIT LES INTERAHAMWE, SELON UN TEMOIN","og_description":"Arusha, le 25 octobre 2002 (FH) - Ferdinand Nahimana, un des trois accus\u00e9s dans le proc\u00e8s des \"m\u00e9dias de la haine\", d\u00e9sapprouvait le comportement de la jeunesse Interahamwe, a affirm\u00e9 un t\u00e9moin de la d\u00e9fense, vendredi, devant le Tribunal p\u00e9nal international pour le Rwanda (TPIR). D\u00e9sign\u00e9 par les lettres I 2 pour pr\u00e9server son anonymat, [&hellip;]","og_url":"https:\/\/www.justiceinfo.net\/fr\/5439-25102002-tpirmedias-nahimana-desapprouvait-les-interahamwe-selon-un-temoin2229.html","og_site_name":"JusticeInfo.net","article_publisher":"https:\/\/www.facebook.com\/JusticeInfo\/","article_published_time":"2002-10-24T22:00:00+00:00","og_image":[{"width":1200,"height":630,"url":"https:\/\/www.justiceinfo.net\/wp-content\/uploads\/JusticeInfoNet_logo_1200x630px.jpg","type":"image\/jpeg"}],"author":"solivri","twitter_card":"summary_large_image","twitter_creator":"@justiceinfonet","twitter_site":"@justiceinfonet","twitter_misc":{"\u00c9crit par":"solivri","Dur\u00e9e de lecture estim\u00e9e":"2 minutes"},"schema":{"@context":"https:\/\/schema.org","@graph":[{"@type":"NewsArticle","@id":"https:\/\/www.justiceinfo.net\/fr\/5439-25102002-tpirmedias-nahimana-desapprouvait-les-interahamwe-selon-un-temoin2229.html#article","isPartOf":{"@id":"https:\/\/www.justiceinfo.net\/fr\/5439-25102002-tpirmedias-nahimana-desapprouvait-les-interahamwe-selon-un-temoin2229.html"},"author":{"name":"solivri","@id":"https:\/\/www.justiceinfo.net\/fr#\/schema\/person\/6e53cba1629e2e66f3fc1821d3091865"},"headline":"25.10.2002 - TPIR\/MEDIAS - NAHIMANA DESAPPROUVAIT LES INTERAHAMWE, SELON UN TEMOIN","datePublished":"2002-10-24T22:00:00+00:00","mainEntityOfPage":{"@id":"https:\/\/www.justiceinfo.net\/fr\/5439-25102002-tpirmedias-nahimana-desapprouvait-les-interahamwe-selon-un-temoin2229.html"},"wordCount":466,"commentCount":0,"publisher":{"@id":"https:\/\/www.justiceinfo.net\/fr#organization"},"articleSection":["Hirondelle News"],"inLanguage":"fr-FR","potentialAction":[{"@type":"CommentAction","name":"Comment","target":["https:\/\/www.justiceinfo.net\/fr\/5439-25102002-tpirmedias-nahimana-desapprouvait-les-interahamwe-selon-un-temoin2229.html#respond"]}]},{"@type":"WebPage","@id":"https:\/\/www.justiceinfo.net\/fr\/5439-25102002-tpirmedias-nahimana-desapprouvait-les-interahamwe-selon-un-temoin2229.html","url":"https:\/\/www.justiceinfo.net\/fr\/5439-25102002-tpirmedias-nahimana-desapprouvait-les-interahamwe-selon-un-temoin2229.html","name":"25.10.2002 - TPIR\/MEDIAS - NAHIMANA DESAPPROUVAIT LES INTERAHAMWE, SELON UN TEMOIN - JusticeInfo.net","isPartOf":{"@id":"https:\/\/www.justiceinfo.net\/fr#website"},"datePublished":"2002-10-24T22:00:00+00:00","breadcrumb":{"@id":"https:\/\/www.justiceinfo.net\/fr\/5439-25102002-tpirmedias-nahimana-desapprouvait-les-interahamwe-selon-un-temoin2229.html#breadcrumb"},"inLanguage":"fr-FR","potentialAction":[{"@type":"ReadAction","target":["https:\/\/www.justiceinfo.net\/fr\/5439-25102002-tpirmedias-nahimana-desapprouvait-les-interahamwe-selon-un-temoin2229.html"]}]},{"@type":"BreadcrumbList","@id":"https:\/\/www.justiceinfo.net\/fr\/5439-25102002-tpirmedias-nahimana-desapprouvait-les-interahamwe-selon-un-temoin2229.html#breadcrumb","itemListElement":[{"@type":"ListItem","position":1,"name":"Home","item":"https:\/\/www.justiceinfo.net\/fr"},{"@type":"ListItem","position":2,"name":"25.10.2002 - TPIR\/MEDIAS - NAHIMANA DESAPPROUVAIT LES INTERAHAMWE, SELON UN TEMOIN"}]},{"@type":"WebSite","@id":"https:\/\/www.justiceinfo.net\/fr#website","url":"https:\/\/www.justiceinfo.net\/fr","name":"JusticeInfo.net","description":"La justice doit \u00eatre vue pour \u00eatre rendue","publisher":{"@id":"https:\/\/www.justiceinfo.net\/fr#organization"},"potentialAction":[{"@type":"SearchAction","target":{"@type":"EntryPoint","urlTemplate":"https:\/\/www.justiceinfo.net\/fr?s={search_term_string}"},"query-input":{"@type":"PropertyValueSpecification","valueRequired":true,"valueName":"search_term_string"}}],"inLanguage":"fr-FR"},{"@type":"Organization","@id":"https:\/\/www.justiceinfo.net\/fr#organization","name":"Justice Info","url":"https:\/\/www.justiceinfo.net\/fr","logo":{"@type":"ImageObject","inLanguage":"fr-FR","@id":"https:\/\/www.justiceinfo.net\/fr#\/schema\/logo\/image\/","url":"https:\/\/www.justiceinfo.net\/wp-content\/uploads\/justiceinfo_logo-trans_1200x1200px.png","contentUrl":"https:\/\/www.justiceinfo.net\/wp-content\/uploads\/justiceinfo_logo-trans_1200x1200px.png","width":1199,"height":1200,"caption":"Justice Info"},"image":{"@id":"https:\/\/www.justiceinfo.net\/fr#\/schema\/logo\/image\/"},"sameAs":["https:\/\/www.facebook.com\/JusticeInfo\/","https:\/\/x.com\/justiceinfonet","https:\/\/www.linkedin.com\/company\/justice-info","https:\/\/www.youtube.com\/channel\/UCyCEsARodyuWtkWyhn-e7pA"]},{"@type":"Person","name":"solivri","url":"\/fr\/?s=solivri"}]}},"_links":{"self":[{"href":"https:\/\/www.justiceinfo.net\/fr\/wp-json\/wp\/v2\/posts\/5439","targetHints":{"allow":["GET"]}}],"collection":[{"href":"https:\/\/www.justiceinfo.net\/fr\/wp-json\/wp\/v2\/posts"}],"about":[{"href":"https:\/\/www.justiceinfo.net\/fr\/wp-json\/wp\/v2\/types\/post"}],"author":[{"embeddable":true,"href":"https:\/\/www.justiceinfo.net\/fr\/wp-json\/wp\/v2\/users\/64"}],"replies":[{"embeddable":true,"href":"https:\/\/www.justiceinfo.net\/fr\/wp-json\/wp\/v2\/comments?post=5439"}],"version-history":[{"count":0,"href":"https:\/\/www.justiceinfo.net\/fr\/wp-json\/wp\/v2\/posts\/5439\/revisions"}],"wp:attachment":[{"href":"https:\/\/www.justiceinfo.net\/fr\/wp-json\/wp\/v2\/media?parent=5439"}],"wp:term":[{"taxonomy":"category","embeddable":true,"href":"https:\/\/www.justiceinfo.net\/fr\/wp-json\/wp\/v2\/categories?post=5439"},{"taxonomy":"post_tag","embeddable":true,"href":"https:\/\/www.justiceinfo.net\/fr\/wp-json\/wp\/v2\/tags?post=5439"},{"taxonomy":"ji_location","embeddable":true,"href":"https:\/\/www.justiceinfo.net\/fr\/wp-json\/wp\/v2\/ji_location?post=5439"}],"curies":[{"name":"wp","href":"https:\/\/api.w.org\/{rel}","templated":true}]}}