{"id":5479,"date":"2002-10-09T00:00:00","date_gmt":"2002-10-08T22:00:00","guid":{"rendered":"https:\/\/www.justiceinfo.net\/5479-09102002-tpirkajelijeli-le-proces-de-lex-maire-juvenal-kajelijeli-suspendu-jusqau-18-novemb2269.html"},"modified":"2002-10-09T00:00:00","modified_gmt":"2002-10-08T22:00:00","slug":"09102002-tpirkajelijeli-le-proces-de-lex-maire-juvenal-kajelijeli-suspendu-jusqau-18-novemb2269","status":"publish","type":"post","link":"https:\/\/www.justiceinfo.net\/fr\/5479-09102002-tpirkajelijeli-le-proces-de-lex-maire-juvenal-kajelijeli-suspendu-jusqau-18-novemb2269.html","title":{"rendered":"09.10.2002 - TPIR\/KAJELIJELI - LE PROCES DE l'EX-MAIRE JUVENAL KAJELIJELI SUSPENDU JUSQ'AU 18 NOVEMB"},"content":{"rendered":"<p  >\nArusha, le 9 octobre, 2002 (FH) - Le proc\u00e8s de l'ex-maire de Mukingo (province Ruhengeri, nord du Rwanda), Juv\u00e9nal Kajelijeli, a \u00e9t\u00e9 suspendu jusqu'au 18 novembre, a-t-on appris mercredi au Tribunal p\u00e9nal p\u00e9nal international pour le Rwanda (TPIR).\n<\/p>\n<p  >\nIl s'agit D'un report pr\u00e9coce, cons\u00e9cutif au retard des t\u00e9moins en provenance du Rwanda.\n<\/p>\n<p><!--more--><\/p>\n<p  >\nLes d\u00e9bats auraient d\u00fb normalement \u00eatre suspendus le 10 octobre. Depuis le week-end dernier, le Tribunal attendait en effet l'arriv\u00e9e de quatre t\u00e9moins de la d\u00e9fense d\u00e9tenus au Rwanda, mais ces derniers n'ont pas quitt\u00e9 la prison de Ruhengeri pour des raisons non identifi\u00e9es clairement.\n<\/p>\n<p  >\nLa deuxi\u00e8me chambre de premi\u00e8re instance du TPIR poursuivra lundi prochain le proc\u00e8s de six personnes poursuivies pour g\u00e9nocide en province de Butare (sud du Rwanda) qui alterne avec celui de Juv\u00e9nal Kajelijeli. Ce proc\u00e8s avait \u00e9t\u00e9 ajourn\u00e9 \u00e0 la fin du mois de juin, suite \u00e9galememt au probl\u00e8me de manque de t\u00e9moins en provenance du Rwanda.\n<\/p>\n<p  >\nUn conflit centr\u00e9 notamment sur la protection des t\u00e9moins opposait les associations de rescap\u00e9s du g\u00e9nocide de 1994 appuy\u00e9es en cela par le gouvernement du Rwanda, au Tribunal D'Arusha.\n<\/p>\n<p  >\nM\u00eame si de part et D'autre il n'y a pas eu de d\u00e9claration officielle permettant de d\u00e9duire que cette crise est termin\u00e9e, la tension a apparemment baiss\u00e9.\n<\/p>\n<p  >\nLa d\u00e9fense de Juv\u00e9nal Kajelijeli a indiqu\u00e9 qu'il lui reste \u00e0 citer dix-sept t\u00e9moins des faits et deux experts. l'accus\u00e9 devrait \u00e9galement t\u00e9moigner pour sa propre cause. Onze t\u00e9moins de la d\u00e9fense ont \u00e9t\u00e9 d\u00e9j\u00e0 entendus.\n<\/p>\n<p  >\nJuv\u00e9nal Kajelijeli est repr\u00e9sentr\u00e9 par deux professeurs de droit, l'Am\u00e9ricain Lennox Hinds et le Congolais Nkeyi Bompaka.\n<\/p>\n<p  >\nAvant la suspension de la session mercredi, Me Lennox Hinds a fait \u00e9tat de ses inqui\u00e9tudes relativement \u00e0 l'intimidation qu'aurait subie l'un de ces t\u00e9moins, d\u00e9tenu au Rwanda. \"Le procureur-adjoint de Ruhengeri au Rwanda aurait appel\u00e9 notre t\u00e9moin RGM et aurait fait pression sur lui pour qu'il ne vienne pas d\u00e9poser devant votre chambre\" a d\u00e9clar\u00e9 Me Hinds.\n<\/p>\n<p  >\nl'avocat, qui a toutefois indiqu\u00e9 n'avoir pas encore v\u00e9rifi\u00e9 ces informations, a ajout\u00e9 que les autorit\u00e9s judiciaires de Ruhengeri auraient tent\u00e9 \u00e0 deux reprises D'obliger le t\u00e9moin \u00e0 changer de d\u00e9claration.\n<\/p>\n<p  >\nRGM est un d\u00e9tenu qui a plaid\u00e9 coupable de g\u00e9nocide devant un tribunal rwandais. Il a reconnu avoir dirig\u00e9 les miliciens qui ont perp\u00e9tr\u00e9 des massacres de Tutsis \u00e0 la paroisse de Busogo. Il devrait venir t\u00e9moigner en faveur de Kajelijeli que le parquet accuse notamment D'avoir organis\u00e9 les dits massacres.\n<\/p>\n<p  >\nParall\u00e8lement, le procureur du TPIR a reconnu avoir viol\u00e9 une ordonnance de la chambre relativement aux mesures de protection des t\u00e9moins de la d\u00e9fense. Un enqu\u00eateur de la poursuite a contact\u00e9 RGM et recueilli une d\u00e9claration de mani\u00e8re irr\u00e9guli\u00e8re.\n<\/p>\n<p  >\nLe substitut australien du procureur, Kenneth Flemming, a promis de communiquer cette d\u00e9claration \u00e0 la d\u00e9fense, et assur\u00e9 que des mesures seront prises pour que de telles erreurs ne se reproduisent plus.\n<\/p>\n<p  >\nJuv\u00e9nal Kajelijeli r\u00e9pond de onze chefs D'accusation de g\u00e9nocide, de crimes contre l'humanit\u00e9 et de crimes de guerre se rapportant aux massacres des Tutsis dans la commune Mukingo et ses environs. Il plaide non-coupable. Le proc\u00e8s Kajelijeli a commenc\u00e9 le 4 juillet 2001.\n<\/p>\n<p  >\nAT\/BN\/GF\/FH (KJ-1009A )<\/p>\n","protected":false},"excerpt":{"rendered":"<p>Arusha, le 9 octobre, 2002 (FH) - Le proc\u00e8s de l'ex-maire de Mukingo (province Ruhengeri, nord du Rwanda), Juv\u00e9nal Kajelijeli, a \u00e9t\u00e9 suspendu jusqu'au 18 novembre, a-t-on appris mercredi au Tribunal p\u00e9nal p\u00e9nal international pour le Rwanda (TPIR). Il s'agit D'un report pr\u00e9coce, cons\u00e9cutif au retard des t\u00e9moins en provenance du Rwanda.<\/p>\n","protected":false},"author":64,"featured_media":0,"comment_status":"open","ping_status":"closed","sticky":false,"template":"","format":"standard","meta":{"_acf_changed":false,"footnotes":""},"categories":[554],"tags":[],"ji_location":[],"class_list":["post-5479","post","type-post","status-publish","format-standard","hentry","category-hirondellenews"],"acf":[],"yoast_head":"<!-- This site is optimized with the Yoast SEO Premium plugin v25.3.1 (Yoast SEO v25.3.1) - https:\/\/yoast.com\/wordpress\/plugins\/seo\/ -->\n<title>09.10.2002 - TPIR\/KAJELIJELI - LE PROCES DE l&#039;EX-MAIRE JUVENAL KAJELIJELI SUSPENDU JUSQ&#039;AU 18 NOVEMB - JusticeInfo.net<\/title>\n<meta name=\"robots\" content=\"index, follow, max-snippet:-1, max-image-preview:large, max-video-preview:-1\" \/>\n<link rel=\"canonical\" href=\"https:\/\/www.justiceinfo.net\/fr\/5479-09102002-tpirkajelijeli-le-proces-de-lex-maire-juvenal-kajelijeli-suspendu-jusqau-18-novemb2269.html\" \/>\n<meta property=\"og:locale\" content=\"fr_FR\" \/>\n<meta property=\"og:type\" content=\"article\" \/>\n<meta property=\"og:title\" content=\"09.10.2002 - TPIR\/KAJELIJELI - LE PROCES DE l&#039;EX-MAIRE JUVENAL KAJELIJELI SUSPENDU JUSQ&#039;AU 18 NOVEMB\" \/>\n<meta property=\"og:description\" content=\"Arusha, le 9 octobre, 2002 (FH) - Le proc\u00e8s de l&#039;ex-maire de Mukingo (province Ruhengeri, nord du Rwanda), Juv\u00e9nal Kajelijeli, a \u00e9t\u00e9 suspendu jusqu&#039;au 18 novembre, a-t-on appris mercredi au Tribunal p\u00e9nal p\u00e9nal international pour le Rwanda (TPIR). Il s&#039;agit D&#039;un report pr\u00e9coce, cons\u00e9cutif au retard des t\u00e9moins en provenance du Rwanda.\" \/>\n<meta property=\"og:url\" content=\"https:\/\/www.justiceinfo.net\/fr\/5479-09102002-tpirkajelijeli-le-proces-de-lex-maire-juvenal-kajelijeli-suspendu-jusqau-18-novemb2269.html\" \/>\n<meta property=\"og:site_name\" content=\"JusticeInfo.net\" \/>\n<meta property=\"article:publisher\" content=\"https:\/\/www.facebook.com\/JusticeInfo\/\" \/>\n<meta property=\"article:published_time\" content=\"2002-10-08T22:00:00+00:00\" \/>\n<meta property=\"og:image\" content=\"https:\/\/www.justiceinfo.net\/wp-content\/uploads\/JusticeInfoNet_logo_1200x630px.jpg\" \/>\n\t<meta property=\"og:image:width\" content=\"1200\" \/>\n\t<meta property=\"og:image:height\" content=\"630\" \/>\n\t<meta property=\"og:image:type\" content=\"image\/jpeg\" \/>\n<meta name=\"author\" content=\"solivri\" \/>\n<meta name=\"twitter:card\" content=\"summary_large_image\" \/>\n<meta name=\"twitter:creator\" content=\"@justiceinfonet\" \/>\n<meta name=\"twitter:site\" content=\"@justiceinfonet\" \/>\n<meta name=\"twitter:label1\" content=\"\u00c9crit par\" \/>\n\t<meta name=\"twitter:data1\" content=\"solivri\" \/>\n\t<meta name=\"twitter:label2\" content=\"Dur\u00e9e de lecture estim\u00e9e\" \/>\n\t<meta name=\"twitter:data2\" content=\"3 minutes\" \/>\n<script type=\"application\/ld+json\" class=\"yoast-schema-graph\">{\"@context\":\"https:\/\/schema.org\",\"@graph\":[{\"@type\":\"NewsArticle\",\"@id\":\"https:\/\/www.justiceinfo.net\/fr\/5479-09102002-tpirkajelijeli-le-proces-de-lex-maire-juvenal-kajelijeli-suspendu-jusqau-18-novemb2269.html#article\",\"isPartOf\":{\"@id\":\"https:\/\/www.justiceinfo.net\/fr\/5479-09102002-tpirkajelijeli-le-proces-de-lex-maire-juvenal-kajelijeli-suspendu-jusqau-18-novemb2269.html\"},\"author\":{\"name\":\"solivri\",\"@id\":\"https:\/\/www.justiceinfo.net\/fr#\/schema\/person\/6e53cba1629e2e66f3fc1821d3091865\"},\"headline\":\"09.10.2002 - TPIR\/KAJELIJELI - LE PROCES DE l'EX-MAIRE JUVENAL KAJELIJELI SUSPENDU JUSQ'AU 18 NOVEMB\",\"datePublished\":\"2002-10-08T22:00:00+00:00\",\"mainEntityOfPage\":{\"@id\":\"https:\/\/www.justiceinfo.net\/fr\/5479-09102002-tpirkajelijeli-le-proces-de-lex-maire-juvenal-kajelijeli-suspendu-jusqau-18-novemb2269.html\"},\"wordCount\":613,\"commentCount\":0,\"publisher\":{\"@id\":\"https:\/\/www.justiceinfo.net\/fr#organization\"},\"articleSection\":[\"Hirondelle News\"],\"inLanguage\":\"fr-FR\",\"potentialAction\":[{\"@type\":\"CommentAction\",\"name\":\"Comment\",\"target\":[\"https:\/\/www.justiceinfo.net\/fr\/5479-09102002-tpirkajelijeli-le-proces-de-lex-maire-juvenal-kajelijeli-suspendu-jusqau-18-novemb2269.html#respond\"]}]},{\"@type\":\"WebPage\",\"@id\":\"https:\/\/www.justiceinfo.net\/fr\/5479-09102002-tpirkajelijeli-le-proces-de-lex-maire-juvenal-kajelijeli-suspendu-jusqau-18-novemb2269.html\",\"url\":\"https:\/\/www.justiceinfo.net\/fr\/5479-09102002-tpirkajelijeli-le-proces-de-lex-maire-juvenal-kajelijeli-suspendu-jusqau-18-novemb2269.html\",\"name\":\"09.10.2002 - TPIR\/KAJELIJELI - LE PROCES DE l'EX-MAIRE JUVENAL KAJELIJELI SUSPENDU JUSQ'AU 18 NOVEMB - JusticeInfo.net\",\"isPartOf\":{\"@id\":\"https:\/\/www.justiceinfo.net\/fr#website\"},\"datePublished\":\"2002-10-08T22:00:00+00:00\",\"breadcrumb\":{\"@id\":\"https:\/\/www.justiceinfo.net\/fr\/5479-09102002-tpirkajelijeli-le-proces-de-lex-maire-juvenal-kajelijeli-suspendu-jusqau-18-novemb2269.html#breadcrumb\"},\"inLanguage\":\"fr-FR\",\"potentialAction\":[{\"@type\":\"ReadAction\",\"target\":[\"https:\/\/www.justiceinfo.net\/fr\/5479-09102002-tpirkajelijeli-le-proces-de-lex-maire-juvenal-kajelijeli-suspendu-jusqau-18-novemb2269.html\"]}]},{\"@type\":\"BreadcrumbList\",\"@id\":\"https:\/\/www.justiceinfo.net\/fr\/5479-09102002-tpirkajelijeli-le-proces-de-lex-maire-juvenal-kajelijeli-suspendu-jusqau-18-novemb2269.html#breadcrumb\",\"itemListElement\":[{\"@type\":\"ListItem\",\"position\":1,\"name\":\"Home\",\"item\":\"https:\/\/www.justiceinfo.net\/fr\"},{\"@type\":\"ListItem\",\"position\":2,\"name\":\"09.10.2002 - TPIR\/KAJELIJELI - LE PROCES DE l'EX-MAIRE JUVENAL KAJELIJELI SUSPENDU JUSQ'AU 18 NOVEMB\"}]},{\"@type\":\"WebSite\",\"@id\":\"https:\/\/www.justiceinfo.net\/fr#website\",\"url\":\"https:\/\/www.justiceinfo.net\/fr\",\"name\":\"JusticeInfo.net\",\"description\":\"La justice doit \u00eatre vue pour \u00eatre rendue\",\"publisher\":{\"@id\":\"https:\/\/www.justiceinfo.net\/fr#organization\"},\"potentialAction\":[{\"@type\":\"SearchAction\",\"target\":{\"@type\":\"EntryPoint\",\"urlTemplate\":\"https:\/\/www.justiceinfo.net\/fr?s={search_term_string}\"},\"query-input\":{\"@type\":\"PropertyValueSpecification\",\"valueRequired\":true,\"valueName\":\"search_term_string\"}}],\"inLanguage\":\"fr-FR\"},{\"@type\":\"Organization\",\"@id\":\"https:\/\/www.justiceinfo.net\/fr#organization\",\"name\":\"Justice Info\",\"url\":\"https:\/\/www.justiceinfo.net\/fr\",\"logo\":{\"@type\":\"ImageObject\",\"inLanguage\":\"fr-FR\",\"@id\":\"https:\/\/www.justiceinfo.net\/fr#\/schema\/logo\/image\/\",\"url\":\"https:\/\/www.justiceinfo.net\/wp-content\/uploads\/justiceinfo_logo-trans_1200x1200px.png\",\"contentUrl\":\"https:\/\/www.justiceinfo.net\/wp-content\/uploads\/justiceinfo_logo-trans_1200x1200px.png\",\"width\":1199,\"height\":1200,\"caption\":\"Justice Info\"},\"image\":{\"@id\":\"https:\/\/www.justiceinfo.net\/fr#\/schema\/logo\/image\/\"},\"sameAs\":[\"https:\/\/www.facebook.com\/JusticeInfo\/\",\"https:\/\/x.com\/justiceinfonet\",\"https:\/\/www.linkedin.com\/company\/justice-info\",\"https:\/\/www.youtube.com\/channel\/UCyCEsARodyuWtkWyhn-e7pA\"]},{\"@type\":\"Person\",\"name\":\"solivri\",\"url\":\"\/fr\/?s=solivri\"}]}<\/script>\n<!-- \/ Yoast SEO Premium plugin. -->","yoast_head_json":{"title":"09.10.2002 - TPIR\/KAJELIJELI - LE PROCES DE l'EX-MAIRE JUVENAL KAJELIJELI SUSPENDU JUSQ'AU 18 NOVEMB - JusticeInfo.net","robots":{"index":"index","follow":"follow","max-snippet":"max-snippet:-1","max-image-preview":"max-image-preview:large","max-video-preview":"max-video-preview:-1"},"canonical":"https:\/\/www.justiceinfo.net\/fr\/5479-09102002-tpirkajelijeli-le-proces-de-lex-maire-juvenal-kajelijeli-suspendu-jusqau-18-novemb2269.html","og_locale":"fr_FR","og_type":"article","og_title":"09.10.2002 - TPIR\/KAJELIJELI - LE PROCES DE l'EX-MAIRE JUVENAL KAJELIJELI SUSPENDU JUSQ'AU 18 NOVEMB","og_description":"Arusha, le 9 octobre, 2002 (FH) - Le proc\u00e8s de l'ex-maire de Mukingo (province Ruhengeri, nord du Rwanda), Juv\u00e9nal Kajelijeli, a \u00e9t\u00e9 suspendu jusqu'au 18 novembre, a-t-on appris mercredi au Tribunal p\u00e9nal p\u00e9nal international pour le Rwanda (TPIR). Il s'agit D'un report pr\u00e9coce, cons\u00e9cutif au retard des t\u00e9moins en provenance du Rwanda.","og_url":"https:\/\/www.justiceinfo.net\/fr\/5479-09102002-tpirkajelijeli-le-proces-de-lex-maire-juvenal-kajelijeli-suspendu-jusqau-18-novemb2269.html","og_site_name":"JusticeInfo.net","article_publisher":"https:\/\/www.facebook.com\/JusticeInfo\/","article_published_time":"2002-10-08T22:00:00+00:00","og_image":[{"width":1200,"height":630,"url":"https:\/\/www.justiceinfo.net\/wp-content\/uploads\/JusticeInfoNet_logo_1200x630px.jpg","type":"image\/jpeg"}],"author":"solivri","twitter_card":"summary_large_image","twitter_creator":"@justiceinfonet","twitter_site":"@justiceinfonet","twitter_misc":{"\u00c9crit par":"solivri","Dur\u00e9e de lecture estim\u00e9e":"3 minutes"},"schema":{"@context":"https:\/\/schema.org","@graph":[{"@type":"NewsArticle","@id":"https:\/\/www.justiceinfo.net\/fr\/5479-09102002-tpirkajelijeli-le-proces-de-lex-maire-juvenal-kajelijeli-suspendu-jusqau-18-novemb2269.html#article","isPartOf":{"@id":"https:\/\/www.justiceinfo.net\/fr\/5479-09102002-tpirkajelijeli-le-proces-de-lex-maire-juvenal-kajelijeli-suspendu-jusqau-18-novemb2269.html"},"author":{"name":"solivri","@id":"https:\/\/www.justiceinfo.net\/fr#\/schema\/person\/6e53cba1629e2e66f3fc1821d3091865"},"headline":"09.10.2002 - TPIR\/KAJELIJELI - LE PROCES DE l'EX-MAIRE JUVENAL KAJELIJELI SUSPENDU JUSQ'AU 18 NOVEMB","datePublished":"2002-10-08T22:00:00+00:00","mainEntityOfPage":{"@id":"https:\/\/www.justiceinfo.net\/fr\/5479-09102002-tpirkajelijeli-le-proces-de-lex-maire-juvenal-kajelijeli-suspendu-jusqau-18-novemb2269.html"},"wordCount":613,"commentCount":0,"publisher":{"@id":"https:\/\/www.justiceinfo.net\/fr#organization"},"articleSection":["Hirondelle News"],"inLanguage":"fr-FR","potentialAction":[{"@type":"CommentAction","name":"Comment","target":["https:\/\/www.justiceinfo.net\/fr\/5479-09102002-tpirkajelijeli-le-proces-de-lex-maire-juvenal-kajelijeli-suspendu-jusqau-18-novemb2269.html#respond"]}]},{"@type":"WebPage","@id":"https:\/\/www.justiceinfo.net\/fr\/5479-09102002-tpirkajelijeli-le-proces-de-lex-maire-juvenal-kajelijeli-suspendu-jusqau-18-novemb2269.html","url":"https:\/\/www.justiceinfo.net\/fr\/5479-09102002-tpirkajelijeli-le-proces-de-lex-maire-juvenal-kajelijeli-suspendu-jusqau-18-novemb2269.html","name":"09.10.2002 - TPIR\/KAJELIJELI - LE PROCES DE l'EX-MAIRE JUVENAL KAJELIJELI SUSPENDU JUSQ'AU 18 NOVEMB - JusticeInfo.net","isPartOf":{"@id":"https:\/\/www.justiceinfo.net\/fr#website"},"datePublished":"2002-10-08T22:00:00+00:00","breadcrumb":{"@id":"https:\/\/www.justiceinfo.net\/fr\/5479-09102002-tpirkajelijeli-le-proces-de-lex-maire-juvenal-kajelijeli-suspendu-jusqau-18-novemb2269.html#breadcrumb"},"inLanguage":"fr-FR","potentialAction":[{"@type":"ReadAction","target":["https:\/\/www.justiceinfo.net\/fr\/5479-09102002-tpirkajelijeli-le-proces-de-lex-maire-juvenal-kajelijeli-suspendu-jusqau-18-novemb2269.html"]}]},{"@type":"BreadcrumbList","@id":"https:\/\/www.justiceinfo.net\/fr\/5479-09102002-tpirkajelijeli-le-proces-de-lex-maire-juvenal-kajelijeli-suspendu-jusqau-18-novemb2269.html#breadcrumb","itemListElement":[{"@type":"ListItem","position":1,"name":"Home","item":"https:\/\/www.justiceinfo.net\/fr"},{"@type":"ListItem","position":2,"name":"09.10.2002 - TPIR\/KAJELIJELI - LE PROCES DE l'EX-MAIRE JUVENAL KAJELIJELI SUSPENDU JUSQ'AU 18 NOVEMB"}]},{"@type":"WebSite","@id":"https:\/\/www.justiceinfo.net\/fr#website","url":"https:\/\/www.justiceinfo.net\/fr","name":"JusticeInfo.net","description":"La justice doit \u00eatre vue pour \u00eatre rendue","publisher":{"@id":"https:\/\/www.justiceinfo.net\/fr#organization"},"potentialAction":[{"@type":"SearchAction","target":{"@type":"EntryPoint","urlTemplate":"https:\/\/www.justiceinfo.net\/fr?s={search_term_string}"},"query-input":{"@type":"PropertyValueSpecification","valueRequired":true,"valueName":"search_term_string"}}],"inLanguage":"fr-FR"},{"@type":"Organization","@id":"https:\/\/www.justiceinfo.net\/fr#organization","name":"Justice Info","url":"https:\/\/www.justiceinfo.net\/fr","logo":{"@type":"ImageObject","inLanguage":"fr-FR","@id":"https:\/\/www.justiceinfo.net\/fr#\/schema\/logo\/image\/","url":"https:\/\/www.justiceinfo.net\/wp-content\/uploads\/justiceinfo_logo-trans_1200x1200px.png","contentUrl":"https:\/\/www.justiceinfo.net\/wp-content\/uploads\/justiceinfo_logo-trans_1200x1200px.png","width":1199,"height":1200,"caption":"Justice Info"},"image":{"@id":"https:\/\/www.justiceinfo.net\/fr#\/schema\/logo\/image\/"},"sameAs":["https:\/\/www.facebook.com\/JusticeInfo\/","https:\/\/x.com\/justiceinfonet","https:\/\/www.linkedin.com\/company\/justice-info","https:\/\/www.youtube.com\/channel\/UCyCEsARodyuWtkWyhn-e7pA"]},{"@type":"Person","name":"solivri","url":"\/fr\/?s=solivri"}]}},"_links":{"self":[{"href":"https:\/\/www.justiceinfo.net\/fr\/wp-json\/wp\/v2\/posts\/5479","targetHints":{"allow":["GET"]}}],"collection":[{"href":"https:\/\/www.justiceinfo.net\/fr\/wp-json\/wp\/v2\/posts"}],"about":[{"href":"https:\/\/www.justiceinfo.net\/fr\/wp-json\/wp\/v2\/types\/post"}],"author":[{"embeddable":true,"href":"https:\/\/www.justiceinfo.net\/fr\/wp-json\/wp\/v2\/users\/64"}],"replies":[{"embeddable":true,"href":"https:\/\/www.justiceinfo.net\/fr\/wp-json\/wp\/v2\/comments?post=5479"}],"version-history":[{"count":0,"href":"https:\/\/www.justiceinfo.net\/fr\/wp-json\/wp\/v2\/posts\/5479\/revisions"}],"wp:attachment":[{"href":"https:\/\/www.justiceinfo.net\/fr\/wp-json\/wp\/v2\/media?parent=5479"}],"wp:term":[{"taxonomy":"category","embeddable":true,"href":"https:\/\/www.justiceinfo.net\/fr\/wp-json\/wp\/v2\/categories?post=5479"},{"taxonomy":"post_tag","embeddable":true,"href":"https:\/\/www.justiceinfo.net\/fr\/wp-json\/wp\/v2\/tags?post=5479"},{"taxonomy":"ji_location","embeddable":true,"href":"https:\/\/www.justiceinfo.net\/fr\/wp-json\/wp\/v2\/ji_location?post=5479"}],"curies":[{"name":"wp","href":"https:\/\/api.w.org\/{rel}","templated":true}]}}