{"id":5535,"date":"2002-09-19T00:00:00","date_gmt":"2002-09-18T22:00:00","guid":{"rendered":"https:\/\/www.justiceinfo.net\/5535-19092002-tpirmedias-ferdinand-nahimana-nie-avoir-participe-a-la-creation-des-interahamwe2325.html"},"modified":"2002-09-19T00:00:00","modified_gmt":"2002-09-18T22:00:00","slug":"19092002-tpirmedias-ferdinand-nahimana-nie-avoir-participe-a-la-creation-des-interahamwe2325","status":"publish","type":"post","link":"https:\/\/www.justiceinfo.net\/fr\/5535-19092002-tpirmedias-ferdinand-nahimana-nie-avoir-participe-a-la-creation-des-interahamwe2325.html","title":{"rendered":"19.09.2002 - TPIR\/MEDIAS - FERDINAND NAHIMANA NIE AVOIR PARTICIPE A LA CREATION DES INTERAHAMWE"},"content":{"rendered":"<p  >\nArusha, le19 septembre 2002 (FH) - Un des promoteurs all\u00e9gu\u00e9s de la Radio-t\u00e9l\u00e9vision des Mille collines (RTLM), Ferdinand Nahimana, a affirm\u00e9 ne pas avoir jou\u00e9 un quelconque r\u00f4le dans la cr\u00e9ation de la milice Interahamwe, au deuxi\u00e8me jour de sa d\u00e9position devant le Tribunal p\u00e9nal international pour le Rwanda (TPIR).\n<\/p>\n<p  >\nFerdinand Nahimana est coaccus\u00e9 avec deux autres personnes dans le cadre du proc\u00e8s des \"m\u00e9dias de la haine\", qui ont incit\u00e9 au g\u00e9nocide et aux massacres<br \/>\nD'opposants entre avril et juin 1994.\n<\/p>\n<p><!--more--><\/p>\n<p  >\nAffili\u00e9e \u00e0 l'ex-parti pr\u00e9sidentiel, le Mouvement r\u00e9publicain national pour la d\u00e9mocratie et le d\u00e9veloppement (MRND), la milice Interahamwe est consid\u00e9r\u00e9e par le parquet comme \u00e9tant le fer de lance de ce g\u00e9nocide.\n<\/p>\n<p  >\n\"Les personnes qui formulent de telles accusations ne me connaissent certainement pas\", a d\u00e9clar\u00e9 Ferdinand Nahimana, niant toute implication dans la cr\u00e9ation de cette milice. \"Ceux qui me connaissent savent tr\u00e8s bien que je n'ai jou\u00e9 aucun r\u00f4le\", a-t-il poursuivi.\n<\/p>\n<p  >\nFerdinand Nahimana a expliqu\u00e9 que le comit\u00e9 pr\u00e9fectoral de Ruhengeri (nord du Rwanda), dont il \u00e9tait membre, s'\u00e9tait oppos\u00e9 \u00e0 l'installation des Interahamwe dans cette r\u00e9gion. \"Nous avons refus\u00e9 que cette jeunesse Interahamwe qui, de notre point de vue, n'avait pas de statut clair, soit install\u00e9e dans notre r\u00e9gion\" a-t-il<br \/>\ndit.\n<\/p>\n<p  >\nBien que des t\u00e9moins de l\u2019accusation aient indiqu\u00e9 que Nahimana \u00e9tait l\u2019un des membres du MRND responsables d\u2019un document \u00ab th\u00e9orique \u00bb sur l\u2019id\u00e9e de la formation des Interahamwe, ce dernier a accus\u00e9 le parquet et ses t\u00e9moins d\u2019avoir \u00ab d\u00e9form\u00e9 \u00bb le contenu de ses livres et articles sur le Rwanda. Entre autres, le procureur accuse Nahimana d\u2019avoir pr\u00f4n\u00e9 la formation des Interahamwe dans son article \u00ab Strat\u00e9gie pour la victoire du Rwanda \u00bb. Dans cet article, publi\u00e9 au d\u00e9but des ann\u00e9es 90, Nahimana recommande la formation d\u2019un syst\u00e8me de \u00ab d\u00e9fense civile \u00bb, solution aux probl\u00e8mes du pays.\n<\/p>\n<p  >\n\u00ab Mon intention n\u2019\u00e9tait pas de constituer une milice violente, mais une force populaire compos\u00e9e d\u2019individus originaires de tous les groupes \u00bb a-t-il d\u00e9clar\u00e9 \u00e0 la cour. Ferdinand Nahimana a par ailleurs ni\u00e9 avoir \u00e9t\u00e9 li\u00e9 D'une mani\u00e8re ou D'une autre au parti radical anti-tutsi, la Coalition pour la d\u00e9fense de la R\u00e9publique (CDR), affirmant qu'il ne partageait nullement son id\u00e9ologie.\n<\/p>\n<p  >\nFerdinand Nahimana a indiqu\u00e9 qu'il \u00e9tait historien, adepte de l'id\u00e9e du \"peuple-nation\" et que, contrairement \u00e0 la CDR, il pensait que \"les Hutus et les Tutsis avaient \u00e9volu\u00e9 D'une fa\u00e7on imbriqu\u00e9e, qu'il \u00e9tait impossible de se d\u00e9velopper sans que tous participent \u00e0 cet effort.\" Ferdinand Nahimana a d\u00e9clar\u00e9 qu'il \u00e9tait membre du parti MRND auquel il avait adh\u00e9r\u00e9 pour son id\u00e9ologie de \"paix, unit\u00e9 et d\u00e9veloppement\".\n<\/p>\n<p  >\nl'accus\u00e9 s'est par ailleurs d\u00e9solidaris\u00e9 du discours D'un des dirigeants du MRND en pr\u00e9fecture de Gisenyi (ouest du Rwanda), L\u00e9on Mugesera qui, en<br \/>\nnovembre1992, avait appel\u00e9 aux massacres de Tutsis. Ferdinand Nahimana a d\u00e9clar\u00e9 que ce discours avait \"choqu\u00e9 les membres du MRND et la population rwandaise\" dans son ensemble et qu'il avait soutenu personnellement les sanctions prises \u00e0 l'encontre de l'orateur par le parti.\n<\/p>\n<p  >\nL\u00e9on Mugesera avait \u00e9t\u00e9 radi\u00e9 du comit\u00e9 pr\u00e9fectoral de Gisenyi et une action judiciaire a \u00e9t\u00e9 intent\u00e9e contre lui, a dit Nahimana. Ferdinand Nahimana est coaccus\u00e9 avec l'ancien conseiller politique et membre du comit\u00e9 D'initiative de la RTLM, Jean-Bosco Barayagwiza, ainsi qu'avec l'ancien directeur et r\u00e9dacteur en chef de la revue Kangura, Hassan Ngeze. Tous plaident non coupables.\n<\/p>\n<p  >\nDans sa d\u00e9position, Ferdinand Nahimana a d\u00e9clar\u00e9 qu'il a pr\u00e9sid\u00e9 \"la commission technique et programmes\" de la RTLM, tandis que Barayagwiza en a<br \/>\ndirig\u00e9 \"la commission juridique\".\n<\/p>\n<p  >\nLe proc\u00e8s se d\u00e9roule devant la premi\u00e8re chambre de premi\u00e8re instance du TPIR pr\u00e9sid\u00e9e par la juge sud-africaine Navanethem Pillay, et compos\u00e9e en outre des juges norv\u00e9gien Erik Mose et sri-lankais Asoka de Zoysa Gunawardana. La d\u00e9position de Ferdinand Nahimana se poursuit vendredi.\n<\/p>\n<p  >\nAT\/CE\/FH (ME-0919A )<\/p>\n","protected":false},"excerpt":{"rendered":"<p>Arusha, le19 septembre 2002 (FH) - Un des promoteurs all\u00e9gu\u00e9s de la Radio-t\u00e9l\u00e9vision des Mille collines (RTLM), Ferdinand Nahimana, a affirm\u00e9 ne pas avoir jou\u00e9 un quelconque r\u00f4le dans la cr\u00e9ation de la milice Interahamwe, au deuxi\u00e8me jour de sa d\u00e9position devant le Tribunal p\u00e9nal international pour le Rwanda (TPIR). Ferdinand Nahimana est coaccus\u00e9 avec [&hellip;]<\/p>\n","protected":false},"author":64,"featured_media":0,"comment_status":"open","ping_status":"closed","sticky":false,"template":"","format":"standard","meta":{"_acf_changed":false,"footnotes":""},"categories":[554],"tags":[],"ji_location":[],"class_list":["post-5535","post","type-post","status-publish","format-standard","hentry","category-hirondellenews"],"acf":[],"yoast_head":"<!-- This site is optimized with the Yoast SEO Premium plugin v25.3.1 (Yoast SEO v25.3.1) - https:\/\/yoast.com\/wordpress\/plugins\/seo\/ -->\n<title>19.09.2002 - TPIR\/MEDIAS - FERDINAND NAHIMANA NIE AVOIR PARTICIPE A LA CREATION DES INTERAHAMWE - JusticeInfo.net<\/title>\n<meta name=\"robots\" content=\"index, follow, max-snippet:-1, max-image-preview:large, max-video-preview:-1\" \/>\n<link rel=\"canonical\" href=\"https:\/\/www.justiceinfo.net\/fr\/5535-19092002-tpirmedias-ferdinand-nahimana-nie-avoir-participe-a-la-creation-des-interahamwe2325.html\" \/>\n<meta property=\"og:locale\" content=\"fr_FR\" \/>\n<meta property=\"og:type\" content=\"article\" \/>\n<meta property=\"og:title\" content=\"19.09.2002 - TPIR\/MEDIAS - FERDINAND NAHIMANA NIE AVOIR PARTICIPE A LA CREATION DES INTERAHAMWE\" \/>\n<meta property=\"og:description\" content=\"Arusha, le19 septembre 2002 (FH) - Un des promoteurs all\u00e9gu\u00e9s de la Radio-t\u00e9l\u00e9vision des Mille collines (RTLM), Ferdinand Nahimana, a affirm\u00e9 ne pas avoir jou\u00e9 un quelconque r\u00f4le dans la cr\u00e9ation de la milice Interahamwe, au deuxi\u00e8me jour de sa d\u00e9position devant le Tribunal p\u00e9nal international pour le Rwanda (TPIR). Ferdinand Nahimana est coaccus\u00e9 avec [&hellip;]\" \/>\n<meta property=\"og:url\" content=\"https:\/\/www.justiceinfo.net\/fr\/5535-19092002-tpirmedias-ferdinand-nahimana-nie-avoir-participe-a-la-creation-des-interahamwe2325.html\" \/>\n<meta property=\"og:site_name\" content=\"JusticeInfo.net\" \/>\n<meta property=\"article:publisher\" content=\"https:\/\/www.facebook.com\/JusticeInfo\/\" \/>\n<meta property=\"article:published_time\" content=\"2002-09-18T22:00:00+00:00\" \/>\n<meta property=\"og:image\" content=\"https:\/\/www.justiceinfo.net\/wp-content\/uploads\/JusticeInfoNet_logo_1200x630px.jpg\" \/>\n\t<meta property=\"og:image:width\" content=\"1200\" \/>\n\t<meta property=\"og:image:height\" content=\"630\" \/>\n\t<meta property=\"og:image:type\" content=\"image\/jpeg\" \/>\n<meta name=\"author\" content=\"solivri\" \/>\n<meta name=\"twitter:card\" content=\"summary_large_image\" \/>\n<meta name=\"twitter:creator\" content=\"@justiceinfonet\" \/>\n<meta name=\"twitter:site\" content=\"@justiceinfonet\" \/>\n<meta name=\"twitter:label1\" content=\"\u00c9crit par\" \/>\n\t<meta name=\"twitter:data1\" content=\"solivri\" \/>\n\t<meta name=\"twitter:label2\" content=\"Dur\u00e9e de lecture estim\u00e9e\" \/>\n\t<meta name=\"twitter:data2\" content=\"3 minutes\" \/>\n<script type=\"application\/ld+json\" class=\"yoast-schema-graph\">{\"@context\":\"https:\/\/schema.org\",\"@graph\":[{\"@type\":\"NewsArticle\",\"@id\":\"https:\/\/www.justiceinfo.net\/fr\/5535-19092002-tpirmedias-ferdinand-nahimana-nie-avoir-participe-a-la-creation-des-interahamwe2325.html#article\",\"isPartOf\":{\"@id\":\"https:\/\/www.justiceinfo.net\/fr\/5535-19092002-tpirmedias-ferdinand-nahimana-nie-avoir-participe-a-la-creation-des-interahamwe2325.html\"},\"author\":{\"name\":\"solivri\",\"@id\":\"https:\/\/www.justiceinfo.net\/fr#\/schema\/person\/6e53cba1629e2e66f3fc1821d3091865\"},\"headline\":\"19.09.2002 - TPIR\/MEDIAS - FERDINAND NAHIMANA NIE AVOIR PARTICIPE A LA CREATION DES INTERAHAMWE\",\"datePublished\":\"2002-09-18T22:00:00+00:00\",\"mainEntityOfPage\":{\"@id\":\"https:\/\/www.justiceinfo.net\/fr\/5535-19092002-tpirmedias-ferdinand-nahimana-nie-avoir-participe-a-la-creation-des-interahamwe2325.html\"},\"wordCount\":733,\"commentCount\":0,\"publisher\":{\"@id\":\"https:\/\/www.justiceinfo.net\/fr#organization\"},\"articleSection\":[\"Hirondelle News\"],\"inLanguage\":\"fr-FR\",\"potentialAction\":[{\"@type\":\"CommentAction\",\"name\":\"Comment\",\"target\":[\"https:\/\/www.justiceinfo.net\/fr\/5535-19092002-tpirmedias-ferdinand-nahimana-nie-avoir-participe-a-la-creation-des-interahamwe2325.html#respond\"]}]},{\"@type\":\"WebPage\",\"@id\":\"https:\/\/www.justiceinfo.net\/fr\/5535-19092002-tpirmedias-ferdinand-nahimana-nie-avoir-participe-a-la-creation-des-interahamwe2325.html\",\"url\":\"https:\/\/www.justiceinfo.net\/fr\/5535-19092002-tpirmedias-ferdinand-nahimana-nie-avoir-participe-a-la-creation-des-interahamwe2325.html\",\"name\":\"19.09.2002 - TPIR\/MEDIAS - FERDINAND NAHIMANA NIE AVOIR PARTICIPE A LA CREATION DES INTERAHAMWE - JusticeInfo.net\",\"isPartOf\":{\"@id\":\"https:\/\/www.justiceinfo.net\/fr#website\"},\"datePublished\":\"2002-09-18T22:00:00+00:00\",\"breadcrumb\":{\"@id\":\"https:\/\/www.justiceinfo.net\/fr\/5535-19092002-tpirmedias-ferdinand-nahimana-nie-avoir-participe-a-la-creation-des-interahamwe2325.html#breadcrumb\"},\"inLanguage\":\"fr-FR\",\"potentialAction\":[{\"@type\":\"ReadAction\",\"target\":[\"https:\/\/www.justiceinfo.net\/fr\/5535-19092002-tpirmedias-ferdinand-nahimana-nie-avoir-participe-a-la-creation-des-interahamwe2325.html\"]}]},{\"@type\":\"BreadcrumbList\",\"@id\":\"https:\/\/www.justiceinfo.net\/fr\/5535-19092002-tpirmedias-ferdinand-nahimana-nie-avoir-participe-a-la-creation-des-interahamwe2325.html#breadcrumb\",\"itemListElement\":[{\"@type\":\"ListItem\",\"position\":1,\"name\":\"Home\",\"item\":\"https:\/\/www.justiceinfo.net\/fr\"},{\"@type\":\"ListItem\",\"position\":2,\"name\":\"19.09.2002 - TPIR\/MEDIAS - FERDINAND NAHIMANA NIE AVOIR PARTICIPE A LA CREATION DES INTERAHAMWE\"}]},{\"@type\":\"WebSite\",\"@id\":\"https:\/\/www.justiceinfo.net\/fr#website\",\"url\":\"https:\/\/www.justiceinfo.net\/fr\",\"name\":\"JusticeInfo.net\",\"description\":\"La justice doit \u00eatre vue pour \u00eatre rendue\",\"publisher\":{\"@id\":\"https:\/\/www.justiceinfo.net\/fr#organization\"},\"potentialAction\":[{\"@type\":\"SearchAction\",\"target\":{\"@type\":\"EntryPoint\",\"urlTemplate\":\"https:\/\/www.justiceinfo.net\/fr?s={search_term_string}\"},\"query-input\":{\"@type\":\"PropertyValueSpecification\",\"valueRequired\":true,\"valueName\":\"search_term_string\"}}],\"inLanguage\":\"fr-FR\"},{\"@type\":\"Organization\",\"@id\":\"https:\/\/www.justiceinfo.net\/fr#organization\",\"name\":\"Justice Info\",\"url\":\"https:\/\/www.justiceinfo.net\/fr\",\"logo\":{\"@type\":\"ImageObject\",\"inLanguage\":\"fr-FR\",\"@id\":\"https:\/\/www.justiceinfo.net\/fr#\/schema\/logo\/image\/\",\"url\":\"https:\/\/www.justiceinfo.net\/wp-content\/uploads\/justiceinfo_logo-trans_1200x1200px.png\",\"contentUrl\":\"https:\/\/www.justiceinfo.net\/wp-content\/uploads\/justiceinfo_logo-trans_1200x1200px.png\",\"width\":1199,\"height\":1200,\"caption\":\"Justice Info\"},\"image\":{\"@id\":\"https:\/\/www.justiceinfo.net\/fr#\/schema\/logo\/image\/\"},\"sameAs\":[\"https:\/\/www.facebook.com\/JusticeInfo\/\",\"https:\/\/x.com\/justiceinfonet\",\"https:\/\/www.linkedin.com\/company\/justice-info\",\"https:\/\/www.youtube.com\/channel\/UCyCEsARodyuWtkWyhn-e7pA\"]},{\"@type\":\"Person\",\"name\":\"solivri\",\"url\":\"\/fr\/?s=solivri\"}]}<\/script>\n<!-- \/ Yoast SEO Premium plugin. -->","yoast_head_json":{"title":"19.09.2002 - TPIR\/MEDIAS - FERDINAND NAHIMANA NIE AVOIR PARTICIPE A LA CREATION DES INTERAHAMWE - JusticeInfo.net","robots":{"index":"index","follow":"follow","max-snippet":"max-snippet:-1","max-image-preview":"max-image-preview:large","max-video-preview":"max-video-preview:-1"},"canonical":"https:\/\/www.justiceinfo.net\/fr\/5535-19092002-tpirmedias-ferdinand-nahimana-nie-avoir-participe-a-la-creation-des-interahamwe2325.html","og_locale":"fr_FR","og_type":"article","og_title":"19.09.2002 - TPIR\/MEDIAS - FERDINAND NAHIMANA NIE AVOIR PARTICIPE A LA CREATION DES INTERAHAMWE","og_description":"Arusha, le19 septembre 2002 (FH) - Un des promoteurs all\u00e9gu\u00e9s de la Radio-t\u00e9l\u00e9vision des Mille collines (RTLM), Ferdinand Nahimana, a affirm\u00e9 ne pas avoir jou\u00e9 un quelconque r\u00f4le dans la cr\u00e9ation de la milice Interahamwe, au deuxi\u00e8me jour de sa d\u00e9position devant le Tribunal p\u00e9nal international pour le Rwanda (TPIR). Ferdinand Nahimana est coaccus\u00e9 avec [&hellip;]","og_url":"https:\/\/www.justiceinfo.net\/fr\/5535-19092002-tpirmedias-ferdinand-nahimana-nie-avoir-participe-a-la-creation-des-interahamwe2325.html","og_site_name":"JusticeInfo.net","article_publisher":"https:\/\/www.facebook.com\/JusticeInfo\/","article_published_time":"2002-09-18T22:00:00+00:00","og_image":[{"width":1200,"height":630,"url":"https:\/\/www.justiceinfo.net\/wp-content\/uploads\/JusticeInfoNet_logo_1200x630px.jpg","type":"image\/jpeg"}],"author":"solivri","twitter_card":"summary_large_image","twitter_creator":"@justiceinfonet","twitter_site":"@justiceinfonet","twitter_misc":{"\u00c9crit par":"solivri","Dur\u00e9e de lecture estim\u00e9e":"3 minutes"},"schema":{"@context":"https:\/\/schema.org","@graph":[{"@type":"NewsArticle","@id":"https:\/\/www.justiceinfo.net\/fr\/5535-19092002-tpirmedias-ferdinand-nahimana-nie-avoir-participe-a-la-creation-des-interahamwe2325.html#article","isPartOf":{"@id":"https:\/\/www.justiceinfo.net\/fr\/5535-19092002-tpirmedias-ferdinand-nahimana-nie-avoir-participe-a-la-creation-des-interahamwe2325.html"},"author":{"name":"solivri","@id":"https:\/\/www.justiceinfo.net\/fr#\/schema\/person\/6e53cba1629e2e66f3fc1821d3091865"},"headline":"19.09.2002 - TPIR\/MEDIAS - FERDINAND NAHIMANA NIE AVOIR PARTICIPE A LA CREATION DES INTERAHAMWE","datePublished":"2002-09-18T22:00:00+00:00","mainEntityOfPage":{"@id":"https:\/\/www.justiceinfo.net\/fr\/5535-19092002-tpirmedias-ferdinand-nahimana-nie-avoir-participe-a-la-creation-des-interahamwe2325.html"},"wordCount":733,"commentCount":0,"publisher":{"@id":"https:\/\/www.justiceinfo.net\/fr#organization"},"articleSection":["Hirondelle News"],"inLanguage":"fr-FR","potentialAction":[{"@type":"CommentAction","name":"Comment","target":["https:\/\/www.justiceinfo.net\/fr\/5535-19092002-tpirmedias-ferdinand-nahimana-nie-avoir-participe-a-la-creation-des-interahamwe2325.html#respond"]}]},{"@type":"WebPage","@id":"https:\/\/www.justiceinfo.net\/fr\/5535-19092002-tpirmedias-ferdinand-nahimana-nie-avoir-participe-a-la-creation-des-interahamwe2325.html","url":"https:\/\/www.justiceinfo.net\/fr\/5535-19092002-tpirmedias-ferdinand-nahimana-nie-avoir-participe-a-la-creation-des-interahamwe2325.html","name":"19.09.2002 - TPIR\/MEDIAS - FERDINAND NAHIMANA NIE AVOIR PARTICIPE A LA CREATION DES INTERAHAMWE - JusticeInfo.net","isPartOf":{"@id":"https:\/\/www.justiceinfo.net\/fr#website"},"datePublished":"2002-09-18T22:00:00+00:00","breadcrumb":{"@id":"https:\/\/www.justiceinfo.net\/fr\/5535-19092002-tpirmedias-ferdinand-nahimana-nie-avoir-participe-a-la-creation-des-interahamwe2325.html#breadcrumb"},"inLanguage":"fr-FR","potentialAction":[{"@type":"ReadAction","target":["https:\/\/www.justiceinfo.net\/fr\/5535-19092002-tpirmedias-ferdinand-nahimana-nie-avoir-participe-a-la-creation-des-interahamwe2325.html"]}]},{"@type":"BreadcrumbList","@id":"https:\/\/www.justiceinfo.net\/fr\/5535-19092002-tpirmedias-ferdinand-nahimana-nie-avoir-participe-a-la-creation-des-interahamwe2325.html#breadcrumb","itemListElement":[{"@type":"ListItem","position":1,"name":"Home","item":"https:\/\/www.justiceinfo.net\/fr"},{"@type":"ListItem","position":2,"name":"19.09.2002 - TPIR\/MEDIAS - FERDINAND NAHIMANA NIE AVOIR PARTICIPE A LA CREATION DES INTERAHAMWE"}]},{"@type":"WebSite","@id":"https:\/\/www.justiceinfo.net\/fr#website","url":"https:\/\/www.justiceinfo.net\/fr","name":"JusticeInfo.net","description":"La justice doit \u00eatre vue pour \u00eatre rendue","publisher":{"@id":"https:\/\/www.justiceinfo.net\/fr#organization"},"potentialAction":[{"@type":"SearchAction","target":{"@type":"EntryPoint","urlTemplate":"https:\/\/www.justiceinfo.net\/fr?s={search_term_string}"},"query-input":{"@type":"PropertyValueSpecification","valueRequired":true,"valueName":"search_term_string"}}],"inLanguage":"fr-FR"},{"@type":"Organization","@id":"https:\/\/www.justiceinfo.net\/fr#organization","name":"Justice Info","url":"https:\/\/www.justiceinfo.net\/fr","logo":{"@type":"ImageObject","inLanguage":"fr-FR","@id":"https:\/\/www.justiceinfo.net\/fr#\/schema\/logo\/image\/","url":"https:\/\/www.justiceinfo.net\/wp-content\/uploads\/justiceinfo_logo-trans_1200x1200px.png","contentUrl":"https:\/\/www.justiceinfo.net\/wp-content\/uploads\/justiceinfo_logo-trans_1200x1200px.png","width":1199,"height":1200,"caption":"Justice Info"},"image":{"@id":"https:\/\/www.justiceinfo.net\/fr#\/schema\/logo\/image\/"},"sameAs":["https:\/\/www.facebook.com\/JusticeInfo\/","https:\/\/x.com\/justiceinfonet","https:\/\/www.linkedin.com\/company\/justice-info","https:\/\/www.youtube.com\/channel\/UCyCEsARodyuWtkWyhn-e7pA"]},{"@type":"Person","name":"solivri","url":"\/fr\/?s=solivri"}]}},"_links":{"self":[{"href":"https:\/\/www.justiceinfo.net\/fr\/wp-json\/wp\/v2\/posts\/5535","targetHints":{"allow":["GET"]}}],"collection":[{"href":"https:\/\/www.justiceinfo.net\/fr\/wp-json\/wp\/v2\/posts"}],"about":[{"href":"https:\/\/www.justiceinfo.net\/fr\/wp-json\/wp\/v2\/types\/post"}],"author":[{"embeddable":true,"href":"https:\/\/www.justiceinfo.net\/fr\/wp-json\/wp\/v2\/users\/64"}],"replies":[{"embeddable":true,"href":"https:\/\/www.justiceinfo.net\/fr\/wp-json\/wp\/v2\/comments?post=5535"}],"version-history":[{"count":0,"href":"https:\/\/www.justiceinfo.net\/fr\/wp-json\/wp\/v2\/posts\/5535\/revisions"}],"wp:attachment":[{"href":"https:\/\/www.justiceinfo.net\/fr\/wp-json\/wp\/v2\/media?parent=5535"}],"wp:term":[{"taxonomy":"category","embeddable":true,"href":"https:\/\/www.justiceinfo.net\/fr\/wp-json\/wp\/v2\/categories?post=5535"},{"taxonomy":"post_tag","embeddable":true,"href":"https:\/\/www.justiceinfo.net\/fr\/wp-json\/wp\/v2\/tags?post=5535"},{"taxonomy":"ji_location","embeddable":true,"href":"https:\/\/www.justiceinfo.net\/fr\/wp-json\/wp\/v2\/ji_location?post=5535"}],"curies":[{"name":"wp","href":"https:\/\/api.w.org\/{rel}","templated":true}]}}