{"id":5561,"date":"2002-09-12T00:00:00","date_gmt":"2002-09-11T22:00:00","guid":{"rendered":"https:\/\/www.justiceinfo.net\/5561-12092002-tpirarrestation-lancien-maire-de-murambi-arrete-au-congo2351.html"},"modified":"2002-09-12T00:00:00","modified_gmt":"2002-09-11T22:00:00","slug":"12092002-tpirarrestation-lancien-maire-de-murambi-arrete-au-congo2351","status":"publish","type":"post","link":"https:\/\/www.justiceinfo.net\/fr\/5561-12092002-tpirarrestation-lancien-maire-de-murambi-arrete-au-congo2351.html","title":{"rendered":"12.09.2002 - TPIR\/ARRESTATION - l'ANCIEN MAIRE DE MURAMBI ARRETE AU CONGO"},"content":{"rendered":"<p  >\nArusha, le 12 septembre, 2002 (FH) - l'ancien maire de Murambi (province Umutara, est du Rwanda), Jean-Baptiste Gatete, a \u00e9t\u00e9 arr\u00eat\u00e9 mardi au Congo Brazaville pour g\u00e9nocide, a rapport\u00e9 Associated Press.\n<\/p>\n<p  >\nl'accus\u00e9 a \u00e9t\u00e9 interpell\u00e9 dans le village de Ngombe, au nord de Brazaville, par la police locale.\n<\/p>\n<p><!--more--><\/p>\n<p  >\nIl vivait au Congo Brazaville depuis 1996 sous un nom D'emprunt, Jean Nsengiyumva, et enseignait le fran\u00e7ais.\n<\/p>\n<p  >\nLe parquet du TPIR le poursuit pour des massacres de Tutsis dans la pr\u00e9fecture de Kibungo (est du Rwanda). l'accus\u00e9 avait transit\u00e9 par Kibungo en avril 1994, fuyant l'avanc\u00e9e des troupes du Front patriotique rwandais (FPR), l'ex-r\u00e9bellion \u00e0 dominante tutsie aujourD'hui au pouvoir \u00e0 Kigali.\n<\/p>\n<p  >\nIng\u00e9nieur agronome, Jean-Baptiste Gatete est devenu maire de Murambi dans les ann\u00e9es 80, apr\u00e8s avoir dirig\u00e9 l'Office de valorisation agro-pastorale du Mutara (OVAPAM).\n<\/p>\n<p  >\nLe nom de Gatete est inscrit pour la premi\u00e8re fois sur la liste noire des organisations de d\u00e9fense des droits de l'homme apr\u00e8s l'attaque du FPR en octobre 1990.\n<\/p>\n<p  >\nA cette \u00e9poque, Jean-Baptiste Gatete aurait fait arr\u00eat\u00e9 plusieurs Tutsis de sa commune, les suspectant de complicit\u00e9 avec la r\u00e9bellion. Une dizaine D'entre eux ont \u00e9t\u00e9 transf\u00e9r\u00e9s \u00e0 la prison de Byumba et auraient \u00e9t\u00e9 tu\u00e9s avant D'arriver \u00e0 destination.\n<\/p>\n<p  >\nJean-Baptiste Gatete a \u00e9t\u00e9 limog\u00e9 de son poste de maire par le premier gouvernement de coalition en 1993, sur recommandation D'une commission ad hoc charg\u00e9e D'\u00e9valuer les agents de l'Etat. Il a \u00e9t\u00e9 alors affect\u00e9 au minist\u00e8re de la famille et de la promotion f\u00e9minine.\n<\/p>\n<p  >\nApr\u00e8s la victoire du FPR sur les ex-Forces arm\u00e9es rwandaises (FAR), Jean-Baptiste Gatete s'est r\u00e9fugi\u00e9 dans plusieurs pays dont la Tanzanie et l'ex-Za\u00efre.\n<\/p>\n<p  >\nJean-Baptiste Gatete \u00e9tait depuis quelque temps dans le collimateur des Am\u00e9ricains qui l'accusaient de diriger une milice hutue active en R\u00e9publique d\u00e9mocratique du Congo.\n<\/p>\n<p  >\nAu mois de f\u00e9vrier, le greffier du TPIR, Adama Dieng, s'\u00e9tait rendu \u00e0 Brazaville et \u00e0 Kinshasa pour n\u00e9gocier l'arrestation de Rwandais suspect\u00e9s de g\u00e9nocide qui y vivraient. Les autorit\u00e9s gouvernementales l\u2019avaient alors assur\u00e9 de leur coop\u00e9ration.\n<\/p>\n<p  >\nAT\/FH (AR-0912A)<\/p>\n","protected":false},"excerpt":{"rendered":"<p>Arusha, le 12 septembre, 2002 (FH) - l'ancien maire de Murambi (province Umutara, est du Rwanda), Jean-Baptiste Gatete, a \u00e9t\u00e9 arr\u00eat\u00e9 mardi au Congo Brazaville pour g\u00e9nocide, a rapport\u00e9 Associated Press. l'accus\u00e9 a \u00e9t\u00e9 interpell\u00e9 dans le village de Ngombe, au nord de Brazaville, par la police locale.<\/p>\n","protected":false},"author":64,"featured_media":0,"comment_status":"open","ping_status":"closed","sticky":false,"template":"","format":"standard","meta":{"_acf_changed":false,"footnotes":""},"categories":[554],"tags":[],"ji_location":[],"class_list":["post-5561","post","type-post","status-publish","format-standard","hentry","category-hirondellenews"],"acf":[],"yoast_head":"<!-- This site is optimized with the Yoast SEO Premium plugin v25.3.1 (Yoast SEO v25.3.1) - https:\/\/yoast.com\/wordpress\/plugins\/seo\/ -->\n<title>12.09.2002 - TPIR\/ARRESTATION - l&#039;ANCIEN MAIRE DE MURAMBI ARRETE AU CONGO - JusticeInfo.net<\/title>\n<meta name=\"robots\" content=\"index, follow, max-snippet:-1, max-image-preview:large, max-video-preview:-1\" \/>\n<link rel=\"canonical\" href=\"https:\/\/www.justiceinfo.net\/fr\/5561-12092002-tpirarrestation-lancien-maire-de-murambi-arrete-au-congo2351.html\" \/>\n<meta property=\"og:locale\" content=\"fr_FR\" \/>\n<meta property=\"og:type\" content=\"article\" \/>\n<meta property=\"og:title\" content=\"12.09.2002 - TPIR\/ARRESTATION - l&#039;ANCIEN MAIRE DE MURAMBI ARRETE AU CONGO\" \/>\n<meta property=\"og:description\" content=\"Arusha, le 12 septembre, 2002 (FH) - l&#039;ancien maire de Murambi (province Umutara, est du Rwanda), Jean-Baptiste Gatete, a \u00e9t\u00e9 arr\u00eat\u00e9 mardi au Congo Brazaville pour g\u00e9nocide, a rapport\u00e9 Associated Press. l&#039;accus\u00e9 a \u00e9t\u00e9 interpell\u00e9 dans le village de Ngombe, au nord de Brazaville, par la police locale.\" \/>\n<meta property=\"og:url\" content=\"https:\/\/www.justiceinfo.net\/fr\/5561-12092002-tpirarrestation-lancien-maire-de-murambi-arrete-au-congo2351.html\" \/>\n<meta property=\"og:site_name\" content=\"JusticeInfo.net\" \/>\n<meta property=\"article:publisher\" content=\"https:\/\/www.facebook.com\/JusticeInfo\/\" \/>\n<meta property=\"article:published_time\" content=\"2002-09-11T22:00:00+00:00\" \/>\n<meta property=\"og:image\" content=\"https:\/\/www.justiceinfo.net\/wp-content\/uploads\/JusticeInfoNet_logo_1200x630px.jpg\" \/>\n\t<meta property=\"og:image:width\" content=\"1200\" \/>\n\t<meta property=\"og:image:height\" content=\"630\" \/>\n\t<meta property=\"og:image:type\" content=\"image\/jpeg\" \/>\n<meta name=\"author\" content=\"solivri\" \/>\n<meta name=\"twitter:card\" content=\"summary_large_image\" \/>\n<meta name=\"twitter:creator\" content=\"@justiceinfonet\" \/>\n<meta name=\"twitter:site\" content=\"@justiceinfonet\" \/>\n<meta name=\"twitter:label1\" content=\"\u00c9crit par\" \/>\n\t<meta name=\"twitter:data1\" content=\"solivri\" \/>\n\t<meta name=\"twitter:label2\" content=\"Dur\u00e9e de lecture estim\u00e9e\" \/>\n\t<meta name=\"twitter:data2\" content=\"2 minutes\" \/>\n<script type=\"application\/ld+json\" class=\"yoast-schema-graph\">{\"@context\":\"https:\/\/schema.org\",\"@graph\":[{\"@type\":\"NewsArticle\",\"@id\":\"https:\/\/www.justiceinfo.net\/fr\/5561-12092002-tpirarrestation-lancien-maire-de-murambi-arrete-au-congo2351.html#article\",\"isPartOf\":{\"@id\":\"https:\/\/www.justiceinfo.net\/fr\/5561-12092002-tpirarrestation-lancien-maire-de-murambi-arrete-au-congo2351.html\"},\"author\":{\"name\":\"solivri\",\"@id\":\"https:\/\/www.justiceinfo.net\/fr#\/schema\/person\/6e53cba1629e2e66f3fc1821d3091865\"},\"headline\":\"12.09.2002 - TPIR\/ARRESTATION - l'ANCIEN MAIRE DE MURAMBI ARRETE AU CONGO\",\"datePublished\":\"2002-09-11T22:00:00+00:00\",\"mainEntityOfPage\":{\"@id\":\"https:\/\/www.justiceinfo.net\/fr\/5561-12092002-tpirarrestation-lancien-maire-de-murambi-arrete-au-congo2351.html\"},\"wordCount\":388,\"commentCount\":0,\"publisher\":{\"@id\":\"https:\/\/www.justiceinfo.net\/fr#organization\"},\"articleSection\":[\"Hirondelle News\"],\"inLanguage\":\"fr-FR\",\"potentialAction\":[{\"@type\":\"CommentAction\",\"name\":\"Comment\",\"target\":[\"https:\/\/www.justiceinfo.net\/fr\/5561-12092002-tpirarrestation-lancien-maire-de-murambi-arrete-au-congo2351.html#respond\"]}]},{\"@type\":\"WebPage\",\"@id\":\"https:\/\/www.justiceinfo.net\/fr\/5561-12092002-tpirarrestation-lancien-maire-de-murambi-arrete-au-congo2351.html\",\"url\":\"https:\/\/www.justiceinfo.net\/fr\/5561-12092002-tpirarrestation-lancien-maire-de-murambi-arrete-au-congo2351.html\",\"name\":\"12.09.2002 - TPIR\/ARRESTATION - l'ANCIEN MAIRE DE MURAMBI ARRETE AU CONGO - JusticeInfo.net\",\"isPartOf\":{\"@id\":\"https:\/\/www.justiceinfo.net\/fr#website\"},\"datePublished\":\"2002-09-11T22:00:00+00:00\",\"breadcrumb\":{\"@id\":\"https:\/\/www.justiceinfo.net\/fr\/5561-12092002-tpirarrestation-lancien-maire-de-murambi-arrete-au-congo2351.html#breadcrumb\"},\"inLanguage\":\"fr-FR\",\"potentialAction\":[{\"@type\":\"ReadAction\",\"target\":[\"https:\/\/www.justiceinfo.net\/fr\/5561-12092002-tpirarrestation-lancien-maire-de-murambi-arrete-au-congo2351.html\"]}]},{\"@type\":\"BreadcrumbList\",\"@id\":\"https:\/\/www.justiceinfo.net\/fr\/5561-12092002-tpirarrestation-lancien-maire-de-murambi-arrete-au-congo2351.html#breadcrumb\",\"itemListElement\":[{\"@type\":\"ListItem\",\"position\":1,\"name\":\"Home\",\"item\":\"https:\/\/www.justiceinfo.net\/fr\"},{\"@type\":\"ListItem\",\"position\":2,\"name\":\"12.09.2002 - TPIR\/ARRESTATION - l'ANCIEN MAIRE DE MURAMBI ARRETE AU CONGO\"}]},{\"@type\":\"WebSite\",\"@id\":\"https:\/\/www.justiceinfo.net\/fr#website\",\"url\":\"https:\/\/www.justiceinfo.net\/fr\",\"name\":\"JusticeInfo.net\",\"description\":\"La justice doit \u00eatre vue pour \u00eatre rendue\",\"publisher\":{\"@id\":\"https:\/\/www.justiceinfo.net\/fr#organization\"},\"potentialAction\":[{\"@type\":\"SearchAction\",\"target\":{\"@type\":\"EntryPoint\",\"urlTemplate\":\"https:\/\/www.justiceinfo.net\/fr?s={search_term_string}\"},\"query-input\":{\"@type\":\"PropertyValueSpecification\",\"valueRequired\":true,\"valueName\":\"search_term_string\"}}],\"inLanguage\":\"fr-FR\"},{\"@type\":\"Organization\",\"@id\":\"https:\/\/www.justiceinfo.net\/fr#organization\",\"name\":\"Justice Info\",\"url\":\"https:\/\/www.justiceinfo.net\/fr\",\"logo\":{\"@type\":\"ImageObject\",\"inLanguage\":\"fr-FR\",\"@id\":\"https:\/\/www.justiceinfo.net\/fr#\/schema\/logo\/image\/\",\"url\":\"https:\/\/www.justiceinfo.net\/wp-content\/uploads\/justiceinfo_logo-trans_1200x1200px.png\",\"contentUrl\":\"https:\/\/www.justiceinfo.net\/wp-content\/uploads\/justiceinfo_logo-trans_1200x1200px.png\",\"width\":1199,\"height\":1200,\"caption\":\"Justice Info\"},\"image\":{\"@id\":\"https:\/\/www.justiceinfo.net\/fr#\/schema\/logo\/image\/\"},\"sameAs\":[\"https:\/\/www.facebook.com\/JusticeInfo\/\",\"https:\/\/x.com\/justiceinfonet\",\"https:\/\/www.linkedin.com\/company\/justice-info\",\"https:\/\/www.youtube.com\/channel\/UCyCEsARodyuWtkWyhn-e7pA\"]},{\"@type\":\"Person\",\"name\":\"solivri\",\"url\":\"\/fr\/?s=solivri\"}]}<\/script>\n<!-- \/ Yoast SEO Premium plugin. -->","yoast_head_json":{"title":"12.09.2002 - TPIR\/ARRESTATION - l'ANCIEN MAIRE DE MURAMBI ARRETE AU CONGO - JusticeInfo.net","robots":{"index":"index","follow":"follow","max-snippet":"max-snippet:-1","max-image-preview":"max-image-preview:large","max-video-preview":"max-video-preview:-1"},"canonical":"https:\/\/www.justiceinfo.net\/fr\/5561-12092002-tpirarrestation-lancien-maire-de-murambi-arrete-au-congo2351.html","og_locale":"fr_FR","og_type":"article","og_title":"12.09.2002 - TPIR\/ARRESTATION - l'ANCIEN MAIRE DE MURAMBI ARRETE AU CONGO","og_description":"Arusha, le 12 septembre, 2002 (FH) - l'ancien maire de Murambi (province Umutara, est du Rwanda), Jean-Baptiste Gatete, a \u00e9t\u00e9 arr\u00eat\u00e9 mardi au Congo Brazaville pour g\u00e9nocide, a rapport\u00e9 Associated Press. l'accus\u00e9 a \u00e9t\u00e9 interpell\u00e9 dans le village de Ngombe, au nord de Brazaville, par la police locale.","og_url":"https:\/\/www.justiceinfo.net\/fr\/5561-12092002-tpirarrestation-lancien-maire-de-murambi-arrete-au-congo2351.html","og_site_name":"JusticeInfo.net","article_publisher":"https:\/\/www.facebook.com\/JusticeInfo\/","article_published_time":"2002-09-11T22:00:00+00:00","og_image":[{"width":1200,"height":630,"url":"https:\/\/www.justiceinfo.net\/wp-content\/uploads\/JusticeInfoNet_logo_1200x630px.jpg","type":"image\/jpeg"}],"author":"solivri","twitter_card":"summary_large_image","twitter_creator":"@justiceinfonet","twitter_site":"@justiceinfonet","twitter_misc":{"\u00c9crit par":"solivri","Dur\u00e9e de lecture estim\u00e9e":"2 minutes"},"schema":{"@context":"https:\/\/schema.org","@graph":[{"@type":"NewsArticle","@id":"https:\/\/www.justiceinfo.net\/fr\/5561-12092002-tpirarrestation-lancien-maire-de-murambi-arrete-au-congo2351.html#article","isPartOf":{"@id":"https:\/\/www.justiceinfo.net\/fr\/5561-12092002-tpirarrestation-lancien-maire-de-murambi-arrete-au-congo2351.html"},"author":{"name":"solivri","@id":"https:\/\/www.justiceinfo.net\/fr#\/schema\/person\/6e53cba1629e2e66f3fc1821d3091865"},"headline":"12.09.2002 - TPIR\/ARRESTATION - l'ANCIEN MAIRE DE MURAMBI ARRETE AU CONGO","datePublished":"2002-09-11T22:00:00+00:00","mainEntityOfPage":{"@id":"https:\/\/www.justiceinfo.net\/fr\/5561-12092002-tpirarrestation-lancien-maire-de-murambi-arrete-au-congo2351.html"},"wordCount":388,"commentCount":0,"publisher":{"@id":"https:\/\/www.justiceinfo.net\/fr#organization"},"articleSection":["Hirondelle News"],"inLanguage":"fr-FR","potentialAction":[{"@type":"CommentAction","name":"Comment","target":["https:\/\/www.justiceinfo.net\/fr\/5561-12092002-tpirarrestation-lancien-maire-de-murambi-arrete-au-congo2351.html#respond"]}]},{"@type":"WebPage","@id":"https:\/\/www.justiceinfo.net\/fr\/5561-12092002-tpirarrestation-lancien-maire-de-murambi-arrete-au-congo2351.html","url":"https:\/\/www.justiceinfo.net\/fr\/5561-12092002-tpirarrestation-lancien-maire-de-murambi-arrete-au-congo2351.html","name":"12.09.2002 - TPIR\/ARRESTATION - l'ANCIEN MAIRE DE MURAMBI ARRETE AU CONGO - JusticeInfo.net","isPartOf":{"@id":"https:\/\/www.justiceinfo.net\/fr#website"},"datePublished":"2002-09-11T22:00:00+00:00","breadcrumb":{"@id":"https:\/\/www.justiceinfo.net\/fr\/5561-12092002-tpirarrestation-lancien-maire-de-murambi-arrete-au-congo2351.html#breadcrumb"},"inLanguage":"fr-FR","potentialAction":[{"@type":"ReadAction","target":["https:\/\/www.justiceinfo.net\/fr\/5561-12092002-tpirarrestation-lancien-maire-de-murambi-arrete-au-congo2351.html"]}]},{"@type":"BreadcrumbList","@id":"https:\/\/www.justiceinfo.net\/fr\/5561-12092002-tpirarrestation-lancien-maire-de-murambi-arrete-au-congo2351.html#breadcrumb","itemListElement":[{"@type":"ListItem","position":1,"name":"Home","item":"https:\/\/www.justiceinfo.net\/fr"},{"@type":"ListItem","position":2,"name":"12.09.2002 - TPIR\/ARRESTATION - l'ANCIEN MAIRE DE MURAMBI ARRETE AU CONGO"}]},{"@type":"WebSite","@id":"https:\/\/www.justiceinfo.net\/fr#website","url":"https:\/\/www.justiceinfo.net\/fr","name":"JusticeInfo.net","description":"La justice doit \u00eatre vue pour \u00eatre rendue","publisher":{"@id":"https:\/\/www.justiceinfo.net\/fr#organization"},"potentialAction":[{"@type":"SearchAction","target":{"@type":"EntryPoint","urlTemplate":"https:\/\/www.justiceinfo.net\/fr?s={search_term_string}"},"query-input":{"@type":"PropertyValueSpecification","valueRequired":true,"valueName":"search_term_string"}}],"inLanguage":"fr-FR"},{"@type":"Organization","@id":"https:\/\/www.justiceinfo.net\/fr#organization","name":"Justice Info","url":"https:\/\/www.justiceinfo.net\/fr","logo":{"@type":"ImageObject","inLanguage":"fr-FR","@id":"https:\/\/www.justiceinfo.net\/fr#\/schema\/logo\/image\/","url":"https:\/\/www.justiceinfo.net\/wp-content\/uploads\/justiceinfo_logo-trans_1200x1200px.png","contentUrl":"https:\/\/www.justiceinfo.net\/wp-content\/uploads\/justiceinfo_logo-trans_1200x1200px.png","width":1199,"height":1200,"caption":"Justice Info"},"image":{"@id":"https:\/\/www.justiceinfo.net\/fr#\/schema\/logo\/image\/"},"sameAs":["https:\/\/www.facebook.com\/JusticeInfo\/","https:\/\/x.com\/justiceinfonet","https:\/\/www.linkedin.com\/company\/justice-info","https:\/\/www.youtube.com\/channel\/UCyCEsARodyuWtkWyhn-e7pA"]},{"@type":"Person","name":"solivri","url":"\/fr\/?s=solivri"}]}},"_links":{"self":[{"href":"https:\/\/www.justiceinfo.net\/fr\/wp-json\/wp\/v2\/posts\/5561","targetHints":{"allow":["GET"]}}],"collection":[{"href":"https:\/\/www.justiceinfo.net\/fr\/wp-json\/wp\/v2\/posts"}],"about":[{"href":"https:\/\/www.justiceinfo.net\/fr\/wp-json\/wp\/v2\/types\/post"}],"author":[{"embeddable":true,"href":"https:\/\/www.justiceinfo.net\/fr\/wp-json\/wp\/v2\/users\/64"}],"replies":[{"embeddable":true,"href":"https:\/\/www.justiceinfo.net\/fr\/wp-json\/wp\/v2\/comments?post=5561"}],"version-history":[{"count":0,"href":"https:\/\/www.justiceinfo.net\/fr\/wp-json\/wp\/v2\/posts\/5561\/revisions"}],"wp:attachment":[{"href":"https:\/\/www.justiceinfo.net\/fr\/wp-json\/wp\/v2\/media?parent=5561"}],"wp:term":[{"taxonomy":"category","embeddable":true,"href":"https:\/\/www.justiceinfo.net\/fr\/wp-json\/wp\/v2\/categories?post=5561"},{"taxonomy":"post_tag","embeddable":true,"href":"https:\/\/www.justiceinfo.net\/fr\/wp-json\/wp\/v2\/tags?post=5561"},{"taxonomy":"ji_location","embeddable":true,"href":"https:\/\/www.justiceinfo.net\/fr\/wp-json\/wp\/v2\/ji_location?post=5561"}],"curies":[{"name":"wp","href":"https:\/\/api.w.org\/{rel}","templated":true}]}}