{"id":5571,"date":"2002-09-09T00:00:00","date_gmt":"2002-09-08T22:00:00","guid":{"rendered":"https:\/\/www.justiceinfo.net\/5571-09092002-tpirmilitaires-le-proces-des-militaires-reprend-tres-lentement2361.html"},"modified":"2002-09-09T00:00:00","modified_gmt":"2002-09-08T22:00:00","slug":"09092002-tpirmilitaires-le-proces-des-militaires-reprend-tres-lentement2361","status":"publish","type":"post","link":"https:\/\/www.justiceinfo.net\/fr\/5571-09092002-tpirmilitaires-le-proces-des-militaires-reprend-tres-lentement2361.html","title":{"rendered":"09.09.2002 - TPIR\/MILITAIRES - LE PROCES DES MILITAIRES REPREND TRES LENTEMENT"},"content":{"rendered":"<p  >\nArusha, le 9 septembre, 2002 (FH) - Une semaine apr\u00e8s la reprise du proc\u00e8s de quatre haut grad\u00e9s des ex-Forces Arm\u00e9es Rwandaises (ex-FAR) devant le<br \/>\nTribunal P\u00e9nal International pour le Rwanda (TPIR), les d\u00e9bats s'enlisent toujours sur la nature des documents que doit fournir le procureur.\n<\/p>\n<p  >\nD\u00e9j\u00e0 \u00e0 la reprise, le 2 septembre, il a fallu trois jours de discussions entre le procureur et la d\u00e9fense avant que la chambre ne se prononce finalement sur le statut D'expert du premier t\u00e9moin de l'accusation, Alison Des Forges, historienne am\u00e9ricaine et activiste des droits de l'homme.\n<\/p>\n<p><!--more--><\/p>\n<p  >\nLa d\u00e9fense s'\u00e9tait oppos\u00e9e \u00e0 ce que le parquet cite en premier lieu l'expert au motif que l'accusation devait D'abord jeter les bases factuelles de sa preuve devant la chambre, mais les juges ont finalement statu\u00e9 en faveur du procureur.\n<\/p>\n<p  >\nOn s'attendait alors \u00e0 ce que les d\u00e9bats red\u00e9marrent rapidement sur des questions de fond avec l'expert. Peine perdue : la d\u00e9fense a engag\u00e9 le tribunal dans de tr\u00e8s longs d\u00e9bats juridiques pr\u00e9liminaires \u00e0 la d\u00e9position du t\u00e9moin.\n<\/p>\n<p  >\nLa d\u00e9fense est en effet revenue sur certains documents du parquet non encore traduits, une des raisons qui, d\u00e9j\u00e0, avait conduit \u00e0 l'ajournement du proc\u00e8s en avril dernier. Deuxi\u00e8me pr\u00e9occupation de la d\u00e9fense, le procureur a d\u00e9pos\u00e9 des rapports sans notes de bas de page, ce qui ne permet pas \u00e0 la d\u00e9fense D'en v\u00e9rifier les sources.\n<\/p>\n<p  >\nR\u00e9sign\u00e9 face \u00e0 ces d\u00e9bats juridiques in\u00e9vitables, le juge pr\u00e9sident George Williams de Saint Kitts et Nevis a conc\u00e9d\u00e9 mercredi dernier : \"On se retrouve enlis\u00e9 d\u00e8s le d\u00e9part\". \"Je vous avais demand\u00e9 de commencer par des t\u00e9moins qui ne posent pas de probl\u00e8me\", a-t-il fait remarquer \u00e0 l'endroit du procureur, suscitant des rires de la part de la d\u00e9fense.\n<\/p>\n<p  >\nTentant d\u00e9sesp\u00e9r\u00e9ment de r\u00e9cup\u00e9rer le temps perdu, le juge pr\u00e9sident est revenu \u00e0 la charge lundi, enjoignant aux conseils de la d\u00e9fense de ne pas se lever tour \u00e0 tour pour r\u00e9p\u00e9ter la m\u00eame chose sur les m\u00eames questions pos\u00e9es devant la chambre.\n<\/p>\n<p  >\nLe \"proc\u00e8s des militaires\" regroupe l'ancien directeur de cabinet au minist\u00e8re de la d\u00e9fense, le colonel Th\u00e9oneste Bagosora, l'ancien responsable des op\u00e9rations militaires \u00e0 l'Etat major de l'arm\u00e9e, le g\u00e9n\u00e9ral de brigade Gratien Kabiligi, l'ancien commandant de la r\u00e9gion militaire de Gisenyi (ouest du Rwanda), le lieutenant-colonel Anatole Nsengiyumva, ainsi que l'ancien commandant du bataillon para-commando de Kigali, le major Aloys Ntabakuze. Ils sont notamment accus\u00e9s D'entente en vue de commettre le g\u00e9nocide et de crimes de guerre.\n<\/p>\n<p  >\nLe parquet all\u00e8gue que les quatre hauts grad\u00e9s des ex-FAR sont parmi les principaux responsables de la trag\u00e9die rwandaise qui a emport\u00e9 la vie D'un million de personnes D'avril \u00e0 juillet 1994. Ils plaident non coupables.\n<\/p>\n<p  >\nConsid\u00e9r\u00e9 par nombre d\u2019observateurs comme \u00ab historique \u00bb, ce proc\u00e8s capital avait d\u00e9j\u00e0 subi quelques avanies en avril dernier, lors de son ouverture. Les quatre accus\u00e9s, \u00ab principaux responsables du g\u00e9nocide \u00bb, selon le parquet, avaient tout simplement boycott\u00e9 leur proc\u00e8s, tandis que l\u2019accusation paraissait mal pr\u00e9par\u00e9e.\n<\/p>\n<p  >\nL\u2019enjeu de cette reprise du proc\u00e8s \u00e9tait donc d\u2019importance. Accus\u00e9 \u00e0 de nombreuses reprises de tra\u00eener en longueur sur des dossiers de premier plan, comme le proc\u00e8s des militaires, le TPIR se devait de r\u00e9agir. Or, d\u2019apr\u00e8s les observateurs, au rythme actuel des proc\u00e9dures, ce proc\u00e8s devrait durer au moins deux ans.\n<\/p>\n<p  >\nCe n\u2019est que lundi apr\u00e8s-midi, soit une semaine apr\u00e8s la reprise des d\u00e9bats, qu\u2019Alison Des Forges, le premier t\u00e9moin du parquet, a commenc\u00e9 \u00e0 r\u00e9pondre \u00e0<br \/>\ndes questions g\u00e9n\u00e9rales du parquet. Les aspects politiques et militaires du Rwanda ont \u00e9t\u00e9 abord\u00e9s. Mais les notions essentielles de responsabilit\u00e9 individuelle ou collective des accus\u00e9s n\u2019ont pas encore \u00e9t\u00e9 \u00e9voqu\u00e9es.\n<\/p>\n<p  >\nMalgr\u00e9 les exigences de justice de la communaut\u00e9 internationale et des rescap\u00e9s du g\u00e9nocide, malgr\u00e9 les nombreuses critiques \u00e0 son encontre, dans la presse internationale comme de la part du gouvernement rwandais, le TPIR semble maintenir la tradition. Depuis sa cr\u00e9ation en 1995, la juridiction internationale n'a d\u00e9j\u00e0 rendu que neuf jugements, dont huit condamnations et un acquittement. Pourtant, trois des huit condamn\u00e9s ont plaid\u00e9 coupable de g\u00e9nocide, \u00e9vitant ainsi des proc\u00e8s prolong\u00e9s.\n<\/p>\n<p  >\nLe proc\u00e8s des militaires se d\u00e9roule devant la troisi\u00e8me chambre de premi\u00e8re instance du TPIR comprenant outre le juge Williams, les juges, slov\u00e8ne, Pavel Dolenc, et s\u00e9n\u00e9galaise, Andr\u00e9sie Vaz.\n<\/p>\n<p  >\nGA\/GF\/FH (ML-0909A)<\/p>\n","protected":false},"excerpt":{"rendered":"<p>Arusha, le 9 septembre, 2002 (FH) - Une semaine apr\u00e8s la reprise du proc\u00e8s de quatre haut grad\u00e9s des ex-Forces Arm\u00e9es Rwandaises (ex-FAR) devant le Tribunal P\u00e9nal International pour le Rwanda (TPIR), les d\u00e9bats s'enlisent toujours sur la nature des documents que doit fournir le procureur. D\u00e9j\u00e0 \u00e0 la reprise, le 2 septembre, il a [&hellip;]<\/p>\n","protected":false},"author":64,"featured_media":0,"comment_status":"open","ping_status":"closed","sticky":false,"template":"","format":"standard","meta":{"_acf_changed":false,"footnotes":""},"categories":[554],"tags":[],"ji_location":[],"class_list":["post-5571","post","type-post","status-publish","format-standard","hentry","category-hirondellenews"],"acf":[],"yoast_head":"<!-- This site is optimized with the Yoast SEO Premium plugin v25.3.1 (Yoast SEO v25.3.1) - https:\/\/yoast.com\/wordpress\/plugins\/seo\/ -->\n<title>09.09.2002 - TPIR\/MILITAIRES - LE PROCES DES MILITAIRES REPREND TRES LENTEMENT - JusticeInfo.net<\/title>\n<meta name=\"robots\" content=\"index, follow, max-snippet:-1, max-image-preview:large, max-video-preview:-1\" \/>\n<link rel=\"canonical\" href=\"https:\/\/www.justiceinfo.net\/fr\/5571-09092002-tpirmilitaires-le-proces-des-militaires-reprend-tres-lentement2361.html\" \/>\n<meta property=\"og:locale\" content=\"fr_FR\" \/>\n<meta property=\"og:type\" content=\"article\" \/>\n<meta property=\"og:title\" content=\"09.09.2002 - TPIR\/MILITAIRES - LE PROCES DES MILITAIRES REPREND TRES LENTEMENT\" \/>\n<meta property=\"og:description\" content=\"Arusha, le 9 septembre, 2002 (FH) - Une semaine apr\u00e8s la reprise du proc\u00e8s de quatre haut grad\u00e9s des ex-Forces Arm\u00e9es Rwandaises (ex-FAR) devant le Tribunal P\u00e9nal International pour le Rwanda (TPIR), les d\u00e9bats s&#039;enlisent toujours sur la nature des documents que doit fournir le procureur. D\u00e9j\u00e0 \u00e0 la reprise, le 2 septembre, il a [&hellip;]\" \/>\n<meta property=\"og:url\" content=\"https:\/\/www.justiceinfo.net\/fr\/5571-09092002-tpirmilitaires-le-proces-des-militaires-reprend-tres-lentement2361.html\" \/>\n<meta property=\"og:site_name\" content=\"JusticeInfo.net\" \/>\n<meta property=\"article:publisher\" content=\"https:\/\/www.facebook.com\/JusticeInfo\/\" \/>\n<meta property=\"article:published_time\" content=\"2002-09-08T22:00:00+00:00\" \/>\n<meta property=\"og:image\" content=\"https:\/\/www.justiceinfo.net\/wp-content\/uploads\/JusticeInfoNet_logo_1200x630px.jpg\" \/>\n\t<meta property=\"og:image:width\" content=\"1200\" \/>\n\t<meta property=\"og:image:height\" content=\"630\" \/>\n\t<meta property=\"og:image:type\" content=\"image\/jpeg\" \/>\n<meta name=\"author\" content=\"solivri\" \/>\n<meta name=\"twitter:card\" content=\"summary_large_image\" \/>\n<meta name=\"twitter:creator\" content=\"@justiceinfonet\" \/>\n<meta name=\"twitter:site\" content=\"@justiceinfonet\" \/>\n<meta name=\"twitter:label1\" content=\"\u00c9crit par\" \/>\n\t<meta name=\"twitter:data1\" content=\"solivri\" \/>\n\t<meta name=\"twitter:label2\" content=\"Dur\u00e9e de lecture estim\u00e9e\" \/>\n\t<meta name=\"twitter:data2\" content=\"4 minutes\" \/>\n<script type=\"application\/ld+json\" class=\"yoast-schema-graph\">{\"@context\":\"https:\/\/schema.org\",\"@graph\":[{\"@type\":\"NewsArticle\",\"@id\":\"https:\/\/www.justiceinfo.net\/fr\/5571-09092002-tpirmilitaires-le-proces-des-militaires-reprend-tres-lentement2361.html#article\",\"isPartOf\":{\"@id\":\"https:\/\/www.justiceinfo.net\/fr\/5571-09092002-tpirmilitaires-le-proces-des-militaires-reprend-tres-lentement2361.html\"},\"author\":{\"name\":\"solivri\",\"@id\":\"https:\/\/www.justiceinfo.net\/fr#\/schema\/person\/6e53cba1629e2e66f3fc1821d3091865\"},\"headline\":\"09.09.2002 - TPIR\/MILITAIRES - LE PROCES DES MILITAIRES REPREND TRES LENTEMENT\",\"datePublished\":\"2002-09-08T22:00:00+00:00\",\"mainEntityOfPage\":{\"@id\":\"https:\/\/www.justiceinfo.net\/fr\/5571-09092002-tpirmilitaires-le-proces-des-militaires-reprend-tres-lentement2361.html\"},\"wordCount\":830,\"commentCount\":0,\"publisher\":{\"@id\":\"https:\/\/www.justiceinfo.net\/fr#organization\"},\"articleSection\":[\"Hirondelle News\"],\"inLanguage\":\"fr-FR\",\"potentialAction\":[{\"@type\":\"CommentAction\",\"name\":\"Comment\",\"target\":[\"https:\/\/www.justiceinfo.net\/fr\/5571-09092002-tpirmilitaires-le-proces-des-militaires-reprend-tres-lentement2361.html#respond\"]}]},{\"@type\":\"WebPage\",\"@id\":\"https:\/\/www.justiceinfo.net\/fr\/5571-09092002-tpirmilitaires-le-proces-des-militaires-reprend-tres-lentement2361.html\",\"url\":\"https:\/\/www.justiceinfo.net\/fr\/5571-09092002-tpirmilitaires-le-proces-des-militaires-reprend-tres-lentement2361.html\",\"name\":\"09.09.2002 - TPIR\/MILITAIRES - LE PROCES DES MILITAIRES REPREND TRES LENTEMENT - JusticeInfo.net\",\"isPartOf\":{\"@id\":\"https:\/\/www.justiceinfo.net\/fr#website\"},\"datePublished\":\"2002-09-08T22:00:00+00:00\",\"breadcrumb\":{\"@id\":\"https:\/\/www.justiceinfo.net\/fr\/5571-09092002-tpirmilitaires-le-proces-des-militaires-reprend-tres-lentement2361.html#breadcrumb\"},\"inLanguage\":\"fr-FR\",\"potentialAction\":[{\"@type\":\"ReadAction\",\"target\":[\"https:\/\/www.justiceinfo.net\/fr\/5571-09092002-tpirmilitaires-le-proces-des-militaires-reprend-tres-lentement2361.html\"]}]},{\"@type\":\"BreadcrumbList\",\"@id\":\"https:\/\/www.justiceinfo.net\/fr\/5571-09092002-tpirmilitaires-le-proces-des-militaires-reprend-tres-lentement2361.html#breadcrumb\",\"itemListElement\":[{\"@type\":\"ListItem\",\"position\":1,\"name\":\"Home\",\"item\":\"https:\/\/www.justiceinfo.net\/fr\"},{\"@type\":\"ListItem\",\"position\":2,\"name\":\"09.09.2002 - TPIR\/MILITAIRES - LE PROCES DES MILITAIRES REPREND TRES LENTEMENT\"}]},{\"@type\":\"WebSite\",\"@id\":\"https:\/\/www.justiceinfo.net\/fr#website\",\"url\":\"https:\/\/www.justiceinfo.net\/fr\",\"name\":\"JusticeInfo.net\",\"description\":\"La justice doit \u00eatre vue pour \u00eatre rendue\",\"publisher\":{\"@id\":\"https:\/\/www.justiceinfo.net\/fr#organization\"},\"potentialAction\":[{\"@type\":\"SearchAction\",\"target\":{\"@type\":\"EntryPoint\",\"urlTemplate\":\"https:\/\/www.justiceinfo.net\/fr?s={search_term_string}\"},\"query-input\":{\"@type\":\"PropertyValueSpecification\",\"valueRequired\":true,\"valueName\":\"search_term_string\"}}],\"inLanguage\":\"fr-FR\"},{\"@type\":\"Organization\",\"@id\":\"https:\/\/www.justiceinfo.net\/fr#organization\",\"name\":\"Justice Info\",\"url\":\"https:\/\/www.justiceinfo.net\/fr\",\"logo\":{\"@type\":\"ImageObject\",\"inLanguage\":\"fr-FR\",\"@id\":\"https:\/\/www.justiceinfo.net\/fr#\/schema\/logo\/image\/\",\"url\":\"https:\/\/www.justiceinfo.net\/wp-content\/uploads\/justiceinfo_logo-trans_1200x1200px.png\",\"contentUrl\":\"https:\/\/www.justiceinfo.net\/wp-content\/uploads\/justiceinfo_logo-trans_1200x1200px.png\",\"width\":1199,\"height\":1200,\"caption\":\"Justice Info\"},\"image\":{\"@id\":\"https:\/\/www.justiceinfo.net\/fr#\/schema\/logo\/image\/\"},\"sameAs\":[\"https:\/\/www.facebook.com\/JusticeInfo\/\",\"https:\/\/x.com\/justiceinfonet\",\"https:\/\/www.linkedin.com\/company\/justice-info\",\"https:\/\/www.youtube.com\/channel\/UCyCEsARodyuWtkWyhn-e7pA\"]},{\"@type\":\"Person\",\"name\":\"solivri\",\"url\":\"\/fr\/?s=solivri\"}]}<\/script>\n<!-- \/ Yoast SEO Premium plugin. -->","yoast_head_json":{"title":"09.09.2002 - TPIR\/MILITAIRES - LE PROCES DES MILITAIRES REPREND TRES LENTEMENT - JusticeInfo.net","robots":{"index":"index","follow":"follow","max-snippet":"max-snippet:-1","max-image-preview":"max-image-preview:large","max-video-preview":"max-video-preview:-1"},"canonical":"https:\/\/www.justiceinfo.net\/fr\/5571-09092002-tpirmilitaires-le-proces-des-militaires-reprend-tres-lentement2361.html","og_locale":"fr_FR","og_type":"article","og_title":"09.09.2002 - TPIR\/MILITAIRES - LE PROCES DES MILITAIRES REPREND TRES LENTEMENT","og_description":"Arusha, le 9 septembre, 2002 (FH) - Une semaine apr\u00e8s la reprise du proc\u00e8s de quatre haut grad\u00e9s des ex-Forces Arm\u00e9es Rwandaises (ex-FAR) devant le Tribunal P\u00e9nal International pour le Rwanda (TPIR), les d\u00e9bats s'enlisent toujours sur la nature des documents que doit fournir le procureur. D\u00e9j\u00e0 \u00e0 la reprise, le 2 septembre, il a [&hellip;]","og_url":"https:\/\/www.justiceinfo.net\/fr\/5571-09092002-tpirmilitaires-le-proces-des-militaires-reprend-tres-lentement2361.html","og_site_name":"JusticeInfo.net","article_publisher":"https:\/\/www.facebook.com\/JusticeInfo\/","article_published_time":"2002-09-08T22:00:00+00:00","og_image":[{"width":1200,"height":630,"url":"https:\/\/www.justiceinfo.net\/wp-content\/uploads\/JusticeInfoNet_logo_1200x630px.jpg","type":"image\/jpeg"}],"author":"solivri","twitter_card":"summary_large_image","twitter_creator":"@justiceinfonet","twitter_site":"@justiceinfonet","twitter_misc":{"\u00c9crit par":"solivri","Dur\u00e9e de lecture estim\u00e9e":"4 minutes"},"schema":{"@context":"https:\/\/schema.org","@graph":[{"@type":"NewsArticle","@id":"https:\/\/www.justiceinfo.net\/fr\/5571-09092002-tpirmilitaires-le-proces-des-militaires-reprend-tres-lentement2361.html#article","isPartOf":{"@id":"https:\/\/www.justiceinfo.net\/fr\/5571-09092002-tpirmilitaires-le-proces-des-militaires-reprend-tres-lentement2361.html"},"author":{"name":"solivri","@id":"https:\/\/www.justiceinfo.net\/fr#\/schema\/person\/6e53cba1629e2e66f3fc1821d3091865"},"headline":"09.09.2002 - TPIR\/MILITAIRES - LE PROCES DES MILITAIRES REPREND TRES LENTEMENT","datePublished":"2002-09-08T22:00:00+00:00","mainEntityOfPage":{"@id":"https:\/\/www.justiceinfo.net\/fr\/5571-09092002-tpirmilitaires-le-proces-des-militaires-reprend-tres-lentement2361.html"},"wordCount":830,"commentCount":0,"publisher":{"@id":"https:\/\/www.justiceinfo.net\/fr#organization"},"articleSection":["Hirondelle News"],"inLanguage":"fr-FR","potentialAction":[{"@type":"CommentAction","name":"Comment","target":["https:\/\/www.justiceinfo.net\/fr\/5571-09092002-tpirmilitaires-le-proces-des-militaires-reprend-tres-lentement2361.html#respond"]}]},{"@type":"WebPage","@id":"https:\/\/www.justiceinfo.net\/fr\/5571-09092002-tpirmilitaires-le-proces-des-militaires-reprend-tres-lentement2361.html","url":"https:\/\/www.justiceinfo.net\/fr\/5571-09092002-tpirmilitaires-le-proces-des-militaires-reprend-tres-lentement2361.html","name":"09.09.2002 - TPIR\/MILITAIRES - LE PROCES DES MILITAIRES REPREND TRES LENTEMENT - JusticeInfo.net","isPartOf":{"@id":"https:\/\/www.justiceinfo.net\/fr#website"},"datePublished":"2002-09-08T22:00:00+00:00","breadcrumb":{"@id":"https:\/\/www.justiceinfo.net\/fr\/5571-09092002-tpirmilitaires-le-proces-des-militaires-reprend-tres-lentement2361.html#breadcrumb"},"inLanguage":"fr-FR","potentialAction":[{"@type":"ReadAction","target":["https:\/\/www.justiceinfo.net\/fr\/5571-09092002-tpirmilitaires-le-proces-des-militaires-reprend-tres-lentement2361.html"]}]},{"@type":"BreadcrumbList","@id":"https:\/\/www.justiceinfo.net\/fr\/5571-09092002-tpirmilitaires-le-proces-des-militaires-reprend-tres-lentement2361.html#breadcrumb","itemListElement":[{"@type":"ListItem","position":1,"name":"Home","item":"https:\/\/www.justiceinfo.net\/fr"},{"@type":"ListItem","position":2,"name":"09.09.2002 - TPIR\/MILITAIRES - LE PROCES DES MILITAIRES REPREND TRES LENTEMENT"}]},{"@type":"WebSite","@id":"https:\/\/www.justiceinfo.net\/fr#website","url":"https:\/\/www.justiceinfo.net\/fr","name":"JusticeInfo.net","description":"La justice doit \u00eatre vue pour \u00eatre rendue","publisher":{"@id":"https:\/\/www.justiceinfo.net\/fr#organization"},"potentialAction":[{"@type":"SearchAction","target":{"@type":"EntryPoint","urlTemplate":"https:\/\/www.justiceinfo.net\/fr?s={search_term_string}"},"query-input":{"@type":"PropertyValueSpecification","valueRequired":true,"valueName":"search_term_string"}}],"inLanguage":"fr-FR"},{"@type":"Organization","@id":"https:\/\/www.justiceinfo.net\/fr#organization","name":"Justice Info","url":"https:\/\/www.justiceinfo.net\/fr","logo":{"@type":"ImageObject","inLanguage":"fr-FR","@id":"https:\/\/www.justiceinfo.net\/fr#\/schema\/logo\/image\/","url":"https:\/\/www.justiceinfo.net\/wp-content\/uploads\/justiceinfo_logo-trans_1200x1200px.png","contentUrl":"https:\/\/www.justiceinfo.net\/wp-content\/uploads\/justiceinfo_logo-trans_1200x1200px.png","width":1199,"height":1200,"caption":"Justice Info"},"image":{"@id":"https:\/\/www.justiceinfo.net\/fr#\/schema\/logo\/image\/"},"sameAs":["https:\/\/www.facebook.com\/JusticeInfo\/","https:\/\/x.com\/justiceinfonet","https:\/\/www.linkedin.com\/company\/justice-info","https:\/\/www.youtube.com\/channel\/UCyCEsARodyuWtkWyhn-e7pA"]},{"@type":"Person","name":"solivri","url":"\/fr\/?s=solivri"}]}},"_links":{"self":[{"href":"https:\/\/www.justiceinfo.net\/fr\/wp-json\/wp\/v2\/posts\/5571","targetHints":{"allow":["GET"]}}],"collection":[{"href":"https:\/\/www.justiceinfo.net\/fr\/wp-json\/wp\/v2\/posts"}],"about":[{"href":"https:\/\/www.justiceinfo.net\/fr\/wp-json\/wp\/v2\/types\/post"}],"author":[{"embeddable":true,"href":"https:\/\/www.justiceinfo.net\/fr\/wp-json\/wp\/v2\/users\/64"}],"replies":[{"embeddable":true,"href":"https:\/\/www.justiceinfo.net\/fr\/wp-json\/wp\/v2\/comments?post=5571"}],"version-history":[{"count":0,"href":"https:\/\/www.justiceinfo.net\/fr\/wp-json\/wp\/v2\/posts\/5571\/revisions"}],"wp:attachment":[{"href":"https:\/\/www.justiceinfo.net\/fr\/wp-json\/wp\/v2\/media?parent=5571"}],"wp:term":[{"taxonomy":"category","embeddable":true,"href":"https:\/\/www.justiceinfo.net\/fr\/wp-json\/wp\/v2\/categories?post=5571"},{"taxonomy":"post_tag","embeddable":true,"href":"https:\/\/www.justiceinfo.net\/fr\/wp-json\/wp\/v2\/tags?post=5571"},{"taxonomy":"ji_location","embeddable":true,"href":"https:\/\/www.justiceinfo.net\/fr\/wp-json\/wp\/v2\/ji_location?post=5571"}],"curies":[{"name":"wp","href":"https:\/\/api.w.org\/{rel}","templated":true}]}}