{"id":5573,"date":"2002-09-04T00:00:00","date_gmt":"2002-09-03T22:00:00","guid":{"rendered":"https:\/\/www.justiceinfo.net\/5573-04092002-tpirkamuhanda-trois-jours-successifs-de-huis-clos-dans-le-proces-kamuhanda2363.html"},"modified":"2002-09-04T00:00:00","modified_gmt":"2002-09-03T22:00:00","slug":"04092002-tpirkamuhanda-trois-jours-successifs-de-huis-clos-dans-le-proces-kamuhanda2363","status":"publish","type":"post","link":"https:\/\/www.justiceinfo.net\/fr\/5573-04092002-tpirkamuhanda-trois-jours-successifs-de-huis-clos-dans-le-proces-kamuhanda2363.html","title":{"rendered":"04.09.2002 - TPIR\/KAMUHANDA - TROIS JOURS SUCCESSIFS DE HUIS CLOS DANS LE PROCES KAMUHANDA"},"content":{"rendered":"<p  >\nArusha, le 4 septembre 2002 (FH) \u2013 Le proc\u00e8s de l'ancien ministre de l'enseignement sup\u00e9rieur, de la recherche scientifique et de la culture, Jean de Dieu Kamuhanda en cours devant le Tribunal p\u00e9nal international pour le Rwanda (TPIR), se d\u00e9roule depuis trois jours en majeure partie \u00e0 huis clos, pour prot\u00e9ger les t\u00e9moins \u00e0 d\u00e9charge.\n<\/p>\n<p  >\nD\u2019apr\u00e8s les informations recueillies par l\u2019agence Hirondelle aupr\u00e8s de la d\u00e9fense, quatre t\u00e9moins, sur onze appel\u00e9s \u00e0 comparaitre pour la pr\u00e9sente session, d\u00e9poseront pour soutenir l\u2019alibi de l\u2019ancien ministre.\n<\/p>\n<p><!--more--><\/p>\n<p  >\nIl s'agit de ses anciens voisins du quartier qu'il habitait \u00e0 Kigali.\n<\/p>\n<p  >\nl'accus\u00e9 lui-m\u00eame, qui a d\u00e9pos\u00e9 en premier pour sa d\u00e9fense, a principalement comparu \u00e0 huis clos, pour \u00e9viter de r\u00e9v\u00e9ler au public le nom des t\u00e9moins.\n<\/p>\n<p  >\nDeux D'entre eux, d\u00e9sign\u00e9s sous les pseudonymes \"ALS\" et \"ALR\" afin de garantir leur anonymat, ont termin\u00e9 leurs d\u00e9positions, presque enti\u00e8rement \u00e0 huis clos. Un troisi\u00e8me, d\u00e9nomm\u00e9 \"ALM\" a entam\u00e9 sa d\u00e9position mercredi apr\u00e8s-midi.\n<\/p>\n<p  >\nJean de Dieu Kamuhanda r\u00e9pond de huit chefs D'accusations de g\u00e9nocide et de crimes contre l'humanit\u00e9.\n<\/p>\n<p  >\nLe parquet lui reproche particuli\u00e8rement D'avoir dirig\u00e9 les massacres perp\u00e9tr\u00e9s le 12 avril 1994, dans sa commune natale de Gikomero (province de Kigali rural, centre-est du Rwanda).\n<\/p>\n<p  >\n\"Il n'a pas pu aller l\u00e0-bas, puisque nous \u00e9tions ensemble \u00e0 Kigali depuis le 7 avril jusqu'\u00e0 son d\u00e9part vers Gitarama\" a notamment d\u00e9clar\u00e9 le t\u00e9moin \"ALR\" \u00e0 l\u2019occasion d\u2019un des tr\u00e8s rares moments publics de l\u2019audience, mardi soir.\n<\/p>\n<p  >\nLors de sa d\u00e9position, Kamuhanda a affirm\u00e9 qu'il est rest\u00e9 \u00e0 Kigali du 7 au 17 avril 1994, date \u00e0 laquelle il est parti vers Gitarama (centre du Rwanda).\n<\/p>\n<p  >\nLe parquet a D'abord voulu juger l'ancien ministre lors D'un proc\u00e8s conjoint, dit \"des politiques\". Ce proc\u00e8s regroupe les membres du gouvernement<br \/>\nint\u00e9rimaire, accus\u00e9 D'avoir planifi\u00e9 le g\u00e9nocide et les massacres D'opposants.\n<\/p>\n<p  >\nLa d\u00e9fense ayant soutenu que Kamuhanda n'aurait pas pu participer \u00e0 la m\u00eame entreprise criminelle que ces anciens dignitaires, la chambre a ordonn\u00e9 un<br \/>\nproc\u00e8s s\u00e9par\u00e9. l'accus\u00e9 a en effet \u00e9t\u00e9 nomm\u00e9 ministre le 25 mai 1994, soit pr\u00e8s de deux mois apr\u00e8s le d\u00e9but du g\u00e9nocide. Le parquet s'est alors int\u00e9ress\u00e9 aux crimes qu'il aurait commis dans sa commune de Gikomero.\n<\/p>\n<p  >\nSon proc\u00e8s a commenc\u00e9 sur le fond le 17 avril 2001, mais a \u00e9t\u00e9 ajourn\u00e9 jusqu'au 3 septembre 2001, suite au d\u00e9c\u00e8s du juge s\u00e9n\u00e9galais Laity Kama qui pr\u00e9sidait les d\u00e9bats.\n<\/p>\n<p  >\nJean de Dieu Kamuhanda est jug\u00e9 par la deuxi\u00e8me chambre de premi\u00e8re instance, pr\u00e9sid\u00e9e par le juge tanzanien William Hussein Sekul\u00e9, et compos\u00e9e<br \/>\nen outre des juges malgache Arlette Ramaroson, et Winston Churchill Matanzima Maqutu de L\u00e9sotho.\n<\/p>\n<p  >\nBN\/GF\/FH(KH-0904A)<\/p>\n","protected":false},"excerpt":{"rendered":"<p>Arusha, le 4 septembre 2002 (FH) \u2013 Le proc\u00e8s de l'ancien ministre de l'enseignement sup\u00e9rieur, de la recherche scientifique et de la culture, Jean de Dieu Kamuhanda en cours devant le Tribunal p\u00e9nal international pour le Rwanda (TPIR), se d\u00e9roule depuis trois jours en majeure partie \u00e0 huis clos, pour prot\u00e9ger les t\u00e9moins \u00e0 d\u00e9charge. [&hellip;]<\/p>\n","protected":false},"author":64,"featured_media":0,"comment_status":"open","ping_status":"closed","sticky":false,"template":"","format":"standard","meta":{"_acf_changed":false,"footnotes":""},"categories":[554],"tags":[],"ji_location":[],"class_list":["post-5573","post","type-post","status-publish","format-standard","hentry","category-hirondellenews"],"acf":[],"yoast_head":"<!-- This site is optimized with the Yoast SEO Premium plugin v25.3.1 (Yoast SEO v25.3.1) - https:\/\/yoast.com\/wordpress\/plugins\/seo\/ -->\n<title>04.09.2002 - TPIR\/KAMUHANDA - TROIS JOURS SUCCESSIFS DE HUIS CLOS DANS LE PROCES KAMUHANDA - JusticeInfo.net<\/title>\n<meta name=\"robots\" content=\"index, follow, max-snippet:-1, max-image-preview:large, max-video-preview:-1\" \/>\n<link rel=\"canonical\" href=\"https:\/\/www.justiceinfo.net\/fr\/5573-04092002-tpirkamuhanda-trois-jours-successifs-de-huis-clos-dans-le-proces-kamuhanda2363.html\" \/>\n<meta property=\"og:locale\" content=\"fr_FR\" \/>\n<meta property=\"og:type\" content=\"article\" \/>\n<meta property=\"og:title\" content=\"04.09.2002 - TPIR\/KAMUHANDA - TROIS JOURS SUCCESSIFS DE HUIS CLOS DANS LE PROCES KAMUHANDA\" \/>\n<meta property=\"og:description\" content=\"Arusha, le 4 septembre 2002 (FH) \u2013 Le proc\u00e8s de l&#039;ancien ministre de l&#039;enseignement sup\u00e9rieur, de la recherche scientifique et de la culture, Jean de Dieu Kamuhanda en cours devant le Tribunal p\u00e9nal international pour le Rwanda (TPIR), se d\u00e9roule depuis trois jours en majeure partie \u00e0 huis clos, pour prot\u00e9ger les t\u00e9moins \u00e0 d\u00e9charge. [&hellip;]\" \/>\n<meta property=\"og:url\" content=\"https:\/\/www.justiceinfo.net\/fr\/5573-04092002-tpirkamuhanda-trois-jours-successifs-de-huis-clos-dans-le-proces-kamuhanda2363.html\" \/>\n<meta property=\"og:site_name\" content=\"JusticeInfo.net\" \/>\n<meta property=\"article:publisher\" content=\"https:\/\/www.facebook.com\/JusticeInfo\/\" \/>\n<meta property=\"article:published_time\" content=\"2002-09-03T22:00:00+00:00\" \/>\n<meta property=\"og:image\" content=\"https:\/\/www.justiceinfo.net\/wp-content\/uploads\/JusticeInfoNet_logo_1200x630px.jpg\" \/>\n\t<meta property=\"og:image:width\" content=\"1200\" \/>\n\t<meta property=\"og:image:height\" content=\"630\" \/>\n\t<meta property=\"og:image:type\" content=\"image\/jpeg\" \/>\n<meta name=\"author\" content=\"solivri\" \/>\n<meta name=\"twitter:card\" content=\"summary_large_image\" \/>\n<meta name=\"twitter:creator\" content=\"@justiceinfonet\" \/>\n<meta name=\"twitter:site\" content=\"@justiceinfonet\" \/>\n<meta name=\"twitter:label1\" content=\"\u00c9crit par\" \/>\n\t<meta name=\"twitter:data1\" content=\"solivri\" \/>\n\t<meta name=\"twitter:label2\" content=\"Dur\u00e9e de lecture estim\u00e9e\" \/>\n\t<meta name=\"twitter:data2\" content=\"2 minutes\" \/>\n<script type=\"application\/ld+json\" class=\"yoast-schema-graph\">{\"@context\":\"https:\/\/schema.org\",\"@graph\":[{\"@type\":\"NewsArticle\",\"@id\":\"https:\/\/www.justiceinfo.net\/fr\/5573-04092002-tpirkamuhanda-trois-jours-successifs-de-huis-clos-dans-le-proces-kamuhanda2363.html#article\",\"isPartOf\":{\"@id\":\"https:\/\/www.justiceinfo.net\/fr\/5573-04092002-tpirkamuhanda-trois-jours-successifs-de-huis-clos-dans-le-proces-kamuhanda2363.html\"},\"author\":{\"name\":\"solivri\",\"@id\":\"https:\/\/www.justiceinfo.net\/fr#\/schema\/person\/6e53cba1629e2e66f3fc1821d3091865\"},\"headline\":\"04.09.2002 - TPIR\/KAMUHANDA - TROIS JOURS SUCCESSIFS DE HUIS CLOS DANS LE PROCES KAMUHANDA\",\"datePublished\":\"2002-09-03T22:00:00+00:00\",\"mainEntityOfPage\":{\"@id\":\"https:\/\/www.justiceinfo.net\/fr\/5573-04092002-tpirkamuhanda-trois-jours-successifs-de-huis-clos-dans-le-proces-kamuhanda2363.html\"},\"wordCount\":515,\"commentCount\":0,\"publisher\":{\"@id\":\"https:\/\/www.justiceinfo.net\/fr#organization\"},\"articleSection\":[\"Hirondelle News\"],\"inLanguage\":\"fr-FR\",\"potentialAction\":[{\"@type\":\"CommentAction\",\"name\":\"Comment\",\"target\":[\"https:\/\/www.justiceinfo.net\/fr\/5573-04092002-tpirkamuhanda-trois-jours-successifs-de-huis-clos-dans-le-proces-kamuhanda2363.html#respond\"]}]},{\"@type\":\"WebPage\",\"@id\":\"https:\/\/www.justiceinfo.net\/fr\/5573-04092002-tpirkamuhanda-trois-jours-successifs-de-huis-clos-dans-le-proces-kamuhanda2363.html\",\"url\":\"https:\/\/www.justiceinfo.net\/fr\/5573-04092002-tpirkamuhanda-trois-jours-successifs-de-huis-clos-dans-le-proces-kamuhanda2363.html\",\"name\":\"04.09.2002 - TPIR\/KAMUHANDA - TROIS JOURS SUCCESSIFS DE HUIS CLOS DANS LE PROCES KAMUHANDA - JusticeInfo.net\",\"isPartOf\":{\"@id\":\"https:\/\/www.justiceinfo.net\/fr#website\"},\"datePublished\":\"2002-09-03T22:00:00+00:00\",\"breadcrumb\":{\"@id\":\"https:\/\/www.justiceinfo.net\/fr\/5573-04092002-tpirkamuhanda-trois-jours-successifs-de-huis-clos-dans-le-proces-kamuhanda2363.html#breadcrumb\"},\"inLanguage\":\"fr-FR\",\"potentialAction\":[{\"@type\":\"ReadAction\",\"target\":[\"https:\/\/www.justiceinfo.net\/fr\/5573-04092002-tpirkamuhanda-trois-jours-successifs-de-huis-clos-dans-le-proces-kamuhanda2363.html\"]}]},{\"@type\":\"BreadcrumbList\",\"@id\":\"https:\/\/www.justiceinfo.net\/fr\/5573-04092002-tpirkamuhanda-trois-jours-successifs-de-huis-clos-dans-le-proces-kamuhanda2363.html#breadcrumb\",\"itemListElement\":[{\"@type\":\"ListItem\",\"position\":1,\"name\":\"Home\",\"item\":\"https:\/\/www.justiceinfo.net\/fr\"},{\"@type\":\"ListItem\",\"position\":2,\"name\":\"04.09.2002 - TPIR\/KAMUHANDA - TROIS JOURS SUCCESSIFS DE HUIS CLOS DANS LE PROCES KAMUHANDA\"}]},{\"@type\":\"WebSite\",\"@id\":\"https:\/\/www.justiceinfo.net\/fr#website\",\"url\":\"https:\/\/www.justiceinfo.net\/fr\",\"name\":\"JusticeInfo.net\",\"description\":\"La justice doit \u00eatre vue pour \u00eatre rendue\",\"publisher\":{\"@id\":\"https:\/\/www.justiceinfo.net\/fr#organization\"},\"potentialAction\":[{\"@type\":\"SearchAction\",\"target\":{\"@type\":\"EntryPoint\",\"urlTemplate\":\"https:\/\/www.justiceinfo.net\/fr?s={search_term_string}\"},\"query-input\":{\"@type\":\"PropertyValueSpecification\",\"valueRequired\":true,\"valueName\":\"search_term_string\"}}],\"inLanguage\":\"fr-FR\"},{\"@type\":\"Organization\",\"@id\":\"https:\/\/www.justiceinfo.net\/fr#organization\",\"name\":\"Justice Info\",\"url\":\"https:\/\/www.justiceinfo.net\/fr\",\"logo\":{\"@type\":\"ImageObject\",\"inLanguage\":\"fr-FR\",\"@id\":\"https:\/\/www.justiceinfo.net\/fr#\/schema\/logo\/image\/\",\"url\":\"https:\/\/www.justiceinfo.net\/wp-content\/uploads\/justiceinfo_logo-trans_1200x1200px.png\",\"contentUrl\":\"https:\/\/www.justiceinfo.net\/wp-content\/uploads\/justiceinfo_logo-trans_1200x1200px.png\",\"width\":1199,\"height\":1200,\"caption\":\"Justice Info\"},\"image\":{\"@id\":\"https:\/\/www.justiceinfo.net\/fr#\/schema\/logo\/image\/\"},\"sameAs\":[\"https:\/\/www.facebook.com\/JusticeInfo\/\",\"https:\/\/x.com\/justiceinfonet\",\"https:\/\/www.linkedin.com\/company\/justice-info\",\"https:\/\/www.youtube.com\/channel\/UCyCEsARodyuWtkWyhn-e7pA\"]},{\"@type\":\"Person\",\"name\":\"solivri\",\"url\":\"\/fr\/?s=solivri\"}]}<\/script>\n<!-- \/ Yoast SEO Premium plugin. -->","yoast_head_json":{"title":"04.09.2002 - TPIR\/KAMUHANDA - TROIS JOURS SUCCESSIFS DE HUIS CLOS DANS LE PROCES KAMUHANDA - JusticeInfo.net","robots":{"index":"index","follow":"follow","max-snippet":"max-snippet:-1","max-image-preview":"max-image-preview:large","max-video-preview":"max-video-preview:-1"},"canonical":"https:\/\/www.justiceinfo.net\/fr\/5573-04092002-tpirkamuhanda-trois-jours-successifs-de-huis-clos-dans-le-proces-kamuhanda2363.html","og_locale":"fr_FR","og_type":"article","og_title":"04.09.2002 - TPIR\/KAMUHANDA - TROIS JOURS SUCCESSIFS DE HUIS CLOS DANS LE PROCES KAMUHANDA","og_description":"Arusha, le 4 septembre 2002 (FH) \u2013 Le proc\u00e8s de l'ancien ministre de l'enseignement sup\u00e9rieur, de la recherche scientifique et de la culture, Jean de Dieu Kamuhanda en cours devant le Tribunal p\u00e9nal international pour le Rwanda (TPIR), se d\u00e9roule depuis trois jours en majeure partie \u00e0 huis clos, pour prot\u00e9ger les t\u00e9moins \u00e0 d\u00e9charge. [&hellip;]","og_url":"https:\/\/www.justiceinfo.net\/fr\/5573-04092002-tpirkamuhanda-trois-jours-successifs-de-huis-clos-dans-le-proces-kamuhanda2363.html","og_site_name":"JusticeInfo.net","article_publisher":"https:\/\/www.facebook.com\/JusticeInfo\/","article_published_time":"2002-09-03T22:00:00+00:00","og_image":[{"width":1200,"height":630,"url":"https:\/\/www.justiceinfo.net\/wp-content\/uploads\/JusticeInfoNet_logo_1200x630px.jpg","type":"image\/jpeg"}],"author":"solivri","twitter_card":"summary_large_image","twitter_creator":"@justiceinfonet","twitter_site":"@justiceinfonet","twitter_misc":{"\u00c9crit par":"solivri","Dur\u00e9e de lecture estim\u00e9e":"2 minutes"},"schema":{"@context":"https:\/\/schema.org","@graph":[{"@type":"NewsArticle","@id":"https:\/\/www.justiceinfo.net\/fr\/5573-04092002-tpirkamuhanda-trois-jours-successifs-de-huis-clos-dans-le-proces-kamuhanda2363.html#article","isPartOf":{"@id":"https:\/\/www.justiceinfo.net\/fr\/5573-04092002-tpirkamuhanda-trois-jours-successifs-de-huis-clos-dans-le-proces-kamuhanda2363.html"},"author":{"name":"solivri","@id":"https:\/\/www.justiceinfo.net\/fr#\/schema\/person\/6e53cba1629e2e66f3fc1821d3091865"},"headline":"04.09.2002 - TPIR\/KAMUHANDA - TROIS JOURS SUCCESSIFS DE HUIS CLOS DANS LE PROCES KAMUHANDA","datePublished":"2002-09-03T22:00:00+00:00","mainEntityOfPage":{"@id":"https:\/\/www.justiceinfo.net\/fr\/5573-04092002-tpirkamuhanda-trois-jours-successifs-de-huis-clos-dans-le-proces-kamuhanda2363.html"},"wordCount":515,"commentCount":0,"publisher":{"@id":"https:\/\/www.justiceinfo.net\/fr#organization"},"articleSection":["Hirondelle News"],"inLanguage":"fr-FR","potentialAction":[{"@type":"CommentAction","name":"Comment","target":["https:\/\/www.justiceinfo.net\/fr\/5573-04092002-tpirkamuhanda-trois-jours-successifs-de-huis-clos-dans-le-proces-kamuhanda2363.html#respond"]}]},{"@type":"WebPage","@id":"https:\/\/www.justiceinfo.net\/fr\/5573-04092002-tpirkamuhanda-trois-jours-successifs-de-huis-clos-dans-le-proces-kamuhanda2363.html","url":"https:\/\/www.justiceinfo.net\/fr\/5573-04092002-tpirkamuhanda-trois-jours-successifs-de-huis-clos-dans-le-proces-kamuhanda2363.html","name":"04.09.2002 - TPIR\/KAMUHANDA - TROIS JOURS SUCCESSIFS DE HUIS CLOS DANS LE PROCES KAMUHANDA - JusticeInfo.net","isPartOf":{"@id":"https:\/\/www.justiceinfo.net\/fr#website"},"datePublished":"2002-09-03T22:00:00+00:00","breadcrumb":{"@id":"https:\/\/www.justiceinfo.net\/fr\/5573-04092002-tpirkamuhanda-trois-jours-successifs-de-huis-clos-dans-le-proces-kamuhanda2363.html#breadcrumb"},"inLanguage":"fr-FR","potentialAction":[{"@type":"ReadAction","target":["https:\/\/www.justiceinfo.net\/fr\/5573-04092002-tpirkamuhanda-trois-jours-successifs-de-huis-clos-dans-le-proces-kamuhanda2363.html"]}]},{"@type":"BreadcrumbList","@id":"https:\/\/www.justiceinfo.net\/fr\/5573-04092002-tpirkamuhanda-trois-jours-successifs-de-huis-clos-dans-le-proces-kamuhanda2363.html#breadcrumb","itemListElement":[{"@type":"ListItem","position":1,"name":"Home","item":"https:\/\/www.justiceinfo.net\/fr"},{"@type":"ListItem","position":2,"name":"04.09.2002 - TPIR\/KAMUHANDA - TROIS JOURS SUCCESSIFS DE HUIS CLOS DANS LE PROCES KAMUHANDA"}]},{"@type":"WebSite","@id":"https:\/\/www.justiceinfo.net\/fr#website","url":"https:\/\/www.justiceinfo.net\/fr","name":"JusticeInfo.net","description":"La justice doit \u00eatre vue pour \u00eatre rendue","publisher":{"@id":"https:\/\/www.justiceinfo.net\/fr#organization"},"potentialAction":[{"@type":"SearchAction","target":{"@type":"EntryPoint","urlTemplate":"https:\/\/www.justiceinfo.net\/fr?s={search_term_string}"},"query-input":{"@type":"PropertyValueSpecification","valueRequired":true,"valueName":"search_term_string"}}],"inLanguage":"fr-FR"},{"@type":"Organization","@id":"https:\/\/www.justiceinfo.net\/fr#organization","name":"Justice Info","url":"https:\/\/www.justiceinfo.net\/fr","logo":{"@type":"ImageObject","inLanguage":"fr-FR","@id":"https:\/\/www.justiceinfo.net\/fr#\/schema\/logo\/image\/","url":"https:\/\/www.justiceinfo.net\/wp-content\/uploads\/justiceinfo_logo-trans_1200x1200px.png","contentUrl":"https:\/\/www.justiceinfo.net\/wp-content\/uploads\/justiceinfo_logo-trans_1200x1200px.png","width":1199,"height":1200,"caption":"Justice Info"},"image":{"@id":"https:\/\/www.justiceinfo.net\/fr#\/schema\/logo\/image\/"},"sameAs":["https:\/\/www.facebook.com\/JusticeInfo\/","https:\/\/x.com\/justiceinfonet","https:\/\/www.linkedin.com\/company\/justice-info","https:\/\/www.youtube.com\/channel\/UCyCEsARodyuWtkWyhn-e7pA"]},{"@type":"Person","name":"solivri","url":"\/fr\/?s=solivri"}]}},"_links":{"self":[{"href":"https:\/\/www.justiceinfo.net\/fr\/wp-json\/wp\/v2\/posts\/5573","targetHints":{"allow":["GET"]}}],"collection":[{"href":"https:\/\/www.justiceinfo.net\/fr\/wp-json\/wp\/v2\/posts"}],"about":[{"href":"https:\/\/www.justiceinfo.net\/fr\/wp-json\/wp\/v2\/types\/post"}],"author":[{"embeddable":true,"href":"https:\/\/www.justiceinfo.net\/fr\/wp-json\/wp\/v2\/users\/64"}],"replies":[{"embeddable":true,"href":"https:\/\/www.justiceinfo.net\/fr\/wp-json\/wp\/v2\/comments?post=5573"}],"version-history":[{"count":0,"href":"https:\/\/www.justiceinfo.net\/fr\/wp-json\/wp\/v2\/posts\/5573\/revisions"}],"wp:attachment":[{"href":"https:\/\/www.justiceinfo.net\/fr\/wp-json\/wp\/v2\/media?parent=5573"}],"wp:term":[{"taxonomy":"category","embeddable":true,"href":"https:\/\/www.justiceinfo.net\/fr\/wp-json\/wp\/v2\/categories?post=5573"},{"taxonomy":"post_tag","embeddable":true,"href":"https:\/\/www.justiceinfo.net\/fr\/wp-json\/wp\/v2\/tags?post=5573"},{"taxonomy":"ji_location","embeddable":true,"href":"https:\/\/www.justiceinfo.net\/fr\/wp-json\/wp\/v2\/ji_location?post=5573"}],"curies":[{"name":"wp","href":"https:\/\/api.w.org\/{rel}","templated":true}]}}