{"id":5611,"date":"2002-08-14T00:00:00","date_gmt":"2002-08-13T22:00:00","guid":{"rendered":"https:\/\/www.justiceinfo.net\/5611-14082002-tpirniyitegeka-niyitegeka-aurait-dirige-une-attaque-contre-des-tutsis-a-bisesero2401.html"},"modified":"2002-08-14T00:00:00","modified_gmt":"2002-08-13T22:00:00","slug":"14082002-tpirniyitegeka-niyitegeka-aurait-dirige-une-attaque-contre-des-tutsis-a-bisesero2401","status":"publish","type":"post","link":"https:\/\/www.justiceinfo.net\/fr\/5611-14082002-tpirniyitegeka-niyitegeka-aurait-dirige-une-attaque-contre-des-tutsis-a-bisesero2401.html","title":{"rendered":"14.08.2002 - TPIR\/NIYITEGEKA - NIYITEGEKA AURAIT DIRIGE UNE ATTAQUE CONTRE DES TUTSIS A BISESERO"},"content":{"rendered":"<p  >\nArusha, le 14 ao\u00fbt, 2002 (FH) - l'ancien ministre de l'information sous le gouvernement int\u00e9rimaire, Eli\u00e9zer Niyitegeka, aurait dirig\u00e9 une attaque contre des Tutsis r\u00e9fugi\u00e9s sur une des collines de Bisesero (province Kibuye, ouest du Rwanda), a affirm\u00e9 un t\u00e9moin, mercredi, devant le Tribunal p\u00e9nal international pour le Rwanda (TPIR).\n<\/p>\n<p  >\nD\u00e9sign\u00e9 par les lettres \"GGY\" pour prot\u00e9ger son anonymat, le quatri\u00e8me t\u00e9moin de l'accusation est un Tutsi rescap\u00e9 du g\u00e9nocide en 1994.\n<\/p>\n<p><!--more--><\/p>\n<p  >\nM.GGY a all\u00e9gu\u00e9 que l'attaque \u00e0 laquelle aurait particip\u00e9 Niyitegeka se serait d\u00e9roul\u00e9 \"fin avril-d\u00e9but mai\" 1994. Le t\u00e9moin a affirm\u00e9 que l'accus\u00e9 portait une arme \u00e0 feu.\n<\/p>\n<p  >\nSelon le t\u00e9moin, Eli\u00e9zer Niyitegeka, aurait dirig\u00e9 cette attaque aux c\u00f4t\u00e9s D'autres personnalit\u00e9s locales dont la plupart ont \u00e9t\u00e9 mises en accusation par le TPIR.\n<\/p>\n<p  >\nIl s'agit notamment de l'ex-maire de Gishyita Charles Sikubwabo et celui de Gisovu Aloys Ndimbati , tous les deux en fuite. Le t\u00e9moin a \u00e9galement incrimin\u00e9 deux conseillers municipaux d\u00e9tenus \u00e0 Arusha, Mika Muhimana et Vincent Rutaganira.\n<\/p>\n<p  >\n\"Lorsque je l'ai vu[Eli\u00e9zer Niyitegeka], il \u00e9tait en train de tirer sur des gens\", a indiqu\u00e9 GGY, affirmant qu'il portait un fusil qui mesurait \"entre 80 cm et 1m\".\n<\/p>\n<p  >\nEli\u00e9zer Niyitegeka aurait \u00e9galement particip\u00e9 \u00e0 une attaque perp\u00e9tr\u00e9e les 13 et 14 mai 1994, sur la colline de Muyira \u00e0 Bisesero. Cette attaque a \u00e9t\u00e9 d\u00e9j\u00e0 \u00e9voqu\u00e9e dans le proc\u00e8s de l'ancien directeur de l'usine \u00e0 th\u00e9 de Gisovu, Alfred Musema, condamn\u00e9 \u00e0 l'emprisonnement \u00e0 vie par le TPIR le 16 novembre 2001 pour g\u00e9nocide.\n<\/p>\n<p  >\n\"Les cadavres \u00e9taient tellement nombreux qu'on aurait pu les comparer aux feuilles mortes qui tombent des arbres de cet endroit\", a d\u00e9clar\u00e9 le t\u00e9moin.\n<\/p>\n<p  >\nEli\u00e9zer Niyitegeka plaide non coupable. Il entend d\u00e9velopper une d\u00e9fense D'alibi. Eli\u00e9zer Niyitegeka est d\u00e9fendu par l'avocate anglaise Me Sylvia Geraghty et un confr\u00e8re irlandais Me Feargal Kavanag.\n<\/p>\n<p  >\nA plusieurs reprises, Me Kavanag a object\u00e9 aux questions du parquet. \"On ne peut pas permettre \u00e0 un t\u00e9moin de d\u00e9poser sur des domaines qui ne sont pas contenus dans sa d\u00e9claration\" ant\u00e9rieure aux enqu\u00eateurs, a protest\u00e9 Me Kavanag.\n<\/p>\n<p  >\n\"En mati\u00e8re p\u00e9nale, le minimum pour l'\u00e9quit\u00e9, c'est que l'accus\u00e9 soit inform\u00e9 des charges qui sont retenues contre lui. Nous n'avons pas \u00e9t\u00e9 inform\u00e9s. Le procureur ne doit pas \u00eatre autoris\u00e9 \u00e0 poser des pi\u00e8ges \u00e0 notre client. Ce serait in\u00e9quitable. Comment le procureur peut-il introduire des<br \/>\n\u00e9l\u00e9ments dont la d\u00e9fense n'a pas re\u00e7u notification?\", a plaid\u00e9 Me Kavanag.\n<\/p>\n<p  >\nMe Kavanag a \u00e9galement mis en doute la cr\u00e9dibilit\u00e9 du t\u00e9moin. L\u2019avocat irlandais a relev\u00e9 que ce n\u2019est que r\u00e9cemment que le t\u00e9moin GGY a mentionn\u00e9 son client parmi les auteurs pr\u00e9sum\u00e9s des massacres \u00e0 Bisesero, alors que l\u2019 occasion lui en avait \u00e9t\u00e9 donn\u00e9e \u00e0 deux reprises. Il a en effet \u00e9t\u00e9 interrog\u00e9 par des enqu\u00eateurs du parquet. Il a \u00e9galement t\u00e9moign\u00e9 dans le proc\u00e8s pour g\u00e9nocide du pasteur Elizaphan Ntakirutimana et de son fils, le m\u00e9decin Gerard Ntakirutimana.\n<\/p>\n<p  >\nMe Kavanag a sugg\u00e9r\u00e9 que le t\u00e9moin modelait sa d\u00e9position en fonction des accus\u00e9s et qu\u2019il \u00e9tait \u00e9vasif dans ses r\u00e9ponses. \u00ab Je ne faisais que r\u00e9pondre aux questions qui m\u2019\u00e9taient pos\u00e9es \u00bb, a r\u00e9torqu\u00e9 le t\u00e9moin. Il a ajout\u00e9 : \u00ab Comme nous ne sommes pas dans le proc\u00e8s Ntakirutimana, je ne comprends pas l\u2019objet de vos questions \u00bb.\n<\/p>\n<p  >\nLe proc\u00e8s Niyitegeka se d\u00e9roule devant la premi\u00e8re chambre de premi\u00e8re instance du TPIR pr\u00e9sid\u00e9e par la juge sud-africaine Navanethem Pillay, et compos\u00e9e en outre des juges, norv\u00e9gien Erik Mose et s\u00e9n\u00e9galaise Andr\u00e9sie Vaz.<br \/>\nAT\/FH (NI-0814A )<\/p>\n","protected":false},"excerpt":{"rendered":"<p>Arusha, le 14 ao\u00fbt, 2002 (FH) - l'ancien ministre de l'information sous le gouvernement int\u00e9rimaire, Eli\u00e9zer Niyitegeka, aurait dirig\u00e9 une attaque contre des Tutsis r\u00e9fugi\u00e9s sur une des collines de Bisesero (province Kibuye, ouest du Rwanda), a affirm\u00e9 un t\u00e9moin, mercredi, devant le Tribunal p\u00e9nal international pour le Rwanda (TPIR). D\u00e9sign\u00e9 par les lettres \"GGY\" [&hellip;]<\/p>\n","protected":false},"author":64,"featured_media":0,"comment_status":"open","ping_status":"closed","sticky":false,"template":"","format":"standard","meta":{"_acf_changed":false,"footnotes":""},"categories":[554],"tags":[],"ji_location":[],"class_list":["post-5611","post","type-post","status-publish","format-standard","hentry","category-hirondellenews"],"acf":[],"yoast_head":"<!-- This site is optimized with the Yoast SEO Premium plugin v25.3.1 (Yoast SEO v25.3.1) - https:\/\/yoast.com\/wordpress\/plugins\/seo\/ -->\n<title>14.08.2002 - TPIR\/NIYITEGEKA - NIYITEGEKA AURAIT DIRIGE UNE ATTAQUE CONTRE DES TUTSIS A BISESERO - JusticeInfo.net<\/title>\n<meta name=\"robots\" content=\"index, follow, max-snippet:-1, max-image-preview:large, max-video-preview:-1\" \/>\n<link rel=\"canonical\" href=\"https:\/\/www.justiceinfo.net\/fr\/5611-14082002-tpirniyitegeka-niyitegeka-aurait-dirige-une-attaque-contre-des-tutsis-a-bisesero2401.html\" \/>\n<meta property=\"og:locale\" content=\"fr_FR\" \/>\n<meta property=\"og:type\" content=\"article\" \/>\n<meta property=\"og:title\" content=\"14.08.2002 - TPIR\/NIYITEGEKA - NIYITEGEKA AURAIT DIRIGE UNE ATTAQUE CONTRE DES TUTSIS A BISESERO\" \/>\n<meta property=\"og:description\" content=\"Arusha, le 14 ao\u00fbt, 2002 (FH) - l&#039;ancien ministre de l&#039;information sous le gouvernement int\u00e9rimaire, Eli\u00e9zer Niyitegeka, aurait dirig\u00e9 une attaque contre des Tutsis r\u00e9fugi\u00e9s sur une des collines de Bisesero (province Kibuye, ouest du Rwanda), a affirm\u00e9 un t\u00e9moin, mercredi, devant le Tribunal p\u00e9nal international pour le Rwanda (TPIR). D\u00e9sign\u00e9 par les lettres &quot;GGY&quot; [&hellip;]\" \/>\n<meta property=\"og:url\" content=\"https:\/\/www.justiceinfo.net\/fr\/5611-14082002-tpirniyitegeka-niyitegeka-aurait-dirige-une-attaque-contre-des-tutsis-a-bisesero2401.html\" \/>\n<meta property=\"og:site_name\" content=\"JusticeInfo.net\" \/>\n<meta property=\"article:publisher\" content=\"https:\/\/www.facebook.com\/JusticeInfo\/\" \/>\n<meta property=\"article:published_time\" content=\"2002-08-13T22:00:00+00:00\" \/>\n<meta property=\"og:image\" content=\"https:\/\/www.justiceinfo.net\/wp-content\/uploads\/JusticeInfoNet_logo_1200x630px.jpg\" \/>\n\t<meta property=\"og:image:width\" content=\"1200\" \/>\n\t<meta property=\"og:image:height\" content=\"630\" \/>\n\t<meta property=\"og:image:type\" content=\"image\/jpeg\" \/>\n<meta name=\"author\" content=\"solivri\" \/>\n<meta name=\"twitter:card\" content=\"summary_large_image\" \/>\n<meta name=\"twitter:creator\" content=\"@justiceinfonet\" \/>\n<meta name=\"twitter:site\" content=\"@justiceinfonet\" \/>\n<meta name=\"twitter:label1\" content=\"\u00c9crit par\" \/>\n\t<meta name=\"twitter:data1\" content=\"solivri\" \/>\n\t<meta name=\"twitter:label2\" content=\"Dur\u00e9e de lecture estim\u00e9e\" \/>\n\t<meta name=\"twitter:data2\" content=\"3 minutes\" \/>\n<script type=\"application\/ld+json\" class=\"yoast-schema-graph\">{\"@context\":\"https:\/\/schema.org\",\"@graph\":[{\"@type\":\"NewsArticle\",\"@id\":\"https:\/\/www.justiceinfo.net\/fr\/5611-14082002-tpirniyitegeka-niyitegeka-aurait-dirige-une-attaque-contre-des-tutsis-a-bisesero2401.html#article\",\"isPartOf\":{\"@id\":\"https:\/\/www.justiceinfo.net\/fr\/5611-14082002-tpirniyitegeka-niyitegeka-aurait-dirige-une-attaque-contre-des-tutsis-a-bisesero2401.html\"},\"author\":{\"name\":\"solivri\",\"@id\":\"https:\/\/www.justiceinfo.net\/fr#\/schema\/person\/6e53cba1629e2e66f3fc1821d3091865\"},\"headline\":\"14.08.2002 - TPIR\/NIYITEGEKA - NIYITEGEKA AURAIT DIRIGE UNE ATTAQUE CONTRE DES TUTSIS A BISESERO\",\"datePublished\":\"2002-08-13T22:00:00+00:00\",\"mainEntityOfPage\":{\"@id\":\"https:\/\/www.justiceinfo.net\/fr\/5611-14082002-tpirniyitegeka-niyitegeka-aurait-dirige-une-attaque-contre-des-tutsis-a-bisesero2401.html\"},\"wordCount\":673,\"commentCount\":0,\"publisher\":{\"@id\":\"https:\/\/www.justiceinfo.net\/fr#organization\"},\"articleSection\":[\"Hirondelle News\"],\"inLanguage\":\"fr-FR\",\"potentialAction\":[{\"@type\":\"CommentAction\",\"name\":\"Comment\",\"target\":[\"https:\/\/www.justiceinfo.net\/fr\/5611-14082002-tpirniyitegeka-niyitegeka-aurait-dirige-une-attaque-contre-des-tutsis-a-bisesero2401.html#respond\"]}]},{\"@type\":\"WebPage\",\"@id\":\"https:\/\/www.justiceinfo.net\/fr\/5611-14082002-tpirniyitegeka-niyitegeka-aurait-dirige-une-attaque-contre-des-tutsis-a-bisesero2401.html\",\"url\":\"https:\/\/www.justiceinfo.net\/fr\/5611-14082002-tpirniyitegeka-niyitegeka-aurait-dirige-une-attaque-contre-des-tutsis-a-bisesero2401.html\",\"name\":\"14.08.2002 - TPIR\/NIYITEGEKA - NIYITEGEKA AURAIT DIRIGE UNE ATTAQUE CONTRE DES TUTSIS A BISESERO - JusticeInfo.net\",\"isPartOf\":{\"@id\":\"https:\/\/www.justiceinfo.net\/fr#website\"},\"datePublished\":\"2002-08-13T22:00:00+00:00\",\"breadcrumb\":{\"@id\":\"https:\/\/www.justiceinfo.net\/fr\/5611-14082002-tpirniyitegeka-niyitegeka-aurait-dirige-une-attaque-contre-des-tutsis-a-bisesero2401.html#breadcrumb\"},\"inLanguage\":\"fr-FR\",\"potentialAction\":[{\"@type\":\"ReadAction\",\"target\":[\"https:\/\/www.justiceinfo.net\/fr\/5611-14082002-tpirniyitegeka-niyitegeka-aurait-dirige-une-attaque-contre-des-tutsis-a-bisesero2401.html\"]}]},{\"@type\":\"BreadcrumbList\",\"@id\":\"https:\/\/www.justiceinfo.net\/fr\/5611-14082002-tpirniyitegeka-niyitegeka-aurait-dirige-une-attaque-contre-des-tutsis-a-bisesero2401.html#breadcrumb\",\"itemListElement\":[{\"@type\":\"ListItem\",\"position\":1,\"name\":\"Home\",\"item\":\"https:\/\/www.justiceinfo.net\/fr\"},{\"@type\":\"ListItem\",\"position\":2,\"name\":\"14.08.2002 - TPIR\/NIYITEGEKA - NIYITEGEKA AURAIT DIRIGE UNE ATTAQUE CONTRE DES TUTSIS A BISESERO\"}]},{\"@type\":\"WebSite\",\"@id\":\"https:\/\/www.justiceinfo.net\/fr#website\",\"url\":\"https:\/\/www.justiceinfo.net\/fr\",\"name\":\"JusticeInfo.net\",\"description\":\"La justice doit \u00eatre vue pour \u00eatre rendue\",\"publisher\":{\"@id\":\"https:\/\/www.justiceinfo.net\/fr#organization\"},\"potentialAction\":[{\"@type\":\"SearchAction\",\"target\":{\"@type\":\"EntryPoint\",\"urlTemplate\":\"https:\/\/www.justiceinfo.net\/fr?s={search_term_string}\"},\"query-input\":{\"@type\":\"PropertyValueSpecification\",\"valueRequired\":true,\"valueName\":\"search_term_string\"}}],\"inLanguage\":\"fr-FR\"},{\"@type\":\"Organization\",\"@id\":\"https:\/\/www.justiceinfo.net\/fr#organization\",\"name\":\"Justice Info\",\"url\":\"https:\/\/www.justiceinfo.net\/fr\",\"logo\":{\"@type\":\"ImageObject\",\"inLanguage\":\"fr-FR\",\"@id\":\"https:\/\/www.justiceinfo.net\/fr#\/schema\/logo\/image\/\",\"url\":\"https:\/\/www.justiceinfo.net\/wp-content\/uploads\/justiceinfo_logo-trans_1200x1200px.png\",\"contentUrl\":\"https:\/\/www.justiceinfo.net\/wp-content\/uploads\/justiceinfo_logo-trans_1200x1200px.png\",\"width\":1199,\"height\":1200,\"caption\":\"Justice Info\"},\"image\":{\"@id\":\"https:\/\/www.justiceinfo.net\/fr#\/schema\/logo\/image\/\"},\"sameAs\":[\"https:\/\/www.facebook.com\/JusticeInfo\/\",\"https:\/\/x.com\/justiceinfonet\",\"https:\/\/www.linkedin.com\/company\/justice-info\",\"https:\/\/www.youtube.com\/channel\/UCyCEsARodyuWtkWyhn-e7pA\"]},{\"@type\":\"Person\",\"name\":\"solivri\",\"url\":\"\/fr\/?s=solivri\"}]}<\/script>\n<!-- \/ Yoast SEO Premium plugin. -->","yoast_head_json":{"title":"14.08.2002 - TPIR\/NIYITEGEKA - NIYITEGEKA AURAIT DIRIGE UNE ATTAQUE CONTRE DES TUTSIS A BISESERO - JusticeInfo.net","robots":{"index":"index","follow":"follow","max-snippet":"max-snippet:-1","max-image-preview":"max-image-preview:large","max-video-preview":"max-video-preview:-1"},"canonical":"https:\/\/www.justiceinfo.net\/fr\/5611-14082002-tpirniyitegeka-niyitegeka-aurait-dirige-une-attaque-contre-des-tutsis-a-bisesero2401.html","og_locale":"fr_FR","og_type":"article","og_title":"14.08.2002 - TPIR\/NIYITEGEKA - NIYITEGEKA AURAIT DIRIGE UNE ATTAQUE CONTRE DES TUTSIS A BISESERO","og_description":"Arusha, le 14 ao\u00fbt, 2002 (FH) - l'ancien ministre de l'information sous le gouvernement int\u00e9rimaire, Eli\u00e9zer Niyitegeka, aurait dirig\u00e9 une attaque contre des Tutsis r\u00e9fugi\u00e9s sur une des collines de Bisesero (province Kibuye, ouest du Rwanda), a affirm\u00e9 un t\u00e9moin, mercredi, devant le Tribunal p\u00e9nal international pour le Rwanda (TPIR). D\u00e9sign\u00e9 par les lettres \"GGY\" [&hellip;]","og_url":"https:\/\/www.justiceinfo.net\/fr\/5611-14082002-tpirniyitegeka-niyitegeka-aurait-dirige-une-attaque-contre-des-tutsis-a-bisesero2401.html","og_site_name":"JusticeInfo.net","article_publisher":"https:\/\/www.facebook.com\/JusticeInfo\/","article_published_time":"2002-08-13T22:00:00+00:00","og_image":[{"width":1200,"height":630,"url":"https:\/\/www.justiceinfo.net\/wp-content\/uploads\/JusticeInfoNet_logo_1200x630px.jpg","type":"image\/jpeg"}],"author":"solivri","twitter_card":"summary_large_image","twitter_creator":"@justiceinfonet","twitter_site":"@justiceinfonet","twitter_misc":{"\u00c9crit par":"solivri","Dur\u00e9e de lecture estim\u00e9e":"3 minutes"},"schema":{"@context":"https:\/\/schema.org","@graph":[{"@type":"NewsArticle","@id":"https:\/\/www.justiceinfo.net\/fr\/5611-14082002-tpirniyitegeka-niyitegeka-aurait-dirige-une-attaque-contre-des-tutsis-a-bisesero2401.html#article","isPartOf":{"@id":"https:\/\/www.justiceinfo.net\/fr\/5611-14082002-tpirniyitegeka-niyitegeka-aurait-dirige-une-attaque-contre-des-tutsis-a-bisesero2401.html"},"author":{"name":"solivri","@id":"https:\/\/www.justiceinfo.net\/fr#\/schema\/person\/6e53cba1629e2e66f3fc1821d3091865"},"headline":"14.08.2002 - TPIR\/NIYITEGEKA - NIYITEGEKA AURAIT DIRIGE UNE ATTAQUE CONTRE DES TUTSIS A BISESERO","datePublished":"2002-08-13T22:00:00+00:00","mainEntityOfPage":{"@id":"https:\/\/www.justiceinfo.net\/fr\/5611-14082002-tpirniyitegeka-niyitegeka-aurait-dirige-une-attaque-contre-des-tutsis-a-bisesero2401.html"},"wordCount":673,"commentCount":0,"publisher":{"@id":"https:\/\/www.justiceinfo.net\/fr#organization"},"articleSection":["Hirondelle News"],"inLanguage":"fr-FR","potentialAction":[{"@type":"CommentAction","name":"Comment","target":["https:\/\/www.justiceinfo.net\/fr\/5611-14082002-tpirniyitegeka-niyitegeka-aurait-dirige-une-attaque-contre-des-tutsis-a-bisesero2401.html#respond"]}]},{"@type":"WebPage","@id":"https:\/\/www.justiceinfo.net\/fr\/5611-14082002-tpirniyitegeka-niyitegeka-aurait-dirige-une-attaque-contre-des-tutsis-a-bisesero2401.html","url":"https:\/\/www.justiceinfo.net\/fr\/5611-14082002-tpirniyitegeka-niyitegeka-aurait-dirige-une-attaque-contre-des-tutsis-a-bisesero2401.html","name":"14.08.2002 - TPIR\/NIYITEGEKA - NIYITEGEKA AURAIT DIRIGE UNE ATTAQUE CONTRE DES TUTSIS A BISESERO - JusticeInfo.net","isPartOf":{"@id":"https:\/\/www.justiceinfo.net\/fr#website"},"datePublished":"2002-08-13T22:00:00+00:00","breadcrumb":{"@id":"https:\/\/www.justiceinfo.net\/fr\/5611-14082002-tpirniyitegeka-niyitegeka-aurait-dirige-une-attaque-contre-des-tutsis-a-bisesero2401.html#breadcrumb"},"inLanguage":"fr-FR","potentialAction":[{"@type":"ReadAction","target":["https:\/\/www.justiceinfo.net\/fr\/5611-14082002-tpirniyitegeka-niyitegeka-aurait-dirige-une-attaque-contre-des-tutsis-a-bisesero2401.html"]}]},{"@type":"BreadcrumbList","@id":"https:\/\/www.justiceinfo.net\/fr\/5611-14082002-tpirniyitegeka-niyitegeka-aurait-dirige-une-attaque-contre-des-tutsis-a-bisesero2401.html#breadcrumb","itemListElement":[{"@type":"ListItem","position":1,"name":"Home","item":"https:\/\/www.justiceinfo.net\/fr"},{"@type":"ListItem","position":2,"name":"14.08.2002 - TPIR\/NIYITEGEKA - NIYITEGEKA AURAIT DIRIGE UNE ATTAQUE CONTRE DES TUTSIS A BISESERO"}]},{"@type":"WebSite","@id":"https:\/\/www.justiceinfo.net\/fr#website","url":"https:\/\/www.justiceinfo.net\/fr","name":"JusticeInfo.net","description":"La justice doit \u00eatre vue pour \u00eatre rendue","publisher":{"@id":"https:\/\/www.justiceinfo.net\/fr#organization"},"potentialAction":[{"@type":"SearchAction","target":{"@type":"EntryPoint","urlTemplate":"https:\/\/www.justiceinfo.net\/fr?s={search_term_string}"},"query-input":{"@type":"PropertyValueSpecification","valueRequired":true,"valueName":"search_term_string"}}],"inLanguage":"fr-FR"},{"@type":"Organization","@id":"https:\/\/www.justiceinfo.net\/fr#organization","name":"Justice Info","url":"https:\/\/www.justiceinfo.net\/fr","logo":{"@type":"ImageObject","inLanguage":"fr-FR","@id":"https:\/\/www.justiceinfo.net\/fr#\/schema\/logo\/image\/","url":"https:\/\/www.justiceinfo.net\/wp-content\/uploads\/justiceinfo_logo-trans_1200x1200px.png","contentUrl":"https:\/\/www.justiceinfo.net\/wp-content\/uploads\/justiceinfo_logo-trans_1200x1200px.png","width":1199,"height":1200,"caption":"Justice Info"},"image":{"@id":"https:\/\/www.justiceinfo.net\/fr#\/schema\/logo\/image\/"},"sameAs":["https:\/\/www.facebook.com\/JusticeInfo\/","https:\/\/x.com\/justiceinfonet","https:\/\/www.linkedin.com\/company\/justice-info","https:\/\/www.youtube.com\/channel\/UCyCEsARodyuWtkWyhn-e7pA"]},{"@type":"Person","name":"solivri","url":"\/fr\/?s=solivri"}]}},"_links":{"self":[{"href":"https:\/\/www.justiceinfo.net\/fr\/wp-json\/wp\/v2\/posts\/5611","targetHints":{"allow":["GET"]}}],"collection":[{"href":"https:\/\/www.justiceinfo.net\/fr\/wp-json\/wp\/v2\/posts"}],"about":[{"href":"https:\/\/www.justiceinfo.net\/fr\/wp-json\/wp\/v2\/types\/post"}],"author":[{"embeddable":true,"href":"https:\/\/www.justiceinfo.net\/fr\/wp-json\/wp\/v2\/users\/64"}],"replies":[{"embeddable":true,"href":"https:\/\/www.justiceinfo.net\/fr\/wp-json\/wp\/v2\/comments?post=5611"}],"version-history":[{"count":0,"href":"https:\/\/www.justiceinfo.net\/fr\/wp-json\/wp\/v2\/posts\/5611\/revisions"}],"wp:attachment":[{"href":"https:\/\/www.justiceinfo.net\/fr\/wp-json\/wp\/v2\/media?parent=5611"}],"wp:term":[{"taxonomy":"category","embeddable":true,"href":"https:\/\/www.justiceinfo.net\/fr\/wp-json\/wp\/v2\/categories?post=5611"},{"taxonomy":"post_tag","embeddable":true,"href":"https:\/\/www.justiceinfo.net\/fr\/wp-json\/wp\/v2\/tags?post=5611"},{"taxonomy":"ji_location","embeddable":true,"href":"https:\/\/www.justiceinfo.net\/fr\/wp-json\/wp\/v2\/ji_location?post=5611"}],"curies":[{"name":"wp","href":"https:\/\/api.w.org\/{rel}","templated":true}]}}