{"id":5689,"date":"2002-07-03T00:00:00","date_gmt":"2002-07-02T22:00:00","guid":{"rendered":"https:\/\/www.justiceinfo.net\/5689-03072002-tpircyangugu-lex-ministre-ntagerura-demande-la-citation-dun-temoin-par-video-confe2479.html"},"modified":"2002-07-03T00:00:00","modified_gmt":"2002-07-02T22:00:00","slug":"03072002-tpircyangugu-lex-ministre-ntagerura-demande-la-citation-dun-temoin-par-video-confe2479","status":"publish","type":"post","link":"https:\/\/www.justiceinfo.net\/fr\/5689-03072002-tpircyangugu-lex-ministre-ntagerura-demande-la-citation-dun-temoin-par-video-confe2479.html","title":{"rendered":"03.07.2002 - TPIR\/CYANGUGU - l'EX-MINISTRE NTAGERURA DEMANDE LA CITATION D'UN TEMOIN PAR VIDEO-CONFE"},"content":{"rendered":"<p  >\nArusha, le 3 juillet, 2002 (FH)-- La d\u00e9fense de l'ancien ministre des transports et communications sous le gouvernement int\u00e9rimaire, Andr\u00e9 Ntagerura, a demand\u00e9 mercredi la citation D'un t\u00e9moin par vid\u00e9o-conf\u00e9rence, dans le proc\u00e8s du groupe Cyangugu (sud-ouest du Rwanda) en cours devant le Tribunal p\u00e9nal international pour le Rwanda (TPIR).\n<\/p>\n<p  >\nConcernant le t\u00e9moin en question, d\u00e9nomm\u00e9 \"K1H\" pour pr\u00e9server son anonymat, l'avocat canadien, Me Henry Beno\u00eet, a indiqu\u00e9 que \"son \u00e9tat de sant\u00e9 ne lui permet pas de faire le d\u00e9placement D'Arusha\", mais qu'il avait accept\u00e9 de t\u00e9moigner \u00e0 partir de la Haye, \"\u00e9tant donn\u00e9 qu'il se trouve dans un des pays de la communaut\u00e9 europ\u00e9enne\".\n<\/p>\n<p><!--more--><\/p>\n<p  >\nSi la chambre devait accepter cette requ\u00eate, ce serait la deuxi\u00e8me fois que le TPIR proc\u00e8de par vid\u00e9o-conf\u00e9rence pour interroger un t\u00e9moin. Cela a \u00e9t\u00e9 d\u00e9j\u00e0 pratiqu\u00e9 dans le proc\u00e8s des m\u00e9dias.\n<\/p>\n<p  >\nMe Beno\u00eet a qualifi\u00e9 la d\u00e9position du t\u00e9moin K1H D'\"essentielle\", expliquant que la d\u00e9fense a renonc\u00e9 \u00e0 plusieurs autres t\u00e9moins pour garder celui-l\u00e0. Il a alternativement sugg\u00e9r\u00e9 que cette d\u00e9position soit recueillie, consign\u00e9e par voie st\u00e9nographique et envoy\u00e9e aux juges pour analyse, au cas o\u00f9 surgiraient des difficult\u00e9s techniques pour \u00e9tablir la liaison entre Arusha et La Haye.\n<\/p>\n<p  >\nLa d\u00e9fense de Ntagerura entend, par le biais de ce t\u00e9moin, contrer la preuve fournie par le parquet selon laquelle l'accus\u00e9 aurait donn\u00e9 des instructions visant le renvoi des fonctionnaires non membres de l'ancien parti au pouvoir, le Mouvement r\u00e9publicain pour la d\u00e9mocratie et le d\u00e9veloppement (MRND).\n<\/p>\n<p  >\nSelon Me Beno\u00eet, le t\u00e9moin apportera aussi \"des \u00e9l\u00e9ments concrets\" confirmant les d\u00e9placements de l'accus\u00e9, y compris des missions \u00e0 l'ext\u00e9rieur du pays entre le 6 avril et le 14 juillet 1994.\n<\/p>\n<p  >\nLe parquet all\u00e8gue que Ntagerura aurait proc\u00e9d\u00e9 \u00e0 la distribution D'armes et particip\u00e9 \u00e0 des massacres de Tutsis d\u00e8s le 7 avril 1994, au lendemain de l'attentat contre l'avion du pr\u00e9sident rwandais Juv\u00e9nal Habyarimana.\n<\/p>\n<p  >\nMe Beno\u00eet a \u00e9galement rappel\u00e9 qu'un t\u00e9moin expert du parquet, le sociologue fran\u00e7ais Andr\u00e9 Guichaoua, a d\u00e9clar\u00e9 que la mise en place des institutions de transition \u00e0 base \u00e9largie avait \u00e9t\u00e9 bloqu\u00e9e par des membres du gouvernement issus du MRND, dont Ntagerura. \"Cette allusion n'est pas innocente\", a-t-il relev\u00e9, laissant entendre que le t\u00e9moin K1H pourra \u00e9clairer la chambre \u00e0 ce sujet.\n<\/p>\n<p  >\nLe subsitut ougandais du procureur, Richard Karegyesa, a estim\u00e9 que la d\u00e9position de ce t\u00e9moin ne sera qu'une redondance par rapport \u00e0 ce que D'autres ont d\u00e9j\u00e0 dit.<br \/>\nMe Beno\u00eet a r\u00e9pliqu\u00e9 qu'il est de son devoir de pr\u00e9senter toute la preuve \u00e0 sa disposition. La chambre n'a pas encore rendu sa d\u00e9cision.\n<\/p>\n<p  >\nNtagerura est coaccus\u00e9 avec l'ancien pr\u00e9fet de Cyangugu, Emmanuel Bagambiki, ainsi que l'ancien commandant du camp militaire de Karambo \u00e0 Cyangugu, le lieutenant Samuel Imanishimwe. Tous plaident non coupables.\n<\/p>\n<p  >\nLe proc\u00e8s se d\u00e9roule devant la troisi\u00e8me chambre de premi\u00e8re instance du TPIR, pr\u00e9sid\u00e9e par le juge George Williams de Saint-Kitts et Nevis, et comprenant par ailleurs les juges, russe Yakov Ostrovsky, et slov\u00e8ne, Pavel Dolenc.<br \/>\nGA\/AT\/DO\/FH (CY-0703A)<\/p>\n","protected":false},"excerpt":{"rendered":"<p>Arusha, le 3 juillet, 2002 (FH)-- La d\u00e9fense de l'ancien ministre des transports et communications sous le gouvernement int\u00e9rimaire, Andr\u00e9 Ntagerura, a demand\u00e9 mercredi la citation D'un t\u00e9moin par vid\u00e9o-conf\u00e9rence, dans le proc\u00e8s du groupe Cyangugu (sud-ouest du Rwanda) en cours devant le Tribunal p\u00e9nal international pour le Rwanda (TPIR). Concernant le t\u00e9moin en question, [&hellip;]<\/p>\n","protected":false},"author":64,"featured_media":0,"comment_status":"open","ping_status":"closed","sticky":false,"template":"","format":"standard","meta":{"_acf_changed":false,"footnotes":""},"categories":[554],"tags":[],"ji_location":[],"class_list":["post-5689","post","type-post","status-publish","format-standard","hentry","category-hirondellenews"],"acf":[],"yoast_head":"<!-- This site is optimized with the Yoast SEO Premium plugin v25.3.1 (Yoast SEO v25.3.1) - https:\/\/yoast.com\/wordpress\/plugins\/seo\/ -->\n<title>03.07.2002 - TPIR\/CYANGUGU - l&#039;EX-MINISTRE NTAGERURA DEMANDE LA CITATION D&#039;UN TEMOIN PAR VIDEO-CONFE - JusticeInfo.net<\/title>\n<meta name=\"robots\" content=\"index, follow, max-snippet:-1, max-image-preview:large, max-video-preview:-1\" \/>\n<link rel=\"canonical\" href=\"https:\/\/www.justiceinfo.net\/fr\/5689-03072002-tpircyangugu-lex-ministre-ntagerura-demande-la-citation-dun-temoin-par-video-confe2479.html\" \/>\n<meta property=\"og:locale\" content=\"fr_FR\" \/>\n<meta property=\"og:type\" content=\"article\" \/>\n<meta property=\"og:title\" content=\"03.07.2002 - TPIR\/CYANGUGU - l&#039;EX-MINISTRE NTAGERURA DEMANDE LA CITATION D&#039;UN TEMOIN PAR VIDEO-CONFE\" \/>\n<meta property=\"og:description\" content=\"Arusha, le 3 juillet, 2002 (FH)-- La d\u00e9fense de l&#039;ancien ministre des transports et communications sous le gouvernement int\u00e9rimaire, Andr\u00e9 Ntagerura, a demand\u00e9 mercredi la citation D&#039;un t\u00e9moin par vid\u00e9o-conf\u00e9rence, dans le proc\u00e8s du groupe Cyangugu (sud-ouest du Rwanda) en cours devant le Tribunal p\u00e9nal international pour le Rwanda (TPIR). Concernant le t\u00e9moin en question, [&hellip;]\" \/>\n<meta property=\"og:url\" content=\"https:\/\/www.justiceinfo.net\/fr\/5689-03072002-tpircyangugu-lex-ministre-ntagerura-demande-la-citation-dun-temoin-par-video-confe2479.html\" \/>\n<meta property=\"og:site_name\" content=\"JusticeInfo.net\" \/>\n<meta property=\"article:publisher\" content=\"https:\/\/www.facebook.com\/JusticeInfo\/\" \/>\n<meta property=\"article:published_time\" content=\"2002-07-02T22:00:00+00:00\" \/>\n<meta property=\"og:image\" content=\"https:\/\/www.justiceinfo.net\/wp-content\/uploads\/JusticeInfoNet_logo_1200x630px.jpg\" \/>\n\t<meta property=\"og:image:width\" content=\"1200\" \/>\n\t<meta property=\"og:image:height\" content=\"630\" \/>\n\t<meta property=\"og:image:type\" content=\"image\/jpeg\" \/>\n<meta name=\"author\" content=\"solivri\" \/>\n<meta name=\"twitter:card\" content=\"summary_large_image\" \/>\n<meta name=\"twitter:creator\" content=\"@justiceinfonet\" \/>\n<meta name=\"twitter:site\" content=\"@justiceinfonet\" \/>\n<meta name=\"twitter:label1\" content=\"\u00c9crit par\" \/>\n\t<meta name=\"twitter:data1\" content=\"solivri\" \/>\n\t<meta name=\"twitter:label2\" content=\"Dur\u00e9e de lecture estim\u00e9e\" \/>\n\t<meta name=\"twitter:data2\" content=\"3 minutes\" \/>\n<script type=\"application\/ld+json\" class=\"yoast-schema-graph\">{\"@context\":\"https:\/\/schema.org\",\"@graph\":[{\"@type\":\"NewsArticle\",\"@id\":\"https:\/\/www.justiceinfo.net\/fr\/5689-03072002-tpircyangugu-lex-ministre-ntagerura-demande-la-citation-dun-temoin-par-video-confe2479.html#article\",\"isPartOf\":{\"@id\":\"https:\/\/www.justiceinfo.net\/fr\/5689-03072002-tpircyangugu-lex-ministre-ntagerura-demande-la-citation-dun-temoin-par-video-confe2479.html\"},\"author\":{\"name\":\"solivri\",\"@id\":\"https:\/\/www.justiceinfo.net\/fr#\/schema\/person\/6e53cba1629e2e66f3fc1821d3091865\"},\"headline\":\"03.07.2002 - TPIR\/CYANGUGU - l'EX-MINISTRE NTAGERURA DEMANDE LA CITATION D'UN TEMOIN PAR VIDEO-CONFE\",\"datePublished\":\"2002-07-02T22:00:00+00:00\",\"mainEntityOfPage\":{\"@id\":\"https:\/\/www.justiceinfo.net\/fr\/5689-03072002-tpircyangugu-lex-ministre-ntagerura-demande-la-citation-dun-temoin-par-video-confe2479.html\"},\"wordCount\":589,\"commentCount\":0,\"publisher\":{\"@id\":\"https:\/\/www.justiceinfo.net\/fr#organization\"},\"articleSection\":[\"Hirondelle News\"],\"inLanguage\":\"fr-FR\",\"potentialAction\":[{\"@type\":\"CommentAction\",\"name\":\"Comment\",\"target\":[\"https:\/\/www.justiceinfo.net\/fr\/5689-03072002-tpircyangugu-lex-ministre-ntagerura-demande-la-citation-dun-temoin-par-video-confe2479.html#respond\"]}]},{\"@type\":\"WebPage\",\"@id\":\"https:\/\/www.justiceinfo.net\/fr\/5689-03072002-tpircyangugu-lex-ministre-ntagerura-demande-la-citation-dun-temoin-par-video-confe2479.html\",\"url\":\"https:\/\/www.justiceinfo.net\/fr\/5689-03072002-tpircyangugu-lex-ministre-ntagerura-demande-la-citation-dun-temoin-par-video-confe2479.html\",\"name\":\"03.07.2002 - TPIR\/CYANGUGU - l'EX-MINISTRE NTAGERURA DEMANDE LA CITATION D'UN TEMOIN PAR VIDEO-CONFE - JusticeInfo.net\",\"isPartOf\":{\"@id\":\"https:\/\/www.justiceinfo.net\/fr#website\"},\"datePublished\":\"2002-07-02T22:00:00+00:00\",\"breadcrumb\":{\"@id\":\"https:\/\/www.justiceinfo.net\/fr\/5689-03072002-tpircyangugu-lex-ministre-ntagerura-demande-la-citation-dun-temoin-par-video-confe2479.html#breadcrumb\"},\"inLanguage\":\"fr-FR\",\"potentialAction\":[{\"@type\":\"ReadAction\",\"target\":[\"https:\/\/www.justiceinfo.net\/fr\/5689-03072002-tpircyangugu-lex-ministre-ntagerura-demande-la-citation-dun-temoin-par-video-confe2479.html\"]}]},{\"@type\":\"BreadcrumbList\",\"@id\":\"https:\/\/www.justiceinfo.net\/fr\/5689-03072002-tpircyangugu-lex-ministre-ntagerura-demande-la-citation-dun-temoin-par-video-confe2479.html#breadcrumb\",\"itemListElement\":[{\"@type\":\"ListItem\",\"position\":1,\"name\":\"Home\",\"item\":\"https:\/\/www.justiceinfo.net\/fr\"},{\"@type\":\"ListItem\",\"position\":2,\"name\":\"03.07.2002 - TPIR\/CYANGUGU - l'EX-MINISTRE NTAGERURA DEMANDE LA CITATION D'UN TEMOIN PAR VIDEO-CONFE\"}]},{\"@type\":\"WebSite\",\"@id\":\"https:\/\/www.justiceinfo.net\/fr#website\",\"url\":\"https:\/\/www.justiceinfo.net\/fr\",\"name\":\"JusticeInfo.net\",\"description\":\"La justice doit \u00eatre vue pour \u00eatre rendue\",\"publisher\":{\"@id\":\"https:\/\/www.justiceinfo.net\/fr#organization\"},\"potentialAction\":[{\"@type\":\"SearchAction\",\"target\":{\"@type\":\"EntryPoint\",\"urlTemplate\":\"https:\/\/www.justiceinfo.net\/fr?s={search_term_string}\"},\"query-input\":{\"@type\":\"PropertyValueSpecification\",\"valueRequired\":true,\"valueName\":\"search_term_string\"}}],\"inLanguage\":\"fr-FR\"},{\"@type\":\"Organization\",\"@id\":\"https:\/\/www.justiceinfo.net\/fr#organization\",\"name\":\"Justice Info\",\"url\":\"https:\/\/www.justiceinfo.net\/fr\",\"logo\":{\"@type\":\"ImageObject\",\"inLanguage\":\"fr-FR\",\"@id\":\"https:\/\/www.justiceinfo.net\/fr#\/schema\/logo\/image\/\",\"url\":\"https:\/\/www.justiceinfo.net\/wp-content\/uploads\/justiceinfo_logo-trans_1200x1200px.png\",\"contentUrl\":\"https:\/\/www.justiceinfo.net\/wp-content\/uploads\/justiceinfo_logo-trans_1200x1200px.png\",\"width\":1199,\"height\":1200,\"caption\":\"Justice Info\"},\"image\":{\"@id\":\"https:\/\/www.justiceinfo.net\/fr#\/schema\/logo\/image\/\"},\"sameAs\":[\"https:\/\/www.facebook.com\/JusticeInfo\/\",\"https:\/\/x.com\/justiceinfonet\",\"https:\/\/www.linkedin.com\/company\/justice-info\",\"https:\/\/www.youtube.com\/channel\/UCyCEsARodyuWtkWyhn-e7pA\"]},{\"@type\":\"Person\",\"name\":\"solivri\",\"url\":\"\/fr\/?s=solivri\"}]}<\/script>\n<!-- \/ Yoast SEO Premium plugin. -->","yoast_head_json":{"title":"03.07.2002 - TPIR\/CYANGUGU - l'EX-MINISTRE NTAGERURA DEMANDE LA CITATION D'UN TEMOIN PAR VIDEO-CONFE - JusticeInfo.net","robots":{"index":"index","follow":"follow","max-snippet":"max-snippet:-1","max-image-preview":"max-image-preview:large","max-video-preview":"max-video-preview:-1"},"canonical":"https:\/\/www.justiceinfo.net\/fr\/5689-03072002-tpircyangugu-lex-ministre-ntagerura-demande-la-citation-dun-temoin-par-video-confe2479.html","og_locale":"fr_FR","og_type":"article","og_title":"03.07.2002 - TPIR\/CYANGUGU - l'EX-MINISTRE NTAGERURA DEMANDE LA CITATION D'UN TEMOIN PAR VIDEO-CONFE","og_description":"Arusha, le 3 juillet, 2002 (FH)-- La d\u00e9fense de l'ancien ministre des transports et communications sous le gouvernement int\u00e9rimaire, Andr\u00e9 Ntagerura, a demand\u00e9 mercredi la citation D'un t\u00e9moin par vid\u00e9o-conf\u00e9rence, dans le proc\u00e8s du groupe Cyangugu (sud-ouest du Rwanda) en cours devant le Tribunal p\u00e9nal international pour le Rwanda (TPIR). Concernant le t\u00e9moin en question, [&hellip;]","og_url":"https:\/\/www.justiceinfo.net\/fr\/5689-03072002-tpircyangugu-lex-ministre-ntagerura-demande-la-citation-dun-temoin-par-video-confe2479.html","og_site_name":"JusticeInfo.net","article_publisher":"https:\/\/www.facebook.com\/JusticeInfo\/","article_published_time":"2002-07-02T22:00:00+00:00","og_image":[{"width":1200,"height":630,"url":"https:\/\/www.justiceinfo.net\/wp-content\/uploads\/JusticeInfoNet_logo_1200x630px.jpg","type":"image\/jpeg"}],"author":"solivri","twitter_card":"summary_large_image","twitter_creator":"@justiceinfonet","twitter_site":"@justiceinfonet","twitter_misc":{"\u00c9crit par":"solivri","Dur\u00e9e de lecture estim\u00e9e":"3 minutes"},"schema":{"@context":"https:\/\/schema.org","@graph":[{"@type":"NewsArticle","@id":"https:\/\/www.justiceinfo.net\/fr\/5689-03072002-tpircyangugu-lex-ministre-ntagerura-demande-la-citation-dun-temoin-par-video-confe2479.html#article","isPartOf":{"@id":"https:\/\/www.justiceinfo.net\/fr\/5689-03072002-tpircyangugu-lex-ministre-ntagerura-demande-la-citation-dun-temoin-par-video-confe2479.html"},"author":{"name":"solivri","@id":"https:\/\/www.justiceinfo.net\/fr#\/schema\/person\/6e53cba1629e2e66f3fc1821d3091865"},"headline":"03.07.2002 - TPIR\/CYANGUGU - l'EX-MINISTRE NTAGERURA DEMANDE LA CITATION D'UN TEMOIN PAR VIDEO-CONFE","datePublished":"2002-07-02T22:00:00+00:00","mainEntityOfPage":{"@id":"https:\/\/www.justiceinfo.net\/fr\/5689-03072002-tpircyangugu-lex-ministre-ntagerura-demande-la-citation-dun-temoin-par-video-confe2479.html"},"wordCount":589,"commentCount":0,"publisher":{"@id":"https:\/\/www.justiceinfo.net\/fr#organization"},"articleSection":["Hirondelle News"],"inLanguage":"fr-FR","potentialAction":[{"@type":"CommentAction","name":"Comment","target":["https:\/\/www.justiceinfo.net\/fr\/5689-03072002-tpircyangugu-lex-ministre-ntagerura-demande-la-citation-dun-temoin-par-video-confe2479.html#respond"]}]},{"@type":"WebPage","@id":"https:\/\/www.justiceinfo.net\/fr\/5689-03072002-tpircyangugu-lex-ministre-ntagerura-demande-la-citation-dun-temoin-par-video-confe2479.html","url":"https:\/\/www.justiceinfo.net\/fr\/5689-03072002-tpircyangugu-lex-ministre-ntagerura-demande-la-citation-dun-temoin-par-video-confe2479.html","name":"03.07.2002 - TPIR\/CYANGUGU - l'EX-MINISTRE NTAGERURA DEMANDE LA CITATION D'UN TEMOIN PAR VIDEO-CONFE - JusticeInfo.net","isPartOf":{"@id":"https:\/\/www.justiceinfo.net\/fr#website"},"datePublished":"2002-07-02T22:00:00+00:00","breadcrumb":{"@id":"https:\/\/www.justiceinfo.net\/fr\/5689-03072002-tpircyangugu-lex-ministre-ntagerura-demande-la-citation-dun-temoin-par-video-confe2479.html#breadcrumb"},"inLanguage":"fr-FR","potentialAction":[{"@type":"ReadAction","target":["https:\/\/www.justiceinfo.net\/fr\/5689-03072002-tpircyangugu-lex-ministre-ntagerura-demande-la-citation-dun-temoin-par-video-confe2479.html"]}]},{"@type":"BreadcrumbList","@id":"https:\/\/www.justiceinfo.net\/fr\/5689-03072002-tpircyangugu-lex-ministre-ntagerura-demande-la-citation-dun-temoin-par-video-confe2479.html#breadcrumb","itemListElement":[{"@type":"ListItem","position":1,"name":"Home","item":"https:\/\/www.justiceinfo.net\/fr"},{"@type":"ListItem","position":2,"name":"03.07.2002 - TPIR\/CYANGUGU - l'EX-MINISTRE NTAGERURA DEMANDE LA CITATION D'UN TEMOIN PAR VIDEO-CONFE"}]},{"@type":"WebSite","@id":"https:\/\/www.justiceinfo.net\/fr#website","url":"https:\/\/www.justiceinfo.net\/fr","name":"JusticeInfo.net","description":"La justice doit \u00eatre vue pour \u00eatre rendue","publisher":{"@id":"https:\/\/www.justiceinfo.net\/fr#organization"},"potentialAction":[{"@type":"SearchAction","target":{"@type":"EntryPoint","urlTemplate":"https:\/\/www.justiceinfo.net\/fr?s={search_term_string}"},"query-input":{"@type":"PropertyValueSpecification","valueRequired":true,"valueName":"search_term_string"}}],"inLanguage":"fr-FR"},{"@type":"Organization","@id":"https:\/\/www.justiceinfo.net\/fr#organization","name":"Justice Info","url":"https:\/\/www.justiceinfo.net\/fr","logo":{"@type":"ImageObject","inLanguage":"fr-FR","@id":"https:\/\/www.justiceinfo.net\/fr#\/schema\/logo\/image\/","url":"https:\/\/www.justiceinfo.net\/wp-content\/uploads\/justiceinfo_logo-trans_1200x1200px.png","contentUrl":"https:\/\/www.justiceinfo.net\/wp-content\/uploads\/justiceinfo_logo-trans_1200x1200px.png","width":1199,"height":1200,"caption":"Justice Info"},"image":{"@id":"https:\/\/www.justiceinfo.net\/fr#\/schema\/logo\/image\/"},"sameAs":["https:\/\/www.facebook.com\/JusticeInfo\/","https:\/\/x.com\/justiceinfonet","https:\/\/www.linkedin.com\/company\/justice-info","https:\/\/www.youtube.com\/channel\/UCyCEsARodyuWtkWyhn-e7pA"]},{"@type":"Person","name":"solivri","url":"\/fr\/?s=solivri"}]}},"_links":{"self":[{"href":"https:\/\/www.justiceinfo.net\/fr\/wp-json\/wp\/v2\/posts\/5689","targetHints":{"allow":["GET"]}}],"collection":[{"href":"https:\/\/www.justiceinfo.net\/fr\/wp-json\/wp\/v2\/posts"}],"about":[{"href":"https:\/\/www.justiceinfo.net\/fr\/wp-json\/wp\/v2\/types\/post"}],"author":[{"embeddable":true,"href":"https:\/\/www.justiceinfo.net\/fr\/wp-json\/wp\/v2\/users\/64"}],"replies":[{"embeddable":true,"href":"https:\/\/www.justiceinfo.net\/fr\/wp-json\/wp\/v2\/comments?post=5689"}],"version-history":[{"count":0,"href":"https:\/\/www.justiceinfo.net\/fr\/wp-json\/wp\/v2\/posts\/5689\/revisions"}],"wp:attachment":[{"href":"https:\/\/www.justiceinfo.net\/fr\/wp-json\/wp\/v2\/media?parent=5689"}],"wp:term":[{"taxonomy":"category","embeddable":true,"href":"https:\/\/www.justiceinfo.net\/fr\/wp-json\/wp\/v2\/categories?post=5689"},{"taxonomy":"post_tag","embeddable":true,"href":"https:\/\/www.justiceinfo.net\/fr\/wp-json\/wp\/v2\/tags?post=5689"},{"taxonomy":"ji_location","embeddable":true,"href":"https:\/\/www.justiceinfo.net\/fr\/wp-json\/wp\/v2\/ji_location?post=5689"}],"curies":[{"name":"wp","href":"https:\/\/api.w.org\/{rel}","templated":true}]}}