{"id":5739,"date":"2002-06-18T00:00:00","date_gmt":"2002-06-17T22:00:00","guid":{"rendered":"https:\/\/www.justiceinfo.net\/5739-18062002-tpirsemanza-la-defense-de-lex-maire-laurent-semanza-demande-son-acquittement2529.html"},"modified":"2002-06-18T00:00:00","modified_gmt":"2002-06-17T22:00:00","slug":"18062002-tpirsemanza-la-defense-de-lex-maire-laurent-semanza-demande-son-acquittement2529","status":"publish","type":"post","link":"https:\/\/www.justiceinfo.net\/fr\/5739-18062002-tpirsemanza-la-defense-de-lex-maire-laurent-semanza-demande-son-acquittement2529.html","title":{"rendered":"18.06.2002 - TPIR\/SEMANZA - LA DEFENSE DE l'EX-MAIRE LAURENT SEMANZA DEMANDE SON ACQUITTEMENT"},"content":{"rendered":"<p  >\nArusha 18 juin 2002 (FH) - La d\u00e9fense de l'ancien maire de Bicumbi (province Kigali rurale, centre-est du Rwanda), Laurent Semanza, poursuivi pour g\u00e9nocide, a demand\u00e9 l'acquittement de l'accus\u00e9, au motif que le parquet a \u00e9chou\u00e9 \u00e0 contrer son alibi, lors de son plaidoirie mardi devant le Tribunal p\u00e9nal international pour le Rwanda (TPIR).\n<\/p>\n<p  >\nSemanza r\u00e9pond des massacres commis \u00e0 Bicumbi et dans la commune voisine de Gikoro durant le g\u00e9nocide de 1994.\n<\/p>\n<p><!--more--><\/p>\n<p  >\nIl plaide non coupable. Le parquet situe l'essentiel de ses all\u00e9gations entre le 9 et le 13 avril 1994, alors que l'accus\u00e9 affirme avoir quitt\u00e9 sa r\u00e9sidence dans la nuit du 8 au 9 avril 1994 en direction de Gitarama.\n<\/p>\n<p  >\nl'avocat b\u00e9ninois, Me Sadikou Alao, co-conseil de Semanza, a relev\u00e9 des incoh\u00e9rences et contradictions chez les t\u00e9moins \u00e0 charge, qui ont rapport\u00e9 que le 7 avril 1994, Semanza \u00e9tait aux lieux dits Musha, Nzige, Kanzu et Muyumbu pour y organiser des massacres. l'accus\u00e9 se serait aussi retrouv\u00e9 \u00e0 des endroits diff\u00e9rents, aux m\u00eames heures, les 8 et 11 avril.\n<\/p>\n<p  >\nMe Alao a soutenu que \"toutes ces citations sont invraisemblables\". \"M\u00eame un sorcier ne peut pas avoir un don D'ubiquit\u00e9 pour se retrouver \u00e0 des endroits diff\u00e9rents au m\u00eame moment\", a rench\u00e9ri l'avocat am\u00e9ricano -camerounais, Me Charles Taku.\n<\/p>\n<p  >\nLundi, le substitut canado-nigerian du procureur, Chile Eboe-Osuji, avait exhort\u00e9 la chambre \u00e0 ne pas tenir compte des contradictions des t\u00e9moins \u00e0 charge, arguant qu'elles ne constituent pas une base suffisante pour rejeter le t\u00e9moignage dans son ensemble.\n<\/p>\n<p  >\nLe procureur a aussi fait valoir que la d\u00e9fense a fond\u00e9 son alibi sur la d\u00e9position D'un t\u00e9moin expert, le sociologue fran\u00e7ais Andr\u00e9 Guichaoua, qui en avril 2001 avait rapport\u00e9 que Semanza avait rejoint le gouvernement int\u00e9rimaire qui s'\u00e9tait r\u00e9fugi\u00e9 \u00e0 Gitarama \u00e0 partir du 11 avril 1994. Cit\u00e9 en duplique par le parquet, Guichaoua avait indiqu\u00e9 que Semanza pouvait se rendre \u00e0 Bicumbi \u00e0 partir de Gitarama.\n<\/p>\n<p  >\nMe Alao a soutenu que son client ne pouvait pas fuir l'ins\u00e9curit\u00e9, et revenir en arri\u00e8re. \"On ne peut pas fuir le danger et revenir faire face \u00e0 ce m\u00eame danger\", a-t-il fait observer, rappelant que \"la commune (Bicumbi) \u00e9tait d\u00e9j\u00e0 occup\u00e9e par le FPR (ancien mouvement rebelle)\".\n<\/p>\n<p  >\nS'agissant du t\u00e9moin \"DCH\" cit\u00e9 \u00e9galement en duplique, Me Alao a sugg\u00e9r\u00e9 que lors de son aveu de culpabilit\u00e9 aux autorit\u00e9s judiciaires du Rwanda, le t\u00e9moin n'a jamais d\u00e9nonc\u00e9 Semanza parmi les personnes ayant perp\u00e9tr\u00e9 avec lui l'attaque contre l'\u00e9glise de Ruhango apr\u00e8s le 9 avril. Le t\u00e9moin a fait cette d\u00e9claration lors de sa d\u00e9position devant la chambre en avril dernier.\n<\/p>\n<p  >\nLa d\u00e9fense a fait remarquer que \"ce t\u00e9moin a \u00e9t\u00e9 fabriqu\u00e9 pour la circonstance. Ce serait une caution au mensonge que de prendre ses d\u00e9clarations au s\u00e9rieux\", a plaid\u00e9 Me Alao.\n<\/p>\n<p  >\nLe troisi\u00e8me t\u00e9moin cit\u00e9 en duplique, Mme\"XXK\", a, selon la d\u00e9fense, affirm\u00e9 que l'accus\u00e9 aurait quitt\u00e9 son domicile le 18 avril 1994, le jour du d\u00e9c\u00e8s de son mari, mais elle n'a pas pu \u00e9tablir par apr\u00e8s la date \u00e0 laquelle ce dernier \u00e9tait d\u00e9c\u00e9d\u00e9.\n<\/p>\n<p  >\nLa d\u00e9fense a par ailleurs affirm\u00e9 que le parquet n'a pas pu prouver les crimes all\u00e9gu\u00e9s \u00e0 Bicumbi et \u00e0 Gikoro. Me Alao a soutenu qu'il n y avait pas de guerre dans ces endroits avant le 18 avril 1994, date de l'arriv\u00e9e du FPR, \"selon la th\u00e8se du procureur\". Dans ces conditions, a-t-il insist\u00e9, \"comment peut-il soutenir qu'il y a eu des crimes contre l'humanit\u00e9\".\n<\/p>\n<p  >\nl'avocat b\u00e9ninois a rappel\u00e9 que le jour de l'attentat contre l'avion du pr\u00e9sident Juv\u00e9nal Habyarimana le 6 avril 1994, Semanza \u00e9tait en plein deuil D'une des ses filles assassin\u00e9e neuf jours auparavant. \"Moralement, il n'aurait pas pu se livrer aux crimes qu'on lui reproche\", a soulign\u00e9 Me Alao.\n<\/p>\n<p  >\nMe Taku a pour sa part relev\u00e9 que \"l'accusation n'a pu prouver de mani\u00e8re pr\u00e9cise le r\u00f4le jou\u00e9 par Semanza dans ce qui s'est pass\u00e9 \u00e0 Bicumbi et \u00e0 Gikoro\" et conclu que \"au vu de ce qui pr\u00e9c\u00e8de, nous demandons l'acquittement [de Laurent Semanza]\".\n<\/p>\n<p  >\nLes deux avocats ont entam\u00e9 leur plaidoirie par une pri\u00e8re, \u00e9voquant de longues citations de la Bible, et implorant Dieu pour qu'il \u00e9claire les juges afin qu'ils lib\u00e8rent leur client.\n<\/p>\n<p  >\nAlors que le juge russe Yakov Ostrovsky, qui pr\u00e9side les d\u00e9bats, venait de d\u00e9clarer clos les arguments des deux parties, dans ce proc\u00e8s ouvert le 16 octobre 2000, le repr\u00e9senatnt du parquet a suppli\u00e9 la chambre de lui accorder quelque temps \"pour d\u00e9velopper quelques arguments en r\u00e9plique\".\n<\/p>\n<p  >\nLe proc\u00e8s Semanza se d\u00e9roule devant la troisi\u00e8me chambre de premi\u00e8re instance du TPIR, comprenant, outre le juge Ostrovsky, les juges George Lloyd Williams de Saint- Kitts et Nevis, et Pavel Dolenc de Slov\u00e9nie.\n<\/p>\n<p  >\nLes d\u00e9bats se poursuivront mercredi.\n<\/p>\n<p  >\nGA\/AT\/GF\/FH (SE-0618a)<\/p>\n","protected":false},"excerpt":{"rendered":"<p>Arusha 18 juin 2002 (FH) - La d\u00e9fense de l'ancien maire de Bicumbi (province Kigali rurale, centre-est du Rwanda), Laurent Semanza, poursuivi pour g\u00e9nocide, a demand\u00e9 l'acquittement de l'accus\u00e9, au motif que le parquet a \u00e9chou\u00e9 \u00e0 contrer son alibi, lors de son plaidoirie mardi devant le Tribunal p\u00e9nal international pour le Rwanda (TPIR). Semanza [&hellip;]<\/p>\n","protected":false},"author":64,"featured_media":0,"comment_status":"open","ping_status":"closed","sticky":false,"template":"","format":"standard","meta":{"_acf_changed":false,"footnotes":""},"categories":[554],"tags":[],"ji_location":[],"class_list":["post-5739","post","type-post","status-publish","format-standard","hentry","category-hirondellenews"],"acf":[],"yoast_head":"<!-- This site is optimized with the Yoast SEO Premium plugin v25.3.1 (Yoast SEO v25.3.1) - https:\/\/yoast.com\/wordpress\/plugins\/seo\/ -->\n<title>18.06.2002 - TPIR\/SEMANZA - LA DEFENSE DE l&#039;EX-MAIRE LAURENT SEMANZA DEMANDE SON ACQUITTEMENT - JusticeInfo.net<\/title>\n<meta name=\"robots\" content=\"index, follow, max-snippet:-1, max-image-preview:large, max-video-preview:-1\" \/>\n<link rel=\"canonical\" href=\"https:\/\/www.justiceinfo.net\/fr\/5739-18062002-tpirsemanza-la-defense-de-lex-maire-laurent-semanza-demande-son-acquittement2529.html\" \/>\n<meta property=\"og:locale\" content=\"fr_FR\" \/>\n<meta property=\"og:type\" content=\"article\" \/>\n<meta property=\"og:title\" content=\"18.06.2002 - TPIR\/SEMANZA - LA DEFENSE DE l&#039;EX-MAIRE LAURENT SEMANZA DEMANDE SON ACQUITTEMENT\" \/>\n<meta property=\"og:description\" content=\"Arusha 18 juin 2002 (FH) - La d\u00e9fense de l&#039;ancien maire de Bicumbi (province Kigali rurale, centre-est du Rwanda), Laurent Semanza, poursuivi pour g\u00e9nocide, a demand\u00e9 l&#039;acquittement de l&#039;accus\u00e9, au motif que le parquet a \u00e9chou\u00e9 \u00e0 contrer son alibi, lors de son plaidoirie mardi devant le Tribunal p\u00e9nal international pour le Rwanda (TPIR). Semanza [&hellip;]\" \/>\n<meta property=\"og:url\" content=\"https:\/\/www.justiceinfo.net\/fr\/5739-18062002-tpirsemanza-la-defense-de-lex-maire-laurent-semanza-demande-son-acquittement2529.html\" \/>\n<meta property=\"og:site_name\" content=\"JusticeInfo.net\" \/>\n<meta property=\"article:publisher\" content=\"https:\/\/www.facebook.com\/JusticeInfo\/\" \/>\n<meta property=\"article:published_time\" content=\"2002-06-17T22:00:00+00:00\" \/>\n<meta property=\"og:image\" content=\"https:\/\/www.justiceinfo.net\/wp-content\/uploads\/JusticeInfoNet_logo_1200x630px.jpg\" \/>\n\t<meta property=\"og:image:width\" content=\"1200\" \/>\n\t<meta property=\"og:image:height\" content=\"630\" \/>\n\t<meta property=\"og:image:type\" content=\"image\/jpeg\" \/>\n<meta name=\"author\" content=\"solivri\" \/>\n<meta name=\"twitter:card\" content=\"summary_large_image\" \/>\n<meta name=\"twitter:creator\" content=\"@justiceinfonet\" \/>\n<meta name=\"twitter:site\" content=\"@justiceinfonet\" \/>\n<meta name=\"twitter:label1\" content=\"\u00c9crit par\" \/>\n\t<meta name=\"twitter:data1\" content=\"solivri\" \/>\n\t<meta name=\"twitter:label2\" content=\"Dur\u00e9e de lecture estim\u00e9e\" \/>\n\t<meta name=\"twitter:data2\" content=\"4 minutes\" \/>\n<script type=\"application\/ld+json\" class=\"yoast-schema-graph\">{\"@context\":\"https:\/\/schema.org\",\"@graph\":[{\"@type\":\"NewsArticle\",\"@id\":\"https:\/\/www.justiceinfo.net\/fr\/5739-18062002-tpirsemanza-la-defense-de-lex-maire-laurent-semanza-demande-son-acquittement2529.html#article\",\"isPartOf\":{\"@id\":\"https:\/\/www.justiceinfo.net\/fr\/5739-18062002-tpirsemanza-la-defense-de-lex-maire-laurent-semanza-demande-son-acquittement2529.html\"},\"author\":{\"name\":\"solivri\",\"@id\":\"https:\/\/www.justiceinfo.net\/fr#\/schema\/person\/6e53cba1629e2e66f3fc1821d3091865\"},\"headline\":\"18.06.2002 - TPIR\/SEMANZA - LA DEFENSE DE l'EX-MAIRE LAURENT SEMANZA DEMANDE SON ACQUITTEMENT\",\"datePublished\":\"2002-06-17T22:00:00+00:00\",\"mainEntityOfPage\":{\"@id\":\"https:\/\/www.justiceinfo.net\/fr\/5739-18062002-tpirsemanza-la-defense-de-lex-maire-laurent-semanza-demande-son-acquittement2529.html\"},\"wordCount\":873,\"commentCount\":0,\"publisher\":{\"@id\":\"https:\/\/www.justiceinfo.net\/fr#organization\"},\"articleSection\":[\"Hirondelle News\"],\"inLanguage\":\"fr-FR\",\"potentialAction\":[{\"@type\":\"CommentAction\",\"name\":\"Comment\",\"target\":[\"https:\/\/www.justiceinfo.net\/fr\/5739-18062002-tpirsemanza-la-defense-de-lex-maire-laurent-semanza-demande-son-acquittement2529.html#respond\"]}]},{\"@type\":\"WebPage\",\"@id\":\"https:\/\/www.justiceinfo.net\/fr\/5739-18062002-tpirsemanza-la-defense-de-lex-maire-laurent-semanza-demande-son-acquittement2529.html\",\"url\":\"https:\/\/www.justiceinfo.net\/fr\/5739-18062002-tpirsemanza-la-defense-de-lex-maire-laurent-semanza-demande-son-acquittement2529.html\",\"name\":\"18.06.2002 - TPIR\/SEMANZA - LA DEFENSE DE l'EX-MAIRE LAURENT SEMANZA DEMANDE SON ACQUITTEMENT - JusticeInfo.net\",\"isPartOf\":{\"@id\":\"https:\/\/www.justiceinfo.net\/fr#website\"},\"datePublished\":\"2002-06-17T22:00:00+00:00\",\"breadcrumb\":{\"@id\":\"https:\/\/www.justiceinfo.net\/fr\/5739-18062002-tpirsemanza-la-defense-de-lex-maire-laurent-semanza-demande-son-acquittement2529.html#breadcrumb\"},\"inLanguage\":\"fr-FR\",\"potentialAction\":[{\"@type\":\"ReadAction\",\"target\":[\"https:\/\/www.justiceinfo.net\/fr\/5739-18062002-tpirsemanza-la-defense-de-lex-maire-laurent-semanza-demande-son-acquittement2529.html\"]}]},{\"@type\":\"BreadcrumbList\",\"@id\":\"https:\/\/www.justiceinfo.net\/fr\/5739-18062002-tpirsemanza-la-defense-de-lex-maire-laurent-semanza-demande-son-acquittement2529.html#breadcrumb\",\"itemListElement\":[{\"@type\":\"ListItem\",\"position\":1,\"name\":\"Home\",\"item\":\"https:\/\/www.justiceinfo.net\/fr\"},{\"@type\":\"ListItem\",\"position\":2,\"name\":\"18.06.2002 - TPIR\/SEMANZA - LA DEFENSE DE l'EX-MAIRE LAURENT SEMANZA DEMANDE SON ACQUITTEMENT\"}]},{\"@type\":\"WebSite\",\"@id\":\"https:\/\/www.justiceinfo.net\/fr#website\",\"url\":\"https:\/\/www.justiceinfo.net\/fr\",\"name\":\"JusticeInfo.net\",\"description\":\"La justice doit \u00eatre vue pour \u00eatre rendue\",\"publisher\":{\"@id\":\"https:\/\/www.justiceinfo.net\/fr#organization\"},\"potentialAction\":[{\"@type\":\"SearchAction\",\"target\":{\"@type\":\"EntryPoint\",\"urlTemplate\":\"https:\/\/www.justiceinfo.net\/fr?s={search_term_string}\"},\"query-input\":{\"@type\":\"PropertyValueSpecification\",\"valueRequired\":true,\"valueName\":\"search_term_string\"}}],\"inLanguage\":\"fr-FR\"},{\"@type\":\"Organization\",\"@id\":\"https:\/\/www.justiceinfo.net\/fr#organization\",\"name\":\"Justice Info\",\"url\":\"https:\/\/www.justiceinfo.net\/fr\",\"logo\":{\"@type\":\"ImageObject\",\"inLanguage\":\"fr-FR\",\"@id\":\"https:\/\/www.justiceinfo.net\/fr#\/schema\/logo\/image\/\",\"url\":\"https:\/\/www.justiceinfo.net\/wp-content\/uploads\/justiceinfo_logo-trans_1200x1200px.png\",\"contentUrl\":\"https:\/\/www.justiceinfo.net\/wp-content\/uploads\/justiceinfo_logo-trans_1200x1200px.png\",\"width\":1199,\"height\":1200,\"caption\":\"Justice Info\"},\"image\":{\"@id\":\"https:\/\/www.justiceinfo.net\/fr#\/schema\/logo\/image\/\"},\"sameAs\":[\"https:\/\/www.facebook.com\/JusticeInfo\/\",\"https:\/\/x.com\/justiceinfonet\",\"https:\/\/www.linkedin.com\/company\/justice-info\",\"https:\/\/www.youtube.com\/channel\/UCyCEsARodyuWtkWyhn-e7pA\"]},{\"@type\":\"Person\",\"name\":\"solivri\",\"url\":\"\/fr\/?s=solivri\"}]}<\/script>\n<!-- \/ Yoast SEO Premium plugin. -->","yoast_head_json":{"title":"18.06.2002 - TPIR\/SEMANZA - LA DEFENSE DE l'EX-MAIRE LAURENT SEMANZA DEMANDE SON ACQUITTEMENT - JusticeInfo.net","robots":{"index":"index","follow":"follow","max-snippet":"max-snippet:-1","max-image-preview":"max-image-preview:large","max-video-preview":"max-video-preview:-1"},"canonical":"https:\/\/www.justiceinfo.net\/fr\/5739-18062002-tpirsemanza-la-defense-de-lex-maire-laurent-semanza-demande-son-acquittement2529.html","og_locale":"fr_FR","og_type":"article","og_title":"18.06.2002 - TPIR\/SEMANZA - LA DEFENSE DE l'EX-MAIRE LAURENT SEMANZA DEMANDE SON ACQUITTEMENT","og_description":"Arusha 18 juin 2002 (FH) - La d\u00e9fense de l'ancien maire de Bicumbi (province Kigali rurale, centre-est du Rwanda), Laurent Semanza, poursuivi pour g\u00e9nocide, a demand\u00e9 l'acquittement de l'accus\u00e9, au motif que le parquet a \u00e9chou\u00e9 \u00e0 contrer son alibi, lors de son plaidoirie mardi devant le Tribunal p\u00e9nal international pour le Rwanda (TPIR). Semanza [&hellip;]","og_url":"https:\/\/www.justiceinfo.net\/fr\/5739-18062002-tpirsemanza-la-defense-de-lex-maire-laurent-semanza-demande-son-acquittement2529.html","og_site_name":"JusticeInfo.net","article_publisher":"https:\/\/www.facebook.com\/JusticeInfo\/","article_published_time":"2002-06-17T22:00:00+00:00","og_image":[{"width":1200,"height":630,"url":"https:\/\/www.justiceinfo.net\/wp-content\/uploads\/JusticeInfoNet_logo_1200x630px.jpg","type":"image\/jpeg"}],"author":"solivri","twitter_card":"summary_large_image","twitter_creator":"@justiceinfonet","twitter_site":"@justiceinfonet","twitter_misc":{"\u00c9crit par":"solivri","Dur\u00e9e de lecture estim\u00e9e":"4 minutes"},"schema":{"@context":"https:\/\/schema.org","@graph":[{"@type":"NewsArticle","@id":"https:\/\/www.justiceinfo.net\/fr\/5739-18062002-tpirsemanza-la-defense-de-lex-maire-laurent-semanza-demande-son-acquittement2529.html#article","isPartOf":{"@id":"https:\/\/www.justiceinfo.net\/fr\/5739-18062002-tpirsemanza-la-defense-de-lex-maire-laurent-semanza-demande-son-acquittement2529.html"},"author":{"name":"solivri","@id":"https:\/\/www.justiceinfo.net\/fr#\/schema\/person\/6e53cba1629e2e66f3fc1821d3091865"},"headline":"18.06.2002 - TPIR\/SEMANZA - LA DEFENSE DE l'EX-MAIRE LAURENT SEMANZA DEMANDE SON ACQUITTEMENT","datePublished":"2002-06-17T22:00:00+00:00","mainEntityOfPage":{"@id":"https:\/\/www.justiceinfo.net\/fr\/5739-18062002-tpirsemanza-la-defense-de-lex-maire-laurent-semanza-demande-son-acquittement2529.html"},"wordCount":873,"commentCount":0,"publisher":{"@id":"https:\/\/www.justiceinfo.net\/fr#organization"},"articleSection":["Hirondelle News"],"inLanguage":"fr-FR","potentialAction":[{"@type":"CommentAction","name":"Comment","target":["https:\/\/www.justiceinfo.net\/fr\/5739-18062002-tpirsemanza-la-defense-de-lex-maire-laurent-semanza-demande-son-acquittement2529.html#respond"]}]},{"@type":"WebPage","@id":"https:\/\/www.justiceinfo.net\/fr\/5739-18062002-tpirsemanza-la-defense-de-lex-maire-laurent-semanza-demande-son-acquittement2529.html","url":"https:\/\/www.justiceinfo.net\/fr\/5739-18062002-tpirsemanza-la-defense-de-lex-maire-laurent-semanza-demande-son-acquittement2529.html","name":"18.06.2002 - TPIR\/SEMANZA - LA DEFENSE DE l'EX-MAIRE LAURENT SEMANZA DEMANDE SON ACQUITTEMENT - JusticeInfo.net","isPartOf":{"@id":"https:\/\/www.justiceinfo.net\/fr#website"},"datePublished":"2002-06-17T22:00:00+00:00","breadcrumb":{"@id":"https:\/\/www.justiceinfo.net\/fr\/5739-18062002-tpirsemanza-la-defense-de-lex-maire-laurent-semanza-demande-son-acquittement2529.html#breadcrumb"},"inLanguage":"fr-FR","potentialAction":[{"@type":"ReadAction","target":["https:\/\/www.justiceinfo.net\/fr\/5739-18062002-tpirsemanza-la-defense-de-lex-maire-laurent-semanza-demande-son-acquittement2529.html"]}]},{"@type":"BreadcrumbList","@id":"https:\/\/www.justiceinfo.net\/fr\/5739-18062002-tpirsemanza-la-defense-de-lex-maire-laurent-semanza-demande-son-acquittement2529.html#breadcrumb","itemListElement":[{"@type":"ListItem","position":1,"name":"Home","item":"https:\/\/www.justiceinfo.net\/fr"},{"@type":"ListItem","position":2,"name":"18.06.2002 - TPIR\/SEMANZA - LA DEFENSE DE l'EX-MAIRE LAURENT SEMANZA DEMANDE SON ACQUITTEMENT"}]},{"@type":"WebSite","@id":"https:\/\/www.justiceinfo.net\/fr#website","url":"https:\/\/www.justiceinfo.net\/fr","name":"JusticeInfo.net","description":"La justice doit \u00eatre vue pour \u00eatre rendue","publisher":{"@id":"https:\/\/www.justiceinfo.net\/fr#organization"},"potentialAction":[{"@type":"SearchAction","target":{"@type":"EntryPoint","urlTemplate":"https:\/\/www.justiceinfo.net\/fr?s={search_term_string}"},"query-input":{"@type":"PropertyValueSpecification","valueRequired":true,"valueName":"search_term_string"}}],"inLanguage":"fr-FR"},{"@type":"Organization","@id":"https:\/\/www.justiceinfo.net\/fr#organization","name":"Justice Info","url":"https:\/\/www.justiceinfo.net\/fr","logo":{"@type":"ImageObject","inLanguage":"fr-FR","@id":"https:\/\/www.justiceinfo.net\/fr#\/schema\/logo\/image\/","url":"https:\/\/www.justiceinfo.net\/wp-content\/uploads\/justiceinfo_logo-trans_1200x1200px.png","contentUrl":"https:\/\/www.justiceinfo.net\/wp-content\/uploads\/justiceinfo_logo-trans_1200x1200px.png","width":1199,"height":1200,"caption":"Justice Info"},"image":{"@id":"https:\/\/www.justiceinfo.net\/fr#\/schema\/logo\/image\/"},"sameAs":["https:\/\/www.facebook.com\/JusticeInfo\/","https:\/\/x.com\/justiceinfonet","https:\/\/www.linkedin.com\/company\/justice-info","https:\/\/www.youtube.com\/channel\/UCyCEsARodyuWtkWyhn-e7pA"]},{"@type":"Person","name":"solivri","url":"\/fr\/?s=solivri"}]}},"_links":{"self":[{"href":"https:\/\/www.justiceinfo.net\/fr\/wp-json\/wp\/v2\/posts\/5739","targetHints":{"allow":["GET"]}}],"collection":[{"href":"https:\/\/www.justiceinfo.net\/fr\/wp-json\/wp\/v2\/posts"}],"about":[{"href":"https:\/\/www.justiceinfo.net\/fr\/wp-json\/wp\/v2\/types\/post"}],"author":[{"embeddable":true,"href":"https:\/\/www.justiceinfo.net\/fr\/wp-json\/wp\/v2\/users\/64"}],"replies":[{"embeddable":true,"href":"https:\/\/www.justiceinfo.net\/fr\/wp-json\/wp\/v2\/comments?post=5739"}],"version-history":[{"count":0,"href":"https:\/\/www.justiceinfo.net\/fr\/wp-json\/wp\/v2\/posts\/5739\/revisions"}],"wp:attachment":[{"href":"https:\/\/www.justiceinfo.net\/fr\/wp-json\/wp\/v2\/media?parent=5739"}],"wp:term":[{"taxonomy":"category","embeddable":true,"href":"https:\/\/www.justiceinfo.net\/fr\/wp-json\/wp\/v2\/categories?post=5739"},{"taxonomy":"post_tag","embeddable":true,"href":"https:\/\/www.justiceinfo.net\/fr\/wp-json\/wp\/v2\/tags?post=5739"},{"taxonomy":"ji_location","embeddable":true,"href":"https:\/\/www.justiceinfo.net\/fr\/wp-json\/wp\/v2\/ji_location?post=5739"}],"curies":[{"name":"wp","href":"https:\/\/api.w.org\/{rel}","templated":true}]}}