{"id":5749,"date":"2002-06-17T00:00:00","date_gmt":"2002-06-16T22:00:00","guid":{"rendered":"https:\/\/www.justiceinfo.net\/5749-17062002-tpirniyitegeka-ouverture-du-proces-de-lex-ministre-de-linformation-eliezer-niyiteg2539.html"},"modified":"2002-06-17T00:00:00","modified_gmt":"2002-06-16T22:00:00","slug":"17062002-tpirniyitegeka-ouverture-du-proces-de-lex-ministre-de-linformation-eliezer-niyiteg2539","status":"publish","type":"post","link":"https:\/\/www.justiceinfo.net\/fr\/5749-17062002-tpirniyitegeka-ouverture-du-proces-de-lex-ministre-de-linformation-eliezer-niyiteg2539.html","title":{"rendered":"17.06.2002 - TPIR\/NIYITEGEKA - OUVERTURE DU PROCES DE l'EX-MINISTRE DE l'INFORMATION ELIEZER NIYITEG"},"content":{"rendered":"<p  >\nArusha 17 juin 2002 (FH) - Le proc\u00e8s de l'ancien ministre de l'information sous le gouvernement int\u00e9rimaire, Eli\u00e9zer Niyitegeka, s'est ouvert lundi matin devant le Tribunal p\u00e9nal international poour le Rwanda (TPIR).\n<\/p>\n<p  >\nArr\u00eat\u00e9 au Kenya le 9 f\u00e9vrier 1999, Eli\u00e9zer Niyitegeka, 50 ans, r\u00e9pond de dix chefs D'accusation de g\u00e9nocide, ou alternativement, de complicit\u00e9 de g\u00e9nocide, D'entente en vue de commettre le g\u00e9nocide, D'incitation directe et publique \u00e0 commettre le g\u00e9nocide, de crimes contre l'humanit\u00e9 (assassinat, extermination, viol, et actes inhumains) et de crimes de guerre.\n<\/p>\n<p><!--more--><\/p>\n<p  >\nLe parquet du TPIR lui impute la responsabilit\u00e9 des massacres commis \u00e0 Bisesero (province Kibuye, ouest du Rwanda) et ailleurs dans le pays, entre le 6 avril et le 17 juillet 1994.\n<\/p>\n<p  >\nLe substitut australien du procureur, Kenneth Fleming, a d\u00e9clar\u00e9 qu'en tant que ministre, l'accus\u00e9 avait le devoir D'accomplir loyalement ses t\u00e2ches et avait pr\u00eat\u00e9 serment de promouvoir les int\u00e9r\u00eats du peuple rwandais, conform\u00e9ment \u00e0 la Constitution.\n<\/p>\n<p  >\nKenneth Fleming a soutenu qu'au contraire \"nous le retrouvons dans les collines de Bisesero en train de conduire des attaques contre des Tutsis. On pourrait dire cyniquement que l'accus\u00e9 en mai 1994 \u00e9tait occup\u00e9 \u00e0 ce que l'on d\u00e9crirait comme des tirs contre des pigeons\", a-t-il poursuivi. Le parquet a all\u00e9gu\u00e9 que les Tutsis r\u00e9fugi\u00e9s \u00e0 Bisesero \u00e9taient arm\u00e9s de b\u00e2tons, tandis que l'accus\u00e9 disposait D'une arme \u00e0 feu.\n<\/p>\n<p  >\n\"Ce crime est si pernicieux que quiconque connaissait une sympathie quelconque avec l'ennemi principal, en l'occurrence [la r\u00e9bellion \u00e0 dominante tutsie] le FPR \u00e9tait l'ennemi du Rwanda\", quelque soit son \u00e2ge, selon Kenneth Fleming.\n<\/p>\n<p  >\nIl est notamment reproch\u00e9 \u00e0 Eli\u00e9zer Niyitegeka D'avoir dirig\u00e9 ou ordonn\u00e9 des massacres de civils et D'avoir personnellement pris part \u00e0 des attaques dans l'intention de d\u00e9truire en tout ou en partie le groupe ethnique tutsi.\n<\/p>\n<p  >\nLe parquet affirme que d\u00e8s la formation du gouvernement int\u00e9rimaire le 8 avril 1994, plusieurs membres du cabinet, dont Eli\u00e9zer Niyitegeka, ont adh\u00e9r\u00e9 au plan D'extermination des Tutsis mis en place, et pris les moyens n\u00e9cessaires pour l'ex\u00e9cuter. \"Les charges retenues contre cet accus\u00e9, c'est qu'il \u00e9tait pr\u00e9sent, il distribuait des armes, il encourageait le g\u00e9nocide. En fait, il en \u00e9tait partie prenante\", a dit Kenneth Fleming.\n<\/p>\n<p  >\nLe procureur a en outre \u00e9voqu\u00e9 une r\u00e9union dirig\u00e9e par le premier ministre Jean Kambanda \u00e0 Kibuye le 3 mai 1994 \u00e0 laquelle aurait assist\u00e9 l'accus\u00e9. Au cours de cette r\u00e9union, un m\u00e9decin a sollicit\u00e9 la protection de 74 orphelins rescap\u00e9s des massacres de l'\u00e9glise catholique et du home Saint-Jean de Kibuye mais \"a \u00e9t\u00e9 envoy\u00e9 faire pa\u00eetre, il a \u00e9t\u00e9 ridiculis\u00e9. Il lui a dit qu'il ne savait pas qui \u00e9tait l'ennemi\", a indiqu\u00e9 Kenneth Fleming. Au bout de vingt-quatre heures, ces orphelins ont \u00e9t\u00e9 tu\u00e9s, a dit le procureur.\n<\/p>\n<p  >\nLe parquet consid\u00e8re par ailleurs qu'en sa qualit\u00e9 de ministre de l'information, Eli\u00e9zer Niyitegeka, \"\u00e9tait l'autorit\u00e9 de tutelle de tous les organes de presse op\u00e9rant au Rwanda. Pendant cette p\u00e9riode la RTLM, qui relevait de sa tutelle, a men\u00e9 une campagne de haine et D'incitation au meurtre des Tutsis et des personnes sp\u00e9cifiquement identifi\u00e9es. Eli\u00e9zer Niyitegeka a \u00e9chou\u00e9 ou a ignor\u00e9 ses obligations D'arr\u00eater la diffusion de ces \u00e9missions ou de punir les auteurs\", lit-on dans l'acte D'accusation.\n<\/p>\n<p  >\nEli\u00e9zer Niyitegeka est \u00e9galement accus\u00e9 de viols. \"Ainsi le ou vers le 20 mai 1994 des militants politiques et des miliciens travaillant sous la supervision D'Eli\u00e9zer Niyitegeka ont forc\u00e9 une fille \u00e0 monter dans le v\u00e9hicule de ce dernier o\u00f9 Eli\u00e9zer Niyitegeka l'a viol\u00e9e; quand la victime sortit du v\u00e9hicule, Eli\u00e9zer Niyitegeka lui-m\u00eame la tua D'un coup de feu\", dit l'acte D'accusation.\n<\/p>\n<p  >\n\"Egalement vers le 28 juin 1994, Eli\u00e9zer Niyitegeka s'est servi de son v\u00e9hicule pour pousser un autre v\u00e9hicule hors la chauss\u00e9e. Les occupants du v\u00e9hicule, un homme et une femme, ont \u00e9t\u00e9 tu\u00e9s \u00e0 l'arme \u00e0 feu. Eli\u00e9zer Niyitegeka s'est approch\u00e9 du v\u00e9hicule et a ordonn\u00e9 aux miliciens qui s'\u00e9taient rassembl\u00e9s autour de d\u00e9shabiller la fille, de couper un morceau de bois et de l'introduire dans sa partie g\u00e9nitale\", poursuit le document.\n<\/p>\n<p  >\nl'accus\u00e9 plaide non coupbale. Il est d\u00e9fendu par Me Sylvia Hannah Geraghty du Royaume-Uni et Me Feargal Kavanag D'Irlande. Eli\u00e9zer Niyitegeka a D'abord \u00e9t\u00e9 journaliste \u00e0 Radio Rwanda, puis parlementaire, cadre dans une usine textile et hommes D'affaires, avant D'\u00eatre nomm\u00e9 ministre. Il \u00e9tait membre D'un parti D'opposition \u00e0 l'ancien pr\u00e9sident Juv\u00e9nal Habyarimana, le Mouvement d\u00e9mocratique r\u00e9publicain (MDR).\n<\/p>\n<p  >\nLe parquet all\u00e8gue qu'il s'\u00e9tait identifi\u00e9 avec l'aile \"power\", oppos\u00e9e au partage du pouvoir avec le FPR.\n<\/p>\n<p  >\nLe premier t\u00e9moin dans ce proc\u00e8s a \u00e9t\u00e9 un enqu\u00eateur du parquet, le policier hollandais Antonio Leucassen, qui a pr\u00e9sent\u00e9 des photographies des sites de massacres all\u00e9gu\u00e9s. Des t\u00e9moins des faits seraient retenus \u00e0 Kigali en raison D'un conflit latent entre le TPIR et les associations rwandaises de rescap\u00e9s du g\u00e9nocide. Au mois de janvier, les principales associations de rescap\u00e9s ont suspendu leur coop\u00e9ration avec la juridictionde l'ONU all\u00e9guant notamment le harc\u00e8lement des t\u00e9moins de l'accusation par des \u00e9quipes de d\u00e9fense.\n<\/p>\n<p  >\nAT\/GF\/FH (ni-0617a )<\/p>\n","protected":false},"excerpt":{"rendered":"<p>Arusha 17 juin 2002 (FH) - Le proc\u00e8s de l'ancien ministre de l'information sous le gouvernement int\u00e9rimaire, Eli\u00e9zer Niyitegeka, s'est ouvert lundi matin devant le Tribunal p\u00e9nal international poour le Rwanda (TPIR). Arr\u00eat\u00e9 au Kenya le 9 f\u00e9vrier 1999, Eli\u00e9zer Niyitegeka, 50 ans, r\u00e9pond de dix chefs D'accusation de g\u00e9nocide, ou alternativement, de complicit\u00e9 de [&hellip;]<\/p>\n","protected":false},"author":64,"featured_media":0,"comment_status":"open","ping_status":"closed","sticky":false,"template":"","format":"standard","meta":{"_acf_changed":false,"footnotes":""},"categories":[554],"tags":[],"ji_location":[],"class_list":["post-5749","post","type-post","status-publish","format-standard","hentry","category-hirondellenews"],"acf":[],"yoast_head":"<!-- This site is optimized with the Yoast SEO Premium plugin v25.3.1 (Yoast SEO v25.3.1) - https:\/\/yoast.com\/wordpress\/plugins\/seo\/ -->\n<title>17.06.2002 - TPIR\/NIYITEGEKA - OUVERTURE DU PROCES DE l&#039;EX-MINISTRE DE l&#039;INFORMATION ELIEZER NIYITEG - JusticeInfo.net<\/title>\n<meta name=\"robots\" content=\"index, follow, max-snippet:-1, max-image-preview:large, max-video-preview:-1\" \/>\n<link rel=\"canonical\" href=\"https:\/\/www.justiceinfo.net\/fr\/5749-17062002-tpirniyitegeka-ouverture-du-proces-de-lex-ministre-de-linformation-eliezer-niyiteg2539.html\" \/>\n<meta property=\"og:locale\" content=\"fr_FR\" \/>\n<meta property=\"og:type\" content=\"article\" \/>\n<meta property=\"og:title\" content=\"17.06.2002 - TPIR\/NIYITEGEKA - OUVERTURE DU PROCES DE l&#039;EX-MINISTRE DE l&#039;INFORMATION ELIEZER NIYITEG\" \/>\n<meta property=\"og:description\" content=\"Arusha 17 juin 2002 (FH) - Le proc\u00e8s de l&#039;ancien ministre de l&#039;information sous le gouvernement int\u00e9rimaire, Eli\u00e9zer Niyitegeka, s&#039;est ouvert lundi matin devant le Tribunal p\u00e9nal international poour le Rwanda (TPIR). Arr\u00eat\u00e9 au Kenya le 9 f\u00e9vrier 1999, Eli\u00e9zer Niyitegeka, 50 ans, r\u00e9pond de dix chefs D&#039;accusation de g\u00e9nocide, ou alternativement, de complicit\u00e9 de [&hellip;]\" \/>\n<meta property=\"og:url\" content=\"https:\/\/www.justiceinfo.net\/fr\/5749-17062002-tpirniyitegeka-ouverture-du-proces-de-lex-ministre-de-linformation-eliezer-niyiteg2539.html\" \/>\n<meta property=\"og:site_name\" content=\"JusticeInfo.net\" \/>\n<meta property=\"article:publisher\" content=\"https:\/\/www.facebook.com\/JusticeInfo\/\" \/>\n<meta property=\"article:published_time\" content=\"2002-06-16T22:00:00+00:00\" \/>\n<meta property=\"og:image\" content=\"https:\/\/www.justiceinfo.net\/wp-content\/uploads\/JusticeInfoNet_logo_1200x630px.jpg\" \/>\n\t<meta property=\"og:image:width\" content=\"1200\" \/>\n\t<meta property=\"og:image:height\" content=\"630\" \/>\n\t<meta property=\"og:image:type\" content=\"image\/jpeg\" \/>\n<meta name=\"author\" content=\"solivri\" \/>\n<meta name=\"twitter:card\" content=\"summary_large_image\" \/>\n<meta name=\"twitter:creator\" content=\"@justiceinfonet\" \/>\n<meta name=\"twitter:site\" content=\"@justiceinfonet\" \/>\n<meta name=\"twitter:label1\" content=\"\u00c9crit par\" \/>\n\t<meta name=\"twitter:data1\" content=\"solivri\" \/>\n\t<meta name=\"twitter:label2\" content=\"Dur\u00e9e de lecture estim\u00e9e\" \/>\n\t<meta name=\"twitter:data2\" content=\"4 minutes\" \/>\n<script type=\"application\/ld+json\" class=\"yoast-schema-graph\">{\"@context\":\"https:\/\/schema.org\",\"@graph\":[{\"@type\":\"NewsArticle\",\"@id\":\"https:\/\/www.justiceinfo.net\/fr\/5749-17062002-tpirniyitegeka-ouverture-du-proces-de-lex-ministre-de-linformation-eliezer-niyiteg2539.html#article\",\"isPartOf\":{\"@id\":\"https:\/\/www.justiceinfo.net\/fr\/5749-17062002-tpirniyitegeka-ouverture-du-proces-de-lex-ministre-de-linformation-eliezer-niyiteg2539.html\"},\"author\":{\"name\":\"solivri\",\"@id\":\"https:\/\/www.justiceinfo.net\/fr#\/schema\/person\/6e53cba1629e2e66f3fc1821d3091865\"},\"headline\":\"17.06.2002 - TPIR\/NIYITEGEKA - OUVERTURE DU PROCES DE l'EX-MINISTRE DE l'INFORMATION ELIEZER NIYITEG\",\"datePublished\":\"2002-06-16T22:00:00+00:00\",\"mainEntityOfPage\":{\"@id\":\"https:\/\/www.justiceinfo.net\/fr\/5749-17062002-tpirniyitegeka-ouverture-du-proces-de-lex-ministre-de-linformation-eliezer-niyiteg2539.html\"},\"wordCount\":956,\"commentCount\":0,\"publisher\":{\"@id\":\"https:\/\/www.justiceinfo.net\/fr#organization\"},\"articleSection\":[\"Hirondelle News\"],\"inLanguage\":\"fr-FR\",\"potentialAction\":[{\"@type\":\"CommentAction\",\"name\":\"Comment\",\"target\":[\"https:\/\/www.justiceinfo.net\/fr\/5749-17062002-tpirniyitegeka-ouverture-du-proces-de-lex-ministre-de-linformation-eliezer-niyiteg2539.html#respond\"]}]},{\"@type\":\"WebPage\",\"@id\":\"https:\/\/www.justiceinfo.net\/fr\/5749-17062002-tpirniyitegeka-ouverture-du-proces-de-lex-ministre-de-linformation-eliezer-niyiteg2539.html\",\"url\":\"https:\/\/www.justiceinfo.net\/fr\/5749-17062002-tpirniyitegeka-ouverture-du-proces-de-lex-ministre-de-linformation-eliezer-niyiteg2539.html\",\"name\":\"17.06.2002 - TPIR\/NIYITEGEKA - OUVERTURE DU PROCES DE l'EX-MINISTRE DE l'INFORMATION ELIEZER NIYITEG - JusticeInfo.net\",\"isPartOf\":{\"@id\":\"https:\/\/www.justiceinfo.net\/fr#website\"},\"datePublished\":\"2002-06-16T22:00:00+00:00\",\"breadcrumb\":{\"@id\":\"https:\/\/www.justiceinfo.net\/fr\/5749-17062002-tpirniyitegeka-ouverture-du-proces-de-lex-ministre-de-linformation-eliezer-niyiteg2539.html#breadcrumb\"},\"inLanguage\":\"fr-FR\",\"potentialAction\":[{\"@type\":\"ReadAction\",\"target\":[\"https:\/\/www.justiceinfo.net\/fr\/5749-17062002-tpirniyitegeka-ouverture-du-proces-de-lex-ministre-de-linformation-eliezer-niyiteg2539.html\"]}]},{\"@type\":\"BreadcrumbList\",\"@id\":\"https:\/\/www.justiceinfo.net\/fr\/5749-17062002-tpirniyitegeka-ouverture-du-proces-de-lex-ministre-de-linformation-eliezer-niyiteg2539.html#breadcrumb\",\"itemListElement\":[{\"@type\":\"ListItem\",\"position\":1,\"name\":\"Home\",\"item\":\"https:\/\/www.justiceinfo.net\/fr\"},{\"@type\":\"ListItem\",\"position\":2,\"name\":\"17.06.2002 - TPIR\/NIYITEGEKA - OUVERTURE DU PROCES DE l'EX-MINISTRE DE l'INFORMATION ELIEZER NIYITEG\"}]},{\"@type\":\"WebSite\",\"@id\":\"https:\/\/www.justiceinfo.net\/fr#website\",\"url\":\"https:\/\/www.justiceinfo.net\/fr\",\"name\":\"JusticeInfo.net\",\"description\":\"La justice doit \u00eatre vue pour \u00eatre rendue\",\"publisher\":{\"@id\":\"https:\/\/www.justiceinfo.net\/fr#organization\"},\"potentialAction\":[{\"@type\":\"SearchAction\",\"target\":{\"@type\":\"EntryPoint\",\"urlTemplate\":\"https:\/\/www.justiceinfo.net\/fr?s={search_term_string}\"},\"query-input\":{\"@type\":\"PropertyValueSpecification\",\"valueRequired\":true,\"valueName\":\"search_term_string\"}}],\"inLanguage\":\"fr-FR\"},{\"@type\":\"Organization\",\"@id\":\"https:\/\/www.justiceinfo.net\/fr#organization\",\"name\":\"Justice Info\",\"url\":\"https:\/\/www.justiceinfo.net\/fr\",\"logo\":{\"@type\":\"ImageObject\",\"inLanguage\":\"fr-FR\",\"@id\":\"https:\/\/www.justiceinfo.net\/fr#\/schema\/logo\/image\/\",\"url\":\"https:\/\/www.justiceinfo.net\/wp-content\/uploads\/justiceinfo_logo-trans_1200x1200px.png\",\"contentUrl\":\"https:\/\/www.justiceinfo.net\/wp-content\/uploads\/justiceinfo_logo-trans_1200x1200px.png\",\"width\":1199,\"height\":1200,\"caption\":\"Justice Info\"},\"image\":{\"@id\":\"https:\/\/www.justiceinfo.net\/fr#\/schema\/logo\/image\/\"},\"sameAs\":[\"https:\/\/www.facebook.com\/JusticeInfo\/\",\"https:\/\/x.com\/justiceinfonet\",\"https:\/\/www.linkedin.com\/company\/justice-info\",\"https:\/\/www.youtube.com\/channel\/UCyCEsARodyuWtkWyhn-e7pA\"]},{\"@type\":\"Person\",\"name\":\"solivri\",\"url\":\"\/fr\/?s=solivri\"}]}<\/script>\n<!-- \/ Yoast SEO Premium plugin. -->","yoast_head_json":{"title":"17.06.2002 - TPIR\/NIYITEGEKA - OUVERTURE DU PROCES DE l'EX-MINISTRE DE l'INFORMATION ELIEZER NIYITEG - JusticeInfo.net","robots":{"index":"index","follow":"follow","max-snippet":"max-snippet:-1","max-image-preview":"max-image-preview:large","max-video-preview":"max-video-preview:-1"},"canonical":"https:\/\/www.justiceinfo.net\/fr\/5749-17062002-tpirniyitegeka-ouverture-du-proces-de-lex-ministre-de-linformation-eliezer-niyiteg2539.html","og_locale":"fr_FR","og_type":"article","og_title":"17.06.2002 - TPIR\/NIYITEGEKA - OUVERTURE DU PROCES DE l'EX-MINISTRE DE l'INFORMATION ELIEZER NIYITEG","og_description":"Arusha 17 juin 2002 (FH) - Le proc\u00e8s de l'ancien ministre de l'information sous le gouvernement int\u00e9rimaire, Eli\u00e9zer Niyitegeka, s'est ouvert lundi matin devant le Tribunal p\u00e9nal international poour le Rwanda (TPIR). Arr\u00eat\u00e9 au Kenya le 9 f\u00e9vrier 1999, Eli\u00e9zer Niyitegeka, 50 ans, r\u00e9pond de dix chefs D'accusation de g\u00e9nocide, ou alternativement, de complicit\u00e9 de [&hellip;]","og_url":"https:\/\/www.justiceinfo.net\/fr\/5749-17062002-tpirniyitegeka-ouverture-du-proces-de-lex-ministre-de-linformation-eliezer-niyiteg2539.html","og_site_name":"JusticeInfo.net","article_publisher":"https:\/\/www.facebook.com\/JusticeInfo\/","article_published_time":"2002-06-16T22:00:00+00:00","og_image":[{"width":1200,"height":630,"url":"https:\/\/www.justiceinfo.net\/wp-content\/uploads\/JusticeInfoNet_logo_1200x630px.jpg","type":"image\/jpeg"}],"author":"solivri","twitter_card":"summary_large_image","twitter_creator":"@justiceinfonet","twitter_site":"@justiceinfonet","twitter_misc":{"\u00c9crit par":"solivri","Dur\u00e9e de lecture estim\u00e9e":"4 minutes"},"schema":{"@context":"https:\/\/schema.org","@graph":[{"@type":"NewsArticle","@id":"https:\/\/www.justiceinfo.net\/fr\/5749-17062002-tpirniyitegeka-ouverture-du-proces-de-lex-ministre-de-linformation-eliezer-niyiteg2539.html#article","isPartOf":{"@id":"https:\/\/www.justiceinfo.net\/fr\/5749-17062002-tpirniyitegeka-ouverture-du-proces-de-lex-ministre-de-linformation-eliezer-niyiteg2539.html"},"author":{"name":"solivri","@id":"https:\/\/www.justiceinfo.net\/fr#\/schema\/person\/6e53cba1629e2e66f3fc1821d3091865"},"headline":"17.06.2002 - TPIR\/NIYITEGEKA - OUVERTURE DU PROCES DE l'EX-MINISTRE DE l'INFORMATION ELIEZER NIYITEG","datePublished":"2002-06-16T22:00:00+00:00","mainEntityOfPage":{"@id":"https:\/\/www.justiceinfo.net\/fr\/5749-17062002-tpirniyitegeka-ouverture-du-proces-de-lex-ministre-de-linformation-eliezer-niyiteg2539.html"},"wordCount":956,"commentCount":0,"publisher":{"@id":"https:\/\/www.justiceinfo.net\/fr#organization"},"articleSection":["Hirondelle News"],"inLanguage":"fr-FR","potentialAction":[{"@type":"CommentAction","name":"Comment","target":["https:\/\/www.justiceinfo.net\/fr\/5749-17062002-tpirniyitegeka-ouverture-du-proces-de-lex-ministre-de-linformation-eliezer-niyiteg2539.html#respond"]}]},{"@type":"WebPage","@id":"https:\/\/www.justiceinfo.net\/fr\/5749-17062002-tpirniyitegeka-ouverture-du-proces-de-lex-ministre-de-linformation-eliezer-niyiteg2539.html","url":"https:\/\/www.justiceinfo.net\/fr\/5749-17062002-tpirniyitegeka-ouverture-du-proces-de-lex-ministre-de-linformation-eliezer-niyiteg2539.html","name":"17.06.2002 - TPIR\/NIYITEGEKA - OUVERTURE DU PROCES DE l'EX-MINISTRE DE l'INFORMATION ELIEZER NIYITEG - JusticeInfo.net","isPartOf":{"@id":"https:\/\/www.justiceinfo.net\/fr#website"},"datePublished":"2002-06-16T22:00:00+00:00","breadcrumb":{"@id":"https:\/\/www.justiceinfo.net\/fr\/5749-17062002-tpirniyitegeka-ouverture-du-proces-de-lex-ministre-de-linformation-eliezer-niyiteg2539.html#breadcrumb"},"inLanguage":"fr-FR","potentialAction":[{"@type":"ReadAction","target":["https:\/\/www.justiceinfo.net\/fr\/5749-17062002-tpirniyitegeka-ouverture-du-proces-de-lex-ministre-de-linformation-eliezer-niyiteg2539.html"]}]},{"@type":"BreadcrumbList","@id":"https:\/\/www.justiceinfo.net\/fr\/5749-17062002-tpirniyitegeka-ouverture-du-proces-de-lex-ministre-de-linformation-eliezer-niyiteg2539.html#breadcrumb","itemListElement":[{"@type":"ListItem","position":1,"name":"Home","item":"https:\/\/www.justiceinfo.net\/fr"},{"@type":"ListItem","position":2,"name":"17.06.2002 - TPIR\/NIYITEGEKA - OUVERTURE DU PROCES DE l'EX-MINISTRE DE l'INFORMATION ELIEZER NIYITEG"}]},{"@type":"WebSite","@id":"https:\/\/www.justiceinfo.net\/fr#website","url":"https:\/\/www.justiceinfo.net\/fr","name":"JusticeInfo.net","description":"La justice doit \u00eatre vue pour \u00eatre rendue","publisher":{"@id":"https:\/\/www.justiceinfo.net\/fr#organization"},"potentialAction":[{"@type":"SearchAction","target":{"@type":"EntryPoint","urlTemplate":"https:\/\/www.justiceinfo.net\/fr?s={search_term_string}"},"query-input":{"@type":"PropertyValueSpecification","valueRequired":true,"valueName":"search_term_string"}}],"inLanguage":"fr-FR"},{"@type":"Organization","@id":"https:\/\/www.justiceinfo.net\/fr#organization","name":"Justice Info","url":"https:\/\/www.justiceinfo.net\/fr","logo":{"@type":"ImageObject","inLanguage":"fr-FR","@id":"https:\/\/www.justiceinfo.net\/fr#\/schema\/logo\/image\/","url":"https:\/\/www.justiceinfo.net\/wp-content\/uploads\/justiceinfo_logo-trans_1200x1200px.png","contentUrl":"https:\/\/www.justiceinfo.net\/wp-content\/uploads\/justiceinfo_logo-trans_1200x1200px.png","width":1199,"height":1200,"caption":"Justice Info"},"image":{"@id":"https:\/\/www.justiceinfo.net\/fr#\/schema\/logo\/image\/"},"sameAs":["https:\/\/www.facebook.com\/JusticeInfo\/","https:\/\/x.com\/justiceinfonet","https:\/\/www.linkedin.com\/company\/justice-info","https:\/\/www.youtube.com\/channel\/UCyCEsARodyuWtkWyhn-e7pA"]},{"@type":"Person","name":"solivri","url":"\/fr\/?s=solivri"}]}},"_links":{"self":[{"href":"https:\/\/www.justiceinfo.net\/fr\/wp-json\/wp\/v2\/posts\/5749","targetHints":{"allow":["GET"]}}],"collection":[{"href":"https:\/\/www.justiceinfo.net\/fr\/wp-json\/wp\/v2\/posts"}],"about":[{"href":"https:\/\/www.justiceinfo.net\/fr\/wp-json\/wp\/v2\/types\/post"}],"author":[{"embeddable":true,"href":"https:\/\/www.justiceinfo.net\/fr\/wp-json\/wp\/v2\/users\/64"}],"replies":[{"embeddable":true,"href":"https:\/\/www.justiceinfo.net\/fr\/wp-json\/wp\/v2\/comments?post=5749"}],"version-history":[{"count":0,"href":"https:\/\/www.justiceinfo.net\/fr\/wp-json\/wp\/v2\/posts\/5749\/revisions"}],"wp:attachment":[{"href":"https:\/\/www.justiceinfo.net\/fr\/wp-json\/wp\/v2\/media?parent=5749"}],"wp:term":[{"taxonomy":"category","embeddable":true,"href":"https:\/\/www.justiceinfo.net\/fr\/wp-json\/wp\/v2\/categories?post=5749"},{"taxonomy":"post_tag","embeddable":true,"href":"https:\/\/www.justiceinfo.net\/fr\/wp-json\/wp\/v2\/tags?post=5749"},{"taxonomy":"ji_location","embeddable":true,"href":"https:\/\/www.justiceinfo.net\/fr\/wp-json\/wp\/v2\/ji_location?post=5749"}],"curies":[{"name":"wp","href":"https:\/\/api.w.org\/{rel}","templated":true}]}}