{"id":575,"date":"2015-06-09T07:07:24","date_gmt":"2015-06-09T05:07:24","guid":{"rendered":"https:\/\/www.justiceinfo.net\/575-burkina-faso-une-decision-historique-dans-laffaire-zongo.html"},"modified":"2015-06-09T07:07:24","modified_gmt":"2015-06-09T05:07:24","slug":"burkina-faso-une-decision-historique-dans-laffaire-zongo","status":"publish","type":"post","link":"https:\/\/www.justiceinfo.net\/fr\/575-burkina-faso-une-decision-historique-dans-laffaire-zongo.html","title":{"rendered":"Burkina Faso : \u00ab une d\u00e9cision historique \u00bb dans l\u2019affaire Zongo"},"content":{"rendered":"<p>Dans un arr\u00eat salu\u00e9 lundi comme \u00a0\u00ab\u00a0une d\u00e9cision historique\u00a0\u00bb par Reporters sans fronti\u00e8res (RSF), la Cour africaine des droits de l\u2019Homme et des peuples (CADHP) a ordonn\u00e9 le vendredi 05 juin \u00e0 l\u2019Etat burkinab\u00e8 de rouvrir l\u2019enqu\u00eate sur l\u2019assassinat en 1998 du journaliste Norbert Zongo et ses trois compagnons.<\/p>\n<p>Cette Cour, dont le si\u00e8ge se trouve \u00e0 Arusha, dans le nord de la Tanzanie, a par ailleurs ordonn\u00e9 aux autorit\u00e9s de Ouagadougou de verser des r\u00e9parations financi\u00e8res \u00e0 hauteur de 25 millions de francs CFA (environ 38 000 euros) \u00e0 chacun des conjoints, 15 millions \u00e0 chacun des enfants et 10 millions \u00e0 chacun des parents de Zongo et ses compagnons.<\/p>\n<p>Le fondateur et directeur de publication de l\u2019hebdomadaire L'Ind\u00e9pendant, avait \u00e9t\u00e9 assassin\u00e9 alors qu'il enqu\u00eatait sur l'implication pr\u00e9sum\u00e9e du fr\u00e8re du pr\u00e9sident de l\u2019\u00e9poque, Fran\u00e7ois Compaor\u00e9, dans la mort en d\u00e9tention de son chauffeur en 2000. L'affaire avait \u00e9t\u00e9 class\u00e9e par un non-lieu en 2006, une d\u00e9cision qui avait scandalis\u00e9 la soci\u00e9t\u00e9 civile et les d\u00e9fenseurs des droits de l'homme.<\/p>\n<p>Le jugement de la Cour africaine \u00ab\u00a0marque un tournant \u00a0important dans l'affaire Zongo qui n'a que trop souffert de l'impunit\u00e9 tol\u00e9r\u00e9e par la justice burkinab\u00e8 pendant toutes ces ann\u00e9es\u00a0\u00bb, a d\u00e9clar\u00e9 Cl\u00e9a Kahn-Sriber responsable du bureau Afrique de Reporter sans fronti\u00e8res.<\/p>\n<p>Pour elle, l\u2019arr\u00eat de la Cour africaine \u00ab\u00a0met une pression suppl\u00e9mentaire sur les autorit\u00e9s du pays pour concr\u00e9tiser les promesses de justice faites lors de la transition de novembre 2014\u00a0\u00bb apr\u00e8s le soul\u00e8vement populaire qui a chass\u00e9 du pouvoir le pr\u00e9sident Blaise Compaor\u00e9.<\/p>\n<p>Reporters sans fronti\u00e8res, qui estime que ces r\u00e9parations \u00ab\u00a0soulignent enfin la reconnaissance des souffrances subies\u00a0\u00bb par les victimes, esp\u00e8re que les que les nouvelles autorit\u00e9s du pays \u00ab\u00a0vont saisir cette occasion de r\u00e9parer cette injustice qui n'a que trop dur\u00e9\u00a0\u00bb.<\/p>\n<p><strong>Un franc symbolique<\/strong><\/p>\n<p>Selon RFI, la ministre burkinab\u00e8 de la Justice Jos\u00e9phine Ou\u00e9draogo a assur\u00e9 dimanche que le dossier \u00e9tait d\u00e9j\u00e0 rouvert \u00e0 la demande des familles et du gouvernement, et l\u2019instruction en cours. \u00ab\u00a0Je pense que c\u2019est normal que la Cour africaine s\u2019inqui\u00e8te aujourd\u2019hui de la situation, mais en fait le dossier a \u00e9t\u00e9 rouvert depuis le mois de janvier, a affirm\u00e9 la ministre. \u00ab\u00a0L\u2019instruction se poursuit et maintenant l\u2019autre aspect, ce sont les p\u00e9nalit\u00e9s \u00e0 payer \u00e0 la famille. Evidemment, l\u2019Etat prend acte de cette d\u00e9cision et nous allons voir comment il faut proc\u00e9der\u00bb, a-t-elle ajout\u00e9.<\/p>\n<p>L\u2019arr\u00eat de la CADHP a par ailleurs \u00e9t\u00e9 salu\u00e9e par le Mouvement burkinab\u00e8 des droits de l'Homme et des peuples\u00a0 (MBDHP) qui lutte depuis 1998 aux c\u00f4t\u00e9s des familles pour faire la lumi\u00e8re sur ces assassinats. \u00ab\u00a0Au-del\u00e0 des r\u00e9parations p\u00e9cuniaires que nous avions demand\u00e9es, ce qui nous satisfait surtout c\u2019est la d\u00e9cision de la Cour qui ordonne \u00e0 l\u2019Etat burkinab\u00e8 de reprendre les investigations en vue de rechercher et juger les coupables\u00a0\u00bb, a d\u00e9clar\u00e9 \u00e0 RFI\u00a0 Chrysogone Zougmor\u00e9, pr\u00e9sident du Mouvement.<\/p>\n<p>Cette organisation, qui s\u2019\u00e9tait port\u00e9e partie civile dans l\u2019affaire, s\u2019est vu allouer par la Cour africaine un franc symbolique.<\/p>\n<p>L\u2019Etat burkinab\u00e8 dispose d\u2019un d\u00e9lai de six mois \u00e0 compter de la date du jugement pour soumettre \u00e0 la Cour un rapport sur l\u2019\u00e9tat d\u2019ex\u00e9cution des d\u00e9cisions prises dans l\u2019arr\u00eat.<\/p>\n<p>A la chute de Blaise Compaor\u00e9 en novembre dernier, le pr\u00e9sident de la transition, Michel Kafando, avait fait des promesses sur la lutte contre l\u2019impunit\u00e9, laissant esp\u00e9rer une r\u00e9ouverture rapide du dossier.<\/p>\n<p>\u00a0Le Burkina Faso occupe la 46e place sur 180 au Classement mondial de la libert\u00e9 de la presse 2015 \u00e9tabli par Reporters sans fronti\u00e8res.<\/p>\n<p>Les nouvelles autorit\u00e9s du Burkina Faso avaient \u00e9galement promis d\u2019exhumer les corps de l\u2019ancien pr\u00e9sident Thomas Sankara et ses douze compagnons assassin\u00e9s en octobre 1987 lors du coup d\u2019Etat qui avait port\u00e9 Blais\u00e9 Compaor\u00e9 au pouvoir.<\/p>\n<p>Les restes du corps pr\u00e9sum\u00e9 du capitaine Sankara ont \u00e9t\u00e9 exhum\u00e9s le 26 mai, premi\u00e8re \u00e9tape de la nouvelle enqu\u00eate sur son assassinat.<\/p>\n<p>\u00a0<\/p>\n","protected":false},"excerpt":{"rendered":"<p>Dans un arr\u00eat salu\u00e9 lundi comme \u00a0\u00ab\u00a0une d\u00e9cision historique\u00a0\u00bb par Reporters sans fronti\u00e8res (RSF), la Cour africaine des droits de l\u2019Homme et des peuples (CADHP) a ordonn\u00e9 le vendredi 05 juin \u00e0 l\u2019Etat burkinab\u00e8 de rouvrir l\u2019enqu\u00eate sur l\u2019assassinat en 1998 du journaliste Norbert Zongo et ses trois compagnons. Cette Cour, dont le si\u00e8ge se [&hellip;]<\/p>\n","protected":false},"author":59,"featured_media":62412,"comment_status":"open","ping_status":"closed","sticky":false,"template":"","format":"standard","meta":{"_acf_changed":false,"footnotes":""},"categories":[556],"tags":[],"ji_location":[2150],"class_list":["post-575","post","type-post","status-publish","format-standard","has-post-thumbnail","hentry","category-divers","ji_location-burkina-faso"],"acf":[],"yoast_head":"<!-- This site is optimized with the Yoast SEO Premium plugin v25.3.1 (Yoast SEO v25.3.1) - https:\/\/yoast.com\/wordpress\/plugins\/seo\/ -->\n<title>Burkina Faso : \u00ab une d\u00e9cision historique \u00bb dans l\u2019affaire Zongo - JusticeInfo.net<\/title>\n<meta name=\"robots\" content=\"index, follow, max-snippet:-1, max-image-preview:large, max-video-preview:-1\" \/>\n<link rel=\"canonical\" href=\"https:\/\/www.justiceinfo.net\/fr\/575-burkina-faso-une-decision-historique-dans-laffaire-zongo.html\" \/>\n<meta property=\"og:locale\" content=\"fr_FR\" \/>\n<meta property=\"og:type\" content=\"article\" \/>\n<meta property=\"og:title\" content=\"Burkina Faso : \u00ab une d\u00e9cision historique \u00bb dans l\u2019affaire Zongo\" \/>\n<meta property=\"og:description\" content=\"Dans un arr\u00eat salu\u00e9 lundi comme \u00a0\u00ab\u00a0une d\u00e9cision historique\u00a0\u00bb par Reporters sans fronti\u00e8res (RSF), la Cour africaine des droits de l\u2019Homme et des peuples (CADHP) a ordonn\u00e9 le vendredi 05 juin \u00e0 l\u2019Etat burkinab\u00e8 de rouvrir l\u2019enqu\u00eate sur l\u2019assassinat en 1998 du journaliste Norbert Zongo et ses trois compagnons. Cette Cour, dont le si\u00e8ge se [&hellip;]\" \/>\n<meta property=\"og:url\" content=\"https:\/\/www.justiceinfo.net\/fr\/575-burkina-faso-une-decision-historique-dans-laffaire-zongo.html\" \/>\n<meta property=\"og:site_name\" content=\"JusticeInfo.net\" \/>\n<meta property=\"article:publisher\" content=\"https:\/\/www.facebook.com\/JusticeInfo\/\" \/>\n<meta property=\"article:author\" content=\"https:\/\/www.facebook.com\/rugiririza.ephrem.1\" \/>\n<meta property=\"article:published_time\" content=\"2015-06-09T05:07:24+00:00\" \/>\n<meta property=\"og:image\" content=\"https:\/\/www.justiceinfo.net\/wp-content\/uploads\/c53a9eb7f98bd9efe52407712806bfee.jpg\" \/>\n\t<meta property=\"og:image:width\" content=\"1024\" \/>\n\t<meta property=\"og:image:height\" content=\"768\" \/>\n\t<meta property=\"og:image:type\" content=\"image\/jpeg\" \/>\n<meta name=\"author\" content=\"Ephrem Rugiririza,JusticeInfo.Net, Arusha (Correspondant)\" \/>\n<meta name=\"twitter:card\" content=\"summary_large_image\" \/>\n<meta name=\"twitter:creator\" content=\"@ER72777667\" \/>\n<meta name=\"twitter:site\" content=\"@justiceinfonet\" \/>\n<meta name=\"twitter:label1\" content=\"\u00c9crit par\" \/>\n\t<meta name=\"twitter:data1\" content=\"Ephrem Rugiririza,JusticeInfo.Net, Arusha (Correspondant)\" \/>\n\t<meta name=\"twitter:label2\" content=\"Dur\u00e9e de lecture estim\u00e9e\" \/>\n\t<meta name=\"twitter:data2\" content=\"4 minutes\" \/>\n<script type=\"application\/ld+json\" class=\"yoast-schema-graph\">{\"@context\":\"https:\/\/schema.org\",\"@graph\":[{\"@type\":\"NewsArticle\",\"@id\":\"https:\/\/www.justiceinfo.net\/fr\/575-burkina-faso-une-decision-historique-dans-laffaire-zongo.html#article\",\"isPartOf\":{\"@id\":\"https:\/\/www.justiceinfo.net\/fr\/575-burkina-faso-une-decision-historique-dans-laffaire-zongo.html\"},\"author\":{\"name\":\"erugiririza\",\"@id\":\"https:\/\/www.justiceinfo.net\/fr#\/schema\/person\/3c444bdbf3536fdebfdc6b3a06b2fc4a\"},\"headline\":\"Burkina Faso : \u00ab une d\u00e9cision historique \u00bb dans l\u2019affaire Zongo\",\"datePublished\":\"2015-06-09T05:07:24+00:00\",\"mainEntityOfPage\":{\"@id\":\"https:\/\/www.justiceinfo.net\/fr\/575-burkina-faso-une-decision-historique-dans-laffaire-zongo.html\"},\"wordCount\":732,\"commentCount\":0,\"publisher\":{\"@id\":\"https:\/\/www.justiceinfo.net\/fr#organization\"},\"image\":{\"@id\":\"https:\/\/www.justiceinfo.net\/fr\/575-burkina-faso-une-decision-historique-dans-laffaire-zongo.html#primaryimage\"},\"thumbnailUrl\":\"https:\/\/www.justiceinfo.net\/wp-content\/uploads\/c53a9eb7f98bd9efe52407712806bfee.jpg\",\"articleSection\":[\"Divers\"],\"inLanguage\":\"fr-FR\",\"potentialAction\":[{\"@type\":\"CommentAction\",\"name\":\"Comment\",\"target\":[\"https:\/\/www.justiceinfo.net\/fr\/575-burkina-faso-une-decision-historique-dans-laffaire-zongo.html#respond\"]}]},{\"@type\":\"WebPage\",\"@id\":\"https:\/\/www.justiceinfo.net\/fr\/575-burkina-faso-une-decision-historique-dans-laffaire-zongo.html\",\"url\":\"https:\/\/www.justiceinfo.net\/fr\/575-burkina-faso-une-decision-historique-dans-laffaire-zongo.html\",\"name\":\"Burkina Faso : \u00ab une d\u00e9cision historique \u00bb dans l\u2019affaire Zongo - JusticeInfo.net\",\"isPartOf\":{\"@id\":\"https:\/\/www.justiceinfo.net\/fr#website\"},\"primaryImageOfPage\":{\"@id\":\"https:\/\/www.justiceinfo.net\/fr\/575-burkina-faso-une-decision-historique-dans-laffaire-zongo.html#primaryimage\"},\"image\":{\"@id\":\"https:\/\/www.justiceinfo.net\/fr\/575-burkina-faso-une-decision-historique-dans-laffaire-zongo.html#primaryimage\"},\"thumbnailUrl\":\"https:\/\/www.justiceinfo.net\/wp-content\/uploads\/c53a9eb7f98bd9efe52407712806bfee.jpg\",\"datePublished\":\"2015-06-09T05:07:24+00:00\",\"breadcrumb\":{\"@id\":\"https:\/\/www.justiceinfo.net\/fr\/575-burkina-faso-une-decision-historique-dans-laffaire-zongo.html#breadcrumb\"},\"inLanguage\":\"fr-FR\",\"potentialAction\":[{\"@type\":\"ReadAction\",\"target\":[\"https:\/\/www.justiceinfo.net\/fr\/575-burkina-faso-une-decision-historique-dans-laffaire-zongo.html\"]}]},{\"@type\":\"ImageObject\",\"inLanguage\":\"fr-FR\",\"@id\":\"https:\/\/www.justiceinfo.net\/fr\/575-burkina-faso-une-decision-historique-dans-laffaire-zongo.html#primaryimage\",\"url\":\"https:\/\/www.justiceinfo.net\/wp-content\/uploads\/c53a9eb7f98bd9efe52407712806bfee.jpg\",\"contentUrl\":\"https:\/\/www.justiceinfo.net\/wp-content\/uploads\/c53a9eb7f98bd9efe52407712806bfee.jpg\",\"width\":2048,\"height\":1536},{\"@type\":\"BreadcrumbList\",\"@id\":\"https:\/\/www.justiceinfo.net\/fr\/575-burkina-faso-une-decision-historique-dans-laffaire-zongo.html#breadcrumb\",\"itemListElement\":[{\"@type\":\"ListItem\",\"position\":1,\"name\":\"Home\",\"item\":\"https:\/\/www.justiceinfo.net\/fr\"},{\"@type\":\"ListItem\",\"position\":2,\"name\":\"Burkina Faso : \u00ab une d\u00e9cision historique \u00bb dans l\u2019affaire Zongo\"}]},{\"@type\":\"WebSite\",\"@id\":\"https:\/\/www.justiceinfo.net\/fr#website\",\"url\":\"https:\/\/www.justiceinfo.net\/fr\",\"name\":\"JusticeInfo.net\",\"description\":\"La justice doit \u00eatre vue pour \u00eatre rendue\",\"publisher\":{\"@id\":\"https:\/\/www.justiceinfo.net\/fr#organization\"},\"potentialAction\":[{\"@type\":\"SearchAction\",\"target\":{\"@type\":\"EntryPoint\",\"urlTemplate\":\"https:\/\/www.justiceinfo.net\/fr?s={search_term_string}\"},\"query-input\":{\"@type\":\"PropertyValueSpecification\",\"valueRequired\":true,\"valueName\":\"search_term_string\"}}],\"inLanguage\":\"fr-FR\"},{\"@type\":\"Organization\",\"@id\":\"https:\/\/www.justiceinfo.net\/fr#organization\",\"name\":\"Justice Info\",\"url\":\"https:\/\/www.justiceinfo.net\/fr\",\"logo\":{\"@type\":\"ImageObject\",\"inLanguage\":\"fr-FR\",\"@id\":\"https:\/\/www.justiceinfo.net\/fr#\/schema\/logo\/image\/\",\"url\":\"https:\/\/www.justiceinfo.net\/wp-content\/uploads\/justiceinfo_logo-trans_1200x1200px.png\",\"contentUrl\":\"https:\/\/www.justiceinfo.net\/wp-content\/uploads\/justiceinfo_logo-trans_1200x1200px.png\",\"width\":1199,\"height\":1200,\"caption\":\"Justice Info\"},\"image\":{\"@id\":\"https:\/\/www.justiceinfo.net\/fr#\/schema\/logo\/image\/\"},\"sameAs\":[\"https:\/\/www.facebook.com\/JusticeInfo\/\",\"https:\/\/x.com\/justiceinfonet\",\"https:\/\/www.linkedin.com\/company\/justice-info\",\"https:\/\/www.youtube.com\/channel\/UCyCEsARodyuWtkWyhn-e7pA\"]},{\"@type\":\"Person\",\"name\":\"Ephrem Rugiririza,JusticeInfo.Net, Arusha (Correspondant)\",\"sameAs\":[\"https:\/\/www.facebook.com\/rugiririza.ephrem.1\",\"https:\/\/x.com\/ER72777667\"],\"url\":\"https:\/\/www.justiceinfo.net\/fr\/auteur\/erugiririza\"}]}<\/script>\n<!-- \/ Yoast SEO Premium plugin. -->","yoast_head_json":{"title":"Burkina Faso : \u00ab une d\u00e9cision historique \u00bb dans l\u2019affaire Zongo - JusticeInfo.net","robots":{"index":"index","follow":"follow","max-snippet":"max-snippet:-1","max-image-preview":"max-image-preview:large","max-video-preview":"max-video-preview:-1"},"canonical":"https:\/\/www.justiceinfo.net\/fr\/575-burkina-faso-une-decision-historique-dans-laffaire-zongo.html","og_locale":"fr_FR","og_type":"article","og_title":"Burkina Faso : \u00ab une d\u00e9cision historique \u00bb dans l\u2019affaire Zongo","og_description":"Dans un arr\u00eat salu\u00e9 lundi comme \u00a0\u00ab\u00a0une d\u00e9cision historique\u00a0\u00bb par Reporters sans fronti\u00e8res (RSF), la Cour africaine des droits de l\u2019Homme et des peuples (CADHP) a ordonn\u00e9 le vendredi 05 juin \u00e0 l\u2019Etat burkinab\u00e8 de rouvrir l\u2019enqu\u00eate sur l\u2019assassinat en 1998 du journaliste Norbert Zongo et ses trois compagnons. Cette Cour, dont le si\u00e8ge se [&hellip;]","og_url":"https:\/\/www.justiceinfo.net\/fr\/575-burkina-faso-une-decision-historique-dans-laffaire-zongo.html","og_site_name":"JusticeInfo.net","article_publisher":"https:\/\/www.facebook.com\/JusticeInfo\/","article_author":"https:\/\/www.facebook.com\/rugiririza.ephrem.1","article_published_time":"2015-06-09T05:07:24+00:00","og_image":[{"url":"https:\/\/www.justiceinfo.net\/wp-content\/uploads\/c53a9eb7f98bd9efe52407712806bfee.jpg","width":1024,"height":768,"type":"image\/jpeg"}],"author":"Ephrem Rugiririza,JusticeInfo.Net, Arusha (Correspondant)","twitter_card":"summary_large_image","twitter_creator":"@ER72777667","twitter_site":"@justiceinfonet","twitter_misc":{"\u00c9crit par":"Ephrem Rugiririza,JusticeInfo.Net, Arusha (Correspondant)","Dur\u00e9e de lecture estim\u00e9e":"4 minutes"},"schema":{"@context":"https:\/\/schema.org","@graph":[{"@type":"NewsArticle","@id":"https:\/\/www.justiceinfo.net\/fr\/575-burkina-faso-une-decision-historique-dans-laffaire-zongo.html#article","isPartOf":{"@id":"https:\/\/www.justiceinfo.net\/fr\/575-burkina-faso-une-decision-historique-dans-laffaire-zongo.html"},"author":{"name":"erugiririza","@id":"https:\/\/www.justiceinfo.net\/fr#\/schema\/person\/3c444bdbf3536fdebfdc6b3a06b2fc4a"},"headline":"Burkina Faso : \u00ab une d\u00e9cision historique \u00bb dans l\u2019affaire Zongo","datePublished":"2015-06-09T05:07:24+00:00","mainEntityOfPage":{"@id":"https:\/\/www.justiceinfo.net\/fr\/575-burkina-faso-une-decision-historique-dans-laffaire-zongo.html"},"wordCount":732,"commentCount":0,"publisher":{"@id":"https:\/\/www.justiceinfo.net\/fr#organization"},"image":{"@id":"https:\/\/www.justiceinfo.net\/fr\/575-burkina-faso-une-decision-historique-dans-laffaire-zongo.html#primaryimage"},"thumbnailUrl":"https:\/\/www.justiceinfo.net\/wp-content\/uploads\/c53a9eb7f98bd9efe52407712806bfee.jpg","articleSection":["Divers"],"inLanguage":"fr-FR","potentialAction":[{"@type":"CommentAction","name":"Comment","target":["https:\/\/www.justiceinfo.net\/fr\/575-burkina-faso-une-decision-historique-dans-laffaire-zongo.html#respond"]}]},{"@type":"WebPage","@id":"https:\/\/www.justiceinfo.net\/fr\/575-burkina-faso-une-decision-historique-dans-laffaire-zongo.html","url":"https:\/\/www.justiceinfo.net\/fr\/575-burkina-faso-une-decision-historique-dans-laffaire-zongo.html","name":"Burkina Faso : \u00ab une d\u00e9cision historique \u00bb dans l\u2019affaire Zongo - JusticeInfo.net","isPartOf":{"@id":"https:\/\/www.justiceinfo.net\/fr#website"},"primaryImageOfPage":{"@id":"https:\/\/www.justiceinfo.net\/fr\/575-burkina-faso-une-decision-historique-dans-laffaire-zongo.html#primaryimage"},"image":{"@id":"https:\/\/www.justiceinfo.net\/fr\/575-burkina-faso-une-decision-historique-dans-laffaire-zongo.html#primaryimage"},"thumbnailUrl":"https:\/\/www.justiceinfo.net\/wp-content\/uploads\/c53a9eb7f98bd9efe52407712806bfee.jpg","datePublished":"2015-06-09T05:07:24+00:00","breadcrumb":{"@id":"https:\/\/www.justiceinfo.net\/fr\/575-burkina-faso-une-decision-historique-dans-laffaire-zongo.html#breadcrumb"},"inLanguage":"fr-FR","potentialAction":[{"@type":"ReadAction","target":["https:\/\/www.justiceinfo.net\/fr\/575-burkina-faso-une-decision-historique-dans-laffaire-zongo.html"]}]},{"@type":"ImageObject","inLanguage":"fr-FR","@id":"https:\/\/www.justiceinfo.net\/fr\/575-burkina-faso-une-decision-historique-dans-laffaire-zongo.html#primaryimage","url":"https:\/\/www.justiceinfo.net\/wp-content\/uploads\/c53a9eb7f98bd9efe52407712806bfee.jpg","contentUrl":"https:\/\/www.justiceinfo.net\/wp-content\/uploads\/c53a9eb7f98bd9efe52407712806bfee.jpg","width":2048,"height":1536},{"@type":"BreadcrumbList","@id":"https:\/\/www.justiceinfo.net\/fr\/575-burkina-faso-une-decision-historique-dans-laffaire-zongo.html#breadcrumb","itemListElement":[{"@type":"ListItem","position":1,"name":"Home","item":"https:\/\/www.justiceinfo.net\/fr"},{"@type":"ListItem","position":2,"name":"Burkina Faso : \u00ab une d\u00e9cision historique \u00bb dans l\u2019affaire Zongo"}]},{"@type":"WebSite","@id":"https:\/\/www.justiceinfo.net\/fr#website","url":"https:\/\/www.justiceinfo.net\/fr","name":"JusticeInfo.net","description":"La justice doit \u00eatre vue pour \u00eatre rendue","publisher":{"@id":"https:\/\/www.justiceinfo.net\/fr#organization"},"potentialAction":[{"@type":"SearchAction","target":{"@type":"EntryPoint","urlTemplate":"https:\/\/www.justiceinfo.net\/fr?s={search_term_string}"},"query-input":{"@type":"PropertyValueSpecification","valueRequired":true,"valueName":"search_term_string"}}],"inLanguage":"fr-FR"},{"@type":"Organization","@id":"https:\/\/www.justiceinfo.net\/fr#organization","name":"Justice Info","url":"https:\/\/www.justiceinfo.net\/fr","logo":{"@type":"ImageObject","inLanguage":"fr-FR","@id":"https:\/\/www.justiceinfo.net\/fr#\/schema\/logo\/image\/","url":"https:\/\/www.justiceinfo.net\/wp-content\/uploads\/justiceinfo_logo-trans_1200x1200px.png","contentUrl":"https:\/\/www.justiceinfo.net\/wp-content\/uploads\/justiceinfo_logo-trans_1200x1200px.png","width":1199,"height":1200,"caption":"Justice Info"},"image":{"@id":"https:\/\/www.justiceinfo.net\/fr#\/schema\/logo\/image\/"},"sameAs":["https:\/\/www.facebook.com\/JusticeInfo\/","https:\/\/x.com\/justiceinfonet","https:\/\/www.linkedin.com\/company\/justice-info","https:\/\/www.youtube.com\/channel\/UCyCEsARodyuWtkWyhn-e7pA"]},{"@type":"Person","name":"Ephrem Rugiririza,JusticeInfo.Net, Arusha (Correspondant)","sameAs":["https:\/\/www.facebook.com\/rugiririza.ephrem.1","https:\/\/x.com\/ER72777667"],"url":"https:\/\/www.justiceinfo.net\/fr\/auteur\/erugiririza"}]}},"_links":{"self":[{"href":"https:\/\/www.justiceinfo.net\/fr\/wp-json\/wp\/v2\/posts\/575","targetHints":{"allow":["GET"]}}],"collection":[{"href":"https:\/\/www.justiceinfo.net\/fr\/wp-json\/wp\/v2\/posts"}],"about":[{"href":"https:\/\/www.justiceinfo.net\/fr\/wp-json\/wp\/v2\/types\/post"}],"author":[{"embeddable":true,"href":"https:\/\/www.justiceinfo.net\/fr\/wp-json\/wp\/v2\/users\/59"}],"replies":[{"embeddable":true,"href":"https:\/\/www.justiceinfo.net\/fr\/wp-json\/wp\/v2\/comments?post=575"}],"version-history":[{"count":0,"href":"https:\/\/www.justiceinfo.net\/fr\/wp-json\/wp\/v2\/posts\/575\/revisions"}],"wp:featuredmedia":[{"embeddable":true,"href":"https:\/\/www.justiceinfo.net\/fr\/wp-json\/wp\/v2\/media\/62412"}],"wp:attachment":[{"href":"https:\/\/www.justiceinfo.net\/fr\/wp-json\/wp\/v2\/media?parent=575"}],"wp:term":[{"taxonomy":"category","embeddable":true,"href":"https:\/\/www.justiceinfo.net\/fr\/wp-json\/wp\/v2\/categories?post=575"},{"taxonomy":"post_tag","embeddable":true,"href":"https:\/\/www.justiceinfo.net\/fr\/wp-json\/wp\/v2\/tags?post=575"},{"taxonomy":"ji_location","embeddable":true,"href":"https:\/\/www.justiceinfo.net\/fr\/wp-json\/wp\/v2\/ji_location?post=575"}],"curies":[{"name":"wp","href":"https:\/\/api.w.org\/{rel}","templated":true}]}}