{"id":5759,"date":"2002-06-10T00:00:00","date_gmt":"2002-06-09T22:00:00","guid":{"rendered":"https:\/\/www.justiceinfo.net\/5759-10062002-tpirbutare-proces-reporte-dune-journee-faute-de-temoins-du-parquet2549.html"},"modified":"2002-06-10T00:00:00","modified_gmt":"2002-06-09T22:00:00","slug":"10062002-tpirbutare-proces-reporte-dune-journee-faute-de-temoins-du-parquet2549","status":"publish","type":"post","link":"https:\/\/www.justiceinfo.net\/fr\/5759-10062002-tpirbutare-proces-reporte-dune-journee-faute-de-temoins-du-parquet2549.html","title":{"rendered":"10.06.2002 - TPIR\/BUTARE - PROCES REPORTE D'UNE JOURNEE FAUTE DE TEMOINS DU PARQUET"},"content":{"rendered":"<p  >\nArusha 10 juin 2002 (FH) - Le proc\u00e8s de six personnes accus\u00e9es des crimes commis en province de Butare (sud du Rwanda) en cours devant le Tribunal p\u00e9nal international pour le Rwanda (TPIR), a \u00e9t\u00e9 suspendu jusqu'\u00e0 mardi apr\u00e8s-midi, faute de t\u00e9moins du parquet.\n<\/p>\n<p  >\nSont concern\u00e9s par ce proc\u00e8s, l'ex-ministre de la famille et de la promotion f\u00e9minine, Pauline Nyiramasuhuko, premi\u00e8re femme \u00e0 \u00eatre inculp\u00e9e par une juridiction internationale ainsi que son fils Ars\u00e8ne Shalom Ntahobali, les ex-pr\u00e9fets Alphonse Nteziryayo et Sylvain Nsabimana, et deux ex-maires : celui de Ngoma,Joseph Kanyabashi, et de Muganza, Elie Ndayambaje.\n<\/p>\n<p><!--more--><\/p>\n<p  >\nPoursuivis pour g\u00e9nocide et crimes contre l'humanit\u00e9, ils plaident tous non-coupables.\n<\/p>\n<p  >\n\"Nous avions huit t\u00e9moin pr\u00eats \u00e0 faire le voyage Kigali-Arusha pour faire leurs d\u00e9positions, mais \u00e0 la derni\u00e8re minute, le gouvernement rwandais a mis en place un nouveau syst\u00e8me D'octroi de documents de voyage. Ce syst\u00e8me ne pouvait pas leur permettre de remplir tout le n\u00e9cessaire pour faire le voyage\", a annonc\u00e9 \u00e0 la cour le chef de la section charg\u00e9e de la protection des victimes et des t\u00e9moins, le Pakistanais Saleem Vahidy, au terme de la d\u00e9position du 14\u00e8me t\u00e9moin \u00e0 charge.\n<\/p>\n<p  >\nD\u00e9nomm\u00e9 \"QW\" pour prot\u00e9ger son anonymat, le t\u00e9moin, une rescap\u00e9e tutsie avait accus\u00e9 l'ex-maire de Ngoma Joseph Knyabashi D'avoir fait rassembler les Tutsis \u00e0 un lieu-dit Kabakobwa, o\u00f9 ils ont \u00e9t\u00e9 par la suite massacr\u00e9s.\n<\/p>\n<p  >\nSaleem Vahidy a expliqu\u00e9 n'avoir appris que vendredi dernier que le gouvernement rwandais exigeait des t\u00e9moins des autorisations \u00e9manant de divers responsables locaux pour obtenir des documents de voyage pour Arusha.\n<\/p>\n<p  >\n\"Nous attendons la d\u00e9cision de Kigali pour ce soir. Nous esp\u00e9rons que nous pourrons les faire voyager D'ici trois \u00e0 quatre jours\" a indiqu\u00e9 Saleem Vahidy.<br \/>\nHabituellement, des arrangements sp\u00e9ciaux \u00e9taient conclus pour faire voyager les t\u00e9moins, compte tenu du caract\u00e8re secret li\u00e9 aux mesures de protection des t\u00e9moins.\n<\/p>\n<p  >\nPrendre le Tribunal en otage\n<\/p>\n<p  >\nLes avocats de la d\u00e9fense ont vigoureusement r\u00e9agi, accusant le gouvernement de Kigali de vouloir bloquer la proc\u00e9dure.\n<\/p>\n<p  >\nLa d\u00e9fense dans son ensemble a recommand\u00e9 \u00e0 la chambre D'envoyer \"un message clair et fort au gouvernement de Kigali\", lui intimant de ne pas \"prendre en otage le Tribunal.\"\n<\/p>\n<p  >\n\"Ce tribunal, s'il veut \u00eatre ind\u00e9pendant, ne peut pas \u00eatre \u00e0 la merci du gouvernement de Kigali. Je ne vois pas pourquoi ils doivent changer la proc\u00e9dure D'obtention des documents de voyage juste \u00e0 la derni\u00e8re minute. Ceci est un scandale et vous devriez mettre un terme \u00e0 cette interf\u00e9rence du gouvernement de Kigali. Nous sommes dans une cour de justice internationale qui doit \u00eatre ind\u00e9pendante des caprices de Kigali\", a notamment d\u00e9clar\u00e9 l'avocate canadienne Me Nicole Bergevin qui d\u00e9fend Pauline Nyiramasuhuko.\n<\/p>\n<p  >\nl'avocat canadien Me Pierre Boul\u00e9, qui repr\u00e9sente Elie Ndayambaje, a sugg\u00e9r\u00e9 que le repr\u00e9sentant du gouvernement rwandais aupr\u00e8s du TPIR, Martin Ngoga, soit convoqu\u00e9 pour fournir \u00e0 la chambre des explications, mais sa requ\u00eate n'a pas \u00e9t\u00e9 accept\u00e9e.\n<\/p>\n<p  >\n\"La chambre de premi\u00e8re instance ne peut qu'exhorter le gouvernement rwandais \u00e0 faire tout le n\u00e9cessaire pour faciliter la d\u00e9position des t\u00e9moins et \u00e9viter que la proc\u00e9dure soit bloqu\u00e9e. Cela \u00e9viterait de nuire aux int\u00e9r\u00eats des uns et des autres. Nous esp\u00e9rons que le probl\u00e8me sera r\u00e9gl\u00e9 au plus vite dans l'int\u00e9r\u00eat de la justice et du Tribunal \" a fait observer le juge tanzanien William Hussein Sekule, qui pr\u00e9sidait les d\u00e9bats.\n<\/p>\n<p  >\nLe pr\u00e9sident de la chambre a par ailleurs soulign\u00e9 que de tels probl\u00e8mes de retard incommodaient toutes les parties concern\u00e9es et surtout entra\u00eenaient des co\u00fbts au TPIR. Le proc\u00e8s \u00e0 \u00e9t\u00e9 ajourn\u00e9 jusqu'\u00e0 mardi apr\u00e8s-midi.\n<\/p>\n<p  >\nDes ant\u00e9c\u00e9dents avec des associations de rescap\u00e9s<br \/>\nEn avril dernier, Saleem Vahidy avait d\u00e9clar\u00e9 que le Tribunal se heurtait \u00e0 un probl\u00e8me s\u00e9rieux pour obtenir des t\u00e9moins en provenance du Rwanda, apr\u00e8s que deux associations des survivants de g\u00e9nocide aient interdit \u00e0 leurs membres de venir d\u00e9poser devant le TPIR.\n<\/p>\n<p  >\nLe collectif des associations des survivants du g\u00e9nocide IBUKA, et l'association des veuves du g\u00e9nocide AVEGA, ont supendu leur coop\u00e9ration avec le TPIR d\u00e8s fin janvier 2002, all\u00e9guant entre autres le harc\u00e8lement des t\u00e9moins \u00e0 charge par les avocats.\n<\/p>\n<p  >\nLes associations reprochaient \u00e9galement au TPIR D'engager comme enqu\u00eateurs de la d\u00e9fense des Rwandais suspect\u00e9s D'avoir tremp\u00e9 dans des actes de g\u00e9nocide. Une commission conjointe Rwanda-TPIR qui devait se pencher sur la question n'a pas pu \u00eatre constitu\u00e9e en raison des divergences entre les deux parties sur son mandat.\n<\/p>\n<p  >\nLe proc\u00e8s de Butare se d\u00e9roule devant la deuxi\u00e8me chambre de premi\u00e8re qui, outre le juge Sekule, est compos\u00e9e des juges, malgache Arlette Ramaroson et lesothan Winston Churchill Matanzima Maqutu.\n<\/p>\n<p  >\nBN\/AT\/GF\/FH(BT-0610A)<\/p>\n","protected":false},"excerpt":{"rendered":"<p>Arusha 10 juin 2002 (FH) - Le proc\u00e8s de six personnes accus\u00e9es des crimes commis en province de Butare (sud du Rwanda) en cours devant le Tribunal p\u00e9nal international pour le Rwanda (TPIR), a \u00e9t\u00e9 suspendu jusqu'\u00e0 mardi apr\u00e8s-midi, faute de t\u00e9moins du parquet. Sont concern\u00e9s par ce proc\u00e8s, l'ex-ministre de la famille et de [&hellip;]<\/p>\n","protected":false},"author":64,"featured_media":0,"comment_status":"open","ping_status":"closed","sticky":false,"template":"","format":"standard","meta":{"_acf_changed":false,"footnotes":""},"categories":[554],"tags":[],"ji_location":[],"class_list":["post-5759","post","type-post","status-publish","format-standard","hentry","category-hirondellenews"],"acf":[],"yoast_head":"<!-- This site is optimized with the Yoast SEO Premium plugin v25.3.1 (Yoast SEO v25.3.1) - https:\/\/yoast.com\/wordpress\/plugins\/seo\/ -->\n<title>10.06.2002 - TPIR\/BUTARE - PROCES REPORTE D&#039;UNE JOURNEE FAUTE DE TEMOINS DU PARQUET - JusticeInfo.net<\/title>\n<meta name=\"robots\" content=\"index, follow, max-snippet:-1, max-image-preview:large, max-video-preview:-1\" \/>\n<link rel=\"canonical\" href=\"https:\/\/www.justiceinfo.net\/fr\/5759-10062002-tpirbutare-proces-reporte-dune-journee-faute-de-temoins-du-parquet2549.html\" \/>\n<meta property=\"og:locale\" content=\"fr_FR\" \/>\n<meta property=\"og:type\" content=\"article\" \/>\n<meta property=\"og:title\" content=\"10.06.2002 - TPIR\/BUTARE - PROCES REPORTE D&#039;UNE JOURNEE FAUTE DE TEMOINS DU PARQUET\" \/>\n<meta property=\"og:description\" content=\"Arusha 10 juin 2002 (FH) - Le proc\u00e8s de six personnes accus\u00e9es des crimes commis en province de Butare (sud du Rwanda) en cours devant le Tribunal p\u00e9nal international pour le Rwanda (TPIR), a \u00e9t\u00e9 suspendu jusqu&#039;\u00e0 mardi apr\u00e8s-midi, faute de t\u00e9moins du parquet. Sont concern\u00e9s par ce proc\u00e8s, l&#039;ex-ministre de la famille et de [&hellip;]\" \/>\n<meta property=\"og:url\" content=\"https:\/\/www.justiceinfo.net\/fr\/5759-10062002-tpirbutare-proces-reporte-dune-journee-faute-de-temoins-du-parquet2549.html\" \/>\n<meta property=\"og:site_name\" content=\"JusticeInfo.net\" \/>\n<meta property=\"article:publisher\" content=\"https:\/\/www.facebook.com\/JusticeInfo\/\" \/>\n<meta property=\"article:published_time\" content=\"2002-06-09T22:00:00+00:00\" \/>\n<meta property=\"og:image\" content=\"https:\/\/www.justiceinfo.net\/wp-content\/uploads\/JusticeInfoNet_logo_1200x630px.jpg\" \/>\n\t<meta property=\"og:image:width\" content=\"1200\" \/>\n\t<meta property=\"og:image:height\" content=\"630\" \/>\n\t<meta property=\"og:image:type\" content=\"image\/jpeg\" \/>\n<meta name=\"author\" content=\"solivri\" \/>\n<meta name=\"twitter:card\" content=\"summary_large_image\" \/>\n<meta name=\"twitter:creator\" content=\"@justiceinfonet\" \/>\n<meta name=\"twitter:site\" content=\"@justiceinfonet\" \/>\n<meta name=\"twitter:label1\" content=\"\u00c9crit par\" \/>\n\t<meta name=\"twitter:data1\" content=\"solivri\" \/>\n\t<meta name=\"twitter:label2\" content=\"Dur\u00e9e de lecture estim\u00e9e\" \/>\n\t<meta name=\"twitter:data2\" content=\"4 minutes\" \/>\n<script type=\"application\/ld+json\" class=\"yoast-schema-graph\">{\"@context\":\"https:\/\/schema.org\",\"@graph\":[{\"@type\":\"NewsArticle\",\"@id\":\"https:\/\/www.justiceinfo.net\/fr\/5759-10062002-tpirbutare-proces-reporte-dune-journee-faute-de-temoins-du-parquet2549.html#article\",\"isPartOf\":{\"@id\":\"https:\/\/www.justiceinfo.net\/fr\/5759-10062002-tpirbutare-proces-reporte-dune-journee-faute-de-temoins-du-parquet2549.html\"},\"author\":{\"name\":\"solivri\",\"@id\":\"https:\/\/www.justiceinfo.net\/fr#\/schema\/person\/6e53cba1629e2e66f3fc1821d3091865\"},\"headline\":\"10.06.2002 - TPIR\/BUTARE - PROCES REPORTE D'UNE JOURNEE FAUTE DE TEMOINS DU PARQUET\",\"datePublished\":\"2002-06-09T22:00:00+00:00\",\"mainEntityOfPage\":{\"@id\":\"https:\/\/www.justiceinfo.net\/fr\/5759-10062002-tpirbutare-proces-reporte-dune-journee-faute-de-temoins-du-parquet2549.html\"},\"wordCount\":873,\"commentCount\":0,\"publisher\":{\"@id\":\"https:\/\/www.justiceinfo.net\/fr#organization\"},\"articleSection\":[\"Hirondelle News\"],\"inLanguage\":\"fr-FR\",\"potentialAction\":[{\"@type\":\"CommentAction\",\"name\":\"Comment\",\"target\":[\"https:\/\/www.justiceinfo.net\/fr\/5759-10062002-tpirbutare-proces-reporte-dune-journee-faute-de-temoins-du-parquet2549.html#respond\"]}]},{\"@type\":\"WebPage\",\"@id\":\"https:\/\/www.justiceinfo.net\/fr\/5759-10062002-tpirbutare-proces-reporte-dune-journee-faute-de-temoins-du-parquet2549.html\",\"url\":\"https:\/\/www.justiceinfo.net\/fr\/5759-10062002-tpirbutare-proces-reporte-dune-journee-faute-de-temoins-du-parquet2549.html\",\"name\":\"10.06.2002 - TPIR\/BUTARE - PROCES REPORTE D'UNE JOURNEE FAUTE DE TEMOINS DU PARQUET - JusticeInfo.net\",\"isPartOf\":{\"@id\":\"https:\/\/www.justiceinfo.net\/fr#website\"},\"datePublished\":\"2002-06-09T22:00:00+00:00\",\"breadcrumb\":{\"@id\":\"https:\/\/www.justiceinfo.net\/fr\/5759-10062002-tpirbutare-proces-reporte-dune-journee-faute-de-temoins-du-parquet2549.html#breadcrumb\"},\"inLanguage\":\"fr-FR\",\"potentialAction\":[{\"@type\":\"ReadAction\",\"target\":[\"https:\/\/www.justiceinfo.net\/fr\/5759-10062002-tpirbutare-proces-reporte-dune-journee-faute-de-temoins-du-parquet2549.html\"]}]},{\"@type\":\"BreadcrumbList\",\"@id\":\"https:\/\/www.justiceinfo.net\/fr\/5759-10062002-tpirbutare-proces-reporte-dune-journee-faute-de-temoins-du-parquet2549.html#breadcrumb\",\"itemListElement\":[{\"@type\":\"ListItem\",\"position\":1,\"name\":\"Home\",\"item\":\"https:\/\/www.justiceinfo.net\/fr\"},{\"@type\":\"ListItem\",\"position\":2,\"name\":\"10.06.2002 - TPIR\/BUTARE - PROCES REPORTE D'UNE JOURNEE FAUTE DE TEMOINS DU PARQUET\"}]},{\"@type\":\"WebSite\",\"@id\":\"https:\/\/www.justiceinfo.net\/fr#website\",\"url\":\"https:\/\/www.justiceinfo.net\/fr\",\"name\":\"JusticeInfo.net\",\"description\":\"La justice doit \u00eatre vue pour \u00eatre rendue\",\"publisher\":{\"@id\":\"https:\/\/www.justiceinfo.net\/fr#organization\"},\"potentialAction\":[{\"@type\":\"SearchAction\",\"target\":{\"@type\":\"EntryPoint\",\"urlTemplate\":\"https:\/\/www.justiceinfo.net\/fr?s={search_term_string}\"},\"query-input\":{\"@type\":\"PropertyValueSpecification\",\"valueRequired\":true,\"valueName\":\"search_term_string\"}}],\"inLanguage\":\"fr-FR\"},{\"@type\":\"Organization\",\"@id\":\"https:\/\/www.justiceinfo.net\/fr#organization\",\"name\":\"Justice Info\",\"url\":\"https:\/\/www.justiceinfo.net\/fr\",\"logo\":{\"@type\":\"ImageObject\",\"inLanguage\":\"fr-FR\",\"@id\":\"https:\/\/www.justiceinfo.net\/fr#\/schema\/logo\/image\/\",\"url\":\"https:\/\/www.justiceinfo.net\/wp-content\/uploads\/justiceinfo_logo-trans_1200x1200px.png\",\"contentUrl\":\"https:\/\/www.justiceinfo.net\/wp-content\/uploads\/justiceinfo_logo-trans_1200x1200px.png\",\"width\":1199,\"height\":1200,\"caption\":\"Justice Info\"},\"image\":{\"@id\":\"https:\/\/www.justiceinfo.net\/fr#\/schema\/logo\/image\/\"},\"sameAs\":[\"https:\/\/www.facebook.com\/JusticeInfo\/\",\"https:\/\/x.com\/justiceinfonet\",\"https:\/\/www.linkedin.com\/company\/justice-info\",\"https:\/\/www.youtube.com\/channel\/UCyCEsARodyuWtkWyhn-e7pA\"]},{\"@type\":\"Person\",\"name\":\"solivri\",\"url\":\"\/fr\/?s=solivri\"}]}<\/script>\n<!-- \/ Yoast SEO Premium plugin. -->","yoast_head_json":{"title":"10.06.2002 - TPIR\/BUTARE - PROCES REPORTE D'UNE JOURNEE FAUTE DE TEMOINS DU PARQUET - JusticeInfo.net","robots":{"index":"index","follow":"follow","max-snippet":"max-snippet:-1","max-image-preview":"max-image-preview:large","max-video-preview":"max-video-preview:-1"},"canonical":"https:\/\/www.justiceinfo.net\/fr\/5759-10062002-tpirbutare-proces-reporte-dune-journee-faute-de-temoins-du-parquet2549.html","og_locale":"fr_FR","og_type":"article","og_title":"10.06.2002 - TPIR\/BUTARE - PROCES REPORTE D'UNE JOURNEE FAUTE DE TEMOINS DU PARQUET","og_description":"Arusha 10 juin 2002 (FH) - Le proc\u00e8s de six personnes accus\u00e9es des crimes commis en province de Butare (sud du Rwanda) en cours devant le Tribunal p\u00e9nal international pour le Rwanda (TPIR), a \u00e9t\u00e9 suspendu jusqu'\u00e0 mardi apr\u00e8s-midi, faute de t\u00e9moins du parquet. Sont concern\u00e9s par ce proc\u00e8s, l'ex-ministre de la famille et de [&hellip;]","og_url":"https:\/\/www.justiceinfo.net\/fr\/5759-10062002-tpirbutare-proces-reporte-dune-journee-faute-de-temoins-du-parquet2549.html","og_site_name":"JusticeInfo.net","article_publisher":"https:\/\/www.facebook.com\/JusticeInfo\/","article_published_time":"2002-06-09T22:00:00+00:00","og_image":[{"width":1200,"height":630,"url":"https:\/\/www.justiceinfo.net\/wp-content\/uploads\/JusticeInfoNet_logo_1200x630px.jpg","type":"image\/jpeg"}],"author":"solivri","twitter_card":"summary_large_image","twitter_creator":"@justiceinfonet","twitter_site":"@justiceinfonet","twitter_misc":{"\u00c9crit par":"solivri","Dur\u00e9e de lecture estim\u00e9e":"4 minutes"},"schema":{"@context":"https:\/\/schema.org","@graph":[{"@type":"NewsArticle","@id":"https:\/\/www.justiceinfo.net\/fr\/5759-10062002-tpirbutare-proces-reporte-dune-journee-faute-de-temoins-du-parquet2549.html#article","isPartOf":{"@id":"https:\/\/www.justiceinfo.net\/fr\/5759-10062002-tpirbutare-proces-reporte-dune-journee-faute-de-temoins-du-parquet2549.html"},"author":{"name":"solivri","@id":"https:\/\/www.justiceinfo.net\/fr#\/schema\/person\/6e53cba1629e2e66f3fc1821d3091865"},"headline":"10.06.2002 - TPIR\/BUTARE - PROCES REPORTE D'UNE JOURNEE FAUTE DE TEMOINS DU PARQUET","datePublished":"2002-06-09T22:00:00+00:00","mainEntityOfPage":{"@id":"https:\/\/www.justiceinfo.net\/fr\/5759-10062002-tpirbutare-proces-reporte-dune-journee-faute-de-temoins-du-parquet2549.html"},"wordCount":873,"commentCount":0,"publisher":{"@id":"https:\/\/www.justiceinfo.net\/fr#organization"},"articleSection":["Hirondelle News"],"inLanguage":"fr-FR","potentialAction":[{"@type":"CommentAction","name":"Comment","target":["https:\/\/www.justiceinfo.net\/fr\/5759-10062002-tpirbutare-proces-reporte-dune-journee-faute-de-temoins-du-parquet2549.html#respond"]}]},{"@type":"WebPage","@id":"https:\/\/www.justiceinfo.net\/fr\/5759-10062002-tpirbutare-proces-reporte-dune-journee-faute-de-temoins-du-parquet2549.html","url":"https:\/\/www.justiceinfo.net\/fr\/5759-10062002-tpirbutare-proces-reporte-dune-journee-faute-de-temoins-du-parquet2549.html","name":"10.06.2002 - TPIR\/BUTARE - PROCES REPORTE D'UNE JOURNEE FAUTE DE TEMOINS DU PARQUET - JusticeInfo.net","isPartOf":{"@id":"https:\/\/www.justiceinfo.net\/fr#website"},"datePublished":"2002-06-09T22:00:00+00:00","breadcrumb":{"@id":"https:\/\/www.justiceinfo.net\/fr\/5759-10062002-tpirbutare-proces-reporte-dune-journee-faute-de-temoins-du-parquet2549.html#breadcrumb"},"inLanguage":"fr-FR","potentialAction":[{"@type":"ReadAction","target":["https:\/\/www.justiceinfo.net\/fr\/5759-10062002-tpirbutare-proces-reporte-dune-journee-faute-de-temoins-du-parquet2549.html"]}]},{"@type":"BreadcrumbList","@id":"https:\/\/www.justiceinfo.net\/fr\/5759-10062002-tpirbutare-proces-reporte-dune-journee-faute-de-temoins-du-parquet2549.html#breadcrumb","itemListElement":[{"@type":"ListItem","position":1,"name":"Home","item":"https:\/\/www.justiceinfo.net\/fr"},{"@type":"ListItem","position":2,"name":"10.06.2002 - TPIR\/BUTARE - PROCES REPORTE D'UNE JOURNEE FAUTE DE TEMOINS DU PARQUET"}]},{"@type":"WebSite","@id":"https:\/\/www.justiceinfo.net\/fr#website","url":"https:\/\/www.justiceinfo.net\/fr","name":"JusticeInfo.net","description":"La justice doit \u00eatre vue pour \u00eatre rendue","publisher":{"@id":"https:\/\/www.justiceinfo.net\/fr#organization"},"potentialAction":[{"@type":"SearchAction","target":{"@type":"EntryPoint","urlTemplate":"https:\/\/www.justiceinfo.net\/fr?s={search_term_string}"},"query-input":{"@type":"PropertyValueSpecification","valueRequired":true,"valueName":"search_term_string"}}],"inLanguage":"fr-FR"},{"@type":"Organization","@id":"https:\/\/www.justiceinfo.net\/fr#organization","name":"Justice Info","url":"https:\/\/www.justiceinfo.net\/fr","logo":{"@type":"ImageObject","inLanguage":"fr-FR","@id":"https:\/\/www.justiceinfo.net\/fr#\/schema\/logo\/image\/","url":"https:\/\/www.justiceinfo.net\/wp-content\/uploads\/justiceinfo_logo-trans_1200x1200px.png","contentUrl":"https:\/\/www.justiceinfo.net\/wp-content\/uploads\/justiceinfo_logo-trans_1200x1200px.png","width":1199,"height":1200,"caption":"Justice Info"},"image":{"@id":"https:\/\/www.justiceinfo.net\/fr#\/schema\/logo\/image\/"},"sameAs":["https:\/\/www.facebook.com\/JusticeInfo\/","https:\/\/x.com\/justiceinfonet","https:\/\/www.linkedin.com\/company\/justice-info","https:\/\/www.youtube.com\/channel\/UCyCEsARodyuWtkWyhn-e7pA"]},{"@type":"Person","name":"solivri","url":"\/fr\/?s=solivri"}]}},"_links":{"self":[{"href":"https:\/\/www.justiceinfo.net\/fr\/wp-json\/wp\/v2\/posts\/5759","targetHints":{"allow":["GET"]}}],"collection":[{"href":"https:\/\/www.justiceinfo.net\/fr\/wp-json\/wp\/v2\/posts"}],"about":[{"href":"https:\/\/www.justiceinfo.net\/fr\/wp-json\/wp\/v2\/types\/post"}],"author":[{"embeddable":true,"href":"https:\/\/www.justiceinfo.net\/fr\/wp-json\/wp\/v2\/users\/64"}],"replies":[{"embeddable":true,"href":"https:\/\/www.justiceinfo.net\/fr\/wp-json\/wp\/v2\/comments?post=5759"}],"version-history":[{"count":0,"href":"https:\/\/www.justiceinfo.net\/fr\/wp-json\/wp\/v2\/posts\/5759\/revisions"}],"wp:attachment":[{"href":"https:\/\/www.justiceinfo.net\/fr\/wp-json\/wp\/v2\/media?parent=5759"}],"wp:term":[{"taxonomy":"category","embeddable":true,"href":"https:\/\/www.justiceinfo.net\/fr\/wp-json\/wp\/v2\/categories?post=5759"},{"taxonomy":"post_tag","embeddable":true,"href":"https:\/\/www.justiceinfo.net\/fr\/wp-json\/wp\/v2\/tags?post=5759"},{"taxonomy":"ji_location","embeddable":true,"href":"https:\/\/www.justiceinfo.net\/fr\/wp-json\/wp\/v2\/ji_location?post=5759"}],"curies":[{"name":"wp","href":"https:\/\/api.w.org\/{rel}","templated":true}]}}