{"id":5777,"date":"2002-05-29T00:00:00","date_gmt":"2002-05-28T22:00:00","guid":{"rendered":"https:\/\/www.justiceinfo.net\/5777-29052002-tpircyangugu-ntagerura-netait-pas-a-cyangugu-le-17-avril-1994-selon-un-ex-ministre2567.html"},"modified":"2002-05-29T00:00:00","modified_gmt":"2002-05-28T22:00:00","slug":"29052002-tpircyangugu-ntagerura-netait-pas-a-cyangugu-le-17-avril-1994-selon-un-ex-ministre2567","status":"publish","type":"post","link":"https:\/\/www.justiceinfo.net\/fr\/5777-29052002-tpircyangugu-ntagerura-netait-pas-a-cyangugu-le-17-avril-1994-selon-un-ex-ministre2567.html","title":{"rendered":"29.05.2002 - TPIR\/CYANGUGU - NTAGERURA N'ETAIT PAS A CYANGUGU LE 17 AVRIL 1994, SELON UN EX-MINISTRE"},"content":{"rendered":"<p  >\nArusha 29 mai 2002 (FH) - l'ancien ministre des transports et communications sous le gouvernement int\u00e9rimaire, Andr\u00e9 Ntagerura, n'\u00e9tait pas \u00e0 Cyangugu (sud-ouest du Rwanda) le 17 avril 1994 comme l'all\u00e8gue le parquet, a affirm\u00e9 un t\u00e9moin de la d\u00e9fense, mercredi devant le Tribunal p\u00e9nal international pour le Rwanda (TPIR).\n<\/p>\n<p  >\nMinistre de la justice au Rwanda entre 1977 et 1984, Charles Nkurunziza a t\u00e9moign\u00e9 mardi et mercredi dans le proc\u00e8s du groupe Cyangugu (sud-ouest du Rwanda) en cours devant le TPIR.\n<\/p>\n<p><!--more--><\/p>\n<p  >\nEn 1994, Charles Nkurunziza \u00e9tait secr\u00e9taire g\u00e9n\u00e9ral du gouvernement.\n<\/p>\n<p  >\nLors du contre interrogatoire mercredi, le substitut ougandais du procureur, Richard Karegyesa, a sugg\u00e9r\u00e9 au t\u00e9moin que Ntagerura s'\u00e9tait rendu \u00e0 Cyangugu le 17 avril 1994 pour organiser des massacres de Tutsis.\n<\/p>\n<p  >\n\"Ce n'est pas vrai, car \u00e0 cette date, il y avait un conseil des ministres et sa pr\u00e9sence \u00e9tait obligatoire ce jour l\u00e0\", a protest\u00e9 le t\u00e9moin, ajoutant que Ntagerura \u00e9tait par ailleurs occup\u00e9 \u00e0 pr\u00e9parer des missions qu'il devait effectuer dans l'ex-Za\u00efre, en Tanzanie et en Afrique du Sud.\n<\/p>\n<p  >\nLe t\u00e9moin a d\u00e9clar\u00e9 que compte tenu des imp\u00e9ratifs de voyage de Ntagerura \u00e0 l'\u00e9tranger, un autre ministre, Daniel Mbangura, alors en charge de l'enseignement sup\u00e9rieur, avait \u00e9t\u00e9 d\u00e9sign\u00e9 \u00e0 sa place pour se rendre \u00e0 Cyangugu, dans le cadre des visites \"de pacification\"d\u00e9cid\u00e9es par le gouvernement.\n<\/p>\n<p  >\nLe procureur a contest\u00e9 les d\u00e9clarations du t\u00e9moin, au motif qu'il ne pouvait pas se rappeler des dates, qualifiant au passage sa m\u00e9moire de \"d\u00e9fectueuse\".\n<\/p>\n<p  >\n\"Le procureur ne peut pas insulter un t\u00e9moin en disant que sa m\u00e9moire est d\u00e9fectueuse, sans l'avoir \u00e9tabli par voie m\u00e9dicale\", a vivement protest\u00e9 l'avocat originaire du Congo d\u00e9mocratique, Me Rety Hamuli, co-conseil de Ntagerura.\n<\/p>\n<p  >\nLe juge pr\u00e9sident George George Lloyd Williams de Saint-Kitts et Nevis est intervenu pour calmer la situation: \"Il faut accepter ses r\u00e9ponses, qu'elles vous plaisent ou non\", a-t-il fait remarquer \u00e0 l'endroit du procureur. Le t\u00e9moin avait auparavant indiqu\u00e9 qu'il avait du mal \u00e0 se rappeler des dates de certains \u00e9v\u00e9nements entre mai et juin 1994, \u00e9tant donn\u00e9 la situation de guerre qui pr\u00e9valait \u00e0 ce moment-l\u00e0, a-t-il dit.\n<\/p>\n<p  >\n\"C'\u00e9tait une guerre de conqu\u00eate. Les Tutsis voulaient conqu\u00e9rir le pouvoir et conqu\u00e9rir le peuple hutu et le mettre \u00e0 son service\", selon Charles Nkurunziza.\n<\/p>\n<p  >\nAndr\u00e9 Ntagerura est co-accus\u00e9 avec l'ancien pr\u00e9fet de Cyangugu, Emmanuel Bagambiki, et l'ancien commandant du camp militaire de Karambo \u00e0 Cyangugu, le lieutenant Samuel Imanishimwe. Les trois plaident non coupables aux accusations de g\u00e9nocide retenues contre eux par le parquet.\n<\/p>\n<p  >\nCharles Nkurunziza est le vingt-septi\u00e8me t\u00e9moin de la d\u00e9fense de Ntagerura dans ce proc\u00e8s qui a commenc\u00e9 le 18 septembre 2000.\n<\/p>\n<p  >\nMercredi, le proc\u00e8s a \u00e9t\u00e9 suspendu jusqu'au 1er juillet. A la reprise, Ntagerura devrait appeler huit t\u00e9moins, dont la moiti\u00e9 seront des experts. l'accus\u00e9 t\u00e9moignera \u00e9galement pour sa propre d\u00e9fense.\n<\/p>\n<p  >\nLe proc\u00e8s du groupe Cyangugu se d\u00e9roule devant la troisi\u00e8me chambre de premi\u00e8re instance du TPIR, comprenant outre le juge Williams, les juges russe Yakov Ostrovsky, et slov\u00e8ne Pavel Dolenc.\n<\/p>\n<p  >\nLes coaccus\u00e9s de Ntagerura n'ont pas encore commenc\u00e9 \u00e0 citer leurs t\u00e9moins.Apr\u00e8s Ntagerura, ce sera le tour de Samuel Imanishimwe. Emmanuel Bagambiki cl\u00f4turera la s\u00e9rie.\n<\/p>\n<p  >\nGA\/AT\/GF\/FH (CY-0529A)<\/p>\n","protected":false},"excerpt":{"rendered":"<p>Arusha 29 mai 2002 (FH) - l'ancien ministre des transports et communications sous le gouvernement int\u00e9rimaire, Andr\u00e9 Ntagerura, n'\u00e9tait pas \u00e0 Cyangugu (sud-ouest du Rwanda) le 17 avril 1994 comme l'all\u00e8gue le parquet, a affirm\u00e9 un t\u00e9moin de la d\u00e9fense, mercredi devant le Tribunal p\u00e9nal international pour le Rwanda (TPIR). Ministre de la justice au [&hellip;]<\/p>\n","protected":false},"author":64,"featured_media":0,"comment_status":"open","ping_status":"closed","sticky":false,"template":"","format":"standard","meta":{"_acf_changed":false,"footnotes":""},"categories":[554],"tags":[],"ji_location":[],"class_list":["post-5777","post","type-post","status-publish","format-standard","hentry","category-hirondellenews"],"acf":[],"yoast_head":"<!-- This site is optimized with the Yoast SEO Premium plugin v25.3.1 (Yoast SEO v25.3.1) - https:\/\/yoast.com\/wordpress\/plugins\/seo\/ -->\n<title>29.05.2002 - TPIR\/CYANGUGU - NTAGERURA N&#039;ETAIT PAS A CYANGUGU LE 17 AVRIL 1994, SELON UN EX-MINISTRE - JusticeInfo.net<\/title>\n<meta name=\"robots\" content=\"index, follow, max-snippet:-1, max-image-preview:large, max-video-preview:-1\" \/>\n<link rel=\"canonical\" href=\"https:\/\/www.justiceinfo.net\/fr\/5777-29052002-tpircyangugu-ntagerura-netait-pas-a-cyangugu-le-17-avril-1994-selon-un-ex-ministre2567.html\" \/>\n<meta property=\"og:locale\" content=\"fr_FR\" \/>\n<meta property=\"og:type\" content=\"article\" \/>\n<meta property=\"og:title\" content=\"29.05.2002 - TPIR\/CYANGUGU - NTAGERURA N&#039;ETAIT PAS A CYANGUGU LE 17 AVRIL 1994, SELON UN EX-MINISTRE\" \/>\n<meta property=\"og:description\" content=\"Arusha 29 mai 2002 (FH) - l&#039;ancien ministre des transports et communications sous le gouvernement int\u00e9rimaire, Andr\u00e9 Ntagerura, n&#039;\u00e9tait pas \u00e0 Cyangugu (sud-ouest du Rwanda) le 17 avril 1994 comme l&#039;all\u00e8gue le parquet, a affirm\u00e9 un t\u00e9moin de la d\u00e9fense, mercredi devant le Tribunal p\u00e9nal international pour le Rwanda (TPIR). Ministre de la justice au [&hellip;]\" \/>\n<meta property=\"og:url\" content=\"https:\/\/www.justiceinfo.net\/fr\/5777-29052002-tpircyangugu-ntagerura-netait-pas-a-cyangugu-le-17-avril-1994-selon-un-ex-ministre2567.html\" \/>\n<meta property=\"og:site_name\" content=\"JusticeInfo.net\" \/>\n<meta property=\"article:publisher\" content=\"https:\/\/www.facebook.com\/JusticeInfo\/\" \/>\n<meta property=\"article:published_time\" content=\"2002-05-28T22:00:00+00:00\" \/>\n<meta property=\"og:image\" content=\"https:\/\/www.justiceinfo.net\/wp-content\/uploads\/JusticeInfoNet_logo_1200x630px.jpg\" \/>\n\t<meta property=\"og:image:width\" content=\"1200\" \/>\n\t<meta property=\"og:image:height\" content=\"630\" \/>\n\t<meta property=\"og:image:type\" content=\"image\/jpeg\" \/>\n<meta name=\"author\" content=\"solivri\" \/>\n<meta name=\"twitter:card\" content=\"summary_large_image\" \/>\n<meta name=\"twitter:creator\" content=\"@justiceinfonet\" \/>\n<meta name=\"twitter:site\" content=\"@justiceinfonet\" \/>\n<meta name=\"twitter:label1\" content=\"\u00c9crit par\" \/>\n\t<meta name=\"twitter:data1\" content=\"solivri\" \/>\n\t<meta name=\"twitter:label2\" content=\"Dur\u00e9e de lecture estim\u00e9e\" \/>\n\t<meta name=\"twitter:data2\" content=\"3 minutes\" \/>\n<script type=\"application\/ld+json\" class=\"yoast-schema-graph\">{\"@context\":\"https:\/\/schema.org\",\"@graph\":[{\"@type\":\"NewsArticle\",\"@id\":\"https:\/\/www.justiceinfo.net\/fr\/5777-29052002-tpircyangugu-ntagerura-netait-pas-a-cyangugu-le-17-avril-1994-selon-un-ex-ministre2567.html#article\",\"isPartOf\":{\"@id\":\"https:\/\/www.justiceinfo.net\/fr\/5777-29052002-tpircyangugu-ntagerura-netait-pas-a-cyangugu-le-17-avril-1994-selon-un-ex-ministre2567.html\"},\"author\":{\"name\":\"solivri\",\"@id\":\"https:\/\/www.justiceinfo.net\/fr#\/schema\/person\/6e53cba1629e2e66f3fc1821d3091865\"},\"headline\":\"29.05.2002 - TPIR\/CYANGUGU - NTAGERURA N'ETAIT PAS A CYANGUGU LE 17 AVRIL 1994, SELON UN EX-MINISTRE\",\"datePublished\":\"2002-05-28T22:00:00+00:00\",\"mainEntityOfPage\":{\"@id\":\"https:\/\/www.justiceinfo.net\/fr\/5777-29052002-tpircyangugu-ntagerura-netait-pas-a-cyangugu-le-17-avril-1994-selon-un-ex-ministre2567.html\"},\"wordCount\":598,\"commentCount\":0,\"publisher\":{\"@id\":\"https:\/\/www.justiceinfo.net\/fr#organization\"},\"articleSection\":[\"Hirondelle News\"],\"inLanguage\":\"fr-FR\",\"potentialAction\":[{\"@type\":\"CommentAction\",\"name\":\"Comment\",\"target\":[\"https:\/\/www.justiceinfo.net\/fr\/5777-29052002-tpircyangugu-ntagerura-netait-pas-a-cyangugu-le-17-avril-1994-selon-un-ex-ministre2567.html#respond\"]}]},{\"@type\":\"WebPage\",\"@id\":\"https:\/\/www.justiceinfo.net\/fr\/5777-29052002-tpircyangugu-ntagerura-netait-pas-a-cyangugu-le-17-avril-1994-selon-un-ex-ministre2567.html\",\"url\":\"https:\/\/www.justiceinfo.net\/fr\/5777-29052002-tpircyangugu-ntagerura-netait-pas-a-cyangugu-le-17-avril-1994-selon-un-ex-ministre2567.html\",\"name\":\"29.05.2002 - TPIR\/CYANGUGU - NTAGERURA N'ETAIT PAS A CYANGUGU LE 17 AVRIL 1994, SELON UN EX-MINISTRE - JusticeInfo.net\",\"isPartOf\":{\"@id\":\"https:\/\/www.justiceinfo.net\/fr#website\"},\"datePublished\":\"2002-05-28T22:00:00+00:00\",\"breadcrumb\":{\"@id\":\"https:\/\/www.justiceinfo.net\/fr\/5777-29052002-tpircyangugu-ntagerura-netait-pas-a-cyangugu-le-17-avril-1994-selon-un-ex-ministre2567.html#breadcrumb\"},\"inLanguage\":\"fr-FR\",\"potentialAction\":[{\"@type\":\"ReadAction\",\"target\":[\"https:\/\/www.justiceinfo.net\/fr\/5777-29052002-tpircyangugu-ntagerura-netait-pas-a-cyangugu-le-17-avril-1994-selon-un-ex-ministre2567.html\"]}]},{\"@type\":\"BreadcrumbList\",\"@id\":\"https:\/\/www.justiceinfo.net\/fr\/5777-29052002-tpircyangugu-ntagerura-netait-pas-a-cyangugu-le-17-avril-1994-selon-un-ex-ministre2567.html#breadcrumb\",\"itemListElement\":[{\"@type\":\"ListItem\",\"position\":1,\"name\":\"Home\",\"item\":\"https:\/\/www.justiceinfo.net\/fr\"},{\"@type\":\"ListItem\",\"position\":2,\"name\":\"29.05.2002 - TPIR\/CYANGUGU - NTAGERURA N'ETAIT PAS A CYANGUGU LE 17 AVRIL 1994, SELON UN EX-MINISTRE\"}]},{\"@type\":\"WebSite\",\"@id\":\"https:\/\/www.justiceinfo.net\/fr#website\",\"url\":\"https:\/\/www.justiceinfo.net\/fr\",\"name\":\"JusticeInfo.net\",\"description\":\"La justice doit \u00eatre vue pour \u00eatre rendue\",\"publisher\":{\"@id\":\"https:\/\/www.justiceinfo.net\/fr#organization\"},\"potentialAction\":[{\"@type\":\"SearchAction\",\"target\":{\"@type\":\"EntryPoint\",\"urlTemplate\":\"https:\/\/www.justiceinfo.net\/fr?s={search_term_string}\"},\"query-input\":{\"@type\":\"PropertyValueSpecification\",\"valueRequired\":true,\"valueName\":\"search_term_string\"}}],\"inLanguage\":\"fr-FR\"},{\"@type\":\"Organization\",\"@id\":\"https:\/\/www.justiceinfo.net\/fr#organization\",\"name\":\"Justice Info\",\"url\":\"https:\/\/www.justiceinfo.net\/fr\",\"logo\":{\"@type\":\"ImageObject\",\"inLanguage\":\"fr-FR\",\"@id\":\"https:\/\/www.justiceinfo.net\/fr#\/schema\/logo\/image\/\",\"url\":\"https:\/\/www.justiceinfo.net\/wp-content\/uploads\/justiceinfo_logo-trans_1200x1200px.png\",\"contentUrl\":\"https:\/\/www.justiceinfo.net\/wp-content\/uploads\/justiceinfo_logo-trans_1200x1200px.png\",\"width\":1199,\"height\":1200,\"caption\":\"Justice Info\"},\"image\":{\"@id\":\"https:\/\/www.justiceinfo.net\/fr#\/schema\/logo\/image\/\"},\"sameAs\":[\"https:\/\/www.facebook.com\/JusticeInfo\/\",\"https:\/\/x.com\/justiceinfonet\",\"https:\/\/www.linkedin.com\/company\/justice-info\",\"https:\/\/www.youtube.com\/channel\/UCyCEsARodyuWtkWyhn-e7pA\"]},{\"@type\":\"Person\",\"name\":\"solivri\",\"url\":\"\/fr\/?s=solivri\"}]}<\/script>\n<!-- \/ Yoast SEO Premium plugin. -->","yoast_head_json":{"title":"29.05.2002 - TPIR\/CYANGUGU - NTAGERURA N'ETAIT PAS A CYANGUGU LE 17 AVRIL 1994, SELON UN EX-MINISTRE - JusticeInfo.net","robots":{"index":"index","follow":"follow","max-snippet":"max-snippet:-1","max-image-preview":"max-image-preview:large","max-video-preview":"max-video-preview:-1"},"canonical":"https:\/\/www.justiceinfo.net\/fr\/5777-29052002-tpircyangugu-ntagerura-netait-pas-a-cyangugu-le-17-avril-1994-selon-un-ex-ministre2567.html","og_locale":"fr_FR","og_type":"article","og_title":"29.05.2002 - TPIR\/CYANGUGU - NTAGERURA N'ETAIT PAS A CYANGUGU LE 17 AVRIL 1994, SELON UN EX-MINISTRE","og_description":"Arusha 29 mai 2002 (FH) - l'ancien ministre des transports et communications sous le gouvernement int\u00e9rimaire, Andr\u00e9 Ntagerura, n'\u00e9tait pas \u00e0 Cyangugu (sud-ouest du Rwanda) le 17 avril 1994 comme l'all\u00e8gue le parquet, a affirm\u00e9 un t\u00e9moin de la d\u00e9fense, mercredi devant le Tribunal p\u00e9nal international pour le Rwanda (TPIR). Ministre de la justice au [&hellip;]","og_url":"https:\/\/www.justiceinfo.net\/fr\/5777-29052002-tpircyangugu-ntagerura-netait-pas-a-cyangugu-le-17-avril-1994-selon-un-ex-ministre2567.html","og_site_name":"JusticeInfo.net","article_publisher":"https:\/\/www.facebook.com\/JusticeInfo\/","article_published_time":"2002-05-28T22:00:00+00:00","og_image":[{"width":1200,"height":630,"url":"https:\/\/www.justiceinfo.net\/wp-content\/uploads\/JusticeInfoNet_logo_1200x630px.jpg","type":"image\/jpeg"}],"author":"solivri","twitter_card":"summary_large_image","twitter_creator":"@justiceinfonet","twitter_site":"@justiceinfonet","twitter_misc":{"\u00c9crit par":"solivri","Dur\u00e9e de lecture estim\u00e9e":"3 minutes"},"schema":{"@context":"https:\/\/schema.org","@graph":[{"@type":"NewsArticle","@id":"https:\/\/www.justiceinfo.net\/fr\/5777-29052002-tpircyangugu-ntagerura-netait-pas-a-cyangugu-le-17-avril-1994-selon-un-ex-ministre2567.html#article","isPartOf":{"@id":"https:\/\/www.justiceinfo.net\/fr\/5777-29052002-tpircyangugu-ntagerura-netait-pas-a-cyangugu-le-17-avril-1994-selon-un-ex-ministre2567.html"},"author":{"name":"solivri","@id":"https:\/\/www.justiceinfo.net\/fr#\/schema\/person\/6e53cba1629e2e66f3fc1821d3091865"},"headline":"29.05.2002 - TPIR\/CYANGUGU - NTAGERURA N'ETAIT PAS A CYANGUGU LE 17 AVRIL 1994, SELON UN EX-MINISTRE","datePublished":"2002-05-28T22:00:00+00:00","mainEntityOfPage":{"@id":"https:\/\/www.justiceinfo.net\/fr\/5777-29052002-tpircyangugu-ntagerura-netait-pas-a-cyangugu-le-17-avril-1994-selon-un-ex-ministre2567.html"},"wordCount":598,"commentCount":0,"publisher":{"@id":"https:\/\/www.justiceinfo.net\/fr#organization"},"articleSection":["Hirondelle News"],"inLanguage":"fr-FR","potentialAction":[{"@type":"CommentAction","name":"Comment","target":["https:\/\/www.justiceinfo.net\/fr\/5777-29052002-tpircyangugu-ntagerura-netait-pas-a-cyangugu-le-17-avril-1994-selon-un-ex-ministre2567.html#respond"]}]},{"@type":"WebPage","@id":"https:\/\/www.justiceinfo.net\/fr\/5777-29052002-tpircyangugu-ntagerura-netait-pas-a-cyangugu-le-17-avril-1994-selon-un-ex-ministre2567.html","url":"https:\/\/www.justiceinfo.net\/fr\/5777-29052002-tpircyangugu-ntagerura-netait-pas-a-cyangugu-le-17-avril-1994-selon-un-ex-ministre2567.html","name":"29.05.2002 - TPIR\/CYANGUGU - NTAGERURA N'ETAIT PAS A CYANGUGU LE 17 AVRIL 1994, SELON UN EX-MINISTRE - JusticeInfo.net","isPartOf":{"@id":"https:\/\/www.justiceinfo.net\/fr#website"},"datePublished":"2002-05-28T22:00:00+00:00","breadcrumb":{"@id":"https:\/\/www.justiceinfo.net\/fr\/5777-29052002-tpircyangugu-ntagerura-netait-pas-a-cyangugu-le-17-avril-1994-selon-un-ex-ministre2567.html#breadcrumb"},"inLanguage":"fr-FR","potentialAction":[{"@type":"ReadAction","target":["https:\/\/www.justiceinfo.net\/fr\/5777-29052002-tpircyangugu-ntagerura-netait-pas-a-cyangugu-le-17-avril-1994-selon-un-ex-ministre2567.html"]}]},{"@type":"BreadcrumbList","@id":"https:\/\/www.justiceinfo.net\/fr\/5777-29052002-tpircyangugu-ntagerura-netait-pas-a-cyangugu-le-17-avril-1994-selon-un-ex-ministre2567.html#breadcrumb","itemListElement":[{"@type":"ListItem","position":1,"name":"Home","item":"https:\/\/www.justiceinfo.net\/fr"},{"@type":"ListItem","position":2,"name":"29.05.2002 - TPIR\/CYANGUGU - NTAGERURA N'ETAIT PAS A CYANGUGU LE 17 AVRIL 1994, SELON UN EX-MINISTRE"}]},{"@type":"WebSite","@id":"https:\/\/www.justiceinfo.net\/fr#website","url":"https:\/\/www.justiceinfo.net\/fr","name":"JusticeInfo.net","description":"La justice doit \u00eatre vue pour \u00eatre rendue","publisher":{"@id":"https:\/\/www.justiceinfo.net\/fr#organization"},"potentialAction":[{"@type":"SearchAction","target":{"@type":"EntryPoint","urlTemplate":"https:\/\/www.justiceinfo.net\/fr?s={search_term_string}"},"query-input":{"@type":"PropertyValueSpecification","valueRequired":true,"valueName":"search_term_string"}}],"inLanguage":"fr-FR"},{"@type":"Organization","@id":"https:\/\/www.justiceinfo.net\/fr#organization","name":"Justice Info","url":"https:\/\/www.justiceinfo.net\/fr","logo":{"@type":"ImageObject","inLanguage":"fr-FR","@id":"https:\/\/www.justiceinfo.net\/fr#\/schema\/logo\/image\/","url":"https:\/\/www.justiceinfo.net\/wp-content\/uploads\/justiceinfo_logo-trans_1200x1200px.png","contentUrl":"https:\/\/www.justiceinfo.net\/wp-content\/uploads\/justiceinfo_logo-trans_1200x1200px.png","width":1199,"height":1200,"caption":"Justice Info"},"image":{"@id":"https:\/\/www.justiceinfo.net\/fr#\/schema\/logo\/image\/"},"sameAs":["https:\/\/www.facebook.com\/JusticeInfo\/","https:\/\/x.com\/justiceinfonet","https:\/\/www.linkedin.com\/company\/justice-info","https:\/\/www.youtube.com\/channel\/UCyCEsARodyuWtkWyhn-e7pA"]},{"@type":"Person","name":"solivri","url":"\/fr\/?s=solivri"}]}},"_links":{"self":[{"href":"https:\/\/www.justiceinfo.net\/fr\/wp-json\/wp\/v2\/posts\/5777","targetHints":{"allow":["GET"]}}],"collection":[{"href":"https:\/\/www.justiceinfo.net\/fr\/wp-json\/wp\/v2\/posts"}],"about":[{"href":"https:\/\/www.justiceinfo.net\/fr\/wp-json\/wp\/v2\/types\/post"}],"author":[{"embeddable":true,"href":"https:\/\/www.justiceinfo.net\/fr\/wp-json\/wp\/v2\/users\/64"}],"replies":[{"embeddable":true,"href":"https:\/\/www.justiceinfo.net\/fr\/wp-json\/wp\/v2\/comments?post=5777"}],"version-history":[{"count":0,"href":"https:\/\/www.justiceinfo.net\/fr\/wp-json\/wp\/v2\/posts\/5777\/revisions"}],"wp:attachment":[{"href":"https:\/\/www.justiceinfo.net\/fr\/wp-json\/wp\/v2\/media?parent=5777"}],"wp:term":[{"taxonomy":"category","embeddable":true,"href":"https:\/\/www.justiceinfo.net\/fr\/wp-json\/wp\/v2\/categories?post=5777"},{"taxonomy":"post_tag","embeddable":true,"href":"https:\/\/www.justiceinfo.net\/fr\/wp-json\/wp\/v2\/tags?post=5777"},{"taxonomy":"ji_location","embeddable":true,"href":"https:\/\/www.justiceinfo.net\/fr\/wp-json\/wp\/v2\/ji_location?post=5777"}],"curies":[{"name":"wp","href":"https:\/\/api.w.org\/{rel}","templated":true}]}}