{"id":5785,"date":"2002-05-28T00:00:00","date_gmt":"2002-05-27T22:00:00","guid":{"rendered":"https:\/\/www.justiceinfo.net\/5785-28052002-tpirmedias-ngeze-nest-pas-coupable-dentente-en-vue-du-genocide-selon-sa-defense2575.html"},"modified":"2002-05-28T00:00:00","modified_gmt":"2002-05-27T22:00:00","slug":"28052002-tpirmedias-ngeze-nest-pas-coupable-dentente-en-vue-du-genocide-selon-sa-defense2575","status":"publish","type":"post","link":"https:\/\/www.justiceinfo.net\/fr\/5785-28052002-tpirmedias-ngeze-nest-pas-coupable-dentente-en-vue-du-genocide-selon-sa-defense2575.html","title":{"rendered":"28.05.2002 - TPIR\/MEDIAS - NGEZE N'EST PAS COUPABLE D'ENTENTE EN VUE DU GENOCIDE, SELON SA DEFENSE"},"content":{"rendered":"<p  >\nArusha 28 mai 2002 (FH) - l'ancien directeur et r\u00e9dacteur en chef de la revue Kangura, Hassan Ngeze, n'est pas coupable D'entente en vue de commettre le g\u00e9nocide anti-tutsi et les massacres D'opposants perp\u00e9tr\u00e9s en 1994, a plaid\u00e9 son avocat, mardi dans le proc\u00e8s des anciens responsables des \"m\u00e9dias de la haine\", en cours devant le Tribunal p\u00e9nal international pour le Rwanda(TPIR).\n<\/p>\n<p  >\nl'avocat am\u00e9ricain Me John Floyd contre-interrogeait pour la deuxi\u00e8me journ\u00e9e cons\u00e9cutive l'historienne am\u00e9ricaine et activiste des droits de l'homme, Alison Des Forges, cit\u00e9e par le parquet comme t\u00e9moin expert.\n<\/p>\n<p><!--more--><\/p>\n<p  >\nl'accusation all\u00e8gue que Hassan Ngeze s'est entendu avec D'autres, dont ses deux coaccus\u00e9s, pour pr\u00e9parer et ex\u00e9cuter les massacres dans lesquels un million de personnes ont trouv\u00e9 la mort, selon un r\u00e9cent bilan du gouvernement rwandais.\n<\/p>\n<p  >\nHassan Ngeze est coaccus\u00e9 avec l'ancien conseiller politique au minist\u00e8re des affaires \u00e9trang\u00e8res et membre du comit\u00e9 D'initiative de la Radio-t\u00e9l\u00e9vision libre des Mille collines (RTLM), Jean-Bosco Barayagwiza, ainsi que l'ancien promoteur de la RTLM, Ferdinand Nahimana. Tous plaident non coupables.\n<\/p>\n<p  >\nMe Floyd a affirm\u00e9 que Hassan Ngeze ne collaborait avec personne dans l'entourage du pouvoir mais que par contre, il avait \u00e9t\u00e9 tortur\u00e9 et plusieurs fois mis en prison sous le r\u00e9gime de l'ancien pr\u00e9sident Juv\u00e9nal Habyarimana. \"Il n'\u00e9tait pas dans l'entourage de Habyarimana. C'\u00e9tait quelqu'un qui essayait seulement de vendre son journal, c'\u00e9tait quelqu'un qui essayait de satisfaire ses lecteurs et qui n'a rien \u00e0 voir avec l'entente dont vous parlez\", a sugg\u00e9r\u00e9 Me Floyd. l'avocat am\u00e9ricain a ajout\u00e9 que si la chambre le souhaite, \"on peut lui montrer les cicatrices de tortures\" que porte Hassan Ngeze, suite \u00e0 ses d\u00e9m\u00eal\u00e9s avec le pouvoir.\n<\/p>\n<p  >\nAlison Des Forges a r\u00e9pondu : \"C'est probable que M.Ngeze ait souffert, ait \u00e9t\u00e9 pass\u00e9 \u00e0 tabac, ait \u00e9t\u00e9 envoy\u00e9 en prison, subi toutes sortes de tortures par le pouvoir. Mais cela ne signifie pas qu'il n'ait pas, en D'autres p\u00e9riodes, b\u00e9n\u00e9fici\u00e9 de contacts favorables\".\n<\/p>\n<p  >\nLe proc\u00e8s des m\u00e9dias se d\u00e9roule devant la premi\u00e8re chambre de premi\u00e8re instance du TPIR pr\u00e9sid\u00e9e par la juge sud-africaine Navanethem Pillay et compos\u00e9e en outre des juges, norv\u00e9gien Erik Mose et sri-lankais Asoka de Zoysa Gunawardana. La d\u00e9position D'Alison Des Forges se poursuivait mardi apr\u00e8s-midi.\n<\/p>\n<p  >\nAT\/GF\/FH(ME-0528A)<\/p>\n","protected":false},"excerpt":{"rendered":"<p>Arusha 28 mai 2002 (FH) - l'ancien directeur et r\u00e9dacteur en chef de la revue Kangura, Hassan Ngeze, n'est pas coupable D'entente en vue de commettre le g\u00e9nocide anti-tutsi et les massacres D'opposants perp\u00e9tr\u00e9s en 1994, a plaid\u00e9 son avocat, mardi dans le proc\u00e8s des anciens responsables des \"m\u00e9dias de la haine\", en cours devant [&hellip;]<\/p>\n","protected":false},"author":64,"featured_media":0,"comment_status":"open","ping_status":"closed","sticky":false,"template":"","format":"standard","meta":{"_acf_changed":false,"footnotes":""},"categories":[554],"tags":[],"ji_location":[],"class_list":["post-5785","post","type-post","status-publish","format-standard","hentry","category-hirondellenews"],"acf":[],"yoast_head":"<!-- This site is optimized with the Yoast SEO Premium plugin v25.3.1 (Yoast SEO v25.3.1) - https:\/\/yoast.com\/wordpress\/plugins\/seo\/ -->\n<title>28.05.2002 - TPIR\/MEDIAS - NGEZE N&#039;EST PAS COUPABLE D&#039;ENTENTE EN VUE DU GENOCIDE, SELON SA DEFENSE - JusticeInfo.net<\/title>\n<meta name=\"robots\" content=\"index, follow, max-snippet:-1, max-image-preview:large, max-video-preview:-1\" \/>\n<link rel=\"canonical\" href=\"https:\/\/www.justiceinfo.net\/fr\/5785-28052002-tpirmedias-ngeze-nest-pas-coupable-dentente-en-vue-du-genocide-selon-sa-defense2575.html\" \/>\n<meta property=\"og:locale\" content=\"fr_FR\" \/>\n<meta property=\"og:type\" content=\"article\" \/>\n<meta property=\"og:title\" content=\"28.05.2002 - TPIR\/MEDIAS - NGEZE N&#039;EST PAS COUPABLE D&#039;ENTENTE EN VUE DU GENOCIDE, SELON SA DEFENSE\" \/>\n<meta property=\"og:description\" content=\"Arusha 28 mai 2002 (FH) - l&#039;ancien directeur et r\u00e9dacteur en chef de la revue Kangura, Hassan Ngeze, n&#039;est pas coupable D&#039;entente en vue de commettre le g\u00e9nocide anti-tutsi et les massacres D&#039;opposants perp\u00e9tr\u00e9s en 1994, a plaid\u00e9 son avocat, mardi dans le proc\u00e8s des anciens responsables des &quot;m\u00e9dias de la haine&quot;, en cours devant [&hellip;]\" \/>\n<meta property=\"og:url\" content=\"https:\/\/www.justiceinfo.net\/fr\/5785-28052002-tpirmedias-ngeze-nest-pas-coupable-dentente-en-vue-du-genocide-selon-sa-defense2575.html\" \/>\n<meta property=\"og:site_name\" content=\"JusticeInfo.net\" \/>\n<meta property=\"article:publisher\" content=\"https:\/\/www.facebook.com\/JusticeInfo\/\" \/>\n<meta property=\"article:published_time\" content=\"2002-05-27T22:00:00+00:00\" \/>\n<meta property=\"og:image\" content=\"https:\/\/www.justiceinfo.net\/wp-content\/uploads\/JusticeInfoNet_logo_1200x630px.jpg\" \/>\n\t<meta property=\"og:image:width\" content=\"1200\" \/>\n\t<meta property=\"og:image:height\" content=\"630\" \/>\n\t<meta property=\"og:image:type\" content=\"image\/jpeg\" \/>\n<meta name=\"author\" content=\"solivri\" \/>\n<meta name=\"twitter:card\" content=\"summary_large_image\" \/>\n<meta name=\"twitter:creator\" content=\"@justiceinfonet\" \/>\n<meta name=\"twitter:site\" content=\"@justiceinfonet\" \/>\n<meta name=\"twitter:label1\" content=\"\u00c9crit par\" \/>\n\t<meta name=\"twitter:data1\" content=\"solivri\" \/>\n\t<meta name=\"twitter:label2\" content=\"Dur\u00e9e de lecture estim\u00e9e\" \/>\n\t<meta name=\"twitter:data2\" content=\"2 minutes\" \/>\n<script type=\"application\/ld+json\" class=\"yoast-schema-graph\">{\"@context\":\"https:\/\/schema.org\",\"@graph\":[{\"@type\":\"NewsArticle\",\"@id\":\"https:\/\/www.justiceinfo.net\/fr\/5785-28052002-tpirmedias-ngeze-nest-pas-coupable-dentente-en-vue-du-genocide-selon-sa-defense2575.html#article\",\"isPartOf\":{\"@id\":\"https:\/\/www.justiceinfo.net\/fr\/5785-28052002-tpirmedias-ngeze-nest-pas-coupable-dentente-en-vue-du-genocide-selon-sa-defense2575.html\"},\"author\":{\"name\":\"solivri\",\"@id\":\"https:\/\/www.justiceinfo.net\/fr#\/schema\/person\/6e53cba1629e2e66f3fc1821d3091865\"},\"headline\":\"28.05.2002 - TPIR\/MEDIAS - NGEZE N'EST PAS COUPABLE D'ENTENTE EN VUE DU GENOCIDE, SELON SA DEFENSE\",\"datePublished\":\"2002-05-27T22:00:00+00:00\",\"mainEntityOfPage\":{\"@id\":\"https:\/\/www.justiceinfo.net\/fr\/5785-28052002-tpirmedias-ngeze-nest-pas-coupable-dentente-en-vue-du-genocide-selon-sa-defense2575.html\"},\"wordCount\":457,\"commentCount\":0,\"publisher\":{\"@id\":\"https:\/\/www.justiceinfo.net\/fr#organization\"},\"articleSection\":[\"Hirondelle News\"],\"inLanguage\":\"fr-FR\",\"potentialAction\":[{\"@type\":\"CommentAction\",\"name\":\"Comment\",\"target\":[\"https:\/\/www.justiceinfo.net\/fr\/5785-28052002-tpirmedias-ngeze-nest-pas-coupable-dentente-en-vue-du-genocide-selon-sa-defense2575.html#respond\"]}]},{\"@type\":\"WebPage\",\"@id\":\"https:\/\/www.justiceinfo.net\/fr\/5785-28052002-tpirmedias-ngeze-nest-pas-coupable-dentente-en-vue-du-genocide-selon-sa-defense2575.html\",\"url\":\"https:\/\/www.justiceinfo.net\/fr\/5785-28052002-tpirmedias-ngeze-nest-pas-coupable-dentente-en-vue-du-genocide-selon-sa-defense2575.html\",\"name\":\"28.05.2002 - TPIR\/MEDIAS - NGEZE N'EST PAS COUPABLE D'ENTENTE EN VUE DU GENOCIDE, SELON SA DEFENSE - JusticeInfo.net\",\"isPartOf\":{\"@id\":\"https:\/\/www.justiceinfo.net\/fr#website\"},\"datePublished\":\"2002-05-27T22:00:00+00:00\",\"breadcrumb\":{\"@id\":\"https:\/\/www.justiceinfo.net\/fr\/5785-28052002-tpirmedias-ngeze-nest-pas-coupable-dentente-en-vue-du-genocide-selon-sa-defense2575.html#breadcrumb\"},\"inLanguage\":\"fr-FR\",\"potentialAction\":[{\"@type\":\"ReadAction\",\"target\":[\"https:\/\/www.justiceinfo.net\/fr\/5785-28052002-tpirmedias-ngeze-nest-pas-coupable-dentente-en-vue-du-genocide-selon-sa-defense2575.html\"]}]},{\"@type\":\"BreadcrumbList\",\"@id\":\"https:\/\/www.justiceinfo.net\/fr\/5785-28052002-tpirmedias-ngeze-nest-pas-coupable-dentente-en-vue-du-genocide-selon-sa-defense2575.html#breadcrumb\",\"itemListElement\":[{\"@type\":\"ListItem\",\"position\":1,\"name\":\"Home\",\"item\":\"https:\/\/www.justiceinfo.net\/fr\"},{\"@type\":\"ListItem\",\"position\":2,\"name\":\"28.05.2002 - TPIR\/MEDIAS - NGEZE N'EST PAS COUPABLE D'ENTENTE EN VUE DU GENOCIDE, SELON SA DEFENSE\"}]},{\"@type\":\"WebSite\",\"@id\":\"https:\/\/www.justiceinfo.net\/fr#website\",\"url\":\"https:\/\/www.justiceinfo.net\/fr\",\"name\":\"JusticeInfo.net\",\"description\":\"La justice doit \u00eatre vue pour \u00eatre rendue\",\"publisher\":{\"@id\":\"https:\/\/www.justiceinfo.net\/fr#organization\"},\"potentialAction\":[{\"@type\":\"SearchAction\",\"target\":{\"@type\":\"EntryPoint\",\"urlTemplate\":\"https:\/\/www.justiceinfo.net\/fr?s={search_term_string}\"},\"query-input\":{\"@type\":\"PropertyValueSpecification\",\"valueRequired\":true,\"valueName\":\"search_term_string\"}}],\"inLanguage\":\"fr-FR\"},{\"@type\":\"Organization\",\"@id\":\"https:\/\/www.justiceinfo.net\/fr#organization\",\"name\":\"Justice Info\",\"url\":\"https:\/\/www.justiceinfo.net\/fr\",\"logo\":{\"@type\":\"ImageObject\",\"inLanguage\":\"fr-FR\",\"@id\":\"https:\/\/www.justiceinfo.net\/fr#\/schema\/logo\/image\/\",\"url\":\"https:\/\/www.justiceinfo.net\/wp-content\/uploads\/justiceinfo_logo-trans_1200x1200px.png\",\"contentUrl\":\"https:\/\/www.justiceinfo.net\/wp-content\/uploads\/justiceinfo_logo-trans_1200x1200px.png\",\"width\":1199,\"height\":1200,\"caption\":\"Justice Info\"},\"image\":{\"@id\":\"https:\/\/www.justiceinfo.net\/fr#\/schema\/logo\/image\/\"},\"sameAs\":[\"https:\/\/www.facebook.com\/JusticeInfo\/\",\"https:\/\/x.com\/justiceinfonet\",\"https:\/\/www.linkedin.com\/company\/justice-info\",\"https:\/\/www.youtube.com\/channel\/UCyCEsARodyuWtkWyhn-e7pA\"]},{\"@type\":\"Person\",\"name\":\"solivri\",\"url\":\"\/fr\/?s=solivri\"}]}<\/script>\n<!-- \/ Yoast SEO Premium plugin. -->","yoast_head_json":{"title":"28.05.2002 - TPIR\/MEDIAS - NGEZE N'EST PAS COUPABLE D'ENTENTE EN VUE DU GENOCIDE, SELON SA DEFENSE - JusticeInfo.net","robots":{"index":"index","follow":"follow","max-snippet":"max-snippet:-1","max-image-preview":"max-image-preview:large","max-video-preview":"max-video-preview:-1"},"canonical":"https:\/\/www.justiceinfo.net\/fr\/5785-28052002-tpirmedias-ngeze-nest-pas-coupable-dentente-en-vue-du-genocide-selon-sa-defense2575.html","og_locale":"fr_FR","og_type":"article","og_title":"28.05.2002 - TPIR\/MEDIAS - NGEZE N'EST PAS COUPABLE D'ENTENTE EN VUE DU GENOCIDE, SELON SA DEFENSE","og_description":"Arusha 28 mai 2002 (FH) - l'ancien directeur et r\u00e9dacteur en chef de la revue Kangura, Hassan Ngeze, n'est pas coupable D'entente en vue de commettre le g\u00e9nocide anti-tutsi et les massacres D'opposants perp\u00e9tr\u00e9s en 1994, a plaid\u00e9 son avocat, mardi dans le proc\u00e8s des anciens responsables des \"m\u00e9dias de la haine\", en cours devant [&hellip;]","og_url":"https:\/\/www.justiceinfo.net\/fr\/5785-28052002-tpirmedias-ngeze-nest-pas-coupable-dentente-en-vue-du-genocide-selon-sa-defense2575.html","og_site_name":"JusticeInfo.net","article_publisher":"https:\/\/www.facebook.com\/JusticeInfo\/","article_published_time":"2002-05-27T22:00:00+00:00","og_image":[{"width":1200,"height":630,"url":"https:\/\/www.justiceinfo.net\/wp-content\/uploads\/JusticeInfoNet_logo_1200x630px.jpg","type":"image\/jpeg"}],"author":"solivri","twitter_card":"summary_large_image","twitter_creator":"@justiceinfonet","twitter_site":"@justiceinfonet","twitter_misc":{"\u00c9crit par":"solivri","Dur\u00e9e de lecture estim\u00e9e":"2 minutes"},"schema":{"@context":"https:\/\/schema.org","@graph":[{"@type":"NewsArticle","@id":"https:\/\/www.justiceinfo.net\/fr\/5785-28052002-tpirmedias-ngeze-nest-pas-coupable-dentente-en-vue-du-genocide-selon-sa-defense2575.html#article","isPartOf":{"@id":"https:\/\/www.justiceinfo.net\/fr\/5785-28052002-tpirmedias-ngeze-nest-pas-coupable-dentente-en-vue-du-genocide-selon-sa-defense2575.html"},"author":{"name":"solivri","@id":"https:\/\/www.justiceinfo.net\/fr#\/schema\/person\/6e53cba1629e2e66f3fc1821d3091865"},"headline":"28.05.2002 - TPIR\/MEDIAS - NGEZE N'EST PAS COUPABLE D'ENTENTE EN VUE DU GENOCIDE, SELON SA DEFENSE","datePublished":"2002-05-27T22:00:00+00:00","mainEntityOfPage":{"@id":"https:\/\/www.justiceinfo.net\/fr\/5785-28052002-tpirmedias-ngeze-nest-pas-coupable-dentente-en-vue-du-genocide-selon-sa-defense2575.html"},"wordCount":457,"commentCount":0,"publisher":{"@id":"https:\/\/www.justiceinfo.net\/fr#organization"},"articleSection":["Hirondelle News"],"inLanguage":"fr-FR","potentialAction":[{"@type":"CommentAction","name":"Comment","target":["https:\/\/www.justiceinfo.net\/fr\/5785-28052002-tpirmedias-ngeze-nest-pas-coupable-dentente-en-vue-du-genocide-selon-sa-defense2575.html#respond"]}]},{"@type":"WebPage","@id":"https:\/\/www.justiceinfo.net\/fr\/5785-28052002-tpirmedias-ngeze-nest-pas-coupable-dentente-en-vue-du-genocide-selon-sa-defense2575.html","url":"https:\/\/www.justiceinfo.net\/fr\/5785-28052002-tpirmedias-ngeze-nest-pas-coupable-dentente-en-vue-du-genocide-selon-sa-defense2575.html","name":"28.05.2002 - TPIR\/MEDIAS - NGEZE N'EST PAS COUPABLE D'ENTENTE EN VUE DU GENOCIDE, SELON SA DEFENSE - JusticeInfo.net","isPartOf":{"@id":"https:\/\/www.justiceinfo.net\/fr#website"},"datePublished":"2002-05-27T22:00:00+00:00","breadcrumb":{"@id":"https:\/\/www.justiceinfo.net\/fr\/5785-28052002-tpirmedias-ngeze-nest-pas-coupable-dentente-en-vue-du-genocide-selon-sa-defense2575.html#breadcrumb"},"inLanguage":"fr-FR","potentialAction":[{"@type":"ReadAction","target":["https:\/\/www.justiceinfo.net\/fr\/5785-28052002-tpirmedias-ngeze-nest-pas-coupable-dentente-en-vue-du-genocide-selon-sa-defense2575.html"]}]},{"@type":"BreadcrumbList","@id":"https:\/\/www.justiceinfo.net\/fr\/5785-28052002-tpirmedias-ngeze-nest-pas-coupable-dentente-en-vue-du-genocide-selon-sa-defense2575.html#breadcrumb","itemListElement":[{"@type":"ListItem","position":1,"name":"Home","item":"https:\/\/www.justiceinfo.net\/fr"},{"@type":"ListItem","position":2,"name":"28.05.2002 - TPIR\/MEDIAS - NGEZE N'EST PAS COUPABLE D'ENTENTE EN VUE DU GENOCIDE, SELON SA DEFENSE"}]},{"@type":"WebSite","@id":"https:\/\/www.justiceinfo.net\/fr#website","url":"https:\/\/www.justiceinfo.net\/fr","name":"JusticeInfo.net","description":"La justice doit \u00eatre vue pour \u00eatre rendue","publisher":{"@id":"https:\/\/www.justiceinfo.net\/fr#organization"},"potentialAction":[{"@type":"SearchAction","target":{"@type":"EntryPoint","urlTemplate":"https:\/\/www.justiceinfo.net\/fr?s={search_term_string}"},"query-input":{"@type":"PropertyValueSpecification","valueRequired":true,"valueName":"search_term_string"}}],"inLanguage":"fr-FR"},{"@type":"Organization","@id":"https:\/\/www.justiceinfo.net\/fr#organization","name":"Justice Info","url":"https:\/\/www.justiceinfo.net\/fr","logo":{"@type":"ImageObject","inLanguage":"fr-FR","@id":"https:\/\/www.justiceinfo.net\/fr#\/schema\/logo\/image\/","url":"https:\/\/www.justiceinfo.net\/wp-content\/uploads\/justiceinfo_logo-trans_1200x1200px.png","contentUrl":"https:\/\/www.justiceinfo.net\/wp-content\/uploads\/justiceinfo_logo-trans_1200x1200px.png","width":1199,"height":1200,"caption":"Justice Info"},"image":{"@id":"https:\/\/www.justiceinfo.net\/fr#\/schema\/logo\/image\/"},"sameAs":["https:\/\/www.facebook.com\/JusticeInfo\/","https:\/\/x.com\/justiceinfonet","https:\/\/www.linkedin.com\/company\/justice-info","https:\/\/www.youtube.com\/channel\/UCyCEsARodyuWtkWyhn-e7pA"]},{"@type":"Person","name":"solivri","url":"\/fr\/?s=solivri"}]}},"_links":{"self":[{"href":"https:\/\/www.justiceinfo.net\/fr\/wp-json\/wp\/v2\/posts\/5785","targetHints":{"allow":["GET"]}}],"collection":[{"href":"https:\/\/www.justiceinfo.net\/fr\/wp-json\/wp\/v2\/posts"}],"about":[{"href":"https:\/\/www.justiceinfo.net\/fr\/wp-json\/wp\/v2\/types\/post"}],"author":[{"embeddable":true,"href":"https:\/\/www.justiceinfo.net\/fr\/wp-json\/wp\/v2\/users\/64"}],"replies":[{"embeddable":true,"href":"https:\/\/www.justiceinfo.net\/fr\/wp-json\/wp\/v2\/comments?post=5785"}],"version-history":[{"count":0,"href":"https:\/\/www.justiceinfo.net\/fr\/wp-json\/wp\/v2\/posts\/5785\/revisions"}],"wp:attachment":[{"href":"https:\/\/www.justiceinfo.net\/fr\/wp-json\/wp\/v2\/media?parent=5785"}],"wp:term":[{"taxonomy":"category","embeddable":true,"href":"https:\/\/www.justiceinfo.net\/fr\/wp-json\/wp\/v2\/categories?post=5785"},{"taxonomy":"post_tag","embeddable":true,"href":"https:\/\/www.justiceinfo.net\/fr\/wp-json\/wp\/v2\/tags?post=5785"},{"taxonomy":"ji_location","embeddable":true,"href":"https:\/\/www.justiceinfo.net\/fr\/wp-json\/wp\/v2\/ji_location?post=5785"}],"curies":[{"name":"wp","href":"https:\/\/api.w.org\/{rel}","templated":true}]}}