{"id":5879,"date":"2002-04-17T00:00:00","date_gmt":"2002-04-16T22:00:00","guid":{"rendered":"https:\/\/www.justiceinfo.net\/5879-17042002-tpirntakirutimana-le-dr-ntakirutimana-na-jamais-discrimine-les-malades-selon-un-te2669.html"},"modified":"2002-04-17T00:00:00","modified_gmt":"2002-04-16T22:00:00","slug":"17042002-tpirntakirutimana-le-dr-ntakirutimana-na-jamais-discrimine-les-malades-selon-un-te2669","status":"publish","type":"post","link":"https:\/\/www.justiceinfo.net\/fr\/5879-17042002-tpirntakirutimana-le-dr-ntakirutimana-na-jamais-discrimine-les-malades-selon-un-te2669.html","title":{"rendered":"17.04.2002 - TPIR\/NTAKIRUTIMANA - LE DR NTAKIRUTIMANA N'A JAMAIS DISCRIMINE LES MALADES, SELON UN TE"},"content":{"rendered":"<p  >\nArusha 16 avril 2002 (FH) - Le Dr G\u00e9rard Ntakirutimana n'a jamais discrimin\u00e9 les malades selon leur ethnie, a affirm\u00e9 un t\u00e9moin de la d\u00e9fense mardi devant le Tribunal p\u00e9nal international pour le Rwanda (TPIR).\n<\/p>\n<p  >\nG\u00e9rard Ntakirutimana est coaccus\u00e9 avec son p\u00e8re, le pasteur Elisaphan Ntakirutimana, de g\u00e9nocide et de crimes contre l'humanit\u00e9.\n<\/p>\n<p><!--more--><\/p>\n<p  >\nIls plaident non coupables.\n<\/p>\n<p  >\nD\u00e9sign\u00e9 par le chiffre \"n\u00b0 32\" pour prot\u00e9ger son anonymat, le quatorzi\u00e8me t\u00e9moin de la d\u00e9fense travaillait \u00e0 l'h\u00f4pital de Mugonero (province Kibuye, ouest du Rwanda) avec le Dr Ntakirutimana.\n<\/p>\n<p  >\nUn t\u00e9moin de l'accusation entendu le 28 septembre 2001 avait all\u00e9gu\u00e9 qu'apr\u00e8s la mort de l'ex-pr\u00e9sident Juv\u00e9nal Habyarimana, le 6 avril 1994, \"lorsque les bless\u00e9s ont commenc\u00e9 \u00e0 affluer en provenance des communes o\u00f9 il y avait des violences, il [le Dr Ntakirutimana] a arr\u00eat\u00e9 les travaux et a ferm\u00e9 la chirurgie en d\u00e9clarant qu'il n'avait plus D'outils n\u00e9cessaires pour soigner les Tutsis\".\n<\/p>\n<p  >\nLe t\u00e9moin en question est une femme tutsie qui \u00e9tait infirmi\u00e8re \u00e0 l'h\u00f4pital de Mugonero en 1994.Selon elle, seuls les infirmiers ont continu\u00e9 \u00e0 s'occuper des malades, apr\u00e8s que le Dr Ntakirutimana ait cess\u00e9 le travail.\n<\/p>\n<p  >\nMardi, le quatorzi\u00e8me t\u00e9moin de la d\u00e9fense a d\u00e9clar\u00e9 que \"que ce soit avant la mort de Habyarimana ou apr\u00e8s, nous n'avons jamais soign\u00e9 les malades selon leur groupe ethnique\".\n<\/p>\n<p  >\nLe t\u00e9moin a expliqu\u00e9 que \"le Dr G\u00e9rard ne s'est jamais occup\u00e9 des malades de cette fa\u00e7on-l\u00e0. Il soignait les malades de la m\u00eame mani\u00e8re\". La d\u00e9position de ce t\u00e9moin vient corroborrer celle du cinqui\u00e8me t\u00e9moin \u00e0 d\u00e9charge qui, le 12 f\u00e9vrier dernier, avait d\u00e9clar\u00e9 que, \"personne ne s'est plaint de la n\u00e9gligence du docteur vis-\u00e0-vis des malades. Et je n'ai jamais vu une telle situation\".\n<\/p>\n<p  >\nLe proc\u00e8s des Ntakirutimana se d\u00e9roule devant la premi\u00e8re chambre de premi\u00e8re instance du TPIR pr\u00e9sid\u00e9e par le juge norv\u00e9gien Erik Mose, et comprenant en outre les juges, s\u00e9n\u00e9galaise Andr\u00e9sie Vaz et sud-africaine, Navanethem Pillay.\n<\/p>\n<p  >\nLe Dr Ntakirutimana est d\u00e9fendu par l'avocat canadien, Me David Jacobs, et le pasteur Ntakirutimana par l'avocat am\u00e9ricain, Me Ramsey Clark. La d\u00e9fense entend citer une trentaine de t\u00e9moins.\n<\/p>\n<p  >\nAT\/GF\/FH (NT-0416A )<\/p>\n","protected":false},"excerpt":{"rendered":"<p>Arusha 16 avril 2002 (FH) - Le Dr G\u00e9rard Ntakirutimana n'a jamais discrimin\u00e9 les malades selon leur ethnie, a affirm\u00e9 un t\u00e9moin de la d\u00e9fense mardi devant le Tribunal p\u00e9nal international pour le Rwanda (TPIR). G\u00e9rard Ntakirutimana est coaccus\u00e9 avec son p\u00e8re, le pasteur Elisaphan Ntakirutimana, de g\u00e9nocide et de crimes contre l'humanit\u00e9.<\/p>\n","protected":false},"author":64,"featured_media":0,"comment_status":"open","ping_status":"closed","sticky":false,"template":"","format":"standard","meta":{"_acf_changed":false,"footnotes":""},"categories":[554],"tags":[],"ji_location":[],"class_list":["post-5879","post","type-post","status-publish","format-standard","hentry","category-hirondellenews"],"acf":[],"yoast_head":"<!-- This site is optimized with the Yoast SEO Premium plugin v25.3.1 (Yoast SEO v25.3.1) - https:\/\/yoast.com\/wordpress\/plugins\/seo\/ -->\n<title>17.04.2002 - TPIR\/NTAKIRUTIMANA - LE DR NTAKIRUTIMANA N&#039;A JAMAIS DISCRIMINE LES MALADES, SELON UN TE - JusticeInfo.net<\/title>\n<meta name=\"robots\" content=\"index, follow, max-snippet:-1, max-image-preview:large, max-video-preview:-1\" \/>\n<link rel=\"canonical\" href=\"https:\/\/www.justiceinfo.net\/fr\/5879-17042002-tpirntakirutimana-le-dr-ntakirutimana-na-jamais-discrimine-les-malades-selon-un-te2669.html\" \/>\n<meta property=\"og:locale\" content=\"fr_FR\" \/>\n<meta property=\"og:type\" content=\"article\" \/>\n<meta property=\"og:title\" content=\"17.04.2002 - TPIR\/NTAKIRUTIMANA - LE DR NTAKIRUTIMANA N&#039;A JAMAIS DISCRIMINE LES MALADES, SELON UN TE\" \/>\n<meta property=\"og:description\" content=\"Arusha 16 avril 2002 (FH) - Le Dr G\u00e9rard Ntakirutimana n&#039;a jamais discrimin\u00e9 les malades selon leur ethnie, a affirm\u00e9 un t\u00e9moin de la d\u00e9fense mardi devant le Tribunal p\u00e9nal international pour le Rwanda (TPIR). G\u00e9rard Ntakirutimana est coaccus\u00e9 avec son p\u00e8re, le pasteur Elisaphan Ntakirutimana, de g\u00e9nocide et de crimes contre l&#039;humanit\u00e9.\" \/>\n<meta property=\"og:url\" content=\"https:\/\/www.justiceinfo.net\/fr\/5879-17042002-tpirntakirutimana-le-dr-ntakirutimana-na-jamais-discrimine-les-malades-selon-un-te2669.html\" \/>\n<meta property=\"og:site_name\" content=\"JusticeInfo.net\" \/>\n<meta property=\"article:publisher\" content=\"https:\/\/www.facebook.com\/JusticeInfo\/\" \/>\n<meta property=\"article:published_time\" content=\"2002-04-16T22:00:00+00:00\" \/>\n<meta property=\"og:image\" content=\"https:\/\/www.justiceinfo.net\/wp-content\/uploads\/JusticeInfoNet_logo_1200x630px.jpg\" \/>\n\t<meta property=\"og:image:width\" content=\"1200\" \/>\n\t<meta property=\"og:image:height\" content=\"630\" \/>\n\t<meta property=\"og:image:type\" content=\"image\/jpeg\" \/>\n<meta name=\"author\" content=\"solivri\" \/>\n<meta name=\"twitter:card\" content=\"summary_large_image\" \/>\n<meta name=\"twitter:creator\" content=\"@justiceinfonet\" \/>\n<meta name=\"twitter:site\" content=\"@justiceinfonet\" \/>\n<meta name=\"twitter:label1\" content=\"\u00c9crit par\" \/>\n\t<meta name=\"twitter:data1\" content=\"solivri\" \/>\n\t<meta name=\"twitter:label2\" content=\"Dur\u00e9e de lecture estim\u00e9e\" \/>\n\t<meta name=\"twitter:data2\" content=\"2 minutes\" \/>\n<script type=\"application\/ld+json\" class=\"yoast-schema-graph\">{\"@context\":\"https:\/\/schema.org\",\"@graph\":[{\"@type\":\"NewsArticle\",\"@id\":\"https:\/\/www.justiceinfo.net\/fr\/5879-17042002-tpirntakirutimana-le-dr-ntakirutimana-na-jamais-discrimine-les-malades-selon-un-te2669.html#article\",\"isPartOf\":{\"@id\":\"https:\/\/www.justiceinfo.net\/fr\/5879-17042002-tpirntakirutimana-le-dr-ntakirutimana-na-jamais-discrimine-les-malades-selon-un-te2669.html\"},\"author\":{\"name\":\"solivri\",\"@id\":\"https:\/\/www.justiceinfo.net\/fr#\/schema\/person\/6e53cba1629e2e66f3fc1821d3091865\"},\"headline\":\"17.04.2002 - TPIR\/NTAKIRUTIMANA - LE DR NTAKIRUTIMANA N'A JAMAIS DISCRIMINE LES MALADES, SELON UN TE\",\"datePublished\":\"2002-04-16T22:00:00+00:00\",\"mainEntityOfPage\":{\"@id\":\"https:\/\/www.justiceinfo.net\/fr\/5879-17042002-tpirntakirutimana-le-dr-ntakirutimana-na-jamais-discrimine-les-malades-selon-un-te2669.html\"},\"wordCount\":430,\"commentCount\":0,\"publisher\":{\"@id\":\"https:\/\/www.justiceinfo.net\/fr#organization\"},\"articleSection\":[\"Hirondelle News\"],\"inLanguage\":\"fr-FR\",\"potentialAction\":[{\"@type\":\"CommentAction\",\"name\":\"Comment\",\"target\":[\"https:\/\/www.justiceinfo.net\/fr\/5879-17042002-tpirntakirutimana-le-dr-ntakirutimana-na-jamais-discrimine-les-malades-selon-un-te2669.html#respond\"]}]},{\"@type\":\"WebPage\",\"@id\":\"https:\/\/www.justiceinfo.net\/fr\/5879-17042002-tpirntakirutimana-le-dr-ntakirutimana-na-jamais-discrimine-les-malades-selon-un-te2669.html\",\"url\":\"https:\/\/www.justiceinfo.net\/fr\/5879-17042002-tpirntakirutimana-le-dr-ntakirutimana-na-jamais-discrimine-les-malades-selon-un-te2669.html\",\"name\":\"17.04.2002 - TPIR\/NTAKIRUTIMANA - LE DR NTAKIRUTIMANA N'A JAMAIS DISCRIMINE LES MALADES, SELON UN TE - JusticeInfo.net\",\"isPartOf\":{\"@id\":\"https:\/\/www.justiceinfo.net\/fr#website\"},\"datePublished\":\"2002-04-16T22:00:00+00:00\",\"breadcrumb\":{\"@id\":\"https:\/\/www.justiceinfo.net\/fr\/5879-17042002-tpirntakirutimana-le-dr-ntakirutimana-na-jamais-discrimine-les-malades-selon-un-te2669.html#breadcrumb\"},\"inLanguage\":\"fr-FR\",\"potentialAction\":[{\"@type\":\"ReadAction\",\"target\":[\"https:\/\/www.justiceinfo.net\/fr\/5879-17042002-tpirntakirutimana-le-dr-ntakirutimana-na-jamais-discrimine-les-malades-selon-un-te2669.html\"]}]},{\"@type\":\"BreadcrumbList\",\"@id\":\"https:\/\/www.justiceinfo.net\/fr\/5879-17042002-tpirntakirutimana-le-dr-ntakirutimana-na-jamais-discrimine-les-malades-selon-un-te2669.html#breadcrumb\",\"itemListElement\":[{\"@type\":\"ListItem\",\"position\":1,\"name\":\"Home\",\"item\":\"https:\/\/www.justiceinfo.net\/fr\"},{\"@type\":\"ListItem\",\"position\":2,\"name\":\"17.04.2002 - TPIR\/NTAKIRUTIMANA - LE DR NTAKIRUTIMANA N'A JAMAIS DISCRIMINE LES MALADES, SELON UN TE\"}]},{\"@type\":\"WebSite\",\"@id\":\"https:\/\/www.justiceinfo.net\/fr#website\",\"url\":\"https:\/\/www.justiceinfo.net\/fr\",\"name\":\"JusticeInfo.net\",\"description\":\"La justice doit \u00eatre vue pour \u00eatre rendue\",\"publisher\":{\"@id\":\"https:\/\/www.justiceinfo.net\/fr#organization\"},\"potentialAction\":[{\"@type\":\"SearchAction\",\"target\":{\"@type\":\"EntryPoint\",\"urlTemplate\":\"https:\/\/www.justiceinfo.net\/fr?s={search_term_string}\"},\"query-input\":{\"@type\":\"PropertyValueSpecification\",\"valueRequired\":true,\"valueName\":\"search_term_string\"}}],\"inLanguage\":\"fr-FR\"},{\"@type\":\"Organization\",\"@id\":\"https:\/\/www.justiceinfo.net\/fr#organization\",\"name\":\"Justice Info\",\"url\":\"https:\/\/www.justiceinfo.net\/fr\",\"logo\":{\"@type\":\"ImageObject\",\"inLanguage\":\"fr-FR\",\"@id\":\"https:\/\/www.justiceinfo.net\/fr#\/schema\/logo\/image\/\",\"url\":\"https:\/\/www.justiceinfo.net\/wp-content\/uploads\/justiceinfo_logo-trans_1200x1200px.png\",\"contentUrl\":\"https:\/\/www.justiceinfo.net\/wp-content\/uploads\/justiceinfo_logo-trans_1200x1200px.png\",\"width\":1199,\"height\":1200,\"caption\":\"Justice Info\"},\"image\":{\"@id\":\"https:\/\/www.justiceinfo.net\/fr#\/schema\/logo\/image\/\"},\"sameAs\":[\"https:\/\/www.facebook.com\/JusticeInfo\/\",\"https:\/\/x.com\/justiceinfonet\",\"https:\/\/www.linkedin.com\/company\/justice-info\",\"https:\/\/www.youtube.com\/channel\/UCyCEsARodyuWtkWyhn-e7pA\"]},{\"@type\":\"Person\",\"name\":\"solivri\",\"url\":\"\/fr\/?s=solivri\"}]}<\/script>\n<!-- \/ Yoast SEO Premium plugin. -->","yoast_head_json":{"title":"17.04.2002 - TPIR\/NTAKIRUTIMANA - LE DR NTAKIRUTIMANA N'A JAMAIS DISCRIMINE LES MALADES, SELON UN TE - JusticeInfo.net","robots":{"index":"index","follow":"follow","max-snippet":"max-snippet:-1","max-image-preview":"max-image-preview:large","max-video-preview":"max-video-preview:-1"},"canonical":"https:\/\/www.justiceinfo.net\/fr\/5879-17042002-tpirntakirutimana-le-dr-ntakirutimana-na-jamais-discrimine-les-malades-selon-un-te2669.html","og_locale":"fr_FR","og_type":"article","og_title":"17.04.2002 - TPIR\/NTAKIRUTIMANA - LE DR NTAKIRUTIMANA N'A JAMAIS DISCRIMINE LES MALADES, SELON UN TE","og_description":"Arusha 16 avril 2002 (FH) - Le Dr G\u00e9rard Ntakirutimana n'a jamais discrimin\u00e9 les malades selon leur ethnie, a affirm\u00e9 un t\u00e9moin de la d\u00e9fense mardi devant le Tribunal p\u00e9nal international pour le Rwanda (TPIR). G\u00e9rard Ntakirutimana est coaccus\u00e9 avec son p\u00e8re, le pasteur Elisaphan Ntakirutimana, de g\u00e9nocide et de crimes contre l'humanit\u00e9.","og_url":"https:\/\/www.justiceinfo.net\/fr\/5879-17042002-tpirntakirutimana-le-dr-ntakirutimana-na-jamais-discrimine-les-malades-selon-un-te2669.html","og_site_name":"JusticeInfo.net","article_publisher":"https:\/\/www.facebook.com\/JusticeInfo\/","article_published_time":"2002-04-16T22:00:00+00:00","og_image":[{"width":1200,"height":630,"url":"https:\/\/www.justiceinfo.net\/wp-content\/uploads\/JusticeInfoNet_logo_1200x630px.jpg","type":"image\/jpeg"}],"author":"solivri","twitter_card":"summary_large_image","twitter_creator":"@justiceinfonet","twitter_site":"@justiceinfonet","twitter_misc":{"\u00c9crit par":"solivri","Dur\u00e9e de lecture estim\u00e9e":"2 minutes"},"schema":{"@context":"https:\/\/schema.org","@graph":[{"@type":"NewsArticle","@id":"https:\/\/www.justiceinfo.net\/fr\/5879-17042002-tpirntakirutimana-le-dr-ntakirutimana-na-jamais-discrimine-les-malades-selon-un-te2669.html#article","isPartOf":{"@id":"https:\/\/www.justiceinfo.net\/fr\/5879-17042002-tpirntakirutimana-le-dr-ntakirutimana-na-jamais-discrimine-les-malades-selon-un-te2669.html"},"author":{"name":"solivri","@id":"https:\/\/www.justiceinfo.net\/fr#\/schema\/person\/6e53cba1629e2e66f3fc1821d3091865"},"headline":"17.04.2002 - TPIR\/NTAKIRUTIMANA - LE DR NTAKIRUTIMANA N'A JAMAIS DISCRIMINE LES MALADES, SELON UN TE","datePublished":"2002-04-16T22:00:00+00:00","mainEntityOfPage":{"@id":"https:\/\/www.justiceinfo.net\/fr\/5879-17042002-tpirntakirutimana-le-dr-ntakirutimana-na-jamais-discrimine-les-malades-selon-un-te2669.html"},"wordCount":430,"commentCount":0,"publisher":{"@id":"https:\/\/www.justiceinfo.net\/fr#organization"},"articleSection":["Hirondelle News"],"inLanguage":"fr-FR","potentialAction":[{"@type":"CommentAction","name":"Comment","target":["https:\/\/www.justiceinfo.net\/fr\/5879-17042002-tpirntakirutimana-le-dr-ntakirutimana-na-jamais-discrimine-les-malades-selon-un-te2669.html#respond"]}]},{"@type":"WebPage","@id":"https:\/\/www.justiceinfo.net\/fr\/5879-17042002-tpirntakirutimana-le-dr-ntakirutimana-na-jamais-discrimine-les-malades-selon-un-te2669.html","url":"https:\/\/www.justiceinfo.net\/fr\/5879-17042002-tpirntakirutimana-le-dr-ntakirutimana-na-jamais-discrimine-les-malades-selon-un-te2669.html","name":"17.04.2002 - TPIR\/NTAKIRUTIMANA - LE DR NTAKIRUTIMANA N'A JAMAIS DISCRIMINE LES MALADES, SELON UN TE - JusticeInfo.net","isPartOf":{"@id":"https:\/\/www.justiceinfo.net\/fr#website"},"datePublished":"2002-04-16T22:00:00+00:00","breadcrumb":{"@id":"https:\/\/www.justiceinfo.net\/fr\/5879-17042002-tpirntakirutimana-le-dr-ntakirutimana-na-jamais-discrimine-les-malades-selon-un-te2669.html#breadcrumb"},"inLanguage":"fr-FR","potentialAction":[{"@type":"ReadAction","target":["https:\/\/www.justiceinfo.net\/fr\/5879-17042002-tpirntakirutimana-le-dr-ntakirutimana-na-jamais-discrimine-les-malades-selon-un-te2669.html"]}]},{"@type":"BreadcrumbList","@id":"https:\/\/www.justiceinfo.net\/fr\/5879-17042002-tpirntakirutimana-le-dr-ntakirutimana-na-jamais-discrimine-les-malades-selon-un-te2669.html#breadcrumb","itemListElement":[{"@type":"ListItem","position":1,"name":"Home","item":"https:\/\/www.justiceinfo.net\/fr"},{"@type":"ListItem","position":2,"name":"17.04.2002 - TPIR\/NTAKIRUTIMANA - LE DR NTAKIRUTIMANA N'A JAMAIS DISCRIMINE LES MALADES, SELON UN TE"}]},{"@type":"WebSite","@id":"https:\/\/www.justiceinfo.net\/fr#website","url":"https:\/\/www.justiceinfo.net\/fr","name":"JusticeInfo.net","description":"La justice doit \u00eatre vue pour \u00eatre rendue","publisher":{"@id":"https:\/\/www.justiceinfo.net\/fr#organization"},"potentialAction":[{"@type":"SearchAction","target":{"@type":"EntryPoint","urlTemplate":"https:\/\/www.justiceinfo.net\/fr?s={search_term_string}"},"query-input":{"@type":"PropertyValueSpecification","valueRequired":true,"valueName":"search_term_string"}}],"inLanguage":"fr-FR"},{"@type":"Organization","@id":"https:\/\/www.justiceinfo.net\/fr#organization","name":"Justice Info","url":"https:\/\/www.justiceinfo.net\/fr","logo":{"@type":"ImageObject","inLanguage":"fr-FR","@id":"https:\/\/www.justiceinfo.net\/fr#\/schema\/logo\/image\/","url":"https:\/\/www.justiceinfo.net\/wp-content\/uploads\/justiceinfo_logo-trans_1200x1200px.png","contentUrl":"https:\/\/www.justiceinfo.net\/wp-content\/uploads\/justiceinfo_logo-trans_1200x1200px.png","width":1199,"height":1200,"caption":"Justice Info"},"image":{"@id":"https:\/\/www.justiceinfo.net\/fr#\/schema\/logo\/image\/"},"sameAs":["https:\/\/www.facebook.com\/JusticeInfo\/","https:\/\/x.com\/justiceinfonet","https:\/\/www.linkedin.com\/company\/justice-info","https:\/\/www.youtube.com\/channel\/UCyCEsARodyuWtkWyhn-e7pA"]},{"@type":"Person","name":"solivri","url":"\/fr\/?s=solivri"}]}},"_links":{"self":[{"href":"https:\/\/www.justiceinfo.net\/fr\/wp-json\/wp\/v2\/posts\/5879","targetHints":{"allow":["GET"]}}],"collection":[{"href":"https:\/\/www.justiceinfo.net\/fr\/wp-json\/wp\/v2\/posts"}],"about":[{"href":"https:\/\/www.justiceinfo.net\/fr\/wp-json\/wp\/v2\/types\/post"}],"author":[{"embeddable":true,"href":"https:\/\/www.justiceinfo.net\/fr\/wp-json\/wp\/v2\/users\/64"}],"replies":[{"embeddable":true,"href":"https:\/\/www.justiceinfo.net\/fr\/wp-json\/wp\/v2\/comments?post=5879"}],"version-history":[{"count":0,"href":"https:\/\/www.justiceinfo.net\/fr\/wp-json\/wp\/v2\/posts\/5879\/revisions"}],"wp:attachment":[{"href":"https:\/\/www.justiceinfo.net\/fr\/wp-json\/wp\/v2\/media?parent=5879"}],"wp:term":[{"taxonomy":"category","embeddable":true,"href":"https:\/\/www.justiceinfo.net\/fr\/wp-json\/wp\/v2\/categories?post=5879"},{"taxonomy":"post_tag","embeddable":true,"href":"https:\/\/www.justiceinfo.net\/fr\/wp-json\/wp\/v2\/tags?post=5879"},{"taxonomy":"ji_location","embeddable":true,"href":"https:\/\/www.justiceinfo.net\/fr\/wp-json\/wp\/v2\/ji_location?post=5879"}],"curies":[{"name":"wp","href":"https:\/\/api.w.org\/{rel}","templated":true}]}}