{"id":5885,"date":"2002-04-15T00:00:00","date_gmt":"2002-04-14T22:00:00","guid":{"rendered":"https:\/\/www.justiceinfo.net\/5885-15042002-tpirntakirutimana-le-pasteur-adventiste-ntakirutimana-a-ete-accuse-faussement-selon2675.html"},"modified":"2002-04-15T00:00:00","modified_gmt":"2002-04-14T22:00:00","slug":"15042002-tpirntakirutimana-le-pasteur-adventiste-ntakirutimana-a-ete-accuse-faussement-selon2675","status":"publish","type":"post","link":"https:\/\/www.justiceinfo.net\/fr\/5885-15042002-tpirntakirutimana-le-pasteur-adventiste-ntakirutimana-a-ete-accuse-faussement-selon2675.html","title":{"rendered":"15.04.2002 - TPIR\/NTAKIRUTIMANA - LE PASTEUR ADVENTISTE NTAKIRUTIMANA A ETE ACCUSE FAUSSEMENT, SELON"},"content":{"rendered":"<p  >\nArusha 15 avril 2002 (FH) - Le treizi\u00e8me t\u00e9moin de la d\u00e9fense dans le proc\u00e8s du pasteur Elizaphan Ntakirutimana et de son fils le Dr G\u00e9rard Ntakirutimana a d\u00e9clar\u00e9, lundi devant le Tribunal p\u00e9nal international pour le Rwanda (TPIR), que le pasteur \u00e9tait accus\u00e9 faussement, qu\u2019il n'avait pas pu participer au g\u00e9nocide de 1994.\n<\/p>\n<p  >\nLe t\u00e9moin, Pasteur Merle Mills, est un Am\u00e9ricain qui a \u00e9t\u00e9 pr\u00e9sident de la division transfricaine au sein de l'\u00e9glise adventiste de 1966 \u00e0 1980, et qui a eu l\u2019occasion de travailler avec le pasteur Ntakirutimana.\n<\/p>\n<p><!--more--><\/p>\n<p  >\n\u00abQuand j\u2019ai entendu cela, j\u2019ai senti moi-m\u00eame qu\u2019il y avait quelque chose qui n\u2019allait pas ici, et que cet homme devait avoir \u00e9t\u00e9 faussement accus\u00e9\u00bb a dit le t\u00e9moin.\n<\/p>\n<p  >\nLe pasteur Mills estime que compte tenu de son caract\u00e8re, Ntakirutimana ne pouvait pas avoir \u00e9t\u00e9 impliqu\u00e9 dans aucune sorte de violence ni de discrimination ethnique.\n<\/p>\n<p  >\n\u00abJe n\u2019ai jamais entendu de rapport de discrimination de sa part, au contraire les gens avaient de l\u2019estime pour lui\u00bb, a dit le t\u00e9moin. \u00abIl ne se m\u00ealait pas de politique, sinon je n\u2019aurais pas permis qu\u2019il continue D'occuper son poste\u00bb, a-t-il ajout\u00e9, expliquant qu\u2019il avait du limoger un pasteur burundais qui s\u2019impliquait dans la politique.\n<\/p>\n<p  >\nLe pasteur Ntakirutimana a occup\u00e9 le poste de v\u00e9rificateur des comptes de l\u2019\u00e9glise adventiste au Rwanda-Burundi, et ce poste ne pouvait \u00eatre occup\u00e9 que par des hommes int\u00e8gres, a expliqu\u00e9 le pasteur Mills. Au cours du contre-interrogatoire, le substitut nig\u00e9rian du parquet, Charles Adeogun- Phillips, a fait valoir que le site de l\u2019\u00e9glise adventiste de Mugonero dont \u00e9tait responsable Elizaphan Ntakirutimana compte environ cinq mille victimes. \u00abJe connais cette \u00e9glise, et je ne pense pas qu\u2019elle ait pu contenir cinq mille personnes. J\u2019estime qu\u2019on exag\u00e8re les chiffres\u00bb a r\u00e9pondu Mills. \u00abCe que je sais, c\u2019est que quand le pr\u00e9sident de l\u2019Eglise adventiste a visit\u00e9 le Rwanda, il n\u2019a pas essay\u00e9 de couvrir les crimes commis par les membres de l\u2019\u00e9glise, mais qu\u2019il a donn\u00e9 un message de paix\u00bb a-t-il ajout\u00e9.\n<\/p>\n<p  >\nLe pasteur Merle Mills a d\u00e9pos\u00e9 apr\u00e8s l\u2019audition du douzi\u00e8me t\u00e9moin de la d\u00e9fense, qui a \u00e9t\u00e9 entendu enti\u00e8rement \u00e0 huis clos. Le proc\u00e8s se poursuivra mardi avec l\u2019audition du quatorzi\u00e8me t\u00e9moin.\n<\/p>\n<p  >\nLe proc\u00e8s se d\u00e9roule devant la premi\u00e8re chambre de premi\u00e8re instance, pr\u00e9sid\u00e9e dans cette affaire, par le juge norv\u00e9gien Erik Mose, et comprenant en outre les<br \/>\njuges, sud- africaine Navanethem Pillay, et s\u00e9n\u00e9galaise Andr\u00e9sie Vaz.\n<\/p>\n<p  >\nBN\/GF\/FH(NT-0415A)<\/p>\n","protected":false},"excerpt":{"rendered":"<p>Arusha 15 avril 2002 (FH) - Le treizi\u00e8me t\u00e9moin de la d\u00e9fense dans le proc\u00e8s du pasteur Elizaphan Ntakirutimana et de son fils le Dr G\u00e9rard Ntakirutimana a d\u00e9clar\u00e9, lundi devant le Tribunal p\u00e9nal international pour le Rwanda (TPIR), que le pasteur \u00e9tait accus\u00e9 faussement, qu\u2019il n'avait pas pu participer au g\u00e9nocide de 1994. Le [&hellip;]<\/p>\n","protected":false},"author":64,"featured_media":0,"comment_status":"open","ping_status":"closed","sticky":false,"template":"","format":"standard","meta":{"_acf_changed":false,"footnotes":""},"categories":[554],"tags":[],"ji_location":[],"class_list":["post-5885","post","type-post","status-publish","format-standard","hentry","category-hirondellenews"],"acf":[],"yoast_head":"<!-- This site is optimized with the Yoast SEO Premium plugin v25.3.1 (Yoast SEO v25.3.1) - https:\/\/yoast.com\/wordpress\/plugins\/seo\/ -->\n<title>15.04.2002 - TPIR\/NTAKIRUTIMANA - LE PASTEUR ADVENTISTE NTAKIRUTIMANA A ETE ACCUSE FAUSSEMENT, SELON - JusticeInfo.net<\/title>\n<meta name=\"robots\" content=\"index, follow, max-snippet:-1, max-image-preview:large, max-video-preview:-1\" \/>\n<link rel=\"canonical\" href=\"https:\/\/www.justiceinfo.net\/fr\/5885-15042002-tpirntakirutimana-le-pasteur-adventiste-ntakirutimana-a-ete-accuse-faussement-selon2675.html\" \/>\n<meta property=\"og:locale\" content=\"fr_FR\" \/>\n<meta property=\"og:type\" content=\"article\" \/>\n<meta property=\"og:title\" content=\"15.04.2002 - TPIR\/NTAKIRUTIMANA - LE PASTEUR ADVENTISTE NTAKIRUTIMANA A ETE ACCUSE FAUSSEMENT, SELON\" \/>\n<meta property=\"og:description\" content=\"Arusha 15 avril 2002 (FH) - Le treizi\u00e8me t\u00e9moin de la d\u00e9fense dans le proc\u00e8s du pasteur Elizaphan Ntakirutimana et de son fils le Dr G\u00e9rard Ntakirutimana a d\u00e9clar\u00e9, lundi devant le Tribunal p\u00e9nal international pour le Rwanda (TPIR), que le pasteur \u00e9tait accus\u00e9 faussement, qu\u2019il n&#039;avait pas pu participer au g\u00e9nocide de 1994. Le [&hellip;]\" \/>\n<meta property=\"og:url\" content=\"https:\/\/www.justiceinfo.net\/fr\/5885-15042002-tpirntakirutimana-le-pasteur-adventiste-ntakirutimana-a-ete-accuse-faussement-selon2675.html\" \/>\n<meta property=\"og:site_name\" content=\"JusticeInfo.net\" \/>\n<meta property=\"article:publisher\" content=\"https:\/\/www.facebook.com\/JusticeInfo\/\" \/>\n<meta property=\"article:published_time\" content=\"2002-04-14T22:00:00+00:00\" \/>\n<meta property=\"og:image\" content=\"https:\/\/www.justiceinfo.net\/wp-content\/uploads\/JusticeInfoNet_logo_1200x630px.jpg\" \/>\n\t<meta property=\"og:image:width\" content=\"1200\" \/>\n\t<meta property=\"og:image:height\" content=\"630\" \/>\n\t<meta property=\"og:image:type\" content=\"image\/jpeg\" \/>\n<meta name=\"author\" content=\"solivri\" \/>\n<meta name=\"twitter:card\" content=\"summary_large_image\" \/>\n<meta name=\"twitter:creator\" content=\"@justiceinfonet\" \/>\n<meta name=\"twitter:site\" content=\"@justiceinfonet\" \/>\n<meta name=\"twitter:label1\" content=\"\u00c9crit par\" \/>\n\t<meta name=\"twitter:data1\" content=\"solivri\" \/>\n\t<meta name=\"twitter:label2\" content=\"Dur\u00e9e de lecture estim\u00e9e\" \/>\n\t<meta name=\"twitter:data2\" content=\"2 minutes\" \/>\n<script type=\"application\/ld+json\" class=\"yoast-schema-graph\">{\"@context\":\"https:\/\/schema.org\",\"@graph\":[{\"@type\":\"NewsArticle\",\"@id\":\"https:\/\/www.justiceinfo.net\/fr\/5885-15042002-tpirntakirutimana-le-pasteur-adventiste-ntakirutimana-a-ete-accuse-faussement-selon2675.html#article\",\"isPartOf\":{\"@id\":\"https:\/\/www.justiceinfo.net\/fr\/5885-15042002-tpirntakirutimana-le-pasteur-adventiste-ntakirutimana-a-ete-accuse-faussement-selon2675.html\"},\"author\":{\"name\":\"solivri\",\"@id\":\"https:\/\/www.justiceinfo.net\/fr#\/schema\/person\/6e53cba1629e2e66f3fc1821d3091865\"},\"headline\":\"15.04.2002 - TPIR\/NTAKIRUTIMANA - LE PASTEUR ADVENTISTE NTAKIRUTIMANA A ETE ACCUSE FAUSSEMENT, SELON\",\"datePublished\":\"2002-04-14T22:00:00+00:00\",\"mainEntityOfPage\":{\"@id\":\"https:\/\/www.justiceinfo.net\/fr\/5885-15042002-tpirntakirutimana-le-pasteur-adventiste-ntakirutimana-a-ete-accuse-faussement-selon2675.html\"},\"wordCount\":477,\"commentCount\":0,\"publisher\":{\"@id\":\"https:\/\/www.justiceinfo.net\/fr#organization\"},\"articleSection\":[\"Hirondelle News\"],\"inLanguage\":\"fr-FR\",\"potentialAction\":[{\"@type\":\"CommentAction\",\"name\":\"Comment\",\"target\":[\"https:\/\/www.justiceinfo.net\/fr\/5885-15042002-tpirntakirutimana-le-pasteur-adventiste-ntakirutimana-a-ete-accuse-faussement-selon2675.html#respond\"]}]},{\"@type\":\"WebPage\",\"@id\":\"https:\/\/www.justiceinfo.net\/fr\/5885-15042002-tpirntakirutimana-le-pasteur-adventiste-ntakirutimana-a-ete-accuse-faussement-selon2675.html\",\"url\":\"https:\/\/www.justiceinfo.net\/fr\/5885-15042002-tpirntakirutimana-le-pasteur-adventiste-ntakirutimana-a-ete-accuse-faussement-selon2675.html\",\"name\":\"15.04.2002 - TPIR\/NTAKIRUTIMANA - LE PASTEUR ADVENTISTE NTAKIRUTIMANA A ETE ACCUSE FAUSSEMENT, SELON - JusticeInfo.net\",\"isPartOf\":{\"@id\":\"https:\/\/www.justiceinfo.net\/fr#website\"},\"datePublished\":\"2002-04-14T22:00:00+00:00\",\"breadcrumb\":{\"@id\":\"https:\/\/www.justiceinfo.net\/fr\/5885-15042002-tpirntakirutimana-le-pasteur-adventiste-ntakirutimana-a-ete-accuse-faussement-selon2675.html#breadcrumb\"},\"inLanguage\":\"fr-FR\",\"potentialAction\":[{\"@type\":\"ReadAction\",\"target\":[\"https:\/\/www.justiceinfo.net\/fr\/5885-15042002-tpirntakirutimana-le-pasteur-adventiste-ntakirutimana-a-ete-accuse-faussement-selon2675.html\"]}]},{\"@type\":\"BreadcrumbList\",\"@id\":\"https:\/\/www.justiceinfo.net\/fr\/5885-15042002-tpirntakirutimana-le-pasteur-adventiste-ntakirutimana-a-ete-accuse-faussement-selon2675.html#breadcrumb\",\"itemListElement\":[{\"@type\":\"ListItem\",\"position\":1,\"name\":\"Home\",\"item\":\"https:\/\/www.justiceinfo.net\/fr\"},{\"@type\":\"ListItem\",\"position\":2,\"name\":\"15.04.2002 - TPIR\/NTAKIRUTIMANA - LE PASTEUR ADVENTISTE NTAKIRUTIMANA A ETE ACCUSE FAUSSEMENT, SELON\"}]},{\"@type\":\"WebSite\",\"@id\":\"https:\/\/www.justiceinfo.net\/fr#website\",\"url\":\"https:\/\/www.justiceinfo.net\/fr\",\"name\":\"JusticeInfo.net\",\"description\":\"La justice doit \u00eatre vue pour \u00eatre rendue\",\"publisher\":{\"@id\":\"https:\/\/www.justiceinfo.net\/fr#organization\"},\"potentialAction\":[{\"@type\":\"SearchAction\",\"target\":{\"@type\":\"EntryPoint\",\"urlTemplate\":\"https:\/\/www.justiceinfo.net\/fr?s={search_term_string}\"},\"query-input\":{\"@type\":\"PropertyValueSpecification\",\"valueRequired\":true,\"valueName\":\"search_term_string\"}}],\"inLanguage\":\"fr-FR\"},{\"@type\":\"Organization\",\"@id\":\"https:\/\/www.justiceinfo.net\/fr#organization\",\"name\":\"Justice Info\",\"url\":\"https:\/\/www.justiceinfo.net\/fr\",\"logo\":{\"@type\":\"ImageObject\",\"inLanguage\":\"fr-FR\",\"@id\":\"https:\/\/www.justiceinfo.net\/fr#\/schema\/logo\/image\/\",\"url\":\"https:\/\/www.justiceinfo.net\/wp-content\/uploads\/justiceinfo_logo-trans_1200x1200px.png\",\"contentUrl\":\"https:\/\/www.justiceinfo.net\/wp-content\/uploads\/justiceinfo_logo-trans_1200x1200px.png\",\"width\":1199,\"height\":1200,\"caption\":\"Justice Info\"},\"image\":{\"@id\":\"https:\/\/www.justiceinfo.net\/fr#\/schema\/logo\/image\/\"},\"sameAs\":[\"https:\/\/www.facebook.com\/JusticeInfo\/\",\"https:\/\/x.com\/justiceinfonet\",\"https:\/\/www.linkedin.com\/company\/justice-info\",\"https:\/\/www.youtube.com\/channel\/UCyCEsARodyuWtkWyhn-e7pA\"]},{\"@type\":\"Person\",\"name\":\"solivri\",\"url\":\"\/fr\/?s=solivri\"}]}<\/script>\n<!-- \/ Yoast SEO Premium plugin. -->","yoast_head_json":{"title":"15.04.2002 - TPIR\/NTAKIRUTIMANA - LE PASTEUR ADVENTISTE NTAKIRUTIMANA A ETE ACCUSE FAUSSEMENT, SELON - JusticeInfo.net","robots":{"index":"index","follow":"follow","max-snippet":"max-snippet:-1","max-image-preview":"max-image-preview:large","max-video-preview":"max-video-preview:-1"},"canonical":"https:\/\/www.justiceinfo.net\/fr\/5885-15042002-tpirntakirutimana-le-pasteur-adventiste-ntakirutimana-a-ete-accuse-faussement-selon2675.html","og_locale":"fr_FR","og_type":"article","og_title":"15.04.2002 - TPIR\/NTAKIRUTIMANA - LE PASTEUR ADVENTISTE NTAKIRUTIMANA A ETE ACCUSE FAUSSEMENT, SELON","og_description":"Arusha 15 avril 2002 (FH) - Le treizi\u00e8me t\u00e9moin de la d\u00e9fense dans le proc\u00e8s du pasteur Elizaphan Ntakirutimana et de son fils le Dr G\u00e9rard Ntakirutimana a d\u00e9clar\u00e9, lundi devant le Tribunal p\u00e9nal international pour le Rwanda (TPIR), que le pasteur \u00e9tait accus\u00e9 faussement, qu\u2019il n'avait pas pu participer au g\u00e9nocide de 1994. Le [&hellip;]","og_url":"https:\/\/www.justiceinfo.net\/fr\/5885-15042002-tpirntakirutimana-le-pasteur-adventiste-ntakirutimana-a-ete-accuse-faussement-selon2675.html","og_site_name":"JusticeInfo.net","article_publisher":"https:\/\/www.facebook.com\/JusticeInfo\/","article_published_time":"2002-04-14T22:00:00+00:00","og_image":[{"width":1200,"height":630,"url":"https:\/\/www.justiceinfo.net\/wp-content\/uploads\/JusticeInfoNet_logo_1200x630px.jpg","type":"image\/jpeg"}],"author":"solivri","twitter_card":"summary_large_image","twitter_creator":"@justiceinfonet","twitter_site":"@justiceinfonet","twitter_misc":{"\u00c9crit par":"solivri","Dur\u00e9e de lecture estim\u00e9e":"2 minutes"},"schema":{"@context":"https:\/\/schema.org","@graph":[{"@type":"NewsArticle","@id":"https:\/\/www.justiceinfo.net\/fr\/5885-15042002-tpirntakirutimana-le-pasteur-adventiste-ntakirutimana-a-ete-accuse-faussement-selon2675.html#article","isPartOf":{"@id":"https:\/\/www.justiceinfo.net\/fr\/5885-15042002-tpirntakirutimana-le-pasteur-adventiste-ntakirutimana-a-ete-accuse-faussement-selon2675.html"},"author":{"name":"solivri","@id":"https:\/\/www.justiceinfo.net\/fr#\/schema\/person\/6e53cba1629e2e66f3fc1821d3091865"},"headline":"15.04.2002 - TPIR\/NTAKIRUTIMANA - LE PASTEUR ADVENTISTE NTAKIRUTIMANA A ETE ACCUSE FAUSSEMENT, SELON","datePublished":"2002-04-14T22:00:00+00:00","mainEntityOfPage":{"@id":"https:\/\/www.justiceinfo.net\/fr\/5885-15042002-tpirntakirutimana-le-pasteur-adventiste-ntakirutimana-a-ete-accuse-faussement-selon2675.html"},"wordCount":477,"commentCount":0,"publisher":{"@id":"https:\/\/www.justiceinfo.net\/fr#organization"},"articleSection":["Hirondelle News"],"inLanguage":"fr-FR","potentialAction":[{"@type":"CommentAction","name":"Comment","target":["https:\/\/www.justiceinfo.net\/fr\/5885-15042002-tpirntakirutimana-le-pasteur-adventiste-ntakirutimana-a-ete-accuse-faussement-selon2675.html#respond"]}]},{"@type":"WebPage","@id":"https:\/\/www.justiceinfo.net\/fr\/5885-15042002-tpirntakirutimana-le-pasteur-adventiste-ntakirutimana-a-ete-accuse-faussement-selon2675.html","url":"https:\/\/www.justiceinfo.net\/fr\/5885-15042002-tpirntakirutimana-le-pasteur-adventiste-ntakirutimana-a-ete-accuse-faussement-selon2675.html","name":"15.04.2002 - TPIR\/NTAKIRUTIMANA - LE PASTEUR ADVENTISTE NTAKIRUTIMANA A ETE ACCUSE FAUSSEMENT, SELON - JusticeInfo.net","isPartOf":{"@id":"https:\/\/www.justiceinfo.net\/fr#website"},"datePublished":"2002-04-14T22:00:00+00:00","breadcrumb":{"@id":"https:\/\/www.justiceinfo.net\/fr\/5885-15042002-tpirntakirutimana-le-pasteur-adventiste-ntakirutimana-a-ete-accuse-faussement-selon2675.html#breadcrumb"},"inLanguage":"fr-FR","potentialAction":[{"@type":"ReadAction","target":["https:\/\/www.justiceinfo.net\/fr\/5885-15042002-tpirntakirutimana-le-pasteur-adventiste-ntakirutimana-a-ete-accuse-faussement-selon2675.html"]}]},{"@type":"BreadcrumbList","@id":"https:\/\/www.justiceinfo.net\/fr\/5885-15042002-tpirntakirutimana-le-pasteur-adventiste-ntakirutimana-a-ete-accuse-faussement-selon2675.html#breadcrumb","itemListElement":[{"@type":"ListItem","position":1,"name":"Home","item":"https:\/\/www.justiceinfo.net\/fr"},{"@type":"ListItem","position":2,"name":"15.04.2002 - TPIR\/NTAKIRUTIMANA - LE PASTEUR ADVENTISTE NTAKIRUTIMANA A ETE ACCUSE FAUSSEMENT, SELON"}]},{"@type":"WebSite","@id":"https:\/\/www.justiceinfo.net\/fr#website","url":"https:\/\/www.justiceinfo.net\/fr","name":"JusticeInfo.net","description":"La justice doit \u00eatre vue pour \u00eatre rendue","publisher":{"@id":"https:\/\/www.justiceinfo.net\/fr#organization"},"potentialAction":[{"@type":"SearchAction","target":{"@type":"EntryPoint","urlTemplate":"https:\/\/www.justiceinfo.net\/fr?s={search_term_string}"},"query-input":{"@type":"PropertyValueSpecification","valueRequired":true,"valueName":"search_term_string"}}],"inLanguage":"fr-FR"},{"@type":"Organization","@id":"https:\/\/www.justiceinfo.net\/fr#organization","name":"Justice Info","url":"https:\/\/www.justiceinfo.net\/fr","logo":{"@type":"ImageObject","inLanguage":"fr-FR","@id":"https:\/\/www.justiceinfo.net\/fr#\/schema\/logo\/image\/","url":"https:\/\/www.justiceinfo.net\/wp-content\/uploads\/justiceinfo_logo-trans_1200x1200px.png","contentUrl":"https:\/\/www.justiceinfo.net\/wp-content\/uploads\/justiceinfo_logo-trans_1200x1200px.png","width":1199,"height":1200,"caption":"Justice Info"},"image":{"@id":"https:\/\/www.justiceinfo.net\/fr#\/schema\/logo\/image\/"},"sameAs":["https:\/\/www.facebook.com\/JusticeInfo\/","https:\/\/x.com\/justiceinfonet","https:\/\/www.linkedin.com\/company\/justice-info","https:\/\/www.youtube.com\/channel\/UCyCEsARodyuWtkWyhn-e7pA"]},{"@type":"Person","name":"solivri","url":"\/fr\/?s=solivri"}]}},"_links":{"self":[{"href":"https:\/\/www.justiceinfo.net\/fr\/wp-json\/wp\/v2\/posts\/5885","targetHints":{"allow":["GET"]}}],"collection":[{"href":"https:\/\/www.justiceinfo.net\/fr\/wp-json\/wp\/v2\/posts"}],"about":[{"href":"https:\/\/www.justiceinfo.net\/fr\/wp-json\/wp\/v2\/types\/post"}],"author":[{"embeddable":true,"href":"https:\/\/www.justiceinfo.net\/fr\/wp-json\/wp\/v2\/users\/64"}],"replies":[{"embeddable":true,"href":"https:\/\/www.justiceinfo.net\/fr\/wp-json\/wp\/v2\/comments?post=5885"}],"version-history":[{"count":0,"href":"https:\/\/www.justiceinfo.net\/fr\/wp-json\/wp\/v2\/posts\/5885\/revisions"}],"wp:attachment":[{"href":"https:\/\/www.justiceinfo.net\/fr\/wp-json\/wp\/v2\/media?parent=5885"}],"wp:term":[{"taxonomy":"category","embeddable":true,"href":"https:\/\/www.justiceinfo.net\/fr\/wp-json\/wp\/v2\/categories?post=5885"},{"taxonomy":"post_tag","embeddable":true,"href":"https:\/\/www.justiceinfo.net\/fr\/wp-json\/wp\/v2\/tags?post=5885"},{"taxonomy":"ji_location","embeddable":true,"href":"https:\/\/www.justiceinfo.net\/fr\/wp-json\/wp\/v2\/ji_location?post=5885"}],"curies":[{"name":"wp","href":"https:\/\/api.w.org\/{rel}","templated":true}]}}