{"id":5923,"date":"2002-04-02T00:00:00","date_gmt":"2002-04-01T22:00:00","guid":{"rendered":"https:\/\/www.justiceinfo.net\/5923-02042002-tpirmilitaires-les-accuses-sont-parmi-les-principaux-responsables-du-genocide-selon2713.html"},"modified":"2002-04-02T00:00:00","modified_gmt":"2002-04-01T22:00:00","slug":"02042002-tpirmilitaires-les-accuses-sont-parmi-les-principaux-responsables-du-genocide-selon2713","status":"publish","type":"post","link":"https:\/\/www.justiceinfo.net\/fr\/5923-02042002-tpirmilitaires-les-accuses-sont-parmi-les-principaux-responsables-du-genocide-selon2713.html","title":{"rendered":"02.04.2002 - TPIR\/MILITAIRES - LES ACCUSES SONT PARMI LES PRINCIPAUX RESPONSABLES DU GENOCIDE, SELON"},"content":{"rendered":"<p  >\nArusha 2 avril 2002 (FH) - Le procureur du Tribunal p\u00e9nal international pour le Rwanda (TPIR), la Suissesse Carla del Ponte, a d\u00e9clar\u00e9 que les quatre hauts grad\u00e9s de l'ex-arm\u00e9e arm\u00e9e rwandaise dont le proc\u00e8s s'est ouvert mardi apr\u00e8s-midi devant le Tribunal p\u00e9nal international pour le Rwanda (TPIR) sont parmi les principaux responsables du g\u00e9nocide anti-tutsi de 1994.\n<\/p>\n<p  >\n\"Nous vous soumettons que parmi les principaux responsables du g\u00e9nocide commis au Rwanda en 1994 se trouvaient les quatre accus\u00e9s dont le proc\u00e8s commence\", a indiqu\u00e9 Carla del Ponte \u00e0 l'ouverture du proc\u00e8s \"des militaires\".\n<\/p>\n<p><!--more--><\/p>\n<p  >\nCe proc\u00e8s concerne l'ancien directeur de cabinet au minist\u00e8re rwandais de la d\u00e9fense, le colonel Th\u00e9oneste Bagosora, l'ancien chef des op\u00e9rations militaires \u00e0 l'Etat Major des ex-forces arm\u00e9es rwandaises, le g\u00e9n\u00e9ral de brigade Gratien Kabiligi, l'ancien commandant du bataillon para-commando de Kigali, le major Aloys Ntabakuze, ainsi que l'ancien commandant des op\u00e9rations militaires dans la r\u00e9gion de Gisenyi (ouest du Rwanda), le lieutenant-colonel Anatole Nsengiyumva. Ils sont accus\u00e9s de g\u00e9nocide, D'entente en vue de commettre le g\u00e9nocide, de complicit\u00e9 \u00e0 commettre le g\u00e9nocide, D'incitation \u00e0 commettre le g\u00e9nocide, de crimes contre l'humanit\u00e9 et de violation des Conventions de Gen\u00e8ve applicables en temps de guerre. Ils plaident non coupables.\n<\/p>\n<p  >\n\"Ces crimes nous touchent, ils sont une offense \u00e0 la dignit\u00e9 humaine\", a indiqu\u00e9 Carla del Ponte.\n<\/p>\n<p  >\n\"Ce Tribunal ne pourra malheureusement jamais \u00e9crire toute l'histoire de la trag\u00e9die rwandaise, de sa gen\u00e8se, de sa r\u00e9alisation\", a poursuivi le procureur, expliquant que le mandat de la juridiction internationale est D'identifier et de poursuivre les principaux responsables de ces crimes. \"C'est dans le cadre de cette strat\u00e9gie que nous avons mis en accusation Th\u00e9oneste Bagosora, Anatole Nsengiyumva, Gratien Kabiligi et Aloys Ntabakuze\", a-t-elle dit.\n<\/p>\n<p  >\nLe substitut canado-nigerian du procureur, Chile Eboe-Osuji, a pour sa part indiqu\u00e9 que \"l'\u00e9limination D'un des groupes ethniques ne peut pas r\u00e9soudre des probl\u00e8mes politiques, ni en Allemagne, ni en Yougoslavie, ni au Rwanda\".\n<\/p>\n<p  >\nSe r\u00e9f\u00e9rant aux responsabilit\u00e9s qui \u00e9taient d\u00e9volues \u00e0 l'ex-chef de cabinet au minist\u00e8re de la d\u00e9fense au moment des faits reproch\u00e9s aux accus\u00e9s, Osuji a d\u00e9clar\u00e9 : \"En 1994, Th\u00e9oneste Bagosora \u00e9tait l'homme le plus puissant du pays, mais nous n'allons pas le comparer \u00e0 (Adolphe) Hitler\", qui a dirig\u00e9 l'Allemagne nazie.<br \/>\nLa d\u00e9fense a, dans son ensemble, fustig\u00e9 le fait que le parquet ne lui a pas communiqu\u00e9 plusieurs documents, affirmant que cela portait pr\u00e9judice aux accus\u00e9s. Les accus\u00e9s ont boycott\u00e9 les audiences de mardi.\n<\/p>\n<p  >\nMercredi, une conf\u00e9rence de mise en \u00e9tat sera consacr\u00e9e \u00e0 toutes les questions pendantes.\n<\/p>\n<p  >\nLe proc\u00e8s se d\u00e9roule devant la troisi\u00e8me chambre de premi\u00e8re instance du TPIR pr\u00e9sid\u00e9e par le juge George Williams de Saint - Kitts, Pavel Dolenc de Slov\u00e9nie et Andr\u00e9sie Vaz du S\u00e9n\u00e9gal.\n<\/p>\n<p  >\nGA\/AT\/GF\/FH (ML-0402G)<\/p>\n","protected":false},"excerpt":{"rendered":"<p>Arusha 2 avril 2002 (FH) - Le procureur du Tribunal p\u00e9nal international pour le Rwanda (TPIR), la Suissesse Carla del Ponte, a d\u00e9clar\u00e9 que les quatre hauts grad\u00e9s de l'ex-arm\u00e9e arm\u00e9e rwandaise dont le proc\u00e8s s'est ouvert mardi apr\u00e8s-midi devant le Tribunal p\u00e9nal international pour le Rwanda (TPIR) sont parmi les principaux responsables du g\u00e9nocide [&hellip;]<\/p>\n","protected":false},"author":64,"featured_media":0,"comment_status":"open","ping_status":"closed","sticky":false,"template":"","format":"standard","meta":{"_acf_changed":false,"footnotes":""},"categories":[554],"tags":[],"ji_location":[],"class_list":["post-5923","post","type-post","status-publish","format-standard","hentry","category-hirondellenews"],"acf":[],"yoast_head":"<!-- This site is optimized with the Yoast SEO Premium plugin v25.3.1 (Yoast SEO v25.3.1) - https:\/\/yoast.com\/wordpress\/plugins\/seo\/ -->\n<title>02.04.2002 - TPIR\/MILITAIRES - LES ACCUSES SONT PARMI LES PRINCIPAUX RESPONSABLES DU GENOCIDE, SELON - JusticeInfo.net<\/title>\n<meta name=\"robots\" content=\"index, follow, max-snippet:-1, max-image-preview:large, max-video-preview:-1\" \/>\n<link rel=\"canonical\" href=\"https:\/\/www.justiceinfo.net\/fr\/5923-02042002-tpirmilitaires-les-accuses-sont-parmi-les-principaux-responsables-du-genocide-selon2713.html\" \/>\n<meta property=\"og:locale\" content=\"fr_FR\" \/>\n<meta property=\"og:type\" content=\"article\" \/>\n<meta property=\"og:title\" content=\"02.04.2002 - TPIR\/MILITAIRES - LES ACCUSES SONT PARMI LES PRINCIPAUX RESPONSABLES DU GENOCIDE, SELON\" \/>\n<meta property=\"og:description\" content=\"Arusha 2 avril 2002 (FH) - Le procureur du Tribunal p\u00e9nal international pour le Rwanda (TPIR), la Suissesse Carla del Ponte, a d\u00e9clar\u00e9 que les quatre hauts grad\u00e9s de l&#039;ex-arm\u00e9e arm\u00e9e rwandaise dont le proc\u00e8s s&#039;est ouvert mardi apr\u00e8s-midi devant le Tribunal p\u00e9nal international pour le Rwanda (TPIR) sont parmi les principaux responsables du g\u00e9nocide [&hellip;]\" \/>\n<meta property=\"og:url\" content=\"https:\/\/www.justiceinfo.net\/fr\/5923-02042002-tpirmilitaires-les-accuses-sont-parmi-les-principaux-responsables-du-genocide-selon2713.html\" \/>\n<meta property=\"og:site_name\" content=\"JusticeInfo.net\" \/>\n<meta property=\"article:publisher\" content=\"https:\/\/www.facebook.com\/JusticeInfo\/\" \/>\n<meta property=\"article:published_time\" content=\"2002-04-01T22:00:00+00:00\" \/>\n<meta property=\"og:image\" content=\"https:\/\/www.justiceinfo.net\/wp-content\/uploads\/JusticeInfoNet_logo_1200x630px.jpg\" \/>\n\t<meta property=\"og:image:width\" content=\"1200\" \/>\n\t<meta property=\"og:image:height\" content=\"630\" \/>\n\t<meta property=\"og:image:type\" content=\"image\/jpeg\" \/>\n<meta name=\"author\" content=\"solivri\" \/>\n<meta name=\"twitter:card\" content=\"summary_large_image\" \/>\n<meta name=\"twitter:creator\" content=\"@justiceinfonet\" \/>\n<meta name=\"twitter:site\" content=\"@justiceinfonet\" \/>\n<meta name=\"twitter:label1\" content=\"\u00c9crit par\" \/>\n\t<meta name=\"twitter:data1\" content=\"solivri\" \/>\n\t<meta name=\"twitter:label2\" content=\"Dur\u00e9e de lecture estim\u00e9e\" \/>\n\t<meta name=\"twitter:data2\" content=\"3 minutes\" \/>\n<script type=\"application\/ld+json\" class=\"yoast-schema-graph\">{\"@context\":\"https:\/\/schema.org\",\"@graph\":[{\"@type\":\"NewsArticle\",\"@id\":\"https:\/\/www.justiceinfo.net\/fr\/5923-02042002-tpirmilitaires-les-accuses-sont-parmi-les-principaux-responsables-du-genocide-selon2713.html#article\",\"isPartOf\":{\"@id\":\"https:\/\/www.justiceinfo.net\/fr\/5923-02042002-tpirmilitaires-les-accuses-sont-parmi-les-principaux-responsables-du-genocide-selon2713.html\"},\"author\":{\"name\":\"solivri\",\"@id\":\"https:\/\/www.justiceinfo.net\/fr#\/schema\/person\/6e53cba1629e2e66f3fc1821d3091865\"},\"headline\":\"02.04.2002 - TPIR\/MILITAIRES - LES ACCUSES SONT PARMI LES PRINCIPAUX RESPONSABLES DU GENOCIDE, SELON\",\"datePublished\":\"2002-04-01T22:00:00+00:00\",\"mainEntityOfPage\":{\"@id\":\"https:\/\/www.justiceinfo.net\/fr\/5923-02042002-tpirmilitaires-les-accuses-sont-parmi-les-principaux-responsables-du-genocide-selon2713.html\"},\"wordCount\":538,\"commentCount\":0,\"publisher\":{\"@id\":\"https:\/\/www.justiceinfo.net\/fr#organization\"},\"articleSection\":[\"Hirondelle News\"],\"inLanguage\":\"fr-FR\",\"potentialAction\":[{\"@type\":\"CommentAction\",\"name\":\"Comment\",\"target\":[\"https:\/\/www.justiceinfo.net\/fr\/5923-02042002-tpirmilitaires-les-accuses-sont-parmi-les-principaux-responsables-du-genocide-selon2713.html#respond\"]}]},{\"@type\":\"WebPage\",\"@id\":\"https:\/\/www.justiceinfo.net\/fr\/5923-02042002-tpirmilitaires-les-accuses-sont-parmi-les-principaux-responsables-du-genocide-selon2713.html\",\"url\":\"https:\/\/www.justiceinfo.net\/fr\/5923-02042002-tpirmilitaires-les-accuses-sont-parmi-les-principaux-responsables-du-genocide-selon2713.html\",\"name\":\"02.04.2002 - TPIR\/MILITAIRES - LES ACCUSES SONT PARMI LES PRINCIPAUX RESPONSABLES DU GENOCIDE, SELON - JusticeInfo.net\",\"isPartOf\":{\"@id\":\"https:\/\/www.justiceinfo.net\/fr#website\"},\"datePublished\":\"2002-04-01T22:00:00+00:00\",\"breadcrumb\":{\"@id\":\"https:\/\/www.justiceinfo.net\/fr\/5923-02042002-tpirmilitaires-les-accuses-sont-parmi-les-principaux-responsables-du-genocide-selon2713.html#breadcrumb\"},\"inLanguage\":\"fr-FR\",\"potentialAction\":[{\"@type\":\"ReadAction\",\"target\":[\"https:\/\/www.justiceinfo.net\/fr\/5923-02042002-tpirmilitaires-les-accuses-sont-parmi-les-principaux-responsables-du-genocide-selon2713.html\"]}]},{\"@type\":\"BreadcrumbList\",\"@id\":\"https:\/\/www.justiceinfo.net\/fr\/5923-02042002-tpirmilitaires-les-accuses-sont-parmi-les-principaux-responsables-du-genocide-selon2713.html#breadcrumb\",\"itemListElement\":[{\"@type\":\"ListItem\",\"position\":1,\"name\":\"Home\",\"item\":\"https:\/\/www.justiceinfo.net\/fr\"},{\"@type\":\"ListItem\",\"position\":2,\"name\":\"02.04.2002 - TPIR\/MILITAIRES - LES ACCUSES SONT PARMI LES PRINCIPAUX RESPONSABLES DU GENOCIDE, SELON\"}]},{\"@type\":\"WebSite\",\"@id\":\"https:\/\/www.justiceinfo.net\/fr#website\",\"url\":\"https:\/\/www.justiceinfo.net\/fr\",\"name\":\"JusticeInfo.net\",\"description\":\"La justice doit \u00eatre vue pour \u00eatre rendue\",\"publisher\":{\"@id\":\"https:\/\/www.justiceinfo.net\/fr#organization\"},\"potentialAction\":[{\"@type\":\"SearchAction\",\"target\":{\"@type\":\"EntryPoint\",\"urlTemplate\":\"https:\/\/www.justiceinfo.net\/fr?s={search_term_string}\"},\"query-input\":{\"@type\":\"PropertyValueSpecification\",\"valueRequired\":true,\"valueName\":\"search_term_string\"}}],\"inLanguage\":\"fr-FR\"},{\"@type\":\"Organization\",\"@id\":\"https:\/\/www.justiceinfo.net\/fr#organization\",\"name\":\"Justice Info\",\"url\":\"https:\/\/www.justiceinfo.net\/fr\",\"logo\":{\"@type\":\"ImageObject\",\"inLanguage\":\"fr-FR\",\"@id\":\"https:\/\/www.justiceinfo.net\/fr#\/schema\/logo\/image\/\",\"url\":\"https:\/\/www.justiceinfo.net\/wp-content\/uploads\/justiceinfo_logo-trans_1200x1200px.png\",\"contentUrl\":\"https:\/\/www.justiceinfo.net\/wp-content\/uploads\/justiceinfo_logo-trans_1200x1200px.png\",\"width\":1199,\"height\":1200,\"caption\":\"Justice Info\"},\"image\":{\"@id\":\"https:\/\/www.justiceinfo.net\/fr#\/schema\/logo\/image\/\"},\"sameAs\":[\"https:\/\/www.facebook.com\/JusticeInfo\/\",\"https:\/\/x.com\/justiceinfonet\",\"https:\/\/www.linkedin.com\/company\/justice-info\",\"https:\/\/www.youtube.com\/channel\/UCyCEsARodyuWtkWyhn-e7pA\"]},{\"@type\":\"Person\",\"name\":\"solivri\",\"url\":\"\/fr\/?s=solivri\"}]}<\/script>\n<!-- \/ Yoast SEO Premium plugin. -->","yoast_head_json":{"title":"02.04.2002 - TPIR\/MILITAIRES - LES ACCUSES SONT PARMI LES PRINCIPAUX RESPONSABLES DU GENOCIDE, SELON - JusticeInfo.net","robots":{"index":"index","follow":"follow","max-snippet":"max-snippet:-1","max-image-preview":"max-image-preview:large","max-video-preview":"max-video-preview:-1"},"canonical":"https:\/\/www.justiceinfo.net\/fr\/5923-02042002-tpirmilitaires-les-accuses-sont-parmi-les-principaux-responsables-du-genocide-selon2713.html","og_locale":"fr_FR","og_type":"article","og_title":"02.04.2002 - TPIR\/MILITAIRES - LES ACCUSES SONT PARMI LES PRINCIPAUX RESPONSABLES DU GENOCIDE, SELON","og_description":"Arusha 2 avril 2002 (FH) - Le procureur du Tribunal p\u00e9nal international pour le Rwanda (TPIR), la Suissesse Carla del Ponte, a d\u00e9clar\u00e9 que les quatre hauts grad\u00e9s de l'ex-arm\u00e9e arm\u00e9e rwandaise dont le proc\u00e8s s'est ouvert mardi apr\u00e8s-midi devant le Tribunal p\u00e9nal international pour le Rwanda (TPIR) sont parmi les principaux responsables du g\u00e9nocide [&hellip;]","og_url":"https:\/\/www.justiceinfo.net\/fr\/5923-02042002-tpirmilitaires-les-accuses-sont-parmi-les-principaux-responsables-du-genocide-selon2713.html","og_site_name":"JusticeInfo.net","article_publisher":"https:\/\/www.facebook.com\/JusticeInfo\/","article_published_time":"2002-04-01T22:00:00+00:00","og_image":[{"width":1200,"height":630,"url":"https:\/\/www.justiceinfo.net\/wp-content\/uploads\/JusticeInfoNet_logo_1200x630px.jpg","type":"image\/jpeg"}],"author":"solivri","twitter_card":"summary_large_image","twitter_creator":"@justiceinfonet","twitter_site":"@justiceinfonet","twitter_misc":{"\u00c9crit par":"solivri","Dur\u00e9e de lecture estim\u00e9e":"3 minutes"},"schema":{"@context":"https:\/\/schema.org","@graph":[{"@type":"NewsArticle","@id":"https:\/\/www.justiceinfo.net\/fr\/5923-02042002-tpirmilitaires-les-accuses-sont-parmi-les-principaux-responsables-du-genocide-selon2713.html#article","isPartOf":{"@id":"https:\/\/www.justiceinfo.net\/fr\/5923-02042002-tpirmilitaires-les-accuses-sont-parmi-les-principaux-responsables-du-genocide-selon2713.html"},"author":{"name":"solivri","@id":"https:\/\/www.justiceinfo.net\/fr#\/schema\/person\/6e53cba1629e2e66f3fc1821d3091865"},"headline":"02.04.2002 - TPIR\/MILITAIRES - LES ACCUSES SONT PARMI LES PRINCIPAUX RESPONSABLES DU GENOCIDE, SELON","datePublished":"2002-04-01T22:00:00+00:00","mainEntityOfPage":{"@id":"https:\/\/www.justiceinfo.net\/fr\/5923-02042002-tpirmilitaires-les-accuses-sont-parmi-les-principaux-responsables-du-genocide-selon2713.html"},"wordCount":538,"commentCount":0,"publisher":{"@id":"https:\/\/www.justiceinfo.net\/fr#organization"},"articleSection":["Hirondelle News"],"inLanguage":"fr-FR","potentialAction":[{"@type":"CommentAction","name":"Comment","target":["https:\/\/www.justiceinfo.net\/fr\/5923-02042002-tpirmilitaires-les-accuses-sont-parmi-les-principaux-responsables-du-genocide-selon2713.html#respond"]}]},{"@type":"WebPage","@id":"https:\/\/www.justiceinfo.net\/fr\/5923-02042002-tpirmilitaires-les-accuses-sont-parmi-les-principaux-responsables-du-genocide-selon2713.html","url":"https:\/\/www.justiceinfo.net\/fr\/5923-02042002-tpirmilitaires-les-accuses-sont-parmi-les-principaux-responsables-du-genocide-selon2713.html","name":"02.04.2002 - TPIR\/MILITAIRES - LES ACCUSES SONT PARMI LES PRINCIPAUX RESPONSABLES DU GENOCIDE, SELON - JusticeInfo.net","isPartOf":{"@id":"https:\/\/www.justiceinfo.net\/fr#website"},"datePublished":"2002-04-01T22:00:00+00:00","breadcrumb":{"@id":"https:\/\/www.justiceinfo.net\/fr\/5923-02042002-tpirmilitaires-les-accuses-sont-parmi-les-principaux-responsables-du-genocide-selon2713.html#breadcrumb"},"inLanguage":"fr-FR","potentialAction":[{"@type":"ReadAction","target":["https:\/\/www.justiceinfo.net\/fr\/5923-02042002-tpirmilitaires-les-accuses-sont-parmi-les-principaux-responsables-du-genocide-selon2713.html"]}]},{"@type":"BreadcrumbList","@id":"https:\/\/www.justiceinfo.net\/fr\/5923-02042002-tpirmilitaires-les-accuses-sont-parmi-les-principaux-responsables-du-genocide-selon2713.html#breadcrumb","itemListElement":[{"@type":"ListItem","position":1,"name":"Home","item":"https:\/\/www.justiceinfo.net\/fr"},{"@type":"ListItem","position":2,"name":"02.04.2002 - TPIR\/MILITAIRES - LES ACCUSES SONT PARMI LES PRINCIPAUX RESPONSABLES DU GENOCIDE, SELON"}]},{"@type":"WebSite","@id":"https:\/\/www.justiceinfo.net\/fr#website","url":"https:\/\/www.justiceinfo.net\/fr","name":"JusticeInfo.net","description":"La justice doit \u00eatre vue pour \u00eatre rendue","publisher":{"@id":"https:\/\/www.justiceinfo.net\/fr#organization"},"potentialAction":[{"@type":"SearchAction","target":{"@type":"EntryPoint","urlTemplate":"https:\/\/www.justiceinfo.net\/fr?s={search_term_string}"},"query-input":{"@type":"PropertyValueSpecification","valueRequired":true,"valueName":"search_term_string"}}],"inLanguage":"fr-FR"},{"@type":"Organization","@id":"https:\/\/www.justiceinfo.net\/fr#organization","name":"Justice Info","url":"https:\/\/www.justiceinfo.net\/fr","logo":{"@type":"ImageObject","inLanguage":"fr-FR","@id":"https:\/\/www.justiceinfo.net\/fr#\/schema\/logo\/image\/","url":"https:\/\/www.justiceinfo.net\/wp-content\/uploads\/justiceinfo_logo-trans_1200x1200px.png","contentUrl":"https:\/\/www.justiceinfo.net\/wp-content\/uploads\/justiceinfo_logo-trans_1200x1200px.png","width":1199,"height":1200,"caption":"Justice Info"},"image":{"@id":"https:\/\/www.justiceinfo.net\/fr#\/schema\/logo\/image\/"},"sameAs":["https:\/\/www.facebook.com\/JusticeInfo\/","https:\/\/x.com\/justiceinfonet","https:\/\/www.linkedin.com\/company\/justice-info","https:\/\/www.youtube.com\/channel\/UCyCEsARodyuWtkWyhn-e7pA"]},{"@type":"Person","name":"solivri","url":"\/fr\/?s=solivri"}]}},"_links":{"self":[{"href":"https:\/\/www.justiceinfo.net\/fr\/wp-json\/wp\/v2\/posts\/5923","targetHints":{"allow":["GET"]}}],"collection":[{"href":"https:\/\/www.justiceinfo.net\/fr\/wp-json\/wp\/v2\/posts"}],"about":[{"href":"https:\/\/www.justiceinfo.net\/fr\/wp-json\/wp\/v2\/types\/post"}],"author":[{"embeddable":true,"href":"https:\/\/www.justiceinfo.net\/fr\/wp-json\/wp\/v2\/users\/64"}],"replies":[{"embeddable":true,"href":"https:\/\/www.justiceinfo.net\/fr\/wp-json\/wp\/v2\/comments?post=5923"}],"version-history":[{"count":0,"href":"https:\/\/www.justiceinfo.net\/fr\/wp-json\/wp\/v2\/posts\/5923\/revisions"}],"wp:attachment":[{"href":"https:\/\/www.justiceinfo.net\/fr\/wp-json\/wp\/v2\/media?parent=5923"}],"wp:term":[{"taxonomy":"category","embeddable":true,"href":"https:\/\/www.justiceinfo.net\/fr\/wp-json\/wp\/v2\/categories?post=5923"},{"taxonomy":"post_tag","embeddable":true,"href":"https:\/\/www.justiceinfo.net\/fr\/wp-json\/wp\/v2\/tags?post=5923"},{"taxonomy":"ji_location","embeddable":true,"href":"https:\/\/www.justiceinfo.net\/fr\/wp-json\/wp\/v2\/ji_location?post=5923"}],"curies":[{"name":"wp","href":"https:\/\/api.w.org\/{rel}","templated":true}]}}