{"id":5955,"date":"2002-03-25T00:00:00","date_gmt":"2002-03-24T23:00:00","guid":{"rendered":"https:\/\/www.justiceinfo.net\/5955-25032002-tpircyangugu-kabiligi-affirme-quil-etait-en-egypte-fin-janvier-19942745.html"},"modified":"2002-03-25T00:00:00","modified_gmt":"2002-03-24T23:00:00","slug":"25032002-tpircyangugu-kabiligi-affirme-quil-etait-en-egypte-fin-janvier-19942745","status":"publish","type":"post","link":"https:\/\/www.justiceinfo.net\/fr\/5955-25032002-tpircyangugu-kabiligi-affirme-quil-etait-en-egypte-fin-janvier-19942745.html","title":{"rendered":"25.03.2002 - TPIR\/CYANGUGU - KABILIGI AFFIRME QU'IL ETAIT EN EGYPTE FIN JANVIER 1994"},"content":{"rendered":"<p  >\nArusha 25 mars 2002 (FH) - Le g\u00e9n\u00e9ral de brigade Gratien Kabiligi a d\u00e9clar\u00e9 qu'il \u00e9tait en mission le 28 janvier 1994, lors de sa d\u00e9position lundi dans le proc\u00e8s du groupe de Cyangugu, en cours devant le tribunal p\u00e9nal international pour le Rwanda (TPIR).\n<\/p>\n<p  >\nDeux t\u00e9moins de l'accusation d\u00e9sign\u00e9s par les lettres \"LAI\" et \"LAP\" pour prot\u00e9ger leurs identit\u00e9s ont rapport\u00e9, en septembre dernier, que le 28 janvier 1994, en pr\u00e9lude aux massacres D'avril, Ntagerura \u00e9tait venu \u00e0 Bugarama, \u00e0 bord D'un h\u00e9licopt\u00e8re, pour distribuer des armes aux Interahamwe (milice de l'ex-parti au pouvoir, le MRND), et qu'il \u00e9tait en compagnie du G\u00e9n\u00e9ral Kabiligi.\n<\/p>\n<p><!--more--><\/p>\n<p  >\nQuatorzi\u00e8me t\u00e9moin de la d\u00e9fense, le g\u00e9n\u00e9ral Kabiligi d\u00e9pose pour le compte de l'ex-ministre des transports et communications sous le gouvernement int\u00e9rimaire, Andr\u00e9 Ntagerura, un des co-accus\u00e9s dans ce proc\u00e8s. \"Le 28 janvier 1994, J'\u00e9tais en Egypte, au Caire, en mission D'Etat\", a affirm\u00e9 le g\u00e9n\u00e9ral Kabiligi, ajoutant que cette mission avait dur\u00e9 du 27 janvier au 8 f\u00e9vrier 1994.\n<\/p>\n<p  >\nSelon le t\u00e9moin, cette mission avait \u00e9t\u00e9 organis\u00e9e par le minist\u00e8re des Affaires \u00e9trang\u00e8res, avec l'accord du premier ministre. Il a expliqu\u00e9 qu'elle s'inscrivait dans le cadre de la coop\u00e9ration militaire entre le Rwanda et l'Egypte, o\u00f9 il devait n\u00e9gocier et obtenir des bourses D'\u00e9tudes de courte dur\u00e9e pour des officiers et sous-officiers rwandais. La d\u00e9fense a alors exhib\u00e9 des copies du rapport de mission du t\u00e9moin, que ce dernier a affirm\u00e9 avoir obtenu du bureau du procureur.\n<\/p>\n<p  >\nLe conseil de l'accus\u00e9, l'avocat Canadien Me Beno\u00eet Henry, avait soutenu vendredi dernier qu'avec le t\u00e9moignage du g\u00e9n\u00e9ral Kabiligi, \"la preuve apport\u00e9e par l'accusation sera r\u00e9duite en poussi\u00e8re\". Un autre t\u00e9moin avait affirm\u00e9 qu'\u00e0 la m\u00eame date, le g\u00e9n\u00e9ral se trouvait au camp militaire de Bigogwe, \u00e0 Gisenyi, avec l'accus\u00e9.\n<\/p>\n<p  >\nLe g\u00e9n\u00e9ral Kabiligi a en outre expliqu\u00e9 que son retour D'Egypte, initialement pr\u00e9vu le 3 f\u00e9vrier 1994, avait \u00e9t\u00e9 report\u00e9 au 8 f\u00e9vrier, en raison du fait que les dossiers de formation des officiers rwandais avaient \u00e9t\u00e9 soumis au minist\u00e8re \u00e9gyptien de la D\u00e9fense, qui devait les approuver avant qu'un accord soit conclu.\n<\/p>\n<p  >\nR\u00e9pondant aux questions de l'avocat du Congo d\u00e9mocratique, Me Jean Pierre Fof\u00e9, co-conseil de l'ex-commandant du camp militaire de Karambo \u00e0 Cyangugu, le lieutenant Samuel Imanishimwe, le g\u00e9n\u00e9ral Kabiligi a indiqu\u00e9 qu'il connaissait ce dernier depuis qu'il \u00e9tait \u00e0 l'\u00e9cole sup\u00e9rieure militaire.\n<\/p>\n<p  >\nNtagerura et Imanishimwe sont co-accus\u00e9s avec l'ancien pr\u00e9fet de Cyangugu, Emmanuel Bagambiki. Tous trois plaident non coupables aux accusations de massacres de tutsis perp\u00e9tr\u00e9s dans cette r\u00e9gion durant le g\u00e9nocide de 1994.\n<\/p>\n<p  >\nSelon le t\u00e9moin, Imanishimwe, bless\u00e9 durant la guerre qui avait d\u00e9but\u00e9 en octobre 1990, avait \u00e9t\u00e9 transf\u00e9r\u00e9 au service G3 de l'\u00e9tat major, o\u00f9 il \u00e9tait charg\u00e9 du \"service du secr\u00e9tariat op\u00e9rationnel charg\u00e9 de centraliser les rapports des op\u00e9rations militaires sur terrain\", qu'il devait synth\u00e9tiser et consigner dans un registre ad hoc.\n<\/p>\n<p  >\nPlan de distribution D'armes.<br \/>\nLe t\u00e9moin a en outre expliqu\u00e9 qu'en avril 1994, le camp militaire de Karambo, o\u00f9 Imanishimwe avait \u00e9t\u00e9 mut\u00e9 fin octobre 1993, comptait essentiellement des bless\u00e9s de guerre et des convalescents, \"qui assuraient des services l\u00e9gers\", les militaires actifs ayant \u00e9t\u00e9 mut\u00e9s au front.\n<\/p>\n<p  >\nLors du contre-interrogatoire, le substitut ougandais du procureur, Richard Karegesya, a voulu savoir s'il n'y avait pas de plan de distribution D'armes dans le pays au moment des faits all\u00e9gu\u00e9s. Me Henry a object\u00e9 \u00e0 la question, expliquant qu'elle n'avait pas \u00e9t\u00e9 apport\u00e9e en preuve principale.\n<\/p>\n<p  >\nMe Henry a soutenu que le procureur devait prouver que le t\u00e9moin n'\u00e9tait pas \u00e0 l'ext\u00e9rieur du pays au moment des faits all\u00e9gu\u00e9s avant de tester sa cr\u00e9dibilit\u00e9. \"Vous devez tenir compte que c'est un accus\u00e9 dans une autre affaire\", a ordonn\u00e9 le juge pr\u00e9sident George Williams de Saint Kitts et Nevis \u00e0 l'intention du procureur, avant D'ajouter: \"Vous ne pouvez donc pas lui poser des questions relatives \u00e0 la distribution D'armes dans le pays\". La chambre a alors invit\u00e9 le procureur \u00e0 attaquer le preuve apport\u00e9e par la d\u00e9fense.\n<\/p>\n<p  >\nLe g\u00e9n\u00e9ral Kabiligi est d\u00e9tenu au TPIR et attend l'ouverture de son proc\u00e8s sur le fond. Il est co-accus\u00e9, dans le proc\u00e8s dit \"des militaires\", avec l'ancien chef de cabinet au minist\u00e8re rwandais de la d\u00e9fense, le colonel Th\u00e9oneste Bagosora, et deux autres officiers sup\u00e9rieurs : le lieutenant-colonel Anatole Nsengiyumva et le major Aloys Ntabakuze.\n<\/p>\n<p  >\nLe proc\u00e8s se d\u00e9roule devant la troisi\u00e8me chambre de premi\u00e8re instance du TPIR, comprenant, outre le juge Williams, les juges, russe Yakov Ostrovsky, et slov\u00e8ne Pavel Dolenc.\n<\/p>\n<p  >\nGA\/GF\/FH (CY-0325A)<\/p>\n","protected":false},"excerpt":{"rendered":"<p>Arusha 25 mars 2002 (FH) - Le g\u00e9n\u00e9ral de brigade Gratien Kabiligi a d\u00e9clar\u00e9 qu'il \u00e9tait en mission le 28 janvier 1994, lors de sa d\u00e9position lundi dans le proc\u00e8s du groupe de Cyangugu, en cours devant le tribunal p\u00e9nal international pour le Rwanda (TPIR). Deux t\u00e9moins de l'accusation d\u00e9sign\u00e9s par les lettres \"LAI\" et [&hellip;]<\/p>\n","protected":false},"author":64,"featured_media":0,"comment_status":"open","ping_status":"closed","sticky":false,"template":"","format":"standard","meta":{"_acf_changed":false,"footnotes":""},"categories":[554],"tags":[],"ji_location":[],"class_list":["post-5955","post","type-post","status-publish","format-standard","hentry","category-hirondellenews"],"acf":[],"yoast_head":"<!-- This site is optimized with the Yoast SEO Premium plugin v25.3.1 (Yoast SEO v25.3.1) - https:\/\/yoast.com\/wordpress\/plugins\/seo\/ -->\n<title>25.03.2002 - TPIR\/CYANGUGU - KABILIGI AFFIRME QU&#039;IL ETAIT EN EGYPTE FIN JANVIER 1994 - JusticeInfo.net<\/title>\n<meta name=\"robots\" content=\"index, follow, max-snippet:-1, max-image-preview:large, max-video-preview:-1\" \/>\n<link rel=\"canonical\" href=\"https:\/\/www.justiceinfo.net\/fr\/5955-25032002-tpircyangugu-kabiligi-affirme-quil-etait-en-egypte-fin-janvier-19942745.html\" \/>\n<meta property=\"og:locale\" content=\"fr_FR\" \/>\n<meta property=\"og:type\" content=\"article\" \/>\n<meta property=\"og:title\" content=\"25.03.2002 - TPIR\/CYANGUGU - KABILIGI AFFIRME QU&#039;IL ETAIT EN EGYPTE FIN JANVIER 1994\" \/>\n<meta property=\"og:description\" content=\"Arusha 25 mars 2002 (FH) - Le g\u00e9n\u00e9ral de brigade Gratien Kabiligi a d\u00e9clar\u00e9 qu&#039;il \u00e9tait en mission le 28 janvier 1994, lors de sa d\u00e9position lundi dans le proc\u00e8s du groupe de Cyangugu, en cours devant le tribunal p\u00e9nal international pour le Rwanda (TPIR). Deux t\u00e9moins de l&#039;accusation d\u00e9sign\u00e9s par les lettres &quot;LAI&quot; et [&hellip;]\" \/>\n<meta property=\"og:url\" content=\"https:\/\/www.justiceinfo.net\/fr\/5955-25032002-tpircyangugu-kabiligi-affirme-quil-etait-en-egypte-fin-janvier-19942745.html\" \/>\n<meta property=\"og:site_name\" content=\"JusticeInfo.net\" \/>\n<meta property=\"article:publisher\" content=\"https:\/\/www.facebook.com\/JusticeInfo\/\" \/>\n<meta property=\"article:published_time\" content=\"2002-03-24T23:00:00+00:00\" \/>\n<meta property=\"og:image\" content=\"https:\/\/www.justiceinfo.net\/wp-content\/uploads\/JusticeInfoNet_logo_1200x630px.jpg\" \/>\n\t<meta property=\"og:image:width\" content=\"1200\" \/>\n\t<meta property=\"og:image:height\" content=\"630\" \/>\n\t<meta property=\"og:image:type\" content=\"image\/jpeg\" \/>\n<meta name=\"author\" content=\"solivri\" \/>\n<meta name=\"twitter:card\" content=\"summary_large_image\" \/>\n<meta name=\"twitter:creator\" content=\"@justiceinfonet\" \/>\n<meta name=\"twitter:site\" content=\"@justiceinfonet\" \/>\n<meta name=\"twitter:label1\" content=\"\u00c9crit par\" \/>\n\t<meta name=\"twitter:data1\" content=\"solivri\" \/>\n\t<meta name=\"twitter:label2\" content=\"Dur\u00e9e de lecture estim\u00e9e\" \/>\n\t<meta name=\"twitter:data2\" content=\"4 minutes\" \/>\n<script type=\"application\/ld+json\" class=\"yoast-schema-graph\">{\"@context\":\"https:\/\/schema.org\",\"@graph\":[{\"@type\":\"NewsArticle\",\"@id\":\"https:\/\/www.justiceinfo.net\/fr\/5955-25032002-tpircyangugu-kabiligi-affirme-quil-etait-en-egypte-fin-janvier-19942745.html#article\",\"isPartOf\":{\"@id\":\"https:\/\/www.justiceinfo.net\/fr\/5955-25032002-tpircyangugu-kabiligi-affirme-quil-etait-en-egypte-fin-janvier-19942745.html\"},\"author\":{\"name\":\"solivri\",\"@id\":\"https:\/\/www.justiceinfo.net\/fr#\/schema\/person\/6e53cba1629e2e66f3fc1821d3091865\"},\"headline\":\"25.03.2002 - TPIR\/CYANGUGU - KABILIGI AFFIRME QU'IL ETAIT EN EGYPTE FIN JANVIER 1994\",\"datePublished\":\"2002-03-24T23:00:00+00:00\",\"mainEntityOfPage\":{\"@id\":\"https:\/\/www.justiceinfo.net\/fr\/5955-25032002-tpircyangugu-kabiligi-affirme-quil-etait-en-egypte-fin-janvier-19942745.html\"},\"wordCount\":873,\"commentCount\":0,\"publisher\":{\"@id\":\"https:\/\/www.justiceinfo.net\/fr#organization\"},\"articleSection\":[\"Hirondelle News\"],\"inLanguage\":\"fr-FR\",\"potentialAction\":[{\"@type\":\"CommentAction\",\"name\":\"Comment\",\"target\":[\"https:\/\/www.justiceinfo.net\/fr\/5955-25032002-tpircyangugu-kabiligi-affirme-quil-etait-en-egypte-fin-janvier-19942745.html#respond\"]}]},{\"@type\":\"WebPage\",\"@id\":\"https:\/\/www.justiceinfo.net\/fr\/5955-25032002-tpircyangugu-kabiligi-affirme-quil-etait-en-egypte-fin-janvier-19942745.html\",\"url\":\"https:\/\/www.justiceinfo.net\/fr\/5955-25032002-tpircyangugu-kabiligi-affirme-quil-etait-en-egypte-fin-janvier-19942745.html\",\"name\":\"25.03.2002 - TPIR\/CYANGUGU - KABILIGI AFFIRME QU'IL ETAIT EN EGYPTE FIN JANVIER 1994 - JusticeInfo.net\",\"isPartOf\":{\"@id\":\"https:\/\/www.justiceinfo.net\/fr#website\"},\"datePublished\":\"2002-03-24T23:00:00+00:00\",\"breadcrumb\":{\"@id\":\"https:\/\/www.justiceinfo.net\/fr\/5955-25032002-tpircyangugu-kabiligi-affirme-quil-etait-en-egypte-fin-janvier-19942745.html#breadcrumb\"},\"inLanguage\":\"fr-FR\",\"potentialAction\":[{\"@type\":\"ReadAction\",\"target\":[\"https:\/\/www.justiceinfo.net\/fr\/5955-25032002-tpircyangugu-kabiligi-affirme-quil-etait-en-egypte-fin-janvier-19942745.html\"]}]},{\"@type\":\"BreadcrumbList\",\"@id\":\"https:\/\/www.justiceinfo.net\/fr\/5955-25032002-tpircyangugu-kabiligi-affirme-quil-etait-en-egypte-fin-janvier-19942745.html#breadcrumb\",\"itemListElement\":[{\"@type\":\"ListItem\",\"position\":1,\"name\":\"Home\",\"item\":\"https:\/\/www.justiceinfo.net\/fr\"},{\"@type\":\"ListItem\",\"position\":2,\"name\":\"25.03.2002 - TPIR\/CYANGUGU - KABILIGI AFFIRME QU'IL ETAIT EN EGYPTE FIN JANVIER 1994\"}]},{\"@type\":\"WebSite\",\"@id\":\"https:\/\/www.justiceinfo.net\/fr#website\",\"url\":\"https:\/\/www.justiceinfo.net\/fr\",\"name\":\"JusticeInfo.net\",\"description\":\"La justice doit \u00eatre vue pour \u00eatre rendue\",\"publisher\":{\"@id\":\"https:\/\/www.justiceinfo.net\/fr#organization\"},\"potentialAction\":[{\"@type\":\"SearchAction\",\"target\":{\"@type\":\"EntryPoint\",\"urlTemplate\":\"https:\/\/www.justiceinfo.net\/fr?s={search_term_string}\"},\"query-input\":{\"@type\":\"PropertyValueSpecification\",\"valueRequired\":true,\"valueName\":\"search_term_string\"}}],\"inLanguage\":\"fr-FR\"},{\"@type\":\"Organization\",\"@id\":\"https:\/\/www.justiceinfo.net\/fr#organization\",\"name\":\"Justice Info\",\"url\":\"https:\/\/www.justiceinfo.net\/fr\",\"logo\":{\"@type\":\"ImageObject\",\"inLanguage\":\"fr-FR\",\"@id\":\"https:\/\/www.justiceinfo.net\/fr#\/schema\/logo\/image\/\",\"url\":\"https:\/\/www.justiceinfo.net\/wp-content\/uploads\/justiceinfo_logo-trans_1200x1200px.png\",\"contentUrl\":\"https:\/\/www.justiceinfo.net\/wp-content\/uploads\/justiceinfo_logo-trans_1200x1200px.png\",\"width\":1199,\"height\":1200,\"caption\":\"Justice Info\"},\"image\":{\"@id\":\"https:\/\/www.justiceinfo.net\/fr#\/schema\/logo\/image\/\"},\"sameAs\":[\"https:\/\/www.facebook.com\/JusticeInfo\/\",\"https:\/\/x.com\/justiceinfonet\",\"https:\/\/www.linkedin.com\/company\/justice-info\",\"https:\/\/www.youtube.com\/channel\/UCyCEsARodyuWtkWyhn-e7pA\"]},{\"@type\":\"Person\",\"name\":\"solivri\",\"url\":\"\/fr\/?s=solivri\"}]}<\/script>\n<!-- \/ Yoast SEO Premium plugin. -->","yoast_head_json":{"title":"25.03.2002 - TPIR\/CYANGUGU - KABILIGI AFFIRME QU'IL ETAIT EN EGYPTE FIN JANVIER 1994 - JusticeInfo.net","robots":{"index":"index","follow":"follow","max-snippet":"max-snippet:-1","max-image-preview":"max-image-preview:large","max-video-preview":"max-video-preview:-1"},"canonical":"https:\/\/www.justiceinfo.net\/fr\/5955-25032002-tpircyangugu-kabiligi-affirme-quil-etait-en-egypte-fin-janvier-19942745.html","og_locale":"fr_FR","og_type":"article","og_title":"25.03.2002 - TPIR\/CYANGUGU - KABILIGI AFFIRME QU'IL ETAIT EN EGYPTE FIN JANVIER 1994","og_description":"Arusha 25 mars 2002 (FH) - Le g\u00e9n\u00e9ral de brigade Gratien Kabiligi a d\u00e9clar\u00e9 qu'il \u00e9tait en mission le 28 janvier 1994, lors de sa d\u00e9position lundi dans le proc\u00e8s du groupe de Cyangugu, en cours devant le tribunal p\u00e9nal international pour le Rwanda (TPIR). Deux t\u00e9moins de l'accusation d\u00e9sign\u00e9s par les lettres \"LAI\" et [&hellip;]","og_url":"https:\/\/www.justiceinfo.net\/fr\/5955-25032002-tpircyangugu-kabiligi-affirme-quil-etait-en-egypte-fin-janvier-19942745.html","og_site_name":"JusticeInfo.net","article_publisher":"https:\/\/www.facebook.com\/JusticeInfo\/","article_published_time":"2002-03-24T23:00:00+00:00","og_image":[{"width":1200,"height":630,"url":"https:\/\/www.justiceinfo.net\/wp-content\/uploads\/JusticeInfoNet_logo_1200x630px.jpg","type":"image\/jpeg"}],"author":"solivri","twitter_card":"summary_large_image","twitter_creator":"@justiceinfonet","twitter_site":"@justiceinfonet","twitter_misc":{"\u00c9crit par":"solivri","Dur\u00e9e de lecture estim\u00e9e":"4 minutes"},"schema":{"@context":"https:\/\/schema.org","@graph":[{"@type":"NewsArticle","@id":"https:\/\/www.justiceinfo.net\/fr\/5955-25032002-tpircyangugu-kabiligi-affirme-quil-etait-en-egypte-fin-janvier-19942745.html#article","isPartOf":{"@id":"https:\/\/www.justiceinfo.net\/fr\/5955-25032002-tpircyangugu-kabiligi-affirme-quil-etait-en-egypte-fin-janvier-19942745.html"},"author":{"name":"solivri","@id":"https:\/\/www.justiceinfo.net\/fr#\/schema\/person\/6e53cba1629e2e66f3fc1821d3091865"},"headline":"25.03.2002 - TPIR\/CYANGUGU - KABILIGI AFFIRME QU'IL ETAIT EN EGYPTE FIN JANVIER 1994","datePublished":"2002-03-24T23:00:00+00:00","mainEntityOfPage":{"@id":"https:\/\/www.justiceinfo.net\/fr\/5955-25032002-tpircyangugu-kabiligi-affirme-quil-etait-en-egypte-fin-janvier-19942745.html"},"wordCount":873,"commentCount":0,"publisher":{"@id":"https:\/\/www.justiceinfo.net\/fr#organization"},"articleSection":["Hirondelle News"],"inLanguage":"fr-FR","potentialAction":[{"@type":"CommentAction","name":"Comment","target":["https:\/\/www.justiceinfo.net\/fr\/5955-25032002-tpircyangugu-kabiligi-affirme-quil-etait-en-egypte-fin-janvier-19942745.html#respond"]}]},{"@type":"WebPage","@id":"https:\/\/www.justiceinfo.net\/fr\/5955-25032002-tpircyangugu-kabiligi-affirme-quil-etait-en-egypte-fin-janvier-19942745.html","url":"https:\/\/www.justiceinfo.net\/fr\/5955-25032002-tpircyangugu-kabiligi-affirme-quil-etait-en-egypte-fin-janvier-19942745.html","name":"25.03.2002 - TPIR\/CYANGUGU - KABILIGI AFFIRME QU'IL ETAIT EN EGYPTE FIN JANVIER 1994 - JusticeInfo.net","isPartOf":{"@id":"https:\/\/www.justiceinfo.net\/fr#website"},"datePublished":"2002-03-24T23:00:00+00:00","breadcrumb":{"@id":"https:\/\/www.justiceinfo.net\/fr\/5955-25032002-tpircyangugu-kabiligi-affirme-quil-etait-en-egypte-fin-janvier-19942745.html#breadcrumb"},"inLanguage":"fr-FR","potentialAction":[{"@type":"ReadAction","target":["https:\/\/www.justiceinfo.net\/fr\/5955-25032002-tpircyangugu-kabiligi-affirme-quil-etait-en-egypte-fin-janvier-19942745.html"]}]},{"@type":"BreadcrumbList","@id":"https:\/\/www.justiceinfo.net\/fr\/5955-25032002-tpircyangugu-kabiligi-affirme-quil-etait-en-egypte-fin-janvier-19942745.html#breadcrumb","itemListElement":[{"@type":"ListItem","position":1,"name":"Home","item":"https:\/\/www.justiceinfo.net\/fr"},{"@type":"ListItem","position":2,"name":"25.03.2002 - TPIR\/CYANGUGU - KABILIGI AFFIRME QU'IL ETAIT EN EGYPTE FIN JANVIER 1994"}]},{"@type":"WebSite","@id":"https:\/\/www.justiceinfo.net\/fr#website","url":"https:\/\/www.justiceinfo.net\/fr","name":"JusticeInfo.net","description":"La justice doit \u00eatre vue pour \u00eatre rendue","publisher":{"@id":"https:\/\/www.justiceinfo.net\/fr#organization"},"potentialAction":[{"@type":"SearchAction","target":{"@type":"EntryPoint","urlTemplate":"https:\/\/www.justiceinfo.net\/fr?s={search_term_string}"},"query-input":{"@type":"PropertyValueSpecification","valueRequired":true,"valueName":"search_term_string"}}],"inLanguage":"fr-FR"},{"@type":"Organization","@id":"https:\/\/www.justiceinfo.net\/fr#organization","name":"Justice Info","url":"https:\/\/www.justiceinfo.net\/fr","logo":{"@type":"ImageObject","inLanguage":"fr-FR","@id":"https:\/\/www.justiceinfo.net\/fr#\/schema\/logo\/image\/","url":"https:\/\/www.justiceinfo.net\/wp-content\/uploads\/justiceinfo_logo-trans_1200x1200px.png","contentUrl":"https:\/\/www.justiceinfo.net\/wp-content\/uploads\/justiceinfo_logo-trans_1200x1200px.png","width":1199,"height":1200,"caption":"Justice Info"},"image":{"@id":"https:\/\/www.justiceinfo.net\/fr#\/schema\/logo\/image\/"},"sameAs":["https:\/\/www.facebook.com\/JusticeInfo\/","https:\/\/x.com\/justiceinfonet","https:\/\/www.linkedin.com\/company\/justice-info","https:\/\/www.youtube.com\/channel\/UCyCEsARodyuWtkWyhn-e7pA"]},{"@type":"Person","name":"solivri","url":"\/fr\/?s=solivri"}]}},"_links":{"self":[{"href":"https:\/\/www.justiceinfo.net\/fr\/wp-json\/wp\/v2\/posts\/5955","targetHints":{"allow":["GET"]}}],"collection":[{"href":"https:\/\/www.justiceinfo.net\/fr\/wp-json\/wp\/v2\/posts"}],"about":[{"href":"https:\/\/www.justiceinfo.net\/fr\/wp-json\/wp\/v2\/types\/post"}],"author":[{"embeddable":true,"href":"https:\/\/www.justiceinfo.net\/fr\/wp-json\/wp\/v2\/users\/64"}],"replies":[{"embeddable":true,"href":"https:\/\/www.justiceinfo.net\/fr\/wp-json\/wp\/v2\/comments?post=5955"}],"version-history":[{"count":0,"href":"https:\/\/www.justiceinfo.net\/fr\/wp-json\/wp\/v2\/posts\/5955\/revisions"}],"wp:attachment":[{"href":"https:\/\/www.justiceinfo.net\/fr\/wp-json\/wp\/v2\/media?parent=5955"}],"wp:term":[{"taxonomy":"category","embeddable":true,"href":"https:\/\/www.justiceinfo.net\/fr\/wp-json\/wp\/v2\/categories?post=5955"},{"taxonomy":"post_tag","embeddable":true,"href":"https:\/\/www.justiceinfo.net\/fr\/wp-json\/wp\/v2\/tags?post=5955"},{"taxonomy":"ji_location","embeddable":true,"href":"https:\/\/www.justiceinfo.net\/fr\/wp-json\/wp\/v2\/ji_location?post=5955"}],"curies":[{"name":"wp","href":"https:\/\/api.w.org\/{rel}","templated":true}]}}