{"id":5981,"date":"2002-03-18T00:00:00","date_gmt":"2002-03-17T23:00:00","guid":{"rendered":"https:\/\/www.justiceinfo.net\/5981-18032002-tpircomparutions-un-ex-maire-et-un-colonel-plaident-non-coupables-de-genocide2771.html"},"modified":"2002-03-18T00:00:00","modified_gmt":"2002-03-17T23:00:00","slug":"18032002-tpircomparutions-un-ex-maire-et-un-colonel-plaident-non-coupables-de-genocide2771","status":"publish","type":"post","link":"https:\/\/www.justiceinfo.net\/fr\/5981-18032002-tpircomparutions-un-ex-maire-et-un-colonel-plaident-non-coupables-de-genocide2771.html","title":{"rendered":"18.03.2002 - TPIR\/COMPARUTIONS - UN EX-MAIRE ET UN COLONEL PLAIDENT NON COUPABLES DE GENOCIDE"},"content":{"rendered":"<p  >\nArusha 18 mars 2002 - l'ancien maire de Gikoro (province de Kigali rural, centre-est du Rwanda), Paul Bisengimana, et le colonel Aloys Simba ont plaid\u00e9 non coupables lors de leurs comparutions initiales, lundi, devant le Tribunal p\u00e9nal international pour le Rwanda (TPIR).\n<\/p>\n<p  >\nLes deux accus\u00e9s ont comparu s\u00e9par\u00e9ment devant le juge George Llyod Williams de Saint-Kitts et Nevis de la troisi\u00e8me chambre de premi\u00e8re instance.\n<\/p>\n<p><!--more--><\/p>\n<p  >\nl'ex-maire de Gikoro r\u00e9pond de douze chefs de g\u00e9nocide, de crimes contre l'humanit\u00e9 (extermination, meurtre, viols, torture et autres actes inhumains) et des violations des conventions de Gen\u00e8ve applicables en temps de guerre. Le colonel Simba r\u00e9pond pour sa part de quatre chefs de g\u00e9nocide, de complicit\u00e9 dans le g\u00e9nocide et de crimes contre l'humanit\u00e9 (extermination et meurtre).\n<\/p>\n<p  >\nLe parquet all\u00e8gue que le colonel Simba, retrait\u00e9 des ex-Forces Armes Rwandaises durant le g\u00e9nocide, \u00e9tait responsable de la d\u00e9fense civile dans les provinces de Butare et Gikongoro (sud du Rwanda) en mai et juin 1994, et avait autorit\u00e9 sur des militaires, des policiers et des Interahamwe [miliciens de l'ex-parti pr\u00e9sidentiel, le MRND]. Il aurait en cette qualit\u00e9 dirig\u00e9 les massacres de Tutsis dans cette r\u00e9gion.\n<\/p>\n<p  >\nPaul Bisengimana est quant \u00e0 lui accus\u00e9 D'avoir dirig\u00e9 des massacres dans la commune de Gikoro, dont il \u00e9tait en charge.\n<\/p>\n<p  >\nLe parquet all\u00e8gue que Bisengimana, de concert avec l'ancien maire de Bicumbi, Laurent Semanza (dont le proc\u00e8s est en cours au TPIR), a particip\u00e9 aux entra\u00eenements des miliciens, \u00e0 la distribution des armes et au transport des assaillants : \"Entre le 9 et le 13 avril 1994, Paul Bisengimana, en sa qualit\u00e9 de bourgmestre de Gikoro a collabor\u00e9 \u00e9troitement avec Juv\u00e9nal Rugambarara, le bourgmestre de Bicumbi, et Laurent Semanza pour organiser le transport des militaires, des Interahamwe (milice de l'ex-parti au pouvoir, le MRND), des armes et du carburant afin de commettre les tueries collectives \u00e0 la paroisse de Musha, dans la commune de Gikoro, o\u00f9 plusieurs milliers de personnes s'\u00e9taient mises \u00e0 l'abri des tueries commises dans leur secteur\".\n<\/p>\n<p  >\nl'ex-maire a \u00e9t\u00e9 arr\u00eat\u00e9 au Mali le 4 d\u00e9cembre dernier, tandis que l'ex-officier a \u00e9t\u00e9 arr\u00eat\u00e9 au S\u00e9n\u00e9gal le 27 novembre. Tous deux s'\u00e9taient oppos\u00e9s \u00e0 leur extradition, mais ils ont \u00e9t\u00e9 debout\u00e9s par les tribunaux des pays dans lesquels ils ont \u00e9t\u00e9 arr\u00eat\u00e9s. Leur transfert a eu lieu le 11 mars 2002.\n<\/p>\n<p  >\nGA\/AT\/GF\/FH (TP-0318A)<\/p>\n","protected":false},"excerpt":{"rendered":"<p>Arusha 18 mars 2002 - l'ancien maire de Gikoro (province de Kigali rural, centre-est du Rwanda), Paul Bisengimana, et le colonel Aloys Simba ont plaid\u00e9 non coupables lors de leurs comparutions initiales, lundi, devant le Tribunal p\u00e9nal international pour le Rwanda (TPIR). Les deux accus\u00e9s ont comparu s\u00e9par\u00e9ment devant le juge George Llyod Williams de [&hellip;]<\/p>\n","protected":false},"author":64,"featured_media":0,"comment_status":"open","ping_status":"closed","sticky":false,"template":"","format":"standard","meta":{"_acf_changed":false,"footnotes":""},"categories":[554],"tags":[],"ji_location":[],"class_list":["post-5981","post","type-post","status-publish","format-standard","hentry","category-hirondellenews"],"acf":[],"yoast_head":"<!-- This site is optimized with the Yoast SEO Premium plugin v25.3.1 (Yoast SEO v25.3.1) - https:\/\/yoast.com\/wordpress\/plugins\/seo\/ -->\n<title>18.03.2002 - TPIR\/COMPARUTIONS - UN EX-MAIRE ET UN COLONEL PLAIDENT NON COUPABLES DE GENOCIDE - JusticeInfo.net<\/title>\n<meta name=\"robots\" content=\"index, follow, max-snippet:-1, max-image-preview:large, max-video-preview:-1\" \/>\n<link rel=\"canonical\" href=\"https:\/\/www.justiceinfo.net\/fr\/5981-18032002-tpircomparutions-un-ex-maire-et-un-colonel-plaident-non-coupables-de-genocide2771.html\" \/>\n<meta property=\"og:locale\" content=\"fr_FR\" \/>\n<meta property=\"og:type\" content=\"article\" \/>\n<meta property=\"og:title\" content=\"18.03.2002 - TPIR\/COMPARUTIONS - UN EX-MAIRE ET UN COLONEL PLAIDENT NON COUPABLES DE GENOCIDE\" \/>\n<meta property=\"og:description\" content=\"Arusha 18 mars 2002 - l&#039;ancien maire de Gikoro (province de Kigali rural, centre-est du Rwanda), Paul Bisengimana, et le colonel Aloys Simba ont plaid\u00e9 non coupables lors de leurs comparutions initiales, lundi, devant le Tribunal p\u00e9nal international pour le Rwanda (TPIR). Les deux accus\u00e9s ont comparu s\u00e9par\u00e9ment devant le juge George Llyod Williams de [&hellip;]\" \/>\n<meta property=\"og:url\" content=\"https:\/\/www.justiceinfo.net\/fr\/5981-18032002-tpircomparutions-un-ex-maire-et-un-colonel-plaident-non-coupables-de-genocide2771.html\" \/>\n<meta property=\"og:site_name\" content=\"JusticeInfo.net\" \/>\n<meta property=\"article:publisher\" content=\"https:\/\/www.facebook.com\/JusticeInfo\/\" \/>\n<meta property=\"article:published_time\" content=\"2002-03-17T23:00:00+00:00\" \/>\n<meta property=\"og:image\" content=\"https:\/\/www.justiceinfo.net\/wp-content\/uploads\/JusticeInfoNet_logo_1200x630px.jpg\" \/>\n\t<meta property=\"og:image:width\" content=\"1200\" \/>\n\t<meta property=\"og:image:height\" content=\"630\" \/>\n\t<meta property=\"og:image:type\" content=\"image\/jpeg\" \/>\n<meta name=\"author\" content=\"solivri\" \/>\n<meta name=\"twitter:card\" content=\"summary_large_image\" \/>\n<meta name=\"twitter:creator\" content=\"@justiceinfonet\" \/>\n<meta name=\"twitter:site\" content=\"@justiceinfonet\" \/>\n<meta name=\"twitter:label1\" content=\"\u00c9crit par\" \/>\n\t<meta name=\"twitter:data1\" content=\"solivri\" \/>\n\t<meta name=\"twitter:label2\" content=\"Dur\u00e9e de lecture estim\u00e9e\" \/>\n\t<meta name=\"twitter:data2\" content=\"2 minutes\" \/>\n<script type=\"application\/ld+json\" class=\"yoast-schema-graph\">{\"@context\":\"https:\/\/schema.org\",\"@graph\":[{\"@type\":\"NewsArticle\",\"@id\":\"https:\/\/www.justiceinfo.net\/fr\/5981-18032002-tpircomparutions-un-ex-maire-et-un-colonel-plaident-non-coupables-de-genocide2771.html#article\",\"isPartOf\":{\"@id\":\"https:\/\/www.justiceinfo.net\/fr\/5981-18032002-tpircomparutions-un-ex-maire-et-un-colonel-plaident-non-coupables-de-genocide2771.html\"},\"author\":{\"name\":\"solivri\",\"@id\":\"https:\/\/www.justiceinfo.net\/fr#\/schema\/person\/6e53cba1629e2e66f3fc1821d3091865\"},\"headline\":\"18.03.2002 - TPIR\/COMPARUTIONS - UN EX-MAIRE ET UN COLONEL PLAIDENT NON COUPABLES DE GENOCIDE\",\"datePublished\":\"2002-03-17T23:00:00+00:00\",\"mainEntityOfPage\":{\"@id\":\"https:\/\/www.justiceinfo.net\/fr\/5981-18032002-tpircomparutions-un-ex-maire-et-un-colonel-plaident-non-coupables-de-genocide2771.html\"},\"wordCount\":430,\"commentCount\":0,\"publisher\":{\"@id\":\"https:\/\/www.justiceinfo.net\/fr#organization\"},\"articleSection\":[\"Hirondelle News\"],\"inLanguage\":\"fr-FR\",\"potentialAction\":[{\"@type\":\"CommentAction\",\"name\":\"Comment\",\"target\":[\"https:\/\/www.justiceinfo.net\/fr\/5981-18032002-tpircomparutions-un-ex-maire-et-un-colonel-plaident-non-coupables-de-genocide2771.html#respond\"]}]},{\"@type\":\"WebPage\",\"@id\":\"https:\/\/www.justiceinfo.net\/fr\/5981-18032002-tpircomparutions-un-ex-maire-et-un-colonel-plaident-non-coupables-de-genocide2771.html\",\"url\":\"https:\/\/www.justiceinfo.net\/fr\/5981-18032002-tpircomparutions-un-ex-maire-et-un-colonel-plaident-non-coupables-de-genocide2771.html\",\"name\":\"18.03.2002 - TPIR\/COMPARUTIONS - UN EX-MAIRE ET UN COLONEL PLAIDENT NON COUPABLES DE GENOCIDE - JusticeInfo.net\",\"isPartOf\":{\"@id\":\"https:\/\/www.justiceinfo.net\/fr#website\"},\"datePublished\":\"2002-03-17T23:00:00+00:00\",\"breadcrumb\":{\"@id\":\"https:\/\/www.justiceinfo.net\/fr\/5981-18032002-tpircomparutions-un-ex-maire-et-un-colonel-plaident-non-coupables-de-genocide2771.html#breadcrumb\"},\"inLanguage\":\"fr-FR\",\"potentialAction\":[{\"@type\":\"ReadAction\",\"target\":[\"https:\/\/www.justiceinfo.net\/fr\/5981-18032002-tpircomparutions-un-ex-maire-et-un-colonel-plaident-non-coupables-de-genocide2771.html\"]}]},{\"@type\":\"BreadcrumbList\",\"@id\":\"https:\/\/www.justiceinfo.net\/fr\/5981-18032002-tpircomparutions-un-ex-maire-et-un-colonel-plaident-non-coupables-de-genocide2771.html#breadcrumb\",\"itemListElement\":[{\"@type\":\"ListItem\",\"position\":1,\"name\":\"Home\",\"item\":\"https:\/\/www.justiceinfo.net\/fr\"},{\"@type\":\"ListItem\",\"position\":2,\"name\":\"18.03.2002 - TPIR\/COMPARUTIONS - UN EX-MAIRE ET UN COLONEL PLAIDENT NON COUPABLES DE GENOCIDE\"}]},{\"@type\":\"WebSite\",\"@id\":\"https:\/\/www.justiceinfo.net\/fr#website\",\"url\":\"https:\/\/www.justiceinfo.net\/fr\",\"name\":\"JusticeInfo.net\",\"description\":\"La justice doit \u00eatre vue pour \u00eatre rendue\",\"publisher\":{\"@id\":\"https:\/\/www.justiceinfo.net\/fr#organization\"},\"potentialAction\":[{\"@type\":\"SearchAction\",\"target\":{\"@type\":\"EntryPoint\",\"urlTemplate\":\"https:\/\/www.justiceinfo.net\/fr?s={search_term_string}\"},\"query-input\":{\"@type\":\"PropertyValueSpecification\",\"valueRequired\":true,\"valueName\":\"search_term_string\"}}],\"inLanguage\":\"fr-FR\"},{\"@type\":\"Organization\",\"@id\":\"https:\/\/www.justiceinfo.net\/fr#organization\",\"name\":\"Justice Info\",\"url\":\"https:\/\/www.justiceinfo.net\/fr\",\"logo\":{\"@type\":\"ImageObject\",\"inLanguage\":\"fr-FR\",\"@id\":\"https:\/\/www.justiceinfo.net\/fr#\/schema\/logo\/image\/\",\"url\":\"https:\/\/www.justiceinfo.net\/wp-content\/uploads\/justiceinfo_logo-trans_1200x1200px.png\",\"contentUrl\":\"https:\/\/www.justiceinfo.net\/wp-content\/uploads\/justiceinfo_logo-trans_1200x1200px.png\",\"width\":1199,\"height\":1200,\"caption\":\"Justice Info\"},\"image\":{\"@id\":\"https:\/\/www.justiceinfo.net\/fr#\/schema\/logo\/image\/\"},\"sameAs\":[\"https:\/\/www.facebook.com\/JusticeInfo\/\",\"https:\/\/x.com\/justiceinfonet\",\"https:\/\/www.linkedin.com\/company\/justice-info\",\"https:\/\/www.youtube.com\/channel\/UCyCEsARodyuWtkWyhn-e7pA\"]},{\"@type\":\"Person\",\"name\":\"solivri\",\"url\":\"\/fr\/?s=solivri\"}]}<\/script>\n<!-- \/ Yoast SEO Premium plugin. -->","yoast_head_json":{"title":"18.03.2002 - TPIR\/COMPARUTIONS - UN EX-MAIRE ET UN COLONEL PLAIDENT NON COUPABLES DE GENOCIDE - JusticeInfo.net","robots":{"index":"index","follow":"follow","max-snippet":"max-snippet:-1","max-image-preview":"max-image-preview:large","max-video-preview":"max-video-preview:-1"},"canonical":"https:\/\/www.justiceinfo.net\/fr\/5981-18032002-tpircomparutions-un-ex-maire-et-un-colonel-plaident-non-coupables-de-genocide2771.html","og_locale":"fr_FR","og_type":"article","og_title":"18.03.2002 - TPIR\/COMPARUTIONS - UN EX-MAIRE ET UN COLONEL PLAIDENT NON COUPABLES DE GENOCIDE","og_description":"Arusha 18 mars 2002 - l'ancien maire de Gikoro (province de Kigali rural, centre-est du Rwanda), Paul Bisengimana, et le colonel Aloys Simba ont plaid\u00e9 non coupables lors de leurs comparutions initiales, lundi, devant le Tribunal p\u00e9nal international pour le Rwanda (TPIR). Les deux accus\u00e9s ont comparu s\u00e9par\u00e9ment devant le juge George Llyod Williams de [&hellip;]","og_url":"https:\/\/www.justiceinfo.net\/fr\/5981-18032002-tpircomparutions-un-ex-maire-et-un-colonel-plaident-non-coupables-de-genocide2771.html","og_site_name":"JusticeInfo.net","article_publisher":"https:\/\/www.facebook.com\/JusticeInfo\/","article_published_time":"2002-03-17T23:00:00+00:00","og_image":[{"width":1200,"height":630,"url":"https:\/\/www.justiceinfo.net\/wp-content\/uploads\/JusticeInfoNet_logo_1200x630px.jpg","type":"image\/jpeg"}],"author":"solivri","twitter_card":"summary_large_image","twitter_creator":"@justiceinfonet","twitter_site":"@justiceinfonet","twitter_misc":{"\u00c9crit par":"solivri","Dur\u00e9e de lecture estim\u00e9e":"2 minutes"},"schema":{"@context":"https:\/\/schema.org","@graph":[{"@type":"NewsArticle","@id":"https:\/\/www.justiceinfo.net\/fr\/5981-18032002-tpircomparutions-un-ex-maire-et-un-colonel-plaident-non-coupables-de-genocide2771.html#article","isPartOf":{"@id":"https:\/\/www.justiceinfo.net\/fr\/5981-18032002-tpircomparutions-un-ex-maire-et-un-colonel-plaident-non-coupables-de-genocide2771.html"},"author":{"name":"solivri","@id":"https:\/\/www.justiceinfo.net\/fr#\/schema\/person\/6e53cba1629e2e66f3fc1821d3091865"},"headline":"18.03.2002 - TPIR\/COMPARUTIONS - UN EX-MAIRE ET UN COLONEL PLAIDENT NON COUPABLES DE GENOCIDE","datePublished":"2002-03-17T23:00:00+00:00","mainEntityOfPage":{"@id":"https:\/\/www.justiceinfo.net\/fr\/5981-18032002-tpircomparutions-un-ex-maire-et-un-colonel-plaident-non-coupables-de-genocide2771.html"},"wordCount":430,"commentCount":0,"publisher":{"@id":"https:\/\/www.justiceinfo.net\/fr#organization"},"articleSection":["Hirondelle News"],"inLanguage":"fr-FR","potentialAction":[{"@type":"CommentAction","name":"Comment","target":["https:\/\/www.justiceinfo.net\/fr\/5981-18032002-tpircomparutions-un-ex-maire-et-un-colonel-plaident-non-coupables-de-genocide2771.html#respond"]}]},{"@type":"WebPage","@id":"https:\/\/www.justiceinfo.net\/fr\/5981-18032002-tpircomparutions-un-ex-maire-et-un-colonel-plaident-non-coupables-de-genocide2771.html","url":"https:\/\/www.justiceinfo.net\/fr\/5981-18032002-tpircomparutions-un-ex-maire-et-un-colonel-plaident-non-coupables-de-genocide2771.html","name":"18.03.2002 - TPIR\/COMPARUTIONS - UN EX-MAIRE ET UN COLONEL PLAIDENT NON COUPABLES DE GENOCIDE - JusticeInfo.net","isPartOf":{"@id":"https:\/\/www.justiceinfo.net\/fr#website"},"datePublished":"2002-03-17T23:00:00+00:00","breadcrumb":{"@id":"https:\/\/www.justiceinfo.net\/fr\/5981-18032002-tpircomparutions-un-ex-maire-et-un-colonel-plaident-non-coupables-de-genocide2771.html#breadcrumb"},"inLanguage":"fr-FR","potentialAction":[{"@type":"ReadAction","target":["https:\/\/www.justiceinfo.net\/fr\/5981-18032002-tpircomparutions-un-ex-maire-et-un-colonel-plaident-non-coupables-de-genocide2771.html"]}]},{"@type":"BreadcrumbList","@id":"https:\/\/www.justiceinfo.net\/fr\/5981-18032002-tpircomparutions-un-ex-maire-et-un-colonel-plaident-non-coupables-de-genocide2771.html#breadcrumb","itemListElement":[{"@type":"ListItem","position":1,"name":"Home","item":"https:\/\/www.justiceinfo.net\/fr"},{"@type":"ListItem","position":2,"name":"18.03.2002 - TPIR\/COMPARUTIONS - UN EX-MAIRE ET UN COLONEL PLAIDENT NON COUPABLES DE GENOCIDE"}]},{"@type":"WebSite","@id":"https:\/\/www.justiceinfo.net\/fr#website","url":"https:\/\/www.justiceinfo.net\/fr","name":"JusticeInfo.net","description":"La justice doit \u00eatre vue pour \u00eatre rendue","publisher":{"@id":"https:\/\/www.justiceinfo.net\/fr#organization"},"potentialAction":[{"@type":"SearchAction","target":{"@type":"EntryPoint","urlTemplate":"https:\/\/www.justiceinfo.net\/fr?s={search_term_string}"},"query-input":{"@type":"PropertyValueSpecification","valueRequired":true,"valueName":"search_term_string"}}],"inLanguage":"fr-FR"},{"@type":"Organization","@id":"https:\/\/www.justiceinfo.net\/fr#organization","name":"Justice Info","url":"https:\/\/www.justiceinfo.net\/fr","logo":{"@type":"ImageObject","inLanguage":"fr-FR","@id":"https:\/\/www.justiceinfo.net\/fr#\/schema\/logo\/image\/","url":"https:\/\/www.justiceinfo.net\/wp-content\/uploads\/justiceinfo_logo-trans_1200x1200px.png","contentUrl":"https:\/\/www.justiceinfo.net\/wp-content\/uploads\/justiceinfo_logo-trans_1200x1200px.png","width":1199,"height":1200,"caption":"Justice Info"},"image":{"@id":"https:\/\/www.justiceinfo.net\/fr#\/schema\/logo\/image\/"},"sameAs":["https:\/\/www.facebook.com\/JusticeInfo\/","https:\/\/x.com\/justiceinfonet","https:\/\/www.linkedin.com\/company\/justice-info","https:\/\/www.youtube.com\/channel\/UCyCEsARodyuWtkWyhn-e7pA"]},{"@type":"Person","name":"solivri","url":"\/fr\/?s=solivri"}]}},"_links":{"self":[{"href":"https:\/\/www.justiceinfo.net\/fr\/wp-json\/wp\/v2\/posts\/5981","targetHints":{"allow":["GET"]}}],"collection":[{"href":"https:\/\/www.justiceinfo.net\/fr\/wp-json\/wp\/v2\/posts"}],"about":[{"href":"https:\/\/www.justiceinfo.net\/fr\/wp-json\/wp\/v2\/types\/post"}],"author":[{"embeddable":true,"href":"https:\/\/www.justiceinfo.net\/fr\/wp-json\/wp\/v2\/users\/64"}],"replies":[{"embeddable":true,"href":"https:\/\/www.justiceinfo.net\/fr\/wp-json\/wp\/v2\/comments?post=5981"}],"version-history":[{"count":0,"href":"https:\/\/www.justiceinfo.net\/fr\/wp-json\/wp\/v2\/posts\/5981\/revisions"}],"wp:attachment":[{"href":"https:\/\/www.justiceinfo.net\/fr\/wp-json\/wp\/v2\/media?parent=5981"}],"wp:term":[{"taxonomy":"category","embeddable":true,"href":"https:\/\/www.justiceinfo.net\/fr\/wp-json\/wp\/v2\/categories?post=5981"},{"taxonomy":"post_tag","embeddable":true,"href":"https:\/\/www.justiceinfo.net\/fr\/wp-json\/wp\/v2\/tags?post=5981"},{"taxonomy":"ji_location","embeddable":true,"href":"https:\/\/www.justiceinfo.net\/fr\/wp-json\/wp\/v2\/ji_location?post=5981"}],"curies":[{"name":"wp","href":"https:\/\/api.w.org\/{rel}","templated":true}]}}