{"id":6017,"date":"2002-03-07T00:00:00","date_gmt":"2002-03-06T23:00:00","guid":{"rendered":"https:\/\/www.justiceinfo.net\/6017-07032002-tpircyangugu-ntagerura-se-rendait-rarement-a-cyangugu-selon-le-premier-temoin-de-la2807.html"},"modified":"2002-03-07T00:00:00","modified_gmt":"2002-03-06T23:00:00","slug":"07032002-tpircyangugu-ntagerura-se-rendait-rarement-a-cyangugu-selon-le-premier-temoin-de-la2807","status":"publish","type":"post","link":"https:\/\/www.justiceinfo.net\/fr\/6017-07032002-tpircyangugu-ntagerura-se-rendait-rarement-a-cyangugu-selon-le-premier-temoin-de-la2807.html","title":{"rendered":"07.03.2002 - TPIR\/CYANGUGU - NTAGERURA SE RENDAIT RAREMENT A CYANGUGU, SELON LE PREMIER TEMOIN DE LA"},"content":{"rendered":"<p  >\nArusha 7 mars 2002 (FH) - Le premier t\u00e9moin de la d\u00e9fense dans le proc\u00e8s du groupe Cyangugu (sud-ouest du Rwanda) a affirm\u00e9 jeudi, devant le Tribunal p\u00e9nal international pour le Rwanda (TPIR), que le ministre des Transports et communications sous le gouvernement int\u00e9rimaire, Andr\u00e9 Ntagerura, ne fr\u00e9quentait pas souvent Cyangugu.\n<\/p>\n<p  >\nAndr\u00e9 Ntagerura est co-accus\u00e9 avec l'ancien pr\u00e9fet de Cyangugu, Emmanuel Bagambiki, et l'ancien commandant du camp militaire de Karambo dans la m\u00eame pr\u00e9fecture, le lieutenant Samuel Imanishimwe.\n<\/p>\n<p><!--more--><\/p>\n<p  >\nTous les trois plaident non coupables aux accusations de g\u00e9nocide et crimes contre l'humanit\u00e9 portr\u00e9es contre eux.\n<\/p>\n<p  >\n\"Andr\u00e9 Ntagerura se rendait rarement \u00e0 Cyangugu, je dirais une fois par trimestre\", a d\u00e9clar\u00e9 le t\u00e9moin, d\u00e9nomm\u00e9 \"DBH\" pour prot\u00e9ger son identit\u00e9.\n<\/p>\n<p  >\nUn t\u00e9moin du parquet d\u00e9nomm\u00e9 \"LAI\" avait rapport\u00e9 que Ntagerura et ses coaccus\u00e9s avaient tenu une r\u00e9union de sensibilisation le 28 janvier 1994 \u00e0 Bugarama (sud de Cyangugu), en pr\u00e9lude aux massacres contre la population tutsie.\n<\/p>\n<p  >\nLe g\u00e9nocide rwandais s'est d\u00e9clench\u00e9 le 6 avril 1994, \u00e0 la suite de l'attentat contre le pr\u00e9sident Juv\u00e9nal Habyarimana. Un r\u00e9cent rapport du gouvernement rwandais fait \u00e9tat de plus D'un million de morts en l'espace de cent jours.\n<\/p>\n<p  >\nl'avocat de Ntagerura, le Canadien Me Beno\u00eet Henry, a voulu savoir si l'accus\u00e9 se serait rendu \u00e0 Cyangugu entre le 1er janvier et le 6 avril 1994. \"Je n'ai jamais vu Ntagerura \u00e0 Cyangugu, ni appris qu'il y \u00e9tait de passage\", a affirm\u00e9 M.DBH, qui s'exprimait en fran\u00e7ais. Le t\u00e9moin a expliqu\u00e9 que chaque fois que Ntagerura se d\u00e9pla\u00e7ait, \"son passage \u00e0 Cyangugu ou au Rwanda en g\u00e9n\u00e9ral ne pouvait passer inaper\u00e7u\". Compte tenu de sa fonction, \"la population venait le rencontrer pour lui soumettre ses dol\u00e9ances\" concernant les postes ou les transports.\n<\/p>\n<p  >\nLa d\u00e9position de DBH s'est d\u00e9roul\u00e9e en grande partie \u00e0 huis clos, par souci de s\u00e9curit\u00e9.\n<\/p>\n<p  >\nMercredi soir, la chambre avait rejet\u00e9 une requ\u00eate de la d\u00e9fense de Ntagerura aux fins du retrait du dossier \"de certains \u00e9l\u00e9ments nouveaux\", dont l'incitation publique \u00e0 la haine ethnique.\n<\/p>\n<p  >\nLe proc\u00e8s se d\u00e9roule devant la troisi\u00e8me chambre de premi\u00e8re instance du TPIR, pr\u00e9sid\u00e9e par le juge George Lloyd Williams de Saint-Kitts et Nevis, et comprenant par ailleurs les juges, russe Yakov Ostrovsky, et slov\u00e8ne Pavel Dolenc.\n<\/p>\n<p  >\nGA\/AT\/GF\/FH (CY-0307A)<\/p>\n","protected":false},"excerpt":{"rendered":"<p>Arusha 7 mars 2002 (FH) - Le premier t\u00e9moin de la d\u00e9fense dans le proc\u00e8s du groupe Cyangugu (sud-ouest du Rwanda) a affirm\u00e9 jeudi, devant le Tribunal p\u00e9nal international pour le Rwanda (TPIR), que le ministre des Transports et communications sous le gouvernement int\u00e9rimaire, Andr\u00e9 Ntagerura, ne fr\u00e9quentait pas souvent Cyangugu. Andr\u00e9 Ntagerura est co-accus\u00e9 [&hellip;]<\/p>\n","protected":false},"author":64,"featured_media":0,"comment_status":"open","ping_status":"closed","sticky":false,"template":"","format":"standard","meta":{"_acf_changed":false,"footnotes":""},"categories":[554],"tags":[],"ji_location":[],"class_list":["post-6017","post","type-post","status-publish","format-standard","hentry","category-hirondellenews"],"acf":[],"yoast_head":"<!-- This site is optimized with the Yoast SEO Premium plugin v25.3.1 (Yoast SEO v25.3.1) - https:\/\/yoast.com\/wordpress\/plugins\/seo\/ -->\n<title>07.03.2002 - TPIR\/CYANGUGU - NTAGERURA SE RENDAIT RAREMENT A CYANGUGU, SELON LE PREMIER TEMOIN DE LA - JusticeInfo.net<\/title>\n<meta name=\"robots\" content=\"index, follow, max-snippet:-1, max-image-preview:large, max-video-preview:-1\" \/>\n<link rel=\"canonical\" href=\"https:\/\/www.justiceinfo.net\/fr\/6017-07032002-tpircyangugu-ntagerura-se-rendait-rarement-a-cyangugu-selon-le-premier-temoin-de-la2807.html\" \/>\n<meta property=\"og:locale\" content=\"fr_FR\" \/>\n<meta property=\"og:type\" content=\"article\" \/>\n<meta property=\"og:title\" content=\"07.03.2002 - TPIR\/CYANGUGU - NTAGERURA SE RENDAIT RAREMENT A CYANGUGU, SELON LE PREMIER TEMOIN DE LA\" \/>\n<meta property=\"og:description\" content=\"Arusha 7 mars 2002 (FH) - Le premier t\u00e9moin de la d\u00e9fense dans le proc\u00e8s du groupe Cyangugu (sud-ouest du Rwanda) a affirm\u00e9 jeudi, devant le Tribunal p\u00e9nal international pour le Rwanda (TPIR), que le ministre des Transports et communications sous le gouvernement int\u00e9rimaire, Andr\u00e9 Ntagerura, ne fr\u00e9quentait pas souvent Cyangugu. Andr\u00e9 Ntagerura est co-accus\u00e9 [&hellip;]\" \/>\n<meta property=\"og:url\" content=\"https:\/\/www.justiceinfo.net\/fr\/6017-07032002-tpircyangugu-ntagerura-se-rendait-rarement-a-cyangugu-selon-le-premier-temoin-de-la2807.html\" \/>\n<meta property=\"og:site_name\" content=\"JusticeInfo.net\" \/>\n<meta property=\"article:publisher\" content=\"https:\/\/www.facebook.com\/JusticeInfo\/\" \/>\n<meta property=\"article:published_time\" content=\"2002-03-06T23:00:00+00:00\" \/>\n<meta property=\"og:image\" content=\"https:\/\/www.justiceinfo.net\/wp-content\/uploads\/JusticeInfoNet_logo_1200x630px.jpg\" \/>\n\t<meta property=\"og:image:width\" content=\"1200\" \/>\n\t<meta property=\"og:image:height\" content=\"630\" \/>\n\t<meta property=\"og:image:type\" content=\"image\/jpeg\" \/>\n<meta name=\"author\" content=\"solivri\" \/>\n<meta name=\"twitter:card\" content=\"summary_large_image\" \/>\n<meta name=\"twitter:creator\" content=\"@justiceinfonet\" \/>\n<meta name=\"twitter:site\" content=\"@justiceinfonet\" \/>\n<meta name=\"twitter:label1\" content=\"\u00c9crit par\" \/>\n\t<meta name=\"twitter:data1\" content=\"solivri\" \/>\n\t<meta name=\"twitter:label2\" content=\"Dur\u00e9e de lecture estim\u00e9e\" \/>\n\t<meta name=\"twitter:data2\" content=\"2 minutes\" \/>\n<script type=\"application\/ld+json\" class=\"yoast-schema-graph\">{\"@context\":\"https:\/\/schema.org\",\"@graph\":[{\"@type\":\"NewsArticle\",\"@id\":\"https:\/\/www.justiceinfo.net\/fr\/6017-07032002-tpircyangugu-ntagerura-se-rendait-rarement-a-cyangugu-selon-le-premier-temoin-de-la2807.html#article\",\"isPartOf\":{\"@id\":\"https:\/\/www.justiceinfo.net\/fr\/6017-07032002-tpircyangugu-ntagerura-se-rendait-rarement-a-cyangugu-selon-le-premier-temoin-de-la2807.html\"},\"author\":{\"name\":\"solivri\",\"@id\":\"https:\/\/www.justiceinfo.net\/fr#\/schema\/person\/6e53cba1629e2e66f3fc1821d3091865\"},\"headline\":\"07.03.2002 - TPIR\/CYANGUGU - NTAGERURA SE RENDAIT RAREMENT A CYANGUGU, SELON LE PREMIER TEMOIN DE LA\",\"datePublished\":\"2002-03-06T23:00:00+00:00\",\"mainEntityOfPage\":{\"@id\":\"https:\/\/www.justiceinfo.net\/fr\/6017-07032002-tpircyangugu-ntagerura-se-rendait-rarement-a-cyangugu-selon-le-premier-temoin-de-la2807.html\"},\"wordCount\":437,\"commentCount\":0,\"publisher\":{\"@id\":\"https:\/\/www.justiceinfo.net\/fr#organization\"},\"articleSection\":[\"Hirondelle News\"],\"inLanguage\":\"fr-FR\",\"potentialAction\":[{\"@type\":\"CommentAction\",\"name\":\"Comment\",\"target\":[\"https:\/\/www.justiceinfo.net\/fr\/6017-07032002-tpircyangugu-ntagerura-se-rendait-rarement-a-cyangugu-selon-le-premier-temoin-de-la2807.html#respond\"]}]},{\"@type\":\"WebPage\",\"@id\":\"https:\/\/www.justiceinfo.net\/fr\/6017-07032002-tpircyangugu-ntagerura-se-rendait-rarement-a-cyangugu-selon-le-premier-temoin-de-la2807.html\",\"url\":\"https:\/\/www.justiceinfo.net\/fr\/6017-07032002-tpircyangugu-ntagerura-se-rendait-rarement-a-cyangugu-selon-le-premier-temoin-de-la2807.html\",\"name\":\"07.03.2002 - TPIR\/CYANGUGU - NTAGERURA SE RENDAIT RAREMENT A CYANGUGU, SELON LE PREMIER TEMOIN DE LA - JusticeInfo.net\",\"isPartOf\":{\"@id\":\"https:\/\/www.justiceinfo.net\/fr#website\"},\"datePublished\":\"2002-03-06T23:00:00+00:00\",\"breadcrumb\":{\"@id\":\"https:\/\/www.justiceinfo.net\/fr\/6017-07032002-tpircyangugu-ntagerura-se-rendait-rarement-a-cyangugu-selon-le-premier-temoin-de-la2807.html#breadcrumb\"},\"inLanguage\":\"fr-FR\",\"potentialAction\":[{\"@type\":\"ReadAction\",\"target\":[\"https:\/\/www.justiceinfo.net\/fr\/6017-07032002-tpircyangugu-ntagerura-se-rendait-rarement-a-cyangugu-selon-le-premier-temoin-de-la2807.html\"]}]},{\"@type\":\"BreadcrumbList\",\"@id\":\"https:\/\/www.justiceinfo.net\/fr\/6017-07032002-tpircyangugu-ntagerura-se-rendait-rarement-a-cyangugu-selon-le-premier-temoin-de-la2807.html#breadcrumb\",\"itemListElement\":[{\"@type\":\"ListItem\",\"position\":1,\"name\":\"Home\",\"item\":\"https:\/\/www.justiceinfo.net\/fr\"},{\"@type\":\"ListItem\",\"position\":2,\"name\":\"07.03.2002 - TPIR\/CYANGUGU - NTAGERURA SE RENDAIT RAREMENT A CYANGUGU, SELON LE PREMIER TEMOIN DE LA\"}]},{\"@type\":\"WebSite\",\"@id\":\"https:\/\/www.justiceinfo.net\/fr#website\",\"url\":\"https:\/\/www.justiceinfo.net\/fr\",\"name\":\"JusticeInfo.net\",\"description\":\"La justice doit \u00eatre vue pour \u00eatre rendue\",\"publisher\":{\"@id\":\"https:\/\/www.justiceinfo.net\/fr#organization\"},\"potentialAction\":[{\"@type\":\"SearchAction\",\"target\":{\"@type\":\"EntryPoint\",\"urlTemplate\":\"https:\/\/www.justiceinfo.net\/fr?s={search_term_string}\"},\"query-input\":{\"@type\":\"PropertyValueSpecification\",\"valueRequired\":true,\"valueName\":\"search_term_string\"}}],\"inLanguage\":\"fr-FR\"},{\"@type\":\"Organization\",\"@id\":\"https:\/\/www.justiceinfo.net\/fr#organization\",\"name\":\"Justice Info\",\"url\":\"https:\/\/www.justiceinfo.net\/fr\",\"logo\":{\"@type\":\"ImageObject\",\"inLanguage\":\"fr-FR\",\"@id\":\"https:\/\/www.justiceinfo.net\/fr#\/schema\/logo\/image\/\",\"url\":\"https:\/\/www.justiceinfo.net\/wp-content\/uploads\/justiceinfo_logo-trans_1200x1200px.png\",\"contentUrl\":\"https:\/\/www.justiceinfo.net\/wp-content\/uploads\/justiceinfo_logo-trans_1200x1200px.png\",\"width\":1199,\"height\":1200,\"caption\":\"Justice Info\"},\"image\":{\"@id\":\"https:\/\/www.justiceinfo.net\/fr#\/schema\/logo\/image\/\"},\"sameAs\":[\"https:\/\/www.facebook.com\/JusticeInfo\/\",\"https:\/\/x.com\/justiceinfonet\",\"https:\/\/www.linkedin.com\/company\/justice-info\",\"https:\/\/www.youtube.com\/channel\/UCyCEsARodyuWtkWyhn-e7pA\"]},{\"@type\":\"Person\",\"name\":\"solivri\",\"url\":\"\/fr\/?s=solivri\"}]}<\/script>\n<!-- \/ Yoast SEO Premium plugin. -->","yoast_head_json":{"title":"07.03.2002 - TPIR\/CYANGUGU - NTAGERURA SE RENDAIT RAREMENT A CYANGUGU, SELON LE PREMIER TEMOIN DE LA - JusticeInfo.net","robots":{"index":"index","follow":"follow","max-snippet":"max-snippet:-1","max-image-preview":"max-image-preview:large","max-video-preview":"max-video-preview:-1"},"canonical":"https:\/\/www.justiceinfo.net\/fr\/6017-07032002-tpircyangugu-ntagerura-se-rendait-rarement-a-cyangugu-selon-le-premier-temoin-de-la2807.html","og_locale":"fr_FR","og_type":"article","og_title":"07.03.2002 - TPIR\/CYANGUGU - NTAGERURA SE RENDAIT RAREMENT A CYANGUGU, SELON LE PREMIER TEMOIN DE LA","og_description":"Arusha 7 mars 2002 (FH) - Le premier t\u00e9moin de la d\u00e9fense dans le proc\u00e8s du groupe Cyangugu (sud-ouest du Rwanda) a affirm\u00e9 jeudi, devant le Tribunal p\u00e9nal international pour le Rwanda (TPIR), que le ministre des Transports et communications sous le gouvernement int\u00e9rimaire, Andr\u00e9 Ntagerura, ne fr\u00e9quentait pas souvent Cyangugu. Andr\u00e9 Ntagerura est co-accus\u00e9 [&hellip;]","og_url":"https:\/\/www.justiceinfo.net\/fr\/6017-07032002-tpircyangugu-ntagerura-se-rendait-rarement-a-cyangugu-selon-le-premier-temoin-de-la2807.html","og_site_name":"JusticeInfo.net","article_publisher":"https:\/\/www.facebook.com\/JusticeInfo\/","article_published_time":"2002-03-06T23:00:00+00:00","og_image":[{"width":1200,"height":630,"url":"https:\/\/www.justiceinfo.net\/wp-content\/uploads\/JusticeInfoNet_logo_1200x630px.jpg","type":"image\/jpeg"}],"author":"solivri","twitter_card":"summary_large_image","twitter_creator":"@justiceinfonet","twitter_site":"@justiceinfonet","twitter_misc":{"\u00c9crit par":"solivri","Dur\u00e9e de lecture estim\u00e9e":"2 minutes"},"schema":{"@context":"https:\/\/schema.org","@graph":[{"@type":"NewsArticle","@id":"https:\/\/www.justiceinfo.net\/fr\/6017-07032002-tpircyangugu-ntagerura-se-rendait-rarement-a-cyangugu-selon-le-premier-temoin-de-la2807.html#article","isPartOf":{"@id":"https:\/\/www.justiceinfo.net\/fr\/6017-07032002-tpircyangugu-ntagerura-se-rendait-rarement-a-cyangugu-selon-le-premier-temoin-de-la2807.html"},"author":{"name":"solivri","@id":"https:\/\/www.justiceinfo.net\/fr#\/schema\/person\/6e53cba1629e2e66f3fc1821d3091865"},"headline":"07.03.2002 - TPIR\/CYANGUGU - NTAGERURA SE RENDAIT RAREMENT A CYANGUGU, SELON LE PREMIER TEMOIN DE LA","datePublished":"2002-03-06T23:00:00+00:00","mainEntityOfPage":{"@id":"https:\/\/www.justiceinfo.net\/fr\/6017-07032002-tpircyangugu-ntagerura-se-rendait-rarement-a-cyangugu-selon-le-premier-temoin-de-la2807.html"},"wordCount":437,"commentCount":0,"publisher":{"@id":"https:\/\/www.justiceinfo.net\/fr#organization"},"articleSection":["Hirondelle News"],"inLanguage":"fr-FR","potentialAction":[{"@type":"CommentAction","name":"Comment","target":["https:\/\/www.justiceinfo.net\/fr\/6017-07032002-tpircyangugu-ntagerura-se-rendait-rarement-a-cyangugu-selon-le-premier-temoin-de-la2807.html#respond"]}]},{"@type":"WebPage","@id":"https:\/\/www.justiceinfo.net\/fr\/6017-07032002-tpircyangugu-ntagerura-se-rendait-rarement-a-cyangugu-selon-le-premier-temoin-de-la2807.html","url":"https:\/\/www.justiceinfo.net\/fr\/6017-07032002-tpircyangugu-ntagerura-se-rendait-rarement-a-cyangugu-selon-le-premier-temoin-de-la2807.html","name":"07.03.2002 - TPIR\/CYANGUGU - NTAGERURA SE RENDAIT RAREMENT A CYANGUGU, SELON LE PREMIER TEMOIN DE LA - JusticeInfo.net","isPartOf":{"@id":"https:\/\/www.justiceinfo.net\/fr#website"},"datePublished":"2002-03-06T23:00:00+00:00","breadcrumb":{"@id":"https:\/\/www.justiceinfo.net\/fr\/6017-07032002-tpircyangugu-ntagerura-se-rendait-rarement-a-cyangugu-selon-le-premier-temoin-de-la2807.html#breadcrumb"},"inLanguage":"fr-FR","potentialAction":[{"@type":"ReadAction","target":["https:\/\/www.justiceinfo.net\/fr\/6017-07032002-tpircyangugu-ntagerura-se-rendait-rarement-a-cyangugu-selon-le-premier-temoin-de-la2807.html"]}]},{"@type":"BreadcrumbList","@id":"https:\/\/www.justiceinfo.net\/fr\/6017-07032002-tpircyangugu-ntagerura-se-rendait-rarement-a-cyangugu-selon-le-premier-temoin-de-la2807.html#breadcrumb","itemListElement":[{"@type":"ListItem","position":1,"name":"Home","item":"https:\/\/www.justiceinfo.net\/fr"},{"@type":"ListItem","position":2,"name":"07.03.2002 - TPIR\/CYANGUGU - NTAGERURA SE RENDAIT RAREMENT A CYANGUGU, SELON LE PREMIER TEMOIN DE LA"}]},{"@type":"WebSite","@id":"https:\/\/www.justiceinfo.net\/fr#website","url":"https:\/\/www.justiceinfo.net\/fr","name":"JusticeInfo.net","description":"La justice doit \u00eatre vue pour \u00eatre rendue","publisher":{"@id":"https:\/\/www.justiceinfo.net\/fr#organization"},"potentialAction":[{"@type":"SearchAction","target":{"@type":"EntryPoint","urlTemplate":"https:\/\/www.justiceinfo.net\/fr?s={search_term_string}"},"query-input":{"@type":"PropertyValueSpecification","valueRequired":true,"valueName":"search_term_string"}}],"inLanguage":"fr-FR"},{"@type":"Organization","@id":"https:\/\/www.justiceinfo.net\/fr#organization","name":"Justice Info","url":"https:\/\/www.justiceinfo.net\/fr","logo":{"@type":"ImageObject","inLanguage":"fr-FR","@id":"https:\/\/www.justiceinfo.net\/fr#\/schema\/logo\/image\/","url":"https:\/\/www.justiceinfo.net\/wp-content\/uploads\/justiceinfo_logo-trans_1200x1200px.png","contentUrl":"https:\/\/www.justiceinfo.net\/wp-content\/uploads\/justiceinfo_logo-trans_1200x1200px.png","width":1199,"height":1200,"caption":"Justice Info"},"image":{"@id":"https:\/\/www.justiceinfo.net\/fr#\/schema\/logo\/image\/"},"sameAs":["https:\/\/www.facebook.com\/JusticeInfo\/","https:\/\/x.com\/justiceinfonet","https:\/\/www.linkedin.com\/company\/justice-info","https:\/\/www.youtube.com\/channel\/UCyCEsARodyuWtkWyhn-e7pA"]},{"@type":"Person","name":"solivri","url":"\/fr\/?s=solivri"}]}},"_links":{"self":[{"href":"https:\/\/www.justiceinfo.net\/fr\/wp-json\/wp\/v2\/posts\/6017","targetHints":{"allow":["GET"]}}],"collection":[{"href":"https:\/\/www.justiceinfo.net\/fr\/wp-json\/wp\/v2\/posts"}],"about":[{"href":"https:\/\/www.justiceinfo.net\/fr\/wp-json\/wp\/v2\/types\/post"}],"author":[{"embeddable":true,"href":"https:\/\/www.justiceinfo.net\/fr\/wp-json\/wp\/v2\/users\/64"}],"replies":[{"embeddable":true,"href":"https:\/\/www.justiceinfo.net\/fr\/wp-json\/wp\/v2\/comments?post=6017"}],"version-history":[{"count":0,"href":"https:\/\/www.justiceinfo.net\/fr\/wp-json\/wp\/v2\/posts\/6017\/revisions"}],"wp:attachment":[{"href":"https:\/\/www.justiceinfo.net\/fr\/wp-json\/wp\/v2\/media?parent=6017"}],"wp:term":[{"taxonomy":"category","embeddable":true,"href":"https:\/\/www.justiceinfo.net\/fr\/wp-json\/wp\/v2\/categories?post=6017"},{"taxonomy":"post_tag","embeddable":true,"href":"https:\/\/www.justiceinfo.net\/fr\/wp-json\/wp\/v2\/tags?post=6017"},{"taxonomy":"ji_location","embeddable":true,"href":"https:\/\/www.justiceinfo.net\/fr\/wp-json\/wp\/v2\/ji_location?post=6017"}],"curies":[{"name":"wp","href":"https:\/\/api.w.org\/{rel}","templated":true}]}}