{"id":6031,"date":"2002-03-05T00:00:00","date_gmt":"2002-03-04T23:00:00","guid":{"rendered":"https:\/\/www.justiceinfo.net\/6031-05032002-tpirrutaganira-transfert-au-tpir-dun-ancien-conseiller-communal-arraecircte-en-tan2821.html"},"modified":"2002-03-05T00:00:00","modified_gmt":"2002-03-04T23:00:00","slug":"05032002-tpirrutaganira-transfert-au-tpir-dun-ancien-conseiller-communal-arraecircte-en-tan2821","status":"publish","type":"post","link":"https:\/\/www.justiceinfo.net\/fr\/6031-05032002-tpirrutaganira-transfert-au-tpir-dun-ancien-conseiller-communal-arraecircte-en-tan2821.html","title":{"rendered":"05.03.2002 - TPIR\/RUTAGANIRA - TRANSFERT AU TPIR D'UN ANCIEN CONSEILLER COMMUNAL ARR&Ecirc;TE EN TAN"},"content":{"rendered":"<p  >\nArusha 5 mars 2002 (FH) - L\u2019ancien conseiller communal du secteur de Mubuga dans la commune de Gishyita (province de Kibuye, ouest du Rwanda), Vincent Rutaganira, a \u00e9t\u00e9 transf\u00e9r\u00e9 lundi de Kigoma (ouest de la Tanzanie), o\u00f9 il avait \u00e9t\u00e9 arr\u00eat\u00e9, vers le quartier p\u00e9nitentiaire du Tribunal p\u00e9nal international pour le Rwanda (TPIR).\n<\/p>\n<p  >\nRutaganira, 62 ans, est poursuivi pour g\u00e9nocide et crimes contre l\u2019humanit\u00e9.\n<\/p>\n<p><!--more--><\/p>\n<p  >\nIl est, en particulier, accus\u00e9 d\u2019avoir pris part aux massacres de Tutsis dans les collines de Bisesero, en pr\u00e9fecture de Kibuye.\n<\/p>\n<p  >\nLe parquet lui reproche notamment d\u2019avoir ordonn\u00e9 aux membres de la gendarmerie, aux agents de la police communale de Gishyita et aux Interahamwe (milice de l\u2019ex-parti pr\u00e9sidentiel MRND) d\u2019attaquer l\u2019\u00e9glise catholique et le Home Saint Jean dans la ville de Kibuye.\n<\/p>\n<p  >\nVincent Rutaganira avait \u00e9t\u00e9 l'une des premi\u00e8re personnes accus\u00e9es par le TPIR, mais il \u00e9tait en fuite.\n<\/p>\n<p  >\nL\u2019acte d\u2019accusation \u00e9tabli contre lui remonte \u00e0 1996, et concernait sept autres co-accus\u00e9s dont Cl\u00e9ment Kayishema, ex-pr\u00e9fet de Kibuye, condamn\u00e9 \u00e0 la prison \u00e0 vie, et l\u2019homme d\u2019affaire Obed Ruzindana, condamn\u00e9 \u00e0 vingt-cinq ans de prison ferme.\n<\/p>\n<p  >\nCet acte d\u2019accusation concernait en outre l\u2019ex-maire de Mabanza, Ignace Bagilishema, acquitt\u00e9 en premi\u00e8re instance et dont l\u2019affaire est actuellement en appel.<br \/>\nL\u2019ex-conseiller de Mubuga est la cinquante-huiti\u00e8me personne d\u00e9tenue sous l\u2019autorit\u00e9 du TPIR. Il devrait compara\u00eetre dans les prochains jours.\n<\/p>\n<p  >\nVincent Rutaganira est le second conseiller de secteur d\u00e9tenu \u00e0 Arusha, apr\u00e8s Mika Muhimana du secteur proche de Gishyita. Mika Muhimana est \u00e9galement un de ses anciens coaccus\u00e9s.\n<\/p>\n<p  >\nBN\/AT\/GF\/FH(RT-0305A)<\/p>\n","protected":false},"excerpt":{"rendered":"<p>Arusha 5 mars 2002 (FH) - L\u2019ancien conseiller communal du secteur de Mubuga dans la commune de Gishyita (province de Kibuye, ouest du Rwanda), Vincent Rutaganira, a \u00e9t\u00e9 transf\u00e9r\u00e9 lundi de Kigoma (ouest de la Tanzanie), o\u00f9 il avait \u00e9t\u00e9 arr\u00eat\u00e9, vers le quartier p\u00e9nitentiaire du Tribunal p\u00e9nal international pour le Rwanda (TPIR). Rutaganira, 62 [&hellip;]<\/p>\n","protected":false},"author":64,"featured_media":0,"comment_status":"open","ping_status":"closed","sticky":false,"template":"","format":"standard","meta":{"_acf_changed":false,"footnotes":""},"categories":[554],"tags":[],"ji_location":[],"class_list":["post-6031","post","type-post","status-publish","format-standard","hentry","category-hirondellenews"],"acf":[],"yoast_head":"<!-- This site is optimized with the Yoast SEO Premium plugin v25.3.1 (Yoast SEO v25.3.1) - https:\/\/yoast.com\/wordpress\/plugins\/seo\/ -->\n<title>05.03.2002 - TPIR\/RUTAGANIRA - TRANSFERT AU TPIR D&#039;UN ANCIEN CONSEILLER COMMUNAL ARR&Ecirc;TE EN TAN - JusticeInfo.net<\/title>\n<meta name=\"robots\" content=\"index, follow, max-snippet:-1, max-image-preview:large, max-video-preview:-1\" \/>\n<link rel=\"canonical\" href=\"https:\/\/www.justiceinfo.net\/fr\/6031-05032002-tpirrutaganira-transfert-au-tpir-dun-ancien-conseiller-communal-arraecircte-en-tan2821.html\" \/>\n<meta property=\"og:locale\" content=\"fr_FR\" \/>\n<meta property=\"og:type\" content=\"article\" \/>\n<meta property=\"og:title\" content=\"05.03.2002 - TPIR\/RUTAGANIRA - TRANSFERT AU TPIR D&#039;UN ANCIEN CONSEILLER COMMUNAL ARR&Ecirc;TE EN TAN\" \/>\n<meta property=\"og:description\" content=\"Arusha 5 mars 2002 (FH) - L\u2019ancien conseiller communal du secteur de Mubuga dans la commune de Gishyita (province de Kibuye, ouest du Rwanda), Vincent Rutaganira, a \u00e9t\u00e9 transf\u00e9r\u00e9 lundi de Kigoma (ouest de la Tanzanie), o\u00f9 il avait \u00e9t\u00e9 arr\u00eat\u00e9, vers le quartier p\u00e9nitentiaire du Tribunal p\u00e9nal international pour le Rwanda (TPIR). Rutaganira, 62 [&hellip;]\" \/>\n<meta property=\"og:url\" content=\"https:\/\/www.justiceinfo.net\/fr\/6031-05032002-tpirrutaganira-transfert-au-tpir-dun-ancien-conseiller-communal-arraecircte-en-tan2821.html\" \/>\n<meta property=\"og:site_name\" content=\"JusticeInfo.net\" \/>\n<meta property=\"article:publisher\" content=\"https:\/\/www.facebook.com\/JusticeInfo\/\" \/>\n<meta property=\"article:published_time\" content=\"2002-03-04T23:00:00+00:00\" \/>\n<meta property=\"og:image\" content=\"https:\/\/www.justiceinfo.net\/wp-content\/uploads\/JusticeInfoNet_logo_1200x630px.jpg\" \/>\n\t<meta property=\"og:image:width\" content=\"1200\" \/>\n\t<meta property=\"og:image:height\" content=\"630\" \/>\n\t<meta property=\"og:image:type\" content=\"image\/jpeg\" \/>\n<meta name=\"author\" content=\"solivri\" \/>\n<meta name=\"twitter:card\" content=\"summary_large_image\" \/>\n<meta name=\"twitter:creator\" content=\"@justiceinfonet\" \/>\n<meta name=\"twitter:site\" content=\"@justiceinfonet\" \/>\n<meta name=\"twitter:label1\" content=\"\u00c9crit par\" \/>\n\t<meta name=\"twitter:data1\" content=\"solivri\" \/>\n\t<meta name=\"twitter:label2\" content=\"Dur\u00e9e de lecture estim\u00e9e\" \/>\n\t<meta name=\"twitter:data2\" content=\"1 minute\" \/>\n<script type=\"application\/ld+json\" class=\"yoast-schema-graph\">{\"@context\":\"https:\/\/schema.org\",\"@graph\":[{\"@type\":\"NewsArticle\",\"@id\":\"https:\/\/www.justiceinfo.net\/fr\/6031-05032002-tpirrutaganira-transfert-au-tpir-dun-ancien-conseiller-communal-arraecircte-en-tan2821.html#article\",\"isPartOf\":{\"@id\":\"https:\/\/www.justiceinfo.net\/fr\/6031-05032002-tpirrutaganira-transfert-au-tpir-dun-ancien-conseiller-communal-arraecircte-en-tan2821.html\"},\"author\":{\"name\":\"solivri\",\"@id\":\"https:\/\/www.justiceinfo.net\/fr#\/schema\/person\/6e53cba1629e2e66f3fc1821d3091865\"},\"headline\":\"05.03.2002 - TPIR\/RUTAGANIRA - TRANSFERT AU TPIR D'UN ANCIEN CONSEILLER COMMUNAL ARR&Ecirc;TE EN TAN\",\"datePublished\":\"2002-03-04T23:00:00+00:00\",\"mainEntityOfPage\":{\"@id\":\"https:\/\/www.justiceinfo.net\/fr\/6031-05032002-tpirrutaganira-transfert-au-tpir-dun-ancien-conseiller-communal-arraecircte-en-tan2821.html\"},\"wordCount\":299,\"commentCount\":0,\"publisher\":{\"@id\":\"https:\/\/www.justiceinfo.net\/fr#organization\"},\"articleSection\":[\"Hirondelle News\"],\"inLanguage\":\"fr-FR\",\"potentialAction\":[{\"@type\":\"CommentAction\",\"name\":\"Comment\",\"target\":[\"https:\/\/www.justiceinfo.net\/fr\/6031-05032002-tpirrutaganira-transfert-au-tpir-dun-ancien-conseiller-communal-arraecircte-en-tan2821.html#respond\"]}]},{\"@type\":\"WebPage\",\"@id\":\"https:\/\/www.justiceinfo.net\/fr\/6031-05032002-tpirrutaganira-transfert-au-tpir-dun-ancien-conseiller-communal-arraecircte-en-tan2821.html\",\"url\":\"https:\/\/www.justiceinfo.net\/fr\/6031-05032002-tpirrutaganira-transfert-au-tpir-dun-ancien-conseiller-communal-arraecircte-en-tan2821.html\",\"name\":\"05.03.2002 - TPIR\/RUTAGANIRA - TRANSFERT AU TPIR D'UN ANCIEN CONSEILLER COMMUNAL ARR&Ecirc;TE EN TAN - JusticeInfo.net\",\"isPartOf\":{\"@id\":\"https:\/\/www.justiceinfo.net\/fr#website\"},\"datePublished\":\"2002-03-04T23:00:00+00:00\",\"breadcrumb\":{\"@id\":\"https:\/\/www.justiceinfo.net\/fr\/6031-05032002-tpirrutaganira-transfert-au-tpir-dun-ancien-conseiller-communal-arraecircte-en-tan2821.html#breadcrumb\"},\"inLanguage\":\"fr-FR\",\"potentialAction\":[{\"@type\":\"ReadAction\",\"target\":[\"https:\/\/www.justiceinfo.net\/fr\/6031-05032002-tpirrutaganira-transfert-au-tpir-dun-ancien-conseiller-communal-arraecircte-en-tan2821.html\"]}]},{\"@type\":\"BreadcrumbList\",\"@id\":\"https:\/\/www.justiceinfo.net\/fr\/6031-05032002-tpirrutaganira-transfert-au-tpir-dun-ancien-conseiller-communal-arraecircte-en-tan2821.html#breadcrumb\",\"itemListElement\":[{\"@type\":\"ListItem\",\"position\":1,\"name\":\"Home\",\"item\":\"https:\/\/www.justiceinfo.net\/fr\"},{\"@type\":\"ListItem\",\"position\":2,\"name\":\"05.03.2002 - TPIR\/RUTAGANIRA - TRANSFERT AU TPIR D'UN ANCIEN CONSEILLER COMMUNAL ARR&Ecirc;TE EN TAN\"}]},{\"@type\":\"WebSite\",\"@id\":\"https:\/\/www.justiceinfo.net\/fr#website\",\"url\":\"https:\/\/www.justiceinfo.net\/fr\",\"name\":\"JusticeInfo.net\",\"description\":\"La justice doit \u00eatre vue pour \u00eatre rendue\",\"publisher\":{\"@id\":\"https:\/\/www.justiceinfo.net\/fr#organization\"},\"potentialAction\":[{\"@type\":\"SearchAction\",\"target\":{\"@type\":\"EntryPoint\",\"urlTemplate\":\"https:\/\/www.justiceinfo.net\/fr?s={search_term_string}\"},\"query-input\":{\"@type\":\"PropertyValueSpecification\",\"valueRequired\":true,\"valueName\":\"search_term_string\"}}],\"inLanguage\":\"fr-FR\"},{\"@type\":\"Organization\",\"@id\":\"https:\/\/www.justiceinfo.net\/fr#organization\",\"name\":\"Justice Info\",\"url\":\"https:\/\/www.justiceinfo.net\/fr\",\"logo\":{\"@type\":\"ImageObject\",\"inLanguage\":\"fr-FR\",\"@id\":\"https:\/\/www.justiceinfo.net\/fr#\/schema\/logo\/image\/\",\"url\":\"https:\/\/www.justiceinfo.net\/wp-content\/uploads\/justiceinfo_logo-trans_1200x1200px.png\",\"contentUrl\":\"https:\/\/www.justiceinfo.net\/wp-content\/uploads\/justiceinfo_logo-trans_1200x1200px.png\",\"width\":1199,\"height\":1200,\"caption\":\"Justice Info\"},\"image\":{\"@id\":\"https:\/\/www.justiceinfo.net\/fr#\/schema\/logo\/image\/\"},\"sameAs\":[\"https:\/\/www.facebook.com\/JusticeInfo\/\",\"https:\/\/x.com\/justiceinfonet\",\"https:\/\/www.linkedin.com\/company\/justice-info\",\"https:\/\/www.youtube.com\/channel\/UCyCEsARodyuWtkWyhn-e7pA\"]},{\"@type\":\"Person\",\"name\":\"solivri\",\"url\":\"\/fr\/?s=solivri\"}]}<\/script>\n<!-- \/ Yoast SEO Premium plugin. -->","yoast_head_json":{"title":"05.03.2002 - TPIR\/RUTAGANIRA - TRANSFERT AU TPIR D'UN ANCIEN CONSEILLER COMMUNAL ARR&Ecirc;TE EN TAN - JusticeInfo.net","robots":{"index":"index","follow":"follow","max-snippet":"max-snippet:-1","max-image-preview":"max-image-preview:large","max-video-preview":"max-video-preview:-1"},"canonical":"https:\/\/www.justiceinfo.net\/fr\/6031-05032002-tpirrutaganira-transfert-au-tpir-dun-ancien-conseiller-communal-arraecircte-en-tan2821.html","og_locale":"fr_FR","og_type":"article","og_title":"05.03.2002 - TPIR\/RUTAGANIRA - TRANSFERT AU TPIR D'UN ANCIEN CONSEILLER COMMUNAL ARR&Ecirc;TE EN TAN","og_description":"Arusha 5 mars 2002 (FH) - L\u2019ancien conseiller communal du secteur de Mubuga dans la commune de Gishyita (province de Kibuye, ouest du Rwanda), Vincent Rutaganira, a \u00e9t\u00e9 transf\u00e9r\u00e9 lundi de Kigoma (ouest de la Tanzanie), o\u00f9 il avait \u00e9t\u00e9 arr\u00eat\u00e9, vers le quartier p\u00e9nitentiaire du Tribunal p\u00e9nal international pour le Rwanda (TPIR). Rutaganira, 62 [&hellip;]","og_url":"https:\/\/www.justiceinfo.net\/fr\/6031-05032002-tpirrutaganira-transfert-au-tpir-dun-ancien-conseiller-communal-arraecircte-en-tan2821.html","og_site_name":"JusticeInfo.net","article_publisher":"https:\/\/www.facebook.com\/JusticeInfo\/","article_published_time":"2002-03-04T23:00:00+00:00","og_image":[{"width":1200,"height":630,"url":"https:\/\/www.justiceinfo.net\/wp-content\/uploads\/JusticeInfoNet_logo_1200x630px.jpg","type":"image\/jpeg"}],"author":"solivri","twitter_card":"summary_large_image","twitter_creator":"@justiceinfonet","twitter_site":"@justiceinfonet","twitter_misc":{"\u00c9crit par":"solivri","Dur\u00e9e de lecture estim\u00e9e":"1 minute"},"schema":{"@context":"https:\/\/schema.org","@graph":[{"@type":"NewsArticle","@id":"https:\/\/www.justiceinfo.net\/fr\/6031-05032002-tpirrutaganira-transfert-au-tpir-dun-ancien-conseiller-communal-arraecircte-en-tan2821.html#article","isPartOf":{"@id":"https:\/\/www.justiceinfo.net\/fr\/6031-05032002-tpirrutaganira-transfert-au-tpir-dun-ancien-conseiller-communal-arraecircte-en-tan2821.html"},"author":{"name":"solivri","@id":"https:\/\/www.justiceinfo.net\/fr#\/schema\/person\/6e53cba1629e2e66f3fc1821d3091865"},"headline":"05.03.2002 - TPIR\/RUTAGANIRA - TRANSFERT AU TPIR D'UN ANCIEN CONSEILLER COMMUNAL ARR&Ecirc;TE EN TAN","datePublished":"2002-03-04T23:00:00+00:00","mainEntityOfPage":{"@id":"https:\/\/www.justiceinfo.net\/fr\/6031-05032002-tpirrutaganira-transfert-au-tpir-dun-ancien-conseiller-communal-arraecircte-en-tan2821.html"},"wordCount":299,"commentCount":0,"publisher":{"@id":"https:\/\/www.justiceinfo.net\/fr#organization"},"articleSection":["Hirondelle News"],"inLanguage":"fr-FR","potentialAction":[{"@type":"CommentAction","name":"Comment","target":["https:\/\/www.justiceinfo.net\/fr\/6031-05032002-tpirrutaganira-transfert-au-tpir-dun-ancien-conseiller-communal-arraecircte-en-tan2821.html#respond"]}]},{"@type":"WebPage","@id":"https:\/\/www.justiceinfo.net\/fr\/6031-05032002-tpirrutaganira-transfert-au-tpir-dun-ancien-conseiller-communal-arraecircte-en-tan2821.html","url":"https:\/\/www.justiceinfo.net\/fr\/6031-05032002-tpirrutaganira-transfert-au-tpir-dun-ancien-conseiller-communal-arraecircte-en-tan2821.html","name":"05.03.2002 - TPIR\/RUTAGANIRA - TRANSFERT AU TPIR D'UN ANCIEN CONSEILLER COMMUNAL ARR&Ecirc;TE EN TAN - JusticeInfo.net","isPartOf":{"@id":"https:\/\/www.justiceinfo.net\/fr#website"},"datePublished":"2002-03-04T23:00:00+00:00","breadcrumb":{"@id":"https:\/\/www.justiceinfo.net\/fr\/6031-05032002-tpirrutaganira-transfert-au-tpir-dun-ancien-conseiller-communal-arraecircte-en-tan2821.html#breadcrumb"},"inLanguage":"fr-FR","potentialAction":[{"@type":"ReadAction","target":["https:\/\/www.justiceinfo.net\/fr\/6031-05032002-tpirrutaganira-transfert-au-tpir-dun-ancien-conseiller-communal-arraecircte-en-tan2821.html"]}]},{"@type":"BreadcrumbList","@id":"https:\/\/www.justiceinfo.net\/fr\/6031-05032002-tpirrutaganira-transfert-au-tpir-dun-ancien-conseiller-communal-arraecircte-en-tan2821.html#breadcrumb","itemListElement":[{"@type":"ListItem","position":1,"name":"Home","item":"https:\/\/www.justiceinfo.net\/fr"},{"@type":"ListItem","position":2,"name":"05.03.2002 - TPIR\/RUTAGANIRA - TRANSFERT AU TPIR D'UN ANCIEN CONSEILLER COMMUNAL ARR&Ecirc;TE EN TAN"}]},{"@type":"WebSite","@id":"https:\/\/www.justiceinfo.net\/fr#website","url":"https:\/\/www.justiceinfo.net\/fr","name":"JusticeInfo.net","description":"La justice doit \u00eatre vue pour \u00eatre rendue","publisher":{"@id":"https:\/\/www.justiceinfo.net\/fr#organization"},"potentialAction":[{"@type":"SearchAction","target":{"@type":"EntryPoint","urlTemplate":"https:\/\/www.justiceinfo.net\/fr?s={search_term_string}"},"query-input":{"@type":"PropertyValueSpecification","valueRequired":true,"valueName":"search_term_string"}}],"inLanguage":"fr-FR"},{"@type":"Organization","@id":"https:\/\/www.justiceinfo.net\/fr#organization","name":"Justice Info","url":"https:\/\/www.justiceinfo.net\/fr","logo":{"@type":"ImageObject","inLanguage":"fr-FR","@id":"https:\/\/www.justiceinfo.net\/fr#\/schema\/logo\/image\/","url":"https:\/\/www.justiceinfo.net\/wp-content\/uploads\/justiceinfo_logo-trans_1200x1200px.png","contentUrl":"https:\/\/www.justiceinfo.net\/wp-content\/uploads\/justiceinfo_logo-trans_1200x1200px.png","width":1199,"height":1200,"caption":"Justice Info"},"image":{"@id":"https:\/\/www.justiceinfo.net\/fr#\/schema\/logo\/image\/"},"sameAs":["https:\/\/www.facebook.com\/JusticeInfo\/","https:\/\/x.com\/justiceinfonet","https:\/\/www.linkedin.com\/company\/justice-info","https:\/\/www.youtube.com\/channel\/UCyCEsARodyuWtkWyhn-e7pA"]},{"@type":"Person","name":"solivri","url":"\/fr\/?s=solivri"}]}},"_links":{"self":[{"href":"https:\/\/www.justiceinfo.net\/fr\/wp-json\/wp\/v2\/posts\/6031","targetHints":{"allow":["GET"]}}],"collection":[{"href":"https:\/\/www.justiceinfo.net\/fr\/wp-json\/wp\/v2\/posts"}],"about":[{"href":"https:\/\/www.justiceinfo.net\/fr\/wp-json\/wp\/v2\/types\/post"}],"author":[{"embeddable":true,"href":"https:\/\/www.justiceinfo.net\/fr\/wp-json\/wp\/v2\/users\/64"}],"replies":[{"embeddable":true,"href":"https:\/\/www.justiceinfo.net\/fr\/wp-json\/wp\/v2\/comments?post=6031"}],"version-history":[{"count":0,"href":"https:\/\/www.justiceinfo.net\/fr\/wp-json\/wp\/v2\/posts\/6031\/revisions"}],"wp:attachment":[{"href":"https:\/\/www.justiceinfo.net\/fr\/wp-json\/wp\/v2\/media?parent=6031"}],"wp:term":[{"taxonomy":"category","embeddable":true,"href":"https:\/\/www.justiceinfo.net\/fr\/wp-json\/wp\/v2\/categories?post=6031"},{"taxonomy":"post_tag","embeddable":true,"href":"https:\/\/www.justiceinfo.net\/fr\/wp-json\/wp\/v2\/tags?post=6031"},{"taxonomy":"ji_location","embeddable":true,"href":"https:\/\/www.justiceinfo.net\/fr\/wp-json\/wp\/v2\/ji_location?post=6031"}],"curies":[{"name":"wp","href":"https:\/\/api.w.org\/{rel}","templated":true}]}}