{"id":6033,"date":"2002-03-04T00:00:00","date_gmt":"2002-03-03T23:00:00","guid":{"rendered":"https:\/\/www.justiceinfo.net\/6033-04032002-tpirmedias-pas-de-symbiose-entre-la-rtlm-et-hassan-ngeze-selon-un-avocat2823.html"},"modified":"2002-03-04T00:00:00","modified_gmt":"2002-03-03T23:00:00","slug":"04032002-tpirmedias-pas-de-symbiose-entre-la-rtlm-et-hassan-ngeze-selon-un-avocat2823","status":"publish","type":"post","link":"https:\/\/www.justiceinfo.net\/fr\/6033-04032002-tpirmedias-pas-de-symbiose-entre-la-rtlm-et-hassan-ngeze-selon-un-avocat2823.html","title":{"rendered":"04.03.2002 - TPIR\/MEDIAS - PAS DE SYMBIOSE ENTRE LA RTLM ET HASSAN NGEZE, SELON UN AVOCAT"},"content":{"rendered":"<p  >\nArusha 4 mars 2002 (FH) - Il n'y avait pas de symbiose entre la Radio-t\u00e9l\u00e9vision libre des Mille collines (RTLM) et l'ex-directeur et r\u00e9dacteur en chef de la revue Kangura, Hassan Ngeze, a plaid\u00e9 un avocat lundi dans le proc\u00e8s des anciens responsables des \"m\u00e9dias de la haine\"en cours devant le Tribunal p\u00e9nal international pour le Rwanda (TPIR).\n<\/p>\n<p  >\nl'avocat fran\u00e7ais Me Jean-Marie Biju-Duval, qui d\u00e9fend l'ancien promoteur de la RTLM, Ferdinand Nahimana, a relev\u00e9 que Hassan Ngeze avait m\u00eame \u00e9t\u00e9, temporairement, interdit D'acc\u00e8s \u00e0 la salle de r\u00e9daction de cette radio par son directeur g\u00e9n\u00e9ral, Phocas Habimana.\n<\/p>\n<p><!--more--><\/p>\n<p  >\nMe Biju-Duval contre-interrogeait l'ex-pr\u00e9sentateur italo-belge \u00e0 la RTLM, Georges Ruggiu, qui d\u00e9pose depuis mercredi dernier dans ce proc\u00e8s. Georges Ruggiu a expliqu\u00e9 que Hassan Ngeze profitait de ses visites pour voler des documents \u00e0 la RTLM. Se basant sur une d\u00e9claration ant\u00e9rieure du t\u00e9moin, recueillie par le bureau du procureur, Me Biju-Duval a indiqu\u00e9 que \"M.Ngeze apparait [plut\u00f4t]comme quelqu'un dont D'une part la RTLM ne peut se faire un ennemi, mais D'autre part contre lequel il faut prendre des mesures de protection\".\n<\/p>\n<p  >\nGeorges Ruggiu avait d\u00e9clar\u00e9 au sujet de Ngeze : \"Bien que ce ne soit pas le meilleur alli\u00e9 qui soit, loin de l\u00e0\", il ne fallait pas en faire un ennemi de la RTLM.\n<\/p>\n<p  >\nLe parquet all\u00e8gue que Ferdinand Nahimana, Hassan Ngeze et D'autres se sont entendus pour commettre le g\u00e9nocide anti-tutsi et les massacres D'opposants qui ont fait un million de morts en trois mois, selon un bilan \u00e9tabli par le gouvernement rwandais.\n<\/p>\n<p  >\nGeorges Ruggiu a d\u00e9clar\u00e9 que Hassan Ngeze achetait des tranches publicitaires \u00e0 la RTLM et disait du bien de la RTLM dans son journal : \"Il y avait donc un rapport D'utilit\u00e9 mutuelle que J'ai appel\u00e9 symbiose\", a-t-il dit.\n<\/p>\n<p  >\nFerdinand Nahimana et Hassan Ngeze sont coaccus\u00e9s avec l'ancien conseiller politique au minist\u00e8re des affaires \u00e9trang\u00e8res et membre du comit\u00e9 D'initiative de la RTLM, Jean-Bosco Barayagwiza. Ils plaident non coupables.\n<\/p>\n<p  >\nLe proc\u00e8s se d\u00e9roule devant la premi\u00e8re chambre de premi\u00e8re instance du TPIR pr\u00e9sid\u00e9e par la juge sud-africaine Navanethem Pillay et compos\u00e9e en outre des juges, norv\u00e9gien Erik Mose et sri-lankais Asoka de Zoysa Gunawardana. La d\u00e9position de Georges Ruggiu se poursuit mardi matin. La d\u00e9fense affirme que le t\u00e9moignage de Georges Ruggiu est une accumulation de mensonges.\n<\/p>\n<p  >\nAT\/GF\/FH (ME-0204A)<\/p>\n","protected":false},"excerpt":{"rendered":"<p>Arusha 4 mars 2002 (FH) - Il n'y avait pas de symbiose entre la Radio-t\u00e9l\u00e9vision libre des Mille collines (RTLM) et l'ex-directeur et r\u00e9dacteur en chef de la revue Kangura, Hassan Ngeze, a plaid\u00e9 un avocat lundi dans le proc\u00e8s des anciens responsables des \"m\u00e9dias de la haine\"en cours devant le Tribunal p\u00e9nal international pour [&hellip;]<\/p>\n","protected":false},"author":64,"featured_media":0,"comment_status":"open","ping_status":"closed","sticky":false,"template":"","format":"standard","meta":{"_acf_changed":false,"footnotes":""},"categories":[554],"tags":[],"ji_location":[],"class_list":["post-6033","post","type-post","status-publish","format-standard","hentry","category-hirondellenews"],"acf":[],"yoast_head":"<!-- This site is optimized with the Yoast SEO Premium plugin v25.3.1 (Yoast SEO v25.3.1) - https:\/\/yoast.com\/wordpress\/plugins\/seo\/ -->\n<title>04.03.2002 - TPIR\/MEDIAS - PAS DE SYMBIOSE ENTRE LA RTLM ET HASSAN NGEZE, SELON UN AVOCAT - JusticeInfo.net<\/title>\n<meta name=\"robots\" content=\"index, follow, max-snippet:-1, max-image-preview:large, max-video-preview:-1\" \/>\n<link rel=\"canonical\" href=\"https:\/\/www.justiceinfo.net\/fr\/6033-04032002-tpirmedias-pas-de-symbiose-entre-la-rtlm-et-hassan-ngeze-selon-un-avocat2823.html\" \/>\n<meta property=\"og:locale\" content=\"fr_FR\" \/>\n<meta property=\"og:type\" content=\"article\" \/>\n<meta property=\"og:title\" content=\"04.03.2002 - TPIR\/MEDIAS - PAS DE SYMBIOSE ENTRE LA RTLM ET HASSAN NGEZE, SELON UN AVOCAT\" \/>\n<meta property=\"og:description\" content=\"Arusha 4 mars 2002 (FH) - Il n&#039;y avait pas de symbiose entre la Radio-t\u00e9l\u00e9vision libre des Mille collines (RTLM) et l&#039;ex-directeur et r\u00e9dacteur en chef de la revue Kangura, Hassan Ngeze, a plaid\u00e9 un avocat lundi dans le proc\u00e8s des anciens responsables des &quot;m\u00e9dias de la haine&quot;en cours devant le Tribunal p\u00e9nal international pour [&hellip;]\" \/>\n<meta property=\"og:url\" content=\"https:\/\/www.justiceinfo.net\/fr\/6033-04032002-tpirmedias-pas-de-symbiose-entre-la-rtlm-et-hassan-ngeze-selon-un-avocat2823.html\" \/>\n<meta property=\"og:site_name\" content=\"JusticeInfo.net\" \/>\n<meta property=\"article:publisher\" content=\"https:\/\/www.facebook.com\/JusticeInfo\/\" \/>\n<meta property=\"article:published_time\" content=\"2002-03-03T23:00:00+00:00\" \/>\n<meta property=\"og:image\" content=\"https:\/\/www.justiceinfo.net\/wp-content\/uploads\/JusticeInfoNet_logo_1200x630px.jpg\" \/>\n\t<meta property=\"og:image:width\" content=\"1200\" \/>\n\t<meta property=\"og:image:height\" content=\"630\" \/>\n\t<meta property=\"og:image:type\" content=\"image\/jpeg\" \/>\n<meta name=\"author\" content=\"solivri\" \/>\n<meta name=\"twitter:card\" content=\"summary_large_image\" \/>\n<meta name=\"twitter:creator\" content=\"@justiceinfonet\" \/>\n<meta name=\"twitter:site\" content=\"@justiceinfonet\" \/>\n<meta name=\"twitter:label1\" content=\"\u00c9crit par\" \/>\n\t<meta name=\"twitter:data1\" content=\"solivri\" \/>\n\t<meta name=\"twitter:label2\" content=\"Dur\u00e9e de lecture estim\u00e9e\" \/>\n\t<meta name=\"twitter:data2\" content=\"2 minutes\" \/>\n<script type=\"application\/ld+json\" class=\"yoast-schema-graph\">{\"@context\":\"https:\/\/schema.org\",\"@graph\":[{\"@type\":\"NewsArticle\",\"@id\":\"https:\/\/www.justiceinfo.net\/fr\/6033-04032002-tpirmedias-pas-de-symbiose-entre-la-rtlm-et-hassan-ngeze-selon-un-avocat2823.html#article\",\"isPartOf\":{\"@id\":\"https:\/\/www.justiceinfo.net\/fr\/6033-04032002-tpirmedias-pas-de-symbiose-entre-la-rtlm-et-hassan-ngeze-selon-un-avocat2823.html\"},\"author\":{\"name\":\"solivri\",\"@id\":\"https:\/\/www.justiceinfo.net\/fr#\/schema\/person\/6e53cba1629e2e66f3fc1821d3091865\"},\"headline\":\"04.03.2002 - TPIR\/MEDIAS - PAS DE SYMBIOSE ENTRE LA RTLM ET HASSAN NGEZE, SELON UN AVOCAT\",\"datePublished\":\"2002-03-03T23:00:00+00:00\",\"mainEntityOfPage\":{\"@id\":\"https:\/\/www.justiceinfo.net\/fr\/6033-04032002-tpirmedias-pas-de-symbiose-entre-la-rtlm-et-hassan-ngeze-selon-un-avocat2823.html\"},\"wordCount\":449,\"commentCount\":0,\"publisher\":{\"@id\":\"https:\/\/www.justiceinfo.net\/fr#organization\"},\"articleSection\":[\"Hirondelle News\"],\"inLanguage\":\"fr-FR\",\"potentialAction\":[{\"@type\":\"CommentAction\",\"name\":\"Comment\",\"target\":[\"https:\/\/www.justiceinfo.net\/fr\/6033-04032002-tpirmedias-pas-de-symbiose-entre-la-rtlm-et-hassan-ngeze-selon-un-avocat2823.html#respond\"]}]},{\"@type\":\"WebPage\",\"@id\":\"https:\/\/www.justiceinfo.net\/fr\/6033-04032002-tpirmedias-pas-de-symbiose-entre-la-rtlm-et-hassan-ngeze-selon-un-avocat2823.html\",\"url\":\"https:\/\/www.justiceinfo.net\/fr\/6033-04032002-tpirmedias-pas-de-symbiose-entre-la-rtlm-et-hassan-ngeze-selon-un-avocat2823.html\",\"name\":\"04.03.2002 - TPIR\/MEDIAS - PAS DE SYMBIOSE ENTRE LA RTLM ET HASSAN NGEZE, SELON UN AVOCAT - JusticeInfo.net\",\"isPartOf\":{\"@id\":\"https:\/\/www.justiceinfo.net\/fr#website\"},\"datePublished\":\"2002-03-03T23:00:00+00:00\",\"breadcrumb\":{\"@id\":\"https:\/\/www.justiceinfo.net\/fr\/6033-04032002-tpirmedias-pas-de-symbiose-entre-la-rtlm-et-hassan-ngeze-selon-un-avocat2823.html#breadcrumb\"},\"inLanguage\":\"fr-FR\",\"potentialAction\":[{\"@type\":\"ReadAction\",\"target\":[\"https:\/\/www.justiceinfo.net\/fr\/6033-04032002-tpirmedias-pas-de-symbiose-entre-la-rtlm-et-hassan-ngeze-selon-un-avocat2823.html\"]}]},{\"@type\":\"BreadcrumbList\",\"@id\":\"https:\/\/www.justiceinfo.net\/fr\/6033-04032002-tpirmedias-pas-de-symbiose-entre-la-rtlm-et-hassan-ngeze-selon-un-avocat2823.html#breadcrumb\",\"itemListElement\":[{\"@type\":\"ListItem\",\"position\":1,\"name\":\"Home\",\"item\":\"https:\/\/www.justiceinfo.net\/fr\"},{\"@type\":\"ListItem\",\"position\":2,\"name\":\"04.03.2002 - TPIR\/MEDIAS - PAS DE SYMBIOSE ENTRE LA RTLM ET HASSAN NGEZE, SELON UN AVOCAT\"}]},{\"@type\":\"WebSite\",\"@id\":\"https:\/\/www.justiceinfo.net\/fr#website\",\"url\":\"https:\/\/www.justiceinfo.net\/fr\",\"name\":\"JusticeInfo.net\",\"description\":\"La justice doit \u00eatre vue pour \u00eatre rendue\",\"publisher\":{\"@id\":\"https:\/\/www.justiceinfo.net\/fr#organization\"},\"potentialAction\":[{\"@type\":\"SearchAction\",\"target\":{\"@type\":\"EntryPoint\",\"urlTemplate\":\"https:\/\/www.justiceinfo.net\/fr?s={search_term_string}\"},\"query-input\":{\"@type\":\"PropertyValueSpecification\",\"valueRequired\":true,\"valueName\":\"search_term_string\"}}],\"inLanguage\":\"fr-FR\"},{\"@type\":\"Organization\",\"@id\":\"https:\/\/www.justiceinfo.net\/fr#organization\",\"name\":\"Justice Info\",\"url\":\"https:\/\/www.justiceinfo.net\/fr\",\"logo\":{\"@type\":\"ImageObject\",\"inLanguage\":\"fr-FR\",\"@id\":\"https:\/\/www.justiceinfo.net\/fr#\/schema\/logo\/image\/\",\"url\":\"https:\/\/www.justiceinfo.net\/wp-content\/uploads\/justiceinfo_logo-trans_1200x1200px.png\",\"contentUrl\":\"https:\/\/www.justiceinfo.net\/wp-content\/uploads\/justiceinfo_logo-trans_1200x1200px.png\",\"width\":1199,\"height\":1200,\"caption\":\"Justice Info\"},\"image\":{\"@id\":\"https:\/\/www.justiceinfo.net\/fr#\/schema\/logo\/image\/\"},\"sameAs\":[\"https:\/\/www.facebook.com\/JusticeInfo\/\",\"https:\/\/x.com\/justiceinfonet\",\"https:\/\/www.linkedin.com\/company\/justice-info\",\"https:\/\/www.youtube.com\/channel\/UCyCEsARodyuWtkWyhn-e7pA\"]},{\"@type\":\"Person\",\"name\":\"solivri\",\"url\":\"\/fr\/?s=solivri\"}]}<\/script>\n<!-- \/ Yoast SEO Premium plugin. -->","yoast_head_json":{"title":"04.03.2002 - TPIR\/MEDIAS - PAS DE SYMBIOSE ENTRE LA RTLM ET HASSAN NGEZE, SELON UN AVOCAT - JusticeInfo.net","robots":{"index":"index","follow":"follow","max-snippet":"max-snippet:-1","max-image-preview":"max-image-preview:large","max-video-preview":"max-video-preview:-1"},"canonical":"https:\/\/www.justiceinfo.net\/fr\/6033-04032002-tpirmedias-pas-de-symbiose-entre-la-rtlm-et-hassan-ngeze-selon-un-avocat2823.html","og_locale":"fr_FR","og_type":"article","og_title":"04.03.2002 - TPIR\/MEDIAS - PAS DE SYMBIOSE ENTRE LA RTLM ET HASSAN NGEZE, SELON UN AVOCAT","og_description":"Arusha 4 mars 2002 (FH) - Il n'y avait pas de symbiose entre la Radio-t\u00e9l\u00e9vision libre des Mille collines (RTLM) et l'ex-directeur et r\u00e9dacteur en chef de la revue Kangura, Hassan Ngeze, a plaid\u00e9 un avocat lundi dans le proc\u00e8s des anciens responsables des \"m\u00e9dias de la haine\"en cours devant le Tribunal p\u00e9nal international pour [&hellip;]","og_url":"https:\/\/www.justiceinfo.net\/fr\/6033-04032002-tpirmedias-pas-de-symbiose-entre-la-rtlm-et-hassan-ngeze-selon-un-avocat2823.html","og_site_name":"JusticeInfo.net","article_publisher":"https:\/\/www.facebook.com\/JusticeInfo\/","article_published_time":"2002-03-03T23:00:00+00:00","og_image":[{"width":1200,"height":630,"url":"https:\/\/www.justiceinfo.net\/wp-content\/uploads\/JusticeInfoNet_logo_1200x630px.jpg","type":"image\/jpeg"}],"author":"solivri","twitter_card":"summary_large_image","twitter_creator":"@justiceinfonet","twitter_site":"@justiceinfonet","twitter_misc":{"\u00c9crit par":"solivri","Dur\u00e9e de lecture estim\u00e9e":"2 minutes"},"schema":{"@context":"https:\/\/schema.org","@graph":[{"@type":"NewsArticle","@id":"https:\/\/www.justiceinfo.net\/fr\/6033-04032002-tpirmedias-pas-de-symbiose-entre-la-rtlm-et-hassan-ngeze-selon-un-avocat2823.html#article","isPartOf":{"@id":"https:\/\/www.justiceinfo.net\/fr\/6033-04032002-tpirmedias-pas-de-symbiose-entre-la-rtlm-et-hassan-ngeze-selon-un-avocat2823.html"},"author":{"name":"solivri","@id":"https:\/\/www.justiceinfo.net\/fr#\/schema\/person\/6e53cba1629e2e66f3fc1821d3091865"},"headline":"04.03.2002 - TPIR\/MEDIAS - PAS DE SYMBIOSE ENTRE LA RTLM ET HASSAN NGEZE, SELON UN AVOCAT","datePublished":"2002-03-03T23:00:00+00:00","mainEntityOfPage":{"@id":"https:\/\/www.justiceinfo.net\/fr\/6033-04032002-tpirmedias-pas-de-symbiose-entre-la-rtlm-et-hassan-ngeze-selon-un-avocat2823.html"},"wordCount":449,"commentCount":0,"publisher":{"@id":"https:\/\/www.justiceinfo.net\/fr#organization"},"articleSection":["Hirondelle News"],"inLanguage":"fr-FR","potentialAction":[{"@type":"CommentAction","name":"Comment","target":["https:\/\/www.justiceinfo.net\/fr\/6033-04032002-tpirmedias-pas-de-symbiose-entre-la-rtlm-et-hassan-ngeze-selon-un-avocat2823.html#respond"]}]},{"@type":"WebPage","@id":"https:\/\/www.justiceinfo.net\/fr\/6033-04032002-tpirmedias-pas-de-symbiose-entre-la-rtlm-et-hassan-ngeze-selon-un-avocat2823.html","url":"https:\/\/www.justiceinfo.net\/fr\/6033-04032002-tpirmedias-pas-de-symbiose-entre-la-rtlm-et-hassan-ngeze-selon-un-avocat2823.html","name":"04.03.2002 - TPIR\/MEDIAS - PAS DE SYMBIOSE ENTRE LA RTLM ET HASSAN NGEZE, SELON UN AVOCAT - JusticeInfo.net","isPartOf":{"@id":"https:\/\/www.justiceinfo.net\/fr#website"},"datePublished":"2002-03-03T23:00:00+00:00","breadcrumb":{"@id":"https:\/\/www.justiceinfo.net\/fr\/6033-04032002-tpirmedias-pas-de-symbiose-entre-la-rtlm-et-hassan-ngeze-selon-un-avocat2823.html#breadcrumb"},"inLanguage":"fr-FR","potentialAction":[{"@type":"ReadAction","target":["https:\/\/www.justiceinfo.net\/fr\/6033-04032002-tpirmedias-pas-de-symbiose-entre-la-rtlm-et-hassan-ngeze-selon-un-avocat2823.html"]}]},{"@type":"BreadcrumbList","@id":"https:\/\/www.justiceinfo.net\/fr\/6033-04032002-tpirmedias-pas-de-symbiose-entre-la-rtlm-et-hassan-ngeze-selon-un-avocat2823.html#breadcrumb","itemListElement":[{"@type":"ListItem","position":1,"name":"Home","item":"https:\/\/www.justiceinfo.net\/fr"},{"@type":"ListItem","position":2,"name":"04.03.2002 - TPIR\/MEDIAS - PAS DE SYMBIOSE ENTRE LA RTLM ET HASSAN NGEZE, SELON UN AVOCAT"}]},{"@type":"WebSite","@id":"https:\/\/www.justiceinfo.net\/fr#website","url":"https:\/\/www.justiceinfo.net\/fr","name":"JusticeInfo.net","description":"La justice doit \u00eatre vue pour \u00eatre rendue","publisher":{"@id":"https:\/\/www.justiceinfo.net\/fr#organization"},"potentialAction":[{"@type":"SearchAction","target":{"@type":"EntryPoint","urlTemplate":"https:\/\/www.justiceinfo.net\/fr?s={search_term_string}"},"query-input":{"@type":"PropertyValueSpecification","valueRequired":true,"valueName":"search_term_string"}}],"inLanguage":"fr-FR"},{"@type":"Organization","@id":"https:\/\/www.justiceinfo.net\/fr#organization","name":"Justice Info","url":"https:\/\/www.justiceinfo.net\/fr","logo":{"@type":"ImageObject","inLanguage":"fr-FR","@id":"https:\/\/www.justiceinfo.net\/fr#\/schema\/logo\/image\/","url":"https:\/\/www.justiceinfo.net\/wp-content\/uploads\/justiceinfo_logo-trans_1200x1200px.png","contentUrl":"https:\/\/www.justiceinfo.net\/wp-content\/uploads\/justiceinfo_logo-trans_1200x1200px.png","width":1199,"height":1200,"caption":"Justice Info"},"image":{"@id":"https:\/\/www.justiceinfo.net\/fr#\/schema\/logo\/image\/"},"sameAs":["https:\/\/www.facebook.com\/JusticeInfo\/","https:\/\/x.com\/justiceinfonet","https:\/\/www.linkedin.com\/company\/justice-info","https:\/\/www.youtube.com\/channel\/UCyCEsARodyuWtkWyhn-e7pA"]},{"@type":"Person","name":"solivri","url":"\/fr\/?s=solivri"}]}},"_links":{"self":[{"href":"https:\/\/www.justiceinfo.net\/fr\/wp-json\/wp\/v2\/posts\/6033","targetHints":{"allow":["GET"]}}],"collection":[{"href":"https:\/\/www.justiceinfo.net\/fr\/wp-json\/wp\/v2\/posts"}],"about":[{"href":"https:\/\/www.justiceinfo.net\/fr\/wp-json\/wp\/v2\/types\/post"}],"author":[{"embeddable":true,"href":"https:\/\/www.justiceinfo.net\/fr\/wp-json\/wp\/v2\/users\/64"}],"replies":[{"embeddable":true,"href":"https:\/\/www.justiceinfo.net\/fr\/wp-json\/wp\/v2\/comments?post=6033"}],"version-history":[{"count":0,"href":"https:\/\/www.justiceinfo.net\/fr\/wp-json\/wp\/v2\/posts\/6033\/revisions"}],"wp:attachment":[{"href":"https:\/\/www.justiceinfo.net\/fr\/wp-json\/wp\/v2\/media?parent=6033"}],"wp:term":[{"taxonomy":"category","embeddable":true,"href":"https:\/\/www.justiceinfo.net\/fr\/wp-json\/wp\/v2\/categories?post=6033"},{"taxonomy":"post_tag","embeddable":true,"href":"https:\/\/www.justiceinfo.net\/fr\/wp-json\/wp\/v2\/tags?post=6033"},{"taxonomy":"ji_location","embeddable":true,"href":"https:\/\/www.justiceinfo.net\/fr\/wp-json\/wp\/v2\/ji_location?post=6033"}],"curies":[{"name":"wp","href":"https:\/\/api.w.org\/{rel}","templated":true}]}}