{"id":6047,"date":"2002-02-28T00:00:00","date_gmt":"2002-02-27T23:00:00","guid":{"rendered":"https:\/\/www.justiceinfo.net\/6047-28022002-tpirmedias-georges-ruggiu-admet-avoir-ecrit-des-mensonges2837.html"},"modified":"2002-02-28T00:00:00","modified_gmt":"2002-02-27T23:00:00","slug":"28022002-tpirmedias-georges-ruggiu-admet-avoir-ecrit-des-mensonges2837","status":"publish","type":"post","link":"https:\/\/www.justiceinfo.net\/fr\/6047-28022002-tpirmedias-georges-ruggiu-admet-avoir-ecrit-des-mensonges2837.html","title":{"rendered":"28.02.2002 - TPIR\/MEDIAS - GEORGES RUGGIU ADMET AVOIR ECRIT DES MENSONGES"},"content":{"rendered":"<p  >\nArusha 28 f\u00e9vrier 2002 (FH) - l'ancien pr\u00e9sentateur italo-belge Georges Ruggiu a admis avoir \u00e9crit des mensonges au sujet de la Radio-t\u00e9l\u00e9vision libre des Mille collines (RTLM), lors de sa d\u00e9position jeudi devant le Tribunal p\u00e9nal international pour le Rwanda (TPIR).\n<\/p>\n<p  >\nGeorges Ruggiu a travaill\u00e9 \u00e0 la RTLM pendant le g\u00e9nocide anti-tutsi en 1994 et a \u00e9crit un livre sur cette p\u00e9riode, l'ann\u00e9e suivante.\n<\/p>\n<p><!--more--><\/p>\n<p  >\nIntitul\u00e9 \"Dans la tourmente rwandaise\", le livre de Georges Ruggiu d\u00e9crit la RTLM comme \"Radio V\u00e9rit\u00e9, Radio Courage, Radio R\u00e9sistance, Radio yacu [notre radio]\".\n<\/p>\n<p  >\nLe parquet du TPIR all\u00e8gue que la RTLM et ses journalistes ont incit\u00e9 au g\u00e9nocide anti-tutsi et aux massacres D'opposants qui ont fait un million de morts, selon un bilan officiel \u00e9tabli par le gouvernement rwandais.\n<\/p>\n<p  >\nl'avocat fran\u00e7ais Me Jean-Marie Biju-Duval, qui d\u00e9fend l'ancien promoteur de la RTLM, Ferdinand Nahimana, un des accus\u00e9s dans ce proc\u00e8s, a fait admettre \u00e0 Georges Ruggiu que son livre \u00e9tait \"un plaidoyer pour la RTLM et pour vous-m\u00eame, r\u00e9solument partisan et constamment parsem\u00e9 de ce genre de mensonges\".<br \/>\nGeorges Ruggiu a d\u00e9clar\u00e9 : \"Je n'ai pas \u00e9crit la v\u00e9rit\u00e9, je l'admets. Mais J'ai essay\u00e9 de d\u00e9velopper une d\u00e9fense pour la RTLM. Je n'ai pas dit toute la v\u00e9rit\u00e9 parce qu'\u00e0 l'\u00e9poque, je ne croyais pas que la v\u00e9rit\u00e9 \u00e9tait \u00e0 dire. Je l'ai tue, je le savais\".\n<\/p>\n<p  >\nMe Biju Duval a relev\u00e9 : \"en pr\u00e9tendant dire la v\u00e9rit\u00e9, vous ne travaillez que pour votre d\u00e9fense et vos propres int\u00e9r\u00eats en 1995. Tout cela au prix D'une accumulation de mensonges\". Georges Ruggiu a r\u00e9pondu que la remarque de l'avocat \u00e9tait exacte. Il a ajout\u00e9 : \"Je n'avais pas les moyens de dire la v\u00e9rit\u00e9 en 1995. En 1995, J'\u00e9tais seul au Kenya. Je n'avais pas les moyens de dire que la RTLM avait diffus\u00e9 des appels aux meurtres, avait incit\u00e9 aux massacres de Tutsis, \u00e0 tuer des personnalit\u00e9s politiques. Je le dis maintenant\".\n<\/p>\n<p  >\nGeorges Ruggiu s'est r\u00e9fugi\u00e9 au Kenya apr\u00e8s la victoire du Front patriotique rwandais (FPR) sur le gouvernement int\u00e9rimaire, ou il avoue avoir v\u00e9cu essentiellement aux frais de l'homme D'affaires F\u00e9licien Kabuga, principal actionnaire de la RTLM. Il avait falsifi\u00e9 son identit\u00e9 et s'appelait Trevor Mac Cusker, parce qu'il savait qu'il \u00e9tait recherch\u00e9, a-t-il expliqu\u00e9. \"A l'\u00e9poque, je n'avais pas les moyens de dire le contraire. J'\u00e9tais d\u00e9pendant. Je n'avais encore pas compris que je pouvais me d\u00e9tacher de ceux qui parlaient pour la RTLM et dire la v\u00e9rit\u00e9\".\n<\/p>\n<p  >\nGeorges Ruggiu a \u00e9t\u00e9 arr\u00eat\u00e9 en juillet 1997 par le TPIR et a D'abord plaid\u00e9 non coupable. Au mois de mai 2000, il a \u00e9t\u00e9 autoris\u00e9 \u00e0 changer de plaidoyer et a reconnu avoir incit\u00e9 au g\u00e9nocide.\n<\/p>\n<p  >\nMe Biju-Duval s'est dit pr\u00e9occup\u00e9 par le rapport que ce t\u00e9moin \u00e0 charge entretient avec la v\u00e9rit\u00e9, mettant ainsi en doute sa cr\u00e9dibiblit\u00e9. l'avocat fran\u00e7ais a par ailleurs confront\u00e9 Georges Ruggiu \u00e0 des d\u00e9clarations qu'il avait faites aux enqu\u00eateurs du TPIR apr\u00e8s son arrestation. Georges Ruggiu avait alors affirm\u00e9 que pendant le g\u00e9nocide, les journalistes de la RTLM n'avaient ob\u00e9i qu'au directeur g\u00e9n\u00e9ral Phocas Habimana et au r\u00e9dacteur en chef Gaspard Gahigi. \"Ferdinand Nahimana n'\u00e9tait pas l\u00e0. Il n'est venu qu'une fois \u00e0 Kigali. Il est rest\u00e9 pendant une demi-journ\u00e9e. Il est all\u00e9 se cacher dans un h\u00f4tel. Il avait peur. Le lendemain il est reparti\", avait d\u00e9clar\u00e9 en substance Ruggiu.\n<\/p>\n<p  >\nOr, dans son t\u00e9moignage devant la Cour, Georges Ruggiu a all\u00e9gu\u00e9 que Ferdinand Nahimana contr\u00f4lait la RTLM avant et pendant le g\u00e9nocide. Georges Ruggiu a expliqu\u00e9 que lors de son premier entretien avec les enqu\u00eateurs : \"\u00e0 ma connaissance, ils [Phocas Habimana et Gaspard Gahigi] n'\u00e9taient plus vivants; je pouvais donc incriminer les morts\".\n<\/p>\n<p  >\nGeorges Ruggiu n'a cependant pas pu expliquer comment, au cours du m\u00eame entretien, il avait incrimin\u00e9 plusieurs personnes qu'il savait encore en vie, dont le chef D'Etat major de l'ex-arm\u00e9e rwandaise, le g\u00e9n\u00e9ral Augustin Bizimungu.\n<\/p>\n<p  >\nFerdinand Nahimana est coaccus\u00e9 avec l'ancien conseiller politique au minist\u00e8re des affaires \u00e9trang\u00e8res et membre du comit\u00e9 D'initiative de la RTLM, Jean-Bosco Barayagwiza, ainsi que l'ancien directeur et r\u00e9dacteur en chef de la revue Kangura, Hassan Ngeze. Le t\u00e9moignage de Georges Ruggiu se poursuit vendredi matin.\n<\/p>\n<p  >\nAT\/GF\/FH (Me-0228A)<\/p>\n","protected":false},"excerpt":{"rendered":"<p>Arusha 28 f\u00e9vrier 2002 (FH) - l'ancien pr\u00e9sentateur italo-belge Georges Ruggiu a admis avoir \u00e9crit des mensonges au sujet de la Radio-t\u00e9l\u00e9vision libre des Mille collines (RTLM), lors de sa d\u00e9position jeudi devant le Tribunal p\u00e9nal international pour le Rwanda (TPIR). Georges Ruggiu a travaill\u00e9 \u00e0 la RTLM pendant le g\u00e9nocide anti-tutsi en 1994 et [&hellip;]<\/p>\n","protected":false},"author":64,"featured_media":0,"comment_status":"open","ping_status":"closed","sticky":false,"template":"","format":"standard","meta":{"_acf_changed":false,"footnotes":""},"categories":[554],"tags":[],"ji_location":[],"class_list":["post-6047","post","type-post","status-publish","format-standard","hentry","category-hirondellenews"],"acf":[],"yoast_head":"<!-- This site is optimized with the Yoast SEO Premium plugin v25.3.1 (Yoast SEO v25.3.1) - https:\/\/yoast.com\/wordpress\/plugins\/seo\/ -->\n<title>28.02.2002 - TPIR\/MEDIAS - GEORGES RUGGIU ADMET AVOIR ECRIT DES MENSONGES - JusticeInfo.net<\/title>\n<meta name=\"robots\" content=\"index, follow, max-snippet:-1, max-image-preview:large, max-video-preview:-1\" \/>\n<link rel=\"canonical\" href=\"https:\/\/www.justiceinfo.net\/fr\/6047-28022002-tpirmedias-georges-ruggiu-admet-avoir-ecrit-des-mensonges2837.html\" \/>\n<meta property=\"og:locale\" content=\"fr_FR\" \/>\n<meta property=\"og:type\" content=\"article\" \/>\n<meta property=\"og:title\" content=\"28.02.2002 - TPIR\/MEDIAS - GEORGES RUGGIU ADMET AVOIR ECRIT DES MENSONGES\" \/>\n<meta property=\"og:description\" content=\"Arusha 28 f\u00e9vrier 2002 (FH) - l&#039;ancien pr\u00e9sentateur italo-belge Georges Ruggiu a admis avoir \u00e9crit des mensonges au sujet de la Radio-t\u00e9l\u00e9vision libre des Mille collines (RTLM), lors de sa d\u00e9position jeudi devant le Tribunal p\u00e9nal international pour le Rwanda (TPIR). Georges Ruggiu a travaill\u00e9 \u00e0 la RTLM pendant le g\u00e9nocide anti-tutsi en 1994 et [&hellip;]\" \/>\n<meta property=\"og:url\" content=\"https:\/\/www.justiceinfo.net\/fr\/6047-28022002-tpirmedias-georges-ruggiu-admet-avoir-ecrit-des-mensonges2837.html\" \/>\n<meta property=\"og:site_name\" content=\"JusticeInfo.net\" \/>\n<meta property=\"article:publisher\" content=\"https:\/\/www.facebook.com\/JusticeInfo\/\" \/>\n<meta property=\"article:published_time\" content=\"2002-02-27T23:00:00+00:00\" \/>\n<meta property=\"og:image\" content=\"https:\/\/www.justiceinfo.net\/wp-content\/uploads\/JusticeInfoNet_logo_1200x630px.jpg\" \/>\n\t<meta property=\"og:image:width\" content=\"1200\" \/>\n\t<meta property=\"og:image:height\" content=\"630\" \/>\n\t<meta property=\"og:image:type\" content=\"image\/jpeg\" \/>\n<meta name=\"author\" content=\"solivri\" \/>\n<meta name=\"twitter:card\" content=\"summary_large_image\" \/>\n<meta name=\"twitter:creator\" content=\"@justiceinfonet\" \/>\n<meta name=\"twitter:site\" content=\"@justiceinfonet\" \/>\n<meta name=\"twitter:label1\" content=\"\u00c9crit par\" \/>\n\t<meta name=\"twitter:data1\" content=\"solivri\" \/>\n\t<meta name=\"twitter:label2\" content=\"Dur\u00e9e de lecture estim\u00e9e\" \/>\n\t<meta name=\"twitter:data2\" content=\"4 minutes\" \/>\n<script type=\"application\/ld+json\" class=\"yoast-schema-graph\">{\"@context\":\"https:\/\/schema.org\",\"@graph\":[{\"@type\":\"NewsArticle\",\"@id\":\"https:\/\/www.justiceinfo.net\/fr\/6047-28022002-tpirmedias-georges-ruggiu-admet-avoir-ecrit-des-mensonges2837.html#article\",\"isPartOf\":{\"@id\":\"https:\/\/www.justiceinfo.net\/fr\/6047-28022002-tpirmedias-georges-ruggiu-admet-avoir-ecrit-des-mensonges2837.html\"},\"author\":{\"name\":\"solivri\",\"@id\":\"https:\/\/www.justiceinfo.net\/fr#\/schema\/person\/6e53cba1629e2e66f3fc1821d3091865\"},\"headline\":\"28.02.2002 - TPIR\/MEDIAS - GEORGES RUGGIU ADMET AVOIR ECRIT DES MENSONGES\",\"datePublished\":\"2002-02-27T23:00:00+00:00\",\"mainEntityOfPage\":{\"@id\":\"https:\/\/www.justiceinfo.net\/fr\/6047-28022002-tpirmedias-georges-ruggiu-admet-avoir-ecrit-des-mensonges2837.html\"},\"wordCount\":798,\"commentCount\":0,\"publisher\":{\"@id\":\"https:\/\/www.justiceinfo.net\/fr#organization\"},\"articleSection\":[\"Hirondelle News\"],\"inLanguage\":\"fr-FR\",\"potentialAction\":[{\"@type\":\"CommentAction\",\"name\":\"Comment\",\"target\":[\"https:\/\/www.justiceinfo.net\/fr\/6047-28022002-tpirmedias-georges-ruggiu-admet-avoir-ecrit-des-mensonges2837.html#respond\"]}]},{\"@type\":\"WebPage\",\"@id\":\"https:\/\/www.justiceinfo.net\/fr\/6047-28022002-tpirmedias-georges-ruggiu-admet-avoir-ecrit-des-mensonges2837.html\",\"url\":\"https:\/\/www.justiceinfo.net\/fr\/6047-28022002-tpirmedias-georges-ruggiu-admet-avoir-ecrit-des-mensonges2837.html\",\"name\":\"28.02.2002 - TPIR\/MEDIAS - GEORGES RUGGIU ADMET AVOIR ECRIT DES MENSONGES - JusticeInfo.net\",\"isPartOf\":{\"@id\":\"https:\/\/www.justiceinfo.net\/fr#website\"},\"datePublished\":\"2002-02-27T23:00:00+00:00\",\"breadcrumb\":{\"@id\":\"https:\/\/www.justiceinfo.net\/fr\/6047-28022002-tpirmedias-georges-ruggiu-admet-avoir-ecrit-des-mensonges2837.html#breadcrumb\"},\"inLanguage\":\"fr-FR\",\"potentialAction\":[{\"@type\":\"ReadAction\",\"target\":[\"https:\/\/www.justiceinfo.net\/fr\/6047-28022002-tpirmedias-georges-ruggiu-admet-avoir-ecrit-des-mensonges2837.html\"]}]},{\"@type\":\"BreadcrumbList\",\"@id\":\"https:\/\/www.justiceinfo.net\/fr\/6047-28022002-tpirmedias-georges-ruggiu-admet-avoir-ecrit-des-mensonges2837.html#breadcrumb\",\"itemListElement\":[{\"@type\":\"ListItem\",\"position\":1,\"name\":\"Home\",\"item\":\"https:\/\/www.justiceinfo.net\/fr\"},{\"@type\":\"ListItem\",\"position\":2,\"name\":\"28.02.2002 - TPIR\/MEDIAS - GEORGES RUGGIU ADMET AVOIR ECRIT DES MENSONGES\"}]},{\"@type\":\"WebSite\",\"@id\":\"https:\/\/www.justiceinfo.net\/fr#website\",\"url\":\"https:\/\/www.justiceinfo.net\/fr\",\"name\":\"JusticeInfo.net\",\"description\":\"La justice doit \u00eatre vue pour \u00eatre rendue\",\"publisher\":{\"@id\":\"https:\/\/www.justiceinfo.net\/fr#organization\"},\"potentialAction\":[{\"@type\":\"SearchAction\",\"target\":{\"@type\":\"EntryPoint\",\"urlTemplate\":\"https:\/\/www.justiceinfo.net\/fr?s={search_term_string}\"},\"query-input\":{\"@type\":\"PropertyValueSpecification\",\"valueRequired\":true,\"valueName\":\"search_term_string\"}}],\"inLanguage\":\"fr-FR\"},{\"@type\":\"Organization\",\"@id\":\"https:\/\/www.justiceinfo.net\/fr#organization\",\"name\":\"Justice Info\",\"url\":\"https:\/\/www.justiceinfo.net\/fr\",\"logo\":{\"@type\":\"ImageObject\",\"inLanguage\":\"fr-FR\",\"@id\":\"https:\/\/www.justiceinfo.net\/fr#\/schema\/logo\/image\/\",\"url\":\"https:\/\/www.justiceinfo.net\/wp-content\/uploads\/justiceinfo_logo-trans_1200x1200px.png\",\"contentUrl\":\"https:\/\/www.justiceinfo.net\/wp-content\/uploads\/justiceinfo_logo-trans_1200x1200px.png\",\"width\":1199,\"height\":1200,\"caption\":\"Justice Info\"},\"image\":{\"@id\":\"https:\/\/www.justiceinfo.net\/fr#\/schema\/logo\/image\/\"},\"sameAs\":[\"https:\/\/www.facebook.com\/JusticeInfo\/\",\"https:\/\/x.com\/justiceinfonet\",\"https:\/\/www.linkedin.com\/company\/justice-info\",\"https:\/\/www.youtube.com\/channel\/UCyCEsARodyuWtkWyhn-e7pA\"]},{\"@type\":\"Person\",\"name\":\"solivri\",\"url\":\"\/fr\/?s=solivri\"}]}<\/script>\n<!-- \/ Yoast SEO Premium plugin. -->","yoast_head_json":{"title":"28.02.2002 - TPIR\/MEDIAS - GEORGES RUGGIU ADMET AVOIR ECRIT DES MENSONGES - JusticeInfo.net","robots":{"index":"index","follow":"follow","max-snippet":"max-snippet:-1","max-image-preview":"max-image-preview:large","max-video-preview":"max-video-preview:-1"},"canonical":"https:\/\/www.justiceinfo.net\/fr\/6047-28022002-tpirmedias-georges-ruggiu-admet-avoir-ecrit-des-mensonges2837.html","og_locale":"fr_FR","og_type":"article","og_title":"28.02.2002 - TPIR\/MEDIAS - GEORGES RUGGIU ADMET AVOIR ECRIT DES MENSONGES","og_description":"Arusha 28 f\u00e9vrier 2002 (FH) - l'ancien pr\u00e9sentateur italo-belge Georges Ruggiu a admis avoir \u00e9crit des mensonges au sujet de la Radio-t\u00e9l\u00e9vision libre des Mille collines (RTLM), lors de sa d\u00e9position jeudi devant le Tribunal p\u00e9nal international pour le Rwanda (TPIR). Georges Ruggiu a travaill\u00e9 \u00e0 la RTLM pendant le g\u00e9nocide anti-tutsi en 1994 et [&hellip;]","og_url":"https:\/\/www.justiceinfo.net\/fr\/6047-28022002-tpirmedias-georges-ruggiu-admet-avoir-ecrit-des-mensonges2837.html","og_site_name":"JusticeInfo.net","article_publisher":"https:\/\/www.facebook.com\/JusticeInfo\/","article_published_time":"2002-02-27T23:00:00+00:00","og_image":[{"width":1200,"height":630,"url":"https:\/\/www.justiceinfo.net\/wp-content\/uploads\/JusticeInfoNet_logo_1200x630px.jpg","type":"image\/jpeg"}],"author":"solivri","twitter_card":"summary_large_image","twitter_creator":"@justiceinfonet","twitter_site":"@justiceinfonet","twitter_misc":{"\u00c9crit par":"solivri","Dur\u00e9e de lecture estim\u00e9e":"4 minutes"},"schema":{"@context":"https:\/\/schema.org","@graph":[{"@type":"NewsArticle","@id":"https:\/\/www.justiceinfo.net\/fr\/6047-28022002-tpirmedias-georges-ruggiu-admet-avoir-ecrit-des-mensonges2837.html#article","isPartOf":{"@id":"https:\/\/www.justiceinfo.net\/fr\/6047-28022002-tpirmedias-georges-ruggiu-admet-avoir-ecrit-des-mensonges2837.html"},"author":{"name":"solivri","@id":"https:\/\/www.justiceinfo.net\/fr#\/schema\/person\/6e53cba1629e2e66f3fc1821d3091865"},"headline":"28.02.2002 - TPIR\/MEDIAS - GEORGES RUGGIU ADMET AVOIR ECRIT DES MENSONGES","datePublished":"2002-02-27T23:00:00+00:00","mainEntityOfPage":{"@id":"https:\/\/www.justiceinfo.net\/fr\/6047-28022002-tpirmedias-georges-ruggiu-admet-avoir-ecrit-des-mensonges2837.html"},"wordCount":798,"commentCount":0,"publisher":{"@id":"https:\/\/www.justiceinfo.net\/fr#organization"},"articleSection":["Hirondelle News"],"inLanguage":"fr-FR","potentialAction":[{"@type":"CommentAction","name":"Comment","target":["https:\/\/www.justiceinfo.net\/fr\/6047-28022002-tpirmedias-georges-ruggiu-admet-avoir-ecrit-des-mensonges2837.html#respond"]}]},{"@type":"WebPage","@id":"https:\/\/www.justiceinfo.net\/fr\/6047-28022002-tpirmedias-georges-ruggiu-admet-avoir-ecrit-des-mensonges2837.html","url":"https:\/\/www.justiceinfo.net\/fr\/6047-28022002-tpirmedias-georges-ruggiu-admet-avoir-ecrit-des-mensonges2837.html","name":"28.02.2002 - TPIR\/MEDIAS - GEORGES RUGGIU ADMET AVOIR ECRIT DES MENSONGES - JusticeInfo.net","isPartOf":{"@id":"https:\/\/www.justiceinfo.net\/fr#website"},"datePublished":"2002-02-27T23:00:00+00:00","breadcrumb":{"@id":"https:\/\/www.justiceinfo.net\/fr\/6047-28022002-tpirmedias-georges-ruggiu-admet-avoir-ecrit-des-mensonges2837.html#breadcrumb"},"inLanguage":"fr-FR","potentialAction":[{"@type":"ReadAction","target":["https:\/\/www.justiceinfo.net\/fr\/6047-28022002-tpirmedias-georges-ruggiu-admet-avoir-ecrit-des-mensonges2837.html"]}]},{"@type":"BreadcrumbList","@id":"https:\/\/www.justiceinfo.net\/fr\/6047-28022002-tpirmedias-georges-ruggiu-admet-avoir-ecrit-des-mensonges2837.html#breadcrumb","itemListElement":[{"@type":"ListItem","position":1,"name":"Home","item":"https:\/\/www.justiceinfo.net\/fr"},{"@type":"ListItem","position":2,"name":"28.02.2002 - TPIR\/MEDIAS - GEORGES RUGGIU ADMET AVOIR ECRIT DES MENSONGES"}]},{"@type":"WebSite","@id":"https:\/\/www.justiceinfo.net\/fr#website","url":"https:\/\/www.justiceinfo.net\/fr","name":"JusticeInfo.net","description":"La justice doit \u00eatre vue pour \u00eatre rendue","publisher":{"@id":"https:\/\/www.justiceinfo.net\/fr#organization"},"potentialAction":[{"@type":"SearchAction","target":{"@type":"EntryPoint","urlTemplate":"https:\/\/www.justiceinfo.net\/fr?s={search_term_string}"},"query-input":{"@type":"PropertyValueSpecification","valueRequired":true,"valueName":"search_term_string"}}],"inLanguage":"fr-FR"},{"@type":"Organization","@id":"https:\/\/www.justiceinfo.net\/fr#organization","name":"Justice Info","url":"https:\/\/www.justiceinfo.net\/fr","logo":{"@type":"ImageObject","inLanguage":"fr-FR","@id":"https:\/\/www.justiceinfo.net\/fr#\/schema\/logo\/image\/","url":"https:\/\/www.justiceinfo.net\/wp-content\/uploads\/justiceinfo_logo-trans_1200x1200px.png","contentUrl":"https:\/\/www.justiceinfo.net\/wp-content\/uploads\/justiceinfo_logo-trans_1200x1200px.png","width":1199,"height":1200,"caption":"Justice Info"},"image":{"@id":"https:\/\/www.justiceinfo.net\/fr#\/schema\/logo\/image\/"},"sameAs":["https:\/\/www.facebook.com\/JusticeInfo\/","https:\/\/x.com\/justiceinfonet","https:\/\/www.linkedin.com\/company\/justice-info","https:\/\/www.youtube.com\/channel\/UCyCEsARodyuWtkWyhn-e7pA"]},{"@type":"Person","name":"solivri","url":"\/fr\/?s=solivri"}]}},"_links":{"self":[{"href":"https:\/\/www.justiceinfo.net\/fr\/wp-json\/wp\/v2\/posts\/6047","targetHints":{"allow":["GET"]}}],"collection":[{"href":"https:\/\/www.justiceinfo.net\/fr\/wp-json\/wp\/v2\/posts"}],"about":[{"href":"https:\/\/www.justiceinfo.net\/fr\/wp-json\/wp\/v2\/types\/post"}],"author":[{"embeddable":true,"href":"https:\/\/www.justiceinfo.net\/fr\/wp-json\/wp\/v2\/users\/64"}],"replies":[{"embeddable":true,"href":"https:\/\/www.justiceinfo.net\/fr\/wp-json\/wp\/v2\/comments?post=6047"}],"version-history":[{"count":0,"href":"https:\/\/www.justiceinfo.net\/fr\/wp-json\/wp\/v2\/posts\/6047\/revisions"}],"wp:attachment":[{"href":"https:\/\/www.justiceinfo.net\/fr\/wp-json\/wp\/v2\/media?parent=6047"}],"wp:term":[{"taxonomy":"category","embeddable":true,"href":"https:\/\/www.justiceinfo.net\/fr\/wp-json\/wp\/v2\/categories?post=6047"},{"taxonomy":"post_tag","embeddable":true,"href":"https:\/\/www.justiceinfo.net\/fr\/wp-json\/wp\/v2\/tags?post=6047"},{"taxonomy":"ji_location","embeddable":true,"href":"https:\/\/www.justiceinfo.net\/fr\/wp-json\/wp\/v2\/ji_location?post=6047"}],"curies":[{"name":"wp","href":"https:\/\/api.w.org\/{rel}","templated":true}]}}