{"id":6051,"date":"2002-02-27T00:00:00","date_gmt":"2002-02-26T23:00:00","guid":{"rendered":"https:\/\/www.justiceinfo.net\/6051-27022002-tpirsemanza-laurent-semanza-dement-avoir-ete-actionnaire-de-la-rtlm2841.html"},"modified":"2002-02-27T00:00:00","modified_gmt":"2002-02-26T23:00:00","slug":"27022002-tpirsemanza-laurent-semanza-dement-avoir-ete-actionnaire-de-la-rtlm2841","status":"publish","type":"post","link":"https:\/\/www.justiceinfo.net\/fr\/6051-27022002-tpirsemanza-laurent-semanza-dement-avoir-ete-actionnaire-de-la-rtlm2841.html","title":{"rendered":"27.02.2002 - TPIR\/SEMANZA - LAURENT SEMANZA DEMENT AVOIR ETE ACTIONNAIRE DE LA RTLM"},"content":{"rendered":"<p  >\nArusha 27 f\u00e9vrier 2002 (FH) - l'ancien maire de Bicumbi (province Kigali rurale, centre-est du Rwanda), Laurent Semanza, a r\u00e9fut\u00e9 les all\u00e9gations selon lesquelles il aurait \u00e9t\u00e9 soci\u00e9taire de la Radio-t\u00e9l\u00e9vision libre des Mille Collines (RTLM), lors de sa d\u00e9position mercredi devant le Tribunal p\u00e9nal international pour le Rwanda (TPIR).\n<\/p>\n<p  >\n\"Je n'ai jamais eu D'actions au sein de la RTLM et je ne fais pas partie des personnes qui ont fond\u00e9 cette radio\", a protest\u00e9 l'accus\u00e9 lors du contre interrogatoire conduit par le substitut canado-nigerian du procureur, Chile Eboe-Osuji.\n<\/p>\n<p><!--more--><\/p>\n<p  >\n\"Le procureur veut nous entra\u00eener dans le proc\u00e8s des m\u00e9dias, s'il veut ouvrir la bo\u00eete \u00e0 Pandore, il peut y aller\", a protest\u00e9 l'avocat b\u00e9ninois, Me Sadikou Alao, co-conseil de l'accus\u00e9, au motif que la RTLM n'a pas \u00e9t\u00e9 \u00e9voqu\u00e9e, ni lors de l'interrogatoire principal, ni par les t\u00e9moins \u00e0 charge. La chambre a autoris\u00e9 que des questions \u00e0 ce sujet soient pos\u00e9es par le procureur, ce dernier ayant parl\u00e9 D'\"un fait nouveau\", en l'occurence un document mentionnant Laurent Semanza comme l'un des actionnaires de la RTLM.\n<\/p>\n<p  >\nCe document portant la liste des actionnaires de la RTLM, parmi lesquels figure Semanza, a cependant suscit\u00e9 une pol\u00e9mique, la d\u00e9fense le qualifiant D'un \"faux\". \"Ce document date du 1er ao\u00fbt 1993 et il n'a \u00e9t\u00e9 certifi\u00e9 conforme que le 30 novembre 1995\", a plaid\u00e9 Me Alao.\n<\/p>\n<p  >\nMe Alao a en outre soutenu que \"ce document n'a pas de valeur juridique\", car \"c'est une copie certifi\u00e9e conforme \u00e0 Bruxelles\", expliquant que la RTLM a \u00e9t\u00e9 enregistr\u00e9e au Rwanda et pas en Belgique. l'avocat a ajout\u00e9 que le document avait \u00e9t\u00e9 certifi\u00e9 par un membre du Front patriotique rwandais (FPR).\n<\/p>\n<p  >\nLe juge russe Yakov Ostrovsky, qui pr\u00e9side les d\u00e9bats, a d\u00e9cid\u00e9 que la chambre allait v\u00e9rifier l'authenticit\u00e9 du document, et rejet\u00e9 une requ\u00eate orale de la d\u00e9fense qui voulait citer Ferdinand Nahimana (promoteur de la RTLM), un des co-accus\u00e9s du proc\u00e8s des media de la haine, \u00e0 ce sujet.\n<\/p>\n<p  >\nLe proc\u00e8s Semanza se d\u00e9roule devant la troisi\u00e8me chambre de premi\u00e8re instance du TPIR, comprenant outre le juge Ostrovsky, les juges George Williams de Saint Kitts et Nevis, et Pavel Dolenc de Slov\u00e9nie.\n<\/p>\n<p  >\nGA\/GF\/FH (SE-0227A)<\/p>\n","protected":false},"excerpt":{"rendered":"<p>Arusha 27 f\u00e9vrier 2002 (FH) - l'ancien maire de Bicumbi (province Kigali rurale, centre-est du Rwanda), Laurent Semanza, a r\u00e9fut\u00e9 les all\u00e9gations selon lesquelles il aurait \u00e9t\u00e9 soci\u00e9taire de la Radio-t\u00e9l\u00e9vision libre des Mille Collines (RTLM), lors de sa d\u00e9position mercredi devant le Tribunal p\u00e9nal international pour le Rwanda (TPIR). \"Je n'ai jamais eu D'actions [&hellip;]<\/p>\n","protected":false},"author":64,"featured_media":0,"comment_status":"open","ping_status":"closed","sticky":false,"template":"","format":"standard","meta":{"_acf_changed":false,"footnotes":""},"categories":[554],"tags":[],"ji_location":[],"class_list":["post-6051","post","type-post","status-publish","format-standard","hentry","category-hirondellenews"],"acf":[],"yoast_head":"<!-- This site is optimized with the Yoast SEO Premium plugin v25.3.1 (Yoast SEO v25.3.1) - https:\/\/yoast.com\/wordpress\/plugins\/seo\/ -->\n<title>27.02.2002 - TPIR\/SEMANZA - LAURENT SEMANZA DEMENT AVOIR ETE ACTIONNAIRE DE LA RTLM - JusticeInfo.net<\/title>\n<meta name=\"robots\" content=\"index, follow, max-snippet:-1, max-image-preview:large, max-video-preview:-1\" \/>\n<link rel=\"canonical\" href=\"https:\/\/www.justiceinfo.net\/fr\/6051-27022002-tpirsemanza-laurent-semanza-dement-avoir-ete-actionnaire-de-la-rtlm2841.html\" \/>\n<meta property=\"og:locale\" content=\"fr_FR\" \/>\n<meta property=\"og:type\" content=\"article\" \/>\n<meta property=\"og:title\" content=\"27.02.2002 - TPIR\/SEMANZA - LAURENT SEMANZA DEMENT AVOIR ETE ACTIONNAIRE DE LA RTLM\" \/>\n<meta property=\"og:description\" content=\"Arusha 27 f\u00e9vrier 2002 (FH) - l&#039;ancien maire de Bicumbi (province Kigali rurale, centre-est du Rwanda), Laurent Semanza, a r\u00e9fut\u00e9 les all\u00e9gations selon lesquelles il aurait \u00e9t\u00e9 soci\u00e9taire de la Radio-t\u00e9l\u00e9vision libre des Mille Collines (RTLM), lors de sa d\u00e9position mercredi devant le Tribunal p\u00e9nal international pour le Rwanda (TPIR). &quot;Je n&#039;ai jamais eu D&#039;actions [&hellip;]\" \/>\n<meta property=\"og:url\" content=\"https:\/\/www.justiceinfo.net\/fr\/6051-27022002-tpirsemanza-laurent-semanza-dement-avoir-ete-actionnaire-de-la-rtlm2841.html\" \/>\n<meta property=\"og:site_name\" content=\"JusticeInfo.net\" \/>\n<meta property=\"article:publisher\" content=\"https:\/\/www.facebook.com\/JusticeInfo\/\" \/>\n<meta property=\"article:published_time\" content=\"2002-02-26T23:00:00+00:00\" \/>\n<meta property=\"og:image\" content=\"https:\/\/www.justiceinfo.net\/wp-content\/uploads\/JusticeInfoNet_logo_1200x630px.jpg\" \/>\n\t<meta property=\"og:image:width\" content=\"1200\" \/>\n\t<meta property=\"og:image:height\" content=\"630\" \/>\n\t<meta property=\"og:image:type\" content=\"image\/jpeg\" \/>\n<meta name=\"author\" content=\"solivri\" \/>\n<meta name=\"twitter:card\" content=\"summary_large_image\" \/>\n<meta name=\"twitter:creator\" content=\"@justiceinfonet\" \/>\n<meta name=\"twitter:site\" content=\"@justiceinfonet\" \/>\n<meta name=\"twitter:label1\" content=\"\u00c9crit par\" \/>\n\t<meta name=\"twitter:data1\" content=\"solivri\" \/>\n\t<meta name=\"twitter:label2\" content=\"Dur\u00e9e de lecture estim\u00e9e\" \/>\n\t<meta name=\"twitter:data2\" content=\"2 minutes\" \/>\n<script type=\"application\/ld+json\" class=\"yoast-schema-graph\">{\"@context\":\"https:\/\/schema.org\",\"@graph\":[{\"@type\":\"NewsArticle\",\"@id\":\"https:\/\/www.justiceinfo.net\/fr\/6051-27022002-tpirsemanza-laurent-semanza-dement-avoir-ete-actionnaire-de-la-rtlm2841.html#article\",\"isPartOf\":{\"@id\":\"https:\/\/www.justiceinfo.net\/fr\/6051-27022002-tpirsemanza-laurent-semanza-dement-avoir-ete-actionnaire-de-la-rtlm2841.html\"},\"author\":{\"name\":\"solivri\",\"@id\":\"https:\/\/www.justiceinfo.net\/fr#\/schema\/person\/6e53cba1629e2e66f3fc1821d3091865\"},\"headline\":\"27.02.2002 - TPIR\/SEMANZA - LAURENT SEMANZA DEMENT AVOIR ETE ACTIONNAIRE DE LA RTLM\",\"datePublished\":\"2002-02-26T23:00:00+00:00\",\"mainEntityOfPage\":{\"@id\":\"https:\/\/www.justiceinfo.net\/fr\/6051-27022002-tpirsemanza-laurent-semanza-dement-avoir-ete-actionnaire-de-la-rtlm2841.html\"},\"wordCount\":417,\"commentCount\":0,\"publisher\":{\"@id\":\"https:\/\/www.justiceinfo.net\/fr#organization\"},\"articleSection\":[\"Hirondelle News\"],\"inLanguage\":\"fr-FR\",\"potentialAction\":[{\"@type\":\"CommentAction\",\"name\":\"Comment\",\"target\":[\"https:\/\/www.justiceinfo.net\/fr\/6051-27022002-tpirsemanza-laurent-semanza-dement-avoir-ete-actionnaire-de-la-rtlm2841.html#respond\"]}]},{\"@type\":\"WebPage\",\"@id\":\"https:\/\/www.justiceinfo.net\/fr\/6051-27022002-tpirsemanza-laurent-semanza-dement-avoir-ete-actionnaire-de-la-rtlm2841.html\",\"url\":\"https:\/\/www.justiceinfo.net\/fr\/6051-27022002-tpirsemanza-laurent-semanza-dement-avoir-ete-actionnaire-de-la-rtlm2841.html\",\"name\":\"27.02.2002 - TPIR\/SEMANZA - LAURENT SEMANZA DEMENT AVOIR ETE ACTIONNAIRE DE LA RTLM - JusticeInfo.net\",\"isPartOf\":{\"@id\":\"https:\/\/www.justiceinfo.net\/fr#website\"},\"datePublished\":\"2002-02-26T23:00:00+00:00\",\"breadcrumb\":{\"@id\":\"https:\/\/www.justiceinfo.net\/fr\/6051-27022002-tpirsemanza-laurent-semanza-dement-avoir-ete-actionnaire-de-la-rtlm2841.html#breadcrumb\"},\"inLanguage\":\"fr-FR\",\"potentialAction\":[{\"@type\":\"ReadAction\",\"target\":[\"https:\/\/www.justiceinfo.net\/fr\/6051-27022002-tpirsemanza-laurent-semanza-dement-avoir-ete-actionnaire-de-la-rtlm2841.html\"]}]},{\"@type\":\"BreadcrumbList\",\"@id\":\"https:\/\/www.justiceinfo.net\/fr\/6051-27022002-tpirsemanza-laurent-semanza-dement-avoir-ete-actionnaire-de-la-rtlm2841.html#breadcrumb\",\"itemListElement\":[{\"@type\":\"ListItem\",\"position\":1,\"name\":\"Home\",\"item\":\"https:\/\/www.justiceinfo.net\/fr\"},{\"@type\":\"ListItem\",\"position\":2,\"name\":\"27.02.2002 - TPIR\/SEMANZA - LAURENT SEMANZA DEMENT AVOIR ETE ACTIONNAIRE DE LA RTLM\"}]},{\"@type\":\"WebSite\",\"@id\":\"https:\/\/www.justiceinfo.net\/fr#website\",\"url\":\"https:\/\/www.justiceinfo.net\/fr\",\"name\":\"JusticeInfo.net\",\"description\":\"La justice doit \u00eatre vue pour \u00eatre rendue\",\"publisher\":{\"@id\":\"https:\/\/www.justiceinfo.net\/fr#organization\"},\"potentialAction\":[{\"@type\":\"SearchAction\",\"target\":{\"@type\":\"EntryPoint\",\"urlTemplate\":\"https:\/\/www.justiceinfo.net\/fr?s={search_term_string}\"},\"query-input\":{\"@type\":\"PropertyValueSpecification\",\"valueRequired\":true,\"valueName\":\"search_term_string\"}}],\"inLanguage\":\"fr-FR\"},{\"@type\":\"Organization\",\"@id\":\"https:\/\/www.justiceinfo.net\/fr#organization\",\"name\":\"Justice Info\",\"url\":\"https:\/\/www.justiceinfo.net\/fr\",\"logo\":{\"@type\":\"ImageObject\",\"inLanguage\":\"fr-FR\",\"@id\":\"https:\/\/www.justiceinfo.net\/fr#\/schema\/logo\/image\/\",\"url\":\"https:\/\/www.justiceinfo.net\/wp-content\/uploads\/justiceinfo_logo-trans_1200x1200px.png\",\"contentUrl\":\"https:\/\/www.justiceinfo.net\/wp-content\/uploads\/justiceinfo_logo-trans_1200x1200px.png\",\"width\":1199,\"height\":1200,\"caption\":\"Justice Info\"},\"image\":{\"@id\":\"https:\/\/www.justiceinfo.net\/fr#\/schema\/logo\/image\/\"},\"sameAs\":[\"https:\/\/www.facebook.com\/JusticeInfo\/\",\"https:\/\/x.com\/justiceinfonet\",\"https:\/\/www.linkedin.com\/company\/justice-info\",\"https:\/\/www.youtube.com\/channel\/UCyCEsARodyuWtkWyhn-e7pA\"]},{\"@type\":\"Person\",\"name\":\"solivri\",\"url\":\"\/fr\/?s=solivri\"}]}<\/script>\n<!-- \/ Yoast SEO Premium plugin. -->","yoast_head_json":{"title":"27.02.2002 - TPIR\/SEMANZA - LAURENT SEMANZA DEMENT AVOIR ETE ACTIONNAIRE DE LA RTLM - JusticeInfo.net","robots":{"index":"index","follow":"follow","max-snippet":"max-snippet:-1","max-image-preview":"max-image-preview:large","max-video-preview":"max-video-preview:-1"},"canonical":"https:\/\/www.justiceinfo.net\/fr\/6051-27022002-tpirsemanza-laurent-semanza-dement-avoir-ete-actionnaire-de-la-rtlm2841.html","og_locale":"fr_FR","og_type":"article","og_title":"27.02.2002 - TPIR\/SEMANZA - LAURENT SEMANZA DEMENT AVOIR ETE ACTIONNAIRE DE LA RTLM","og_description":"Arusha 27 f\u00e9vrier 2002 (FH) - l'ancien maire de Bicumbi (province Kigali rurale, centre-est du Rwanda), Laurent Semanza, a r\u00e9fut\u00e9 les all\u00e9gations selon lesquelles il aurait \u00e9t\u00e9 soci\u00e9taire de la Radio-t\u00e9l\u00e9vision libre des Mille Collines (RTLM), lors de sa d\u00e9position mercredi devant le Tribunal p\u00e9nal international pour le Rwanda (TPIR). \"Je n'ai jamais eu D'actions [&hellip;]","og_url":"https:\/\/www.justiceinfo.net\/fr\/6051-27022002-tpirsemanza-laurent-semanza-dement-avoir-ete-actionnaire-de-la-rtlm2841.html","og_site_name":"JusticeInfo.net","article_publisher":"https:\/\/www.facebook.com\/JusticeInfo\/","article_published_time":"2002-02-26T23:00:00+00:00","og_image":[{"width":1200,"height":630,"url":"https:\/\/www.justiceinfo.net\/wp-content\/uploads\/JusticeInfoNet_logo_1200x630px.jpg","type":"image\/jpeg"}],"author":"solivri","twitter_card":"summary_large_image","twitter_creator":"@justiceinfonet","twitter_site":"@justiceinfonet","twitter_misc":{"\u00c9crit par":"solivri","Dur\u00e9e de lecture estim\u00e9e":"2 minutes"},"schema":{"@context":"https:\/\/schema.org","@graph":[{"@type":"NewsArticle","@id":"https:\/\/www.justiceinfo.net\/fr\/6051-27022002-tpirsemanza-laurent-semanza-dement-avoir-ete-actionnaire-de-la-rtlm2841.html#article","isPartOf":{"@id":"https:\/\/www.justiceinfo.net\/fr\/6051-27022002-tpirsemanza-laurent-semanza-dement-avoir-ete-actionnaire-de-la-rtlm2841.html"},"author":{"name":"solivri","@id":"https:\/\/www.justiceinfo.net\/fr#\/schema\/person\/6e53cba1629e2e66f3fc1821d3091865"},"headline":"27.02.2002 - TPIR\/SEMANZA - LAURENT SEMANZA DEMENT AVOIR ETE ACTIONNAIRE DE LA RTLM","datePublished":"2002-02-26T23:00:00+00:00","mainEntityOfPage":{"@id":"https:\/\/www.justiceinfo.net\/fr\/6051-27022002-tpirsemanza-laurent-semanza-dement-avoir-ete-actionnaire-de-la-rtlm2841.html"},"wordCount":417,"commentCount":0,"publisher":{"@id":"https:\/\/www.justiceinfo.net\/fr#organization"},"articleSection":["Hirondelle News"],"inLanguage":"fr-FR","potentialAction":[{"@type":"CommentAction","name":"Comment","target":["https:\/\/www.justiceinfo.net\/fr\/6051-27022002-tpirsemanza-laurent-semanza-dement-avoir-ete-actionnaire-de-la-rtlm2841.html#respond"]}]},{"@type":"WebPage","@id":"https:\/\/www.justiceinfo.net\/fr\/6051-27022002-tpirsemanza-laurent-semanza-dement-avoir-ete-actionnaire-de-la-rtlm2841.html","url":"https:\/\/www.justiceinfo.net\/fr\/6051-27022002-tpirsemanza-laurent-semanza-dement-avoir-ete-actionnaire-de-la-rtlm2841.html","name":"27.02.2002 - TPIR\/SEMANZA - LAURENT SEMANZA DEMENT AVOIR ETE ACTIONNAIRE DE LA RTLM - JusticeInfo.net","isPartOf":{"@id":"https:\/\/www.justiceinfo.net\/fr#website"},"datePublished":"2002-02-26T23:00:00+00:00","breadcrumb":{"@id":"https:\/\/www.justiceinfo.net\/fr\/6051-27022002-tpirsemanza-laurent-semanza-dement-avoir-ete-actionnaire-de-la-rtlm2841.html#breadcrumb"},"inLanguage":"fr-FR","potentialAction":[{"@type":"ReadAction","target":["https:\/\/www.justiceinfo.net\/fr\/6051-27022002-tpirsemanza-laurent-semanza-dement-avoir-ete-actionnaire-de-la-rtlm2841.html"]}]},{"@type":"BreadcrumbList","@id":"https:\/\/www.justiceinfo.net\/fr\/6051-27022002-tpirsemanza-laurent-semanza-dement-avoir-ete-actionnaire-de-la-rtlm2841.html#breadcrumb","itemListElement":[{"@type":"ListItem","position":1,"name":"Home","item":"https:\/\/www.justiceinfo.net\/fr"},{"@type":"ListItem","position":2,"name":"27.02.2002 - TPIR\/SEMANZA - LAURENT SEMANZA DEMENT AVOIR ETE ACTIONNAIRE DE LA RTLM"}]},{"@type":"WebSite","@id":"https:\/\/www.justiceinfo.net\/fr#website","url":"https:\/\/www.justiceinfo.net\/fr","name":"JusticeInfo.net","description":"La justice doit \u00eatre vue pour \u00eatre rendue","publisher":{"@id":"https:\/\/www.justiceinfo.net\/fr#organization"},"potentialAction":[{"@type":"SearchAction","target":{"@type":"EntryPoint","urlTemplate":"https:\/\/www.justiceinfo.net\/fr?s={search_term_string}"},"query-input":{"@type":"PropertyValueSpecification","valueRequired":true,"valueName":"search_term_string"}}],"inLanguage":"fr-FR"},{"@type":"Organization","@id":"https:\/\/www.justiceinfo.net\/fr#organization","name":"Justice Info","url":"https:\/\/www.justiceinfo.net\/fr","logo":{"@type":"ImageObject","inLanguage":"fr-FR","@id":"https:\/\/www.justiceinfo.net\/fr#\/schema\/logo\/image\/","url":"https:\/\/www.justiceinfo.net\/wp-content\/uploads\/justiceinfo_logo-trans_1200x1200px.png","contentUrl":"https:\/\/www.justiceinfo.net\/wp-content\/uploads\/justiceinfo_logo-trans_1200x1200px.png","width":1199,"height":1200,"caption":"Justice Info"},"image":{"@id":"https:\/\/www.justiceinfo.net\/fr#\/schema\/logo\/image\/"},"sameAs":["https:\/\/www.facebook.com\/JusticeInfo\/","https:\/\/x.com\/justiceinfonet","https:\/\/www.linkedin.com\/company\/justice-info","https:\/\/www.youtube.com\/channel\/UCyCEsARodyuWtkWyhn-e7pA"]},{"@type":"Person","name":"solivri","url":"\/fr\/?s=solivri"}]}},"_links":{"self":[{"href":"https:\/\/www.justiceinfo.net\/fr\/wp-json\/wp\/v2\/posts\/6051","targetHints":{"allow":["GET"]}}],"collection":[{"href":"https:\/\/www.justiceinfo.net\/fr\/wp-json\/wp\/v2\/posts"}],"about":[{"href":"https:\/\/www.justiceinfo.net\/fr\/wp-json\/wp\/v2\/types\/post"}],"author":[{"embeddable":true,"href":"https:\/\/www.justiceinfo.net\/fr\/wp-json\/wp\/v2\/users\/64"}],"replies":[{"embeddable":true,"href":"https:\/\/www.justiceinfo.net\/fr\/wp-json\/wp\/v2\/comments?post=6051"}],"version-history":[{"count":0,"href":"https:\/\/www.justiceinfo.net\/fr\/wp-json\/wp\/v2\/posts\/6051\/revisions"}],"wp:attachment":[{"href":"https:\/\/www.justiceinfo.net\/fr\/wp-json\/wp\/v2\/media?parent=6051"}],"wp:term":[{"taxonomy":"category","embeddable":true,"href":"https:\/\/www.justiceinfo.net\/fr\/wp-json\/wp\/v2\/categories?post=6051"},{"taxonomy":"post_tag","embeddable":true,"href":"https:\/\/www.justiceinfo.net\/fr\/wp-json\/wp\/v2\/tags?post=6051"},{"taxonomy":"ji_location","embeddable":true,"href":"https:\/\/www.justiceinfo.net\/fr\/wp-json\/wp\/v2\/ji_location?post=6051"}],"curies":[{"name":"wp","href":"https:\/\/api.w.org\/{rel}","templated":true}]}}