{"id":6091,"date":"2002-02-12T00:00:00","date_gmt":"2002-02-11T23:00:00","guid":{"rendered":"https:\/\/www.justiceinfo.net\/6091-12022002-tpirsemanza-laurent-semanza-deposera-mercredi-pour-sa-propre-defense2881.html"},"modified":"2002-02-12T00:00:00","modified_gmt":"2002-02-11T23:00:00","slug":"12022002-tpirsemanza-laurent-semanza-deposera-mercredi-pour-sa-propre-defense2881","status":"publish","type":"post","link":"https:\/\/www.justiceinfo.net\/fr\/6091-12022002-tpirsemanza-laurent-semanza-deposera-mercredi-pour-sa-propre-defense2881.html","title":{"rendered":"12.02.2002 - TPIR\/SEMANZA - LAURENT SEMANZA DEPOSERA MERCREDI POUR SA PROPRE DEFENSE"},"content":{"rendered":"<p  >\nArusha 12 f\u00e9vrier 2002 (FH) - l'ancien maire de Bicumbi (province Kigali rurale, centre-est du Rwanda), Laurent Semanza, d\u00e9posera d\u00e8s mercredi matin pour sa propre d\u00e9fense, a d\u00e9cid\u00e9 la troisi\u00e8me chambre de premi\u00e8re instance du Tribunal p\u00e9nal international pour le Rwanda (TPIR).\n<\/p>\n<p  >\nLa d\u00e9fense avait demand\u00e9 un peu plus de temps pour pr\u00e9parer cette d\u00e9position, mais sa requ\u00eate a \u00e9t\u00e9 rejet\u00e9e par la chambre.\n<\/p>\n<p><!--more--><\/p>\n<p  >\nLe Tribunal a estim\u00e9 que les avocats avaient dispos\u00e9 D'assez de temps \u00e0 cet effet.\n<\/p>\n<p  >\nLaurent Semanza est accus\u00e9 de g\u00e9nocide de Tutsis \u00e0 Bicumbi et Gikoro dans Kigali rurale. Il plaide non coupable.\n<\/p>\n<p  >\nLe proc\u00e8s de Laurent Semanza se d\u00e9roule devant la troisi\u00e8me chambre de premi\u00e8re instance du TPIR pr\u00e9sid\u00e9e, dans cette affaire, par le juge russe Yakov Ostrovsky, et comprenant en outre les juges George Williams de Saint Kitts et Nevis, et Pavel Dolenc de Slov\u00e9nie. Il a \u00e9t\u00e9 ouvert sur le fond le 16 octobre 2000.\n<\/p>\n<p  >\nGA\/AT\/GF\/FH (SE-0212A)<\/p>\n","protected":false},"excerpt":{"rendered":"<p>Arusha 12 f\u00e9vrier 2002 (FH) - l'ancien maire de Bicumbi (province Kigali rurale, centre-est du Rwanda), Laurent Semanza, d\u00e9posera d\u00e8s mercredi matin pour sa propre d\u00e9fense, a d\u00e9cid\u00e9 la troisi\u00e8me chambre de premi\u00e8re instance du Tribunal p\u00e9nal international pour le Rwanda (TPIR). La d\u00e9fense avait demand\u00e9 un peu plus de temps pour pr\u00e9parer cette d\u00e9position, [&hellip;]<\/p>\n","protected":false},"author":64,"featured_media":0,"comment_status":"open","ping_status":"closed","sticky":false,"template":"","format":"standard","meta":{"_acf_changed":false,"footnotes":""},"categories":[554],"tags":[],"ji_location":[],"class_list":["post-6091","post","type-post","status-publish","format-standard","hentry","category-hirondellenews"],"acf":[],"yoast_head":"<!-- This site is optimized with the Yoast SEO Premium plugin v25.3.1 (Yoast SEO v25.3.1) - https:\/\/yoast.com\/wordpress\/plugins\/seo\/ -->\n<title>12.02.2002 - TPIR\/SEMANZA - LAURENT SEMANZA DEPOSERA MERCREDI POUR SA PROPRE DEFENSE - JusticeInfo.net<\/title>\n<meta name=\"robots\" content=\"index, follow, max-snippet:-1, max-image-preview:large, max-video-preview:-1\" \/>\n<link rel=\"canonical\" href=\"https:\/\/www.justiceinfo.net\/fr\/6091-12022002-tpirsemanza-laurent-semanza-deposera-mercredi-pour-sa-propre-defense2881.html\" \/>\n<meta property=\"og:locale\" content=\"fr_FR\" \/>\n<meta property=\"og:type\" content=\"article\" \/>\n<meta property=\"og:title\" content=\"12.02.2002 - TPIR\/SEMANZA - LAURENT SEMANZA DEPOSERA MERCREDI POUR SA PROPRE DEFENSE\" \/>\n<meta property=\"og:description\" content=\"Arusha 12 f\u00e9vrier 2002 (FH) - l&#039;ancien maire de Bicumbi (province Kigali rurale, centre-est du Rwanda), Laurent Semanza, d\u00e9posera d\u00e8s mercredi matin pour sa propre d\u00e9fense, a d\u00e9cid\u00e9 la troisi\u00e8me chambre de premi\u00e8re instance du Tribunal p\u00e9nal international pour le Rwanda (TPIR). La d\u00e9fense avait demand\u00e9 un peu plus de temps pour pr\u00e9parer cette d\u00e9position, [&hellip;]\" \/>\n<meta property=\"og:url\" content=\"https:\/\/www.justiceinfo.net\/fr\/6091-12022002-tpirsemanza-laurent-semanza-deposera-mercredi-pour-sa-propre-defense2881.html\" \/>\n<meta property=\"og:site_name\" content=\"JusticeInfo.net\" \/>\n<meta property=\"article:publisher\" content=\"https:\/\/www.facebook.com\/JusticeInfo\/\" \/>\n<meta property=\"article:published_time\" content=\"2002-02-11T23:00:00+00:00\" \/>\n<meta property=\"og:image\" content=\"https:\/\/www.justiceinfo.net\/wp-content\/uploads\/JusticeInfoNet_logo_1200x630px.jpg\" \/>\n\t<meta property=\"og:image:width\" content=\"1200\" \/>\n\t<meta property=\"og:image:height\" content=\"630\" \/>\n\t<meta property=\"og:image:type\" content=\"image\/jpeg\" \/>\n<meta name=\"author\" content=\"solivri\" \/>\n<meta name=\"twitter:card\" content=\"summary_large_image\" \/>\n<meta name=\"twitter:creator\" content=\"@justiceinfonet\" \/>\n<meta name=\"twitter:site\" content=\"@justiceinfonet\" \/>\n<meta name=\"twitter:label1\" content=\"\u00c9crit par\" \/>\n\t<meta name=\"twitter:data1\" content=\"solivri\" \/>\n\t<meta name=\"twitter:label2\" content=\"Dur\u00e9e de lecture estim\u00e9e\" \/>\n\t<meta name=\"twitter:data2\" content=\"1 minute\" \/>\n<script type=\"application\/ld+json\" class=\"yoast-schema-graph\">{\"@context\":\"https:\/\/schema.org\",\"@graph\":[{\"@type\":\"NewsArticle\",\"@id\":\"https:\/\/www.justiceinfo.net\/fr\/6091-12022002-tpirsemanza-laurent-semanza-deposera-mercredi-pour-sa-propre-defense2881.html#article\",\"isPartOf\":{\"@id\":\"https:\/\/www.justiceinfo.net\/fr\/6091-12022002-tpirsemanza-laurent-semanza-deposera-mercredi-pour-sa-propre-defense2881.html\"},\"author\":{\"name\":\"solivri\",\"@id\":\"https:\/\/www.justiceinfo.net\/fr#\/schema\/person\/6e53cba1629e2e66f3fc1821d3091865\"},\"headline\":\"12.02.2002 - TPIR\/SEMANZA - LAURENT SEMANZA DEPOSERA MERCREDI POUR SA PROPRE DEFENSE\",\"datePublished\":\"2002-02-11T23:00:00+00:00\",\"mainEntityOfPage\":{\"@id\":\"https:\/\/www.justiceinfo.net\/fr\/6091-12022002-tpirsemanza-laurent-semanza-deposera-mercredi-pour-sa-propre-defense2881.html\"},\"wordCount\":188,\"commentCount\":0,\"publisher\":{\"@id\":\"https:\/\/www.justiceinfo.net\/fr#organization\"},\"articleSection\":[\"Hirondelle News\"],\"inLanguage\":\"fr-FR\",\"potentialAction\":[{\"@type\":\"CommentAction\",\"name\":\"Comment\",\"target\":[\"https:\/\/www.justiceinfo.net\/fr\/6091-12022002-tpirsemanza-laurent-semanza-deposera-mercredi-pour-sa-propre-defense2881.html#respond\"]}]},{\"@type\":\"WebPage\",\"@id\":\"https:\/\/www.justiceinfo.net\/fr\/6091-12022002-tpirsemanza-laurent-semanza-deposera-mercredi-pour-sa-propre-defense2881.html\",\"url\":\"https:\/\/www.justiceinfo.net\/fr\/6091-12022002-tpirsemanza-laurent-semanza-deposera-mercredi-pour-sa-propre-defense2881.html\",\"name\":\"12.02.2002 - TPIR\/SEMANZA - LAURENT SEMANZA DEPOSERA MERCREDI POUR SA PROPRE DEFENSE - JusticeInfo.net\",\"isPartOf\":{\"@id\":\"https:\/\/www.justiceinfo.net\/fr#website\"},\"datePublished\":\"2002-02-11T23:00:00+00:00\",\"breadcrumb\":{\"@id\":\"https:\/\/www.justiceinfo.net\/fr\/6091-12022002-tpirsemanza-laurent-semanza-deposera-mercredi-pour-sa-propre-defense2881.html#breadcrumb\"},\"inLanguage\":\"fr-FR\",\"potentialAction\":[{\"@type\":\"ReadAction\",\"target\":[\"https:\/\/www.justiceinfo.net\/fr\/6091-12022002-tpirsemanza-laurent-semanza-deposera-mercredi-pour-sa-propre-defense2881.html\"]}]},{\"@type\":\"BreadcrumbList\",\"@id\":\"https:\/\/www.justiceinfo.net\/fr\/6091-12022002-tpirsemanza-laurent-semanza-deposera-mercredi-pour-sa-propre-defense2881.html#breadcrumb\",\"itemListElement\":[{\"@type\":\"ListItem\",\"position\":1,\"name\":\"Home\",\"item\":\"https:\/\/www.justiceinfo.net\/fr\"},{\"@type\":\"ListItem\",\"position\":2,\"name\":\"12.02.2002 - TPIR\/SEMANZA - LAURENT SEMANZA DEPOSERA MERCREDI POUR SA PROPRE DEFENSE\"}]},{\"@type\":\"WebSite\",\"@id\":\"https:\/\/www.justiceinfo.net\/fr#website\",\"url\":\"https:\/\/www.justiceinfo.net\/fr\",\"name\":\"JusticeInfo.net\",\"description\":\"La justice doit \u00eatre vue pour \u00eatre rendue\",\"publisher\":{\"@id\":\"https:\/\/www.justiceinfo.net\/fr#organization\"},\"potentialAction\":[{\"@type\":\"SearchAction\",\"target\":{\"@type\":\"EntryPoint\",\"urlTemplate\":\"https:\/\/www.justiceinfo.net\/fr?s={search_term_string}\"},\"query-input\":{\"@type\":\"PropertyValueSpecification\",\"valueRequired\":true,\"valueName\":\"search_term_string\"}}],\"inLanguage\":\"fr-FR\"},{\"@type\":\"Organization\",\"@id\":\"https:\/\/www.justiceinfo.net\/fr#organization\",\"name\":\"Justice Info\",\"url\":\"https:\/\/www.justiceinfo.net\/fr\",\"logo\":{\"@type\":\"ImageObject\",\"inLanguage\":\"fr-FR\",\"@id\":\"https:\/\/www.justiceinfo.net\/fr#\/schema\/logo\/image\/\",\"url\":\"https:\/\/www.justiceinfo.net\/wp-content\/uploads\/justiceinfo_logo-trans_1200x1200px.png\",\"contentUrl\":\"https:\/\/www.justiceinfo.net\/wp-content\/uploads\/justiceinfo_logo-trans_1200x1200px.png\",\"width\":1199,\"height\":1200,\"caption\":\"Justice Info\"},\"image\":{\"@id\":\"https:\/\/www.justiceinfo.net\/fr#\/schema\/logo\/image\/\"},\"sameAs\":[\"https:\/\/www.facebook.com\/JusticeInfo\/\",\"https:\/\/x.com\/justiceinfonet\",\"https:\/\/www.linkedin.com\/company\/justice-info\",\"https:\/\/www.youtube.com\/channel\/UCyCEsARodyuWtkWyhn-e7pA\"]},{\"@type\":\"Person\",\"name\":\"solivri\",\"url\":\"\/fr\/?s=solivri\"}]}<\/script>\n<!-- \/ Yoast SEO Premium plugin. -->","yoast_head_json":{"title":"12.02.2002 - TPIR\/SEMANZA - LAURENT SEMANZA DEPOSERA MERCREDI POUR SA PROPRE DEFENSE - JusticeInfo.net","robots":{"index":"index","follow":"follow","max-snippet":"max-snippet:-1","max-image-preview":"max-image-preview:large","max-video-preview":"max-video-preview:-1"},"canonical":"https:\/\/www.justiceinfo.net\/fr\/6091-12022002-tpirsemanza-laurent-semanza-deposera-mercredi-pour-sa-propre-defense2881.html","og_locale":"fr_FR","og_type":"article","og_title":"12.02.2002 - TPIR\/SEMANZA - LAURENT SEMANZA DEPOSERA MERCREDI POUR SA PROPRE DEFENSE","og_description":"Arusha 12 f\u00e9vrier 2002 (FH) - l'ancien maire de Bicumbi (province Kigali rurale, centre-est du Rwanda), Laurent Semanza, d\u00e9posera d\u00e8s mercredi matin pour sa propre d\u00e9fense, a d\u00e9cid\u00e9 la troisi\u00e8me chambre de premi\u00e8re instance du Tribunal p\u00e9nal international pour le Rwanda (TPIR). La d\u00e9fense avait demand\u00e9 un peu plus de temps pour pr\u00e9parer cette d\u00e9position, [&hellip;]","og_url":"https:\/\/www.justiceinfo.net\/fr\/6091-12022002-tpirsemanza-laurent-semanza-deposera-mercredi-pour-sa-propre-defense2881.html","og_site_name":"JusticeInfo.net","article_publisher":"https:\/\/www.facebook.com\/JusticeInfo\/","article_published_time":"2002-02-11T23:00:00+00:00","og_image":[{"width":1200,"height":630,"url":"https:\/\/www.justiceinfo.net\/wp-content\/uploads\/JusticeInfoNet_logo_1200x630px.jpg","type":"image\/jpeg"}],"author":"solivri","twitter_card":"summary_large_image","twitter_creator":"@justiceinfonet","twitter_site":"@justiceinfonet","twitter_misc":{"\u00c9crit par":"solivri","Dur\u00e9e de lecture estim\u00e9e":"1 minute"},"schema":{"@context":"https:\/\/schema.org","@graph":[{"@type":"NewsArticle","@id":"https:\/\/www.justiceinfo.net\/fr\/6091-12022002-tpirsemanza-laurent-semanza-deposera-mercredi-pour-sa-propre-defense2881.html#article","isPartOf":{"@id":"https:\/\/www.justiceinfo.net\/fr\/6091-12022002-tpirsemanza-laurent-semanza-deposera-mercredi-pour-sa-propre-defense2881.html"},"author":{"name":"solivri","@id":"https:\/\/www.justiceinfo.net\/fr#\/schema\/person\/6e53cba1629e2e66f3fc1821d3091865"},"headline":"12.02.2002 - TPIR\/SEMANZA - LAURENT SEMANZA DEPOSERA MERCREDI POUR SA PROPRE DEFENSE","datePublished":"2002-02-11T23:00:00+00:00","mainEntityOfPage":{"@id":"https:\/\/www.justiceinfo.net\/fr\/6091-12022002-tpirsemanza-laurent-semanza-deposera-mercredi-pour-sa-propre-defense2881.html"},"wordCount":188,"commentCount":0,"publisher":{"@id":"https:\/\/www.justiceinfo.net\/fr#organization"},"articleSection":["Hirondelle News"],"inLanguage":"fr-FR","potentialAction":[{"@type":"CommentAction","name":"Comment","target":["https:\/\/www.justiceinfo.net\/fr\/6091-12022002-tpirsemanza-laurent-semanza-deposera-mercredi-pour-sa-propre-defense2881.html#respond"]}]},{"@type":"WebPage","@id":"https:\/\/www.justiceinfo.net\/fr\/6091-12022002-tpirsemanza-laurent-semanza-deposera-mercredi-pour-sa-propre-defense2881.html","url":"https:\/\/www.justiceinfo.net\/fr\/6091-12022002-tpirsemanza-laurent-semanza-deposera-mercredi-pour-sa-propre-defense2881.html","name":"12.02.2002 - TPIR\/SEMANZA - LAURENT SEMANZA DEPOSERA MERCREDI POUR SA PROPRE DEFENSE - JusticeInfo.net","isPartOf":{"@id":"https:\/\/www.justiceinfo.net\/fr#website"},"datePublished":"2002-02-11T23:00:00+00:00","breadcrumb":{"@id":"https:\/\/www.justiceinfo.net\/fr\/6091-12022002-tpirsemanza-laurent-semanza-deposera-mercredi-pour-sa-propre-defense2881.html#breadcrumb"},"inLanguage":"fr-FR","potentialAction":[{"@type":"ReadAction","target":["https:\/\/www.justiceinfo.net\/fr\/6091-12022002-tpirsemanza-laurent-semanza-deposera-mercredi-pour-sa-propre-defense2881.html"]}]},{"@type":"BreadcrumbList","@id":"https:\/\/www.justiceinfo.net\/fr\/6091-12022002-tpirsemanza-laurent-semanza-deposera-mercredi-pour-sa-propre-defense2881.html#breadcrumb","itemListElement":[{"@type":"ListItem","position":1,"name":"Home","item":"https:\/\/www.justiceinfo.net\/fr"},{"@type":"ListItem","position":2,"name":"12.02.2002 - TPIR\/SEMANZA - LAURENT SEMANZA DEPOSERA MERCREDI POUR SA PROPRE DEFENSE"}]},{"@type":"WebSite","@id":"https:\/\/www.justiceinfo.net\/fr#website","url":"https:\/\/www.justiceinfo.net\/fr","name":"JusticeInfo.net","description":"La justice doit \u00eatre vue pour \u00eatre rendue","publisher":{"@id":"https:\/\/www.justiceinfo.net\/fr#organization"},"potentialAction":[{"@type":"SearchAction","target":{"@type":"EntryPoint","urlTemplate":"https:\/\/www.justiceinfo.net\/fr?s={search_term_string}"},"query-input":{"@type":"PropertyValueSpecification","valueRequired":true,"valueName":"search_term_string"}}],"inLanguage":"fr-FR"},{"@type":"Organization","@id":"https:\/\/www.justiceinfo.net\/fr#organization","name":"Justice Info","url":"https:\/\/www.justiceinfo.net\/fr","logo":{"@type":"ImageObject","inLanguage":"fr-FR","@id":"https:\/\/www.justiceinfo.net\/fr#\/schema\/logo\/image\/","url":"https:\/\/www.justiceinfo.net\/wp-content\/uploads\/justiceinfo_logo-trans_1200x1200px.png","contentUrl":"https:\/\/www.justiceinfo.net\/wp-content\/uploads\/justiceinfo_logo-trans_1200x1200px.png","width":1199,"height":1200,"caption":"Justice Info"},"image":{"@id":"https:\/\/www.justiceinfo.net\/fr#\/schema\/logo\/image\/"},"sameAs":["https:\/\/www.facebook.com\/JusticeInfo\/","https:\/\/x.com\/justiceinfonet","https:\/\/www.linkedin.com\/company\/justice-info","https:\/\/www.youtube.com\/channel\/UCyCEsARodyuWtkWyhn-e7pA"]},{"@type":"Person","name":"solivri","url":"\/fr\/?s=solivri"}]}},"_links":{"self":[{"href":"https:\/\/www.justiceinfo.net\/fr\/wp-json\/wp\/v2\/posts\/6091","targetHints":{"allow":["GET"]}}],"collection":[{"href":"https:\/\/www.justiceinfo.net\/fr\/wp-json\/wp\/v2\/posts"}],"about":[{"href":"https:\/\/www.justiceinfo.net\/fr\/wp-json\/wp\/v2\/types\/post"}],"author":[{"embeddable":true,"href":"https:\/\/www.justiceinfo.net\/fr\/wp-json\/wp\/v2\/users\/64"}],"replies":[{"embeddable":true,"href":"https:\/\/www.justiceinfo.net\/fr\/wp-json\/wp\/v2\/comments?post=6091"}],"version-history":[{"count":0,"href":"https:\/\/www.justiceinfo.net\/fr\/wp-json\/wp\/v2\/posts\/6091\/revisions"}],"wp:attachment":[{"href":"https:\/\/www.justiceinfo.net\/fr\/wp-json\/wp\/v2\/media?parent=6091"}],"wp:term":[{"taxonomy":"category","embeddable":true,"href":"https:\/\/www.justiceinfo.net\/fr\/wp-json\/wp\/v2\/categories?post=6091"},{"taxonomy":"post_tag","embeddable":true,"href":"https:\/\/www.justiceinfo.net\/fr\/wp-json\/wp\/v2\/tags?post=6091"},{"taxonomy":"ji_location","embeddable":true,"href":"https:\/\/www.justiceinfo.net\/fr\/wp-json\/wp\/v2\/ji_location?post=6091"}],"curies":[{"name":"wp","href":"https:\/\/api.w.org\/{rel}","templated":true}]}}