{"id":6098,"date":"2002-02-11T00:00:00","date_gmt":"2002-02-10T23:00:00","guid":{"rendered":"https:\/\/www.justiceinfo.net\/6098-11022002-tpirntakirutimana-un-pretre-belge-defend-leglise-dans-le-proces-dun-pasteur2888.html"},"modified":"2002-02-11T00:00:00","modified_gmt":"2002-02-10T23:00:00","slug":"11022002-tpirntakirutimana-un-pretre-belge-defend-leglise-dans-le-proces-dun-pasteur2888","status":"publish","type":"post","link":"https:\/\/www.justiceinfo.net\/fr\/6098-11022002-tpirntakirutimana-un-pretre-belge-defend-leglise-dans-le-proces-dun-pasteur2888.html","title":{"rendered":"11.02.2002 - TPIR\/NTAKIRUTIMANA - UN PRETRE BELGE DEFEND l'EGLISE DANS LE PROCES D'UN PASTEUR"},"content":{"rendered":"<p  >\nArusha 11 f\u00e9vrier 2002 (FH) - Un pr\u00eatre belge, le p\u00e8re Serge Desouter, a d\u00e9fendu l'\u00e9glise dans le proc\u00e8s du pasteur adventiste Elizaphan Ntakirutimana, coaccus\u00e9 de g\u00e9nocide avec son fils, le Dr G\u00e9rard Ntakirutimana, devant le Tribunal p\u00e9nal international pour le Rwanda (TPIR).  \"Je ne peux pas accepter qu'on dise que l'\u00e9glise n'a rien dit\", a d\u00e9clar\u00e9 le pr\u00eatre belge, ajoutant que le processus de paix au Rwanda \u00e9tait \"la priorit\u00e9 primaire\" pour l'\u00e9glise.\n<\/p>\n<p><!--more--><\/p>\n<p  >\nUn t\u00e9moin expert cit\u00e9 par l'accusation , le journaliste canadien, Hugh McCullum, avait affirm\u00e9 que les \u00e9glises avaient jou\u00e9 un r\u00f4le dans la planification et l'ex\u00e9cution du g\u00e9nocide anti-tutsi et les massacres D'opposants au Rwanda en 1994. \"Toutes les \u00e9glises confondues \u00e9taient derri\u00e8re les accords D'Arusha. Si les accords D'Arusha sont mauvais ou pas, je ne peux pas le dire\", mais on consid\u00e9rait que c'\u00e9tait une solution contre la violence, a dit le t\u00e9moin.\n<\/p>\n<p  >\nLe p\u00e8re Desouter a travaill\u00e9 au Rwanda pendant dix-huit ans, en tant que missionnaire et agent de d\u00e9veloppement. Il a quitt\u00e9 ce pays en 1986. Le p\u00e8re Desouter a expliqu\u00e9 que l'\u00e9glise s'\u00e9tait activement engag\u00e9e dans le processus de paix au Rwanda d\u00e8s janvier 1992, en cr\u00e9ant une commission compos\u00e9e de dix personnes repr\u00e9sentant la hi\u00e9rarchie catholique et protestantante. \"On s'est inqui\u00e9t\u00e9 de l'\u00e9volution dans le pays et on a plaid\u00e9 pour la paix, pour l'arr\u00eat des agressions de tous c\u00f4t\u00e9s, pour demander au gouvernement et au FPR [Front patriotique rwandais] de n\u00e9gocier\", a dit le p\u00e8re Desouter. Le t\u00e9moin a ajout\u00e9 que les repr\u00e9sentants de l'\u00e9glise avaient \u00e9crit plusieurs lettres aux ambassadeurs accr\u00e9dit\u00e9s \u00e0 Kigali ainsi qu'au pr\u00e9sident du Rwanda pour insister sur l'application des accords de paix sign\u00e9s \u00e0 Arusha en 1993.\n<\/p>\n<p  >\nLe pr\u00eatre belge a indiqu\u00e9 que la guerre qui a commenc\u00e9 en 1990 avait \u00e9t\u00e9 \"une catastrophe\" : \"on a introduit D'une fa\u00e7on extr\u00eame l'\u00e9l\u00e9ment ethnie dans la politique et les armes, et ces \u00e9l\u00e9ments ont \u00e9t\u00e9 n\u00e9fastes pour le Rwanda\". \"Il n'y avait aucune raison pour faire la guerre au Rwanda. En 1989, on \u00e9tait tr\u00e8s proche D'une solution n\u00e9goci\u00e9e pour le probl\u00e8me de r\u00e9fugi\u00e9s rwandais en Ouganda\", a-t-il dit.\n<\/p>\n<p  >\nLe t\u00e9moin a \u00e9galement \u00e9voqu\u00e9 l'assasinat du pr\u00e9sident hutu burundais, Melchior Ndadaye, par des militaires tutsis en octobre 1993, indiquant que cela a eu un impact sur le Rwanda voisin.\"Le Rwanda et le Burundi se regardaient\", a-t-il dit. Parlant des massacres qui ont suivi l'attentat contre l'avion du pr\u00e9sident rwandais, Juv\u00e9nal Habyarimana, le 6 avril 1994, le t\u00e9moin a d\u00e9clar\u00e9 qu'au niveau de l'\u00e9glise,\"nous avons fait beaucoup pour arr\u00eater les violences\". Le p\u00e8re Desouter a indiqu\u00e9 qu'il avait \u00e9crit personnellement au Roi des Belges pour lui demander pourquoi Bruxelles avait retir\u00e9 ses troupes du Rwanda en 1994 et interpell\u00e9 \u00e0 ce sujet le ministre belge des affaires \u00e9trang\u00e8res dans un d\u00e9bat \u00e0 la t\u00e9l\u00e9vision. La Belgique \u00e9tait pr\u00e9sente \u00e0 Kigali dans le cadre D'une mission onusienne D'assistance au processus de paix.\n<\/p>\n<p  >\nLe t\u00e9moin a soulign\u00e9 que des hommes D'\u00e9glise ne pouvaient pas arr\u00eater les massacres, apr\u00e8s le d\u00e9part des grandes puissances.\"Comment voulez vous qu'on ait pu, avec la bible devant nous, arr\u00eater des bandes de voyous qui venaient tuer les gens?\", a-t-il demand\u00e9. Le p\u00e8re Desouter a indiqu\u00e9 qu'il ne connaissait personnellement le pasteur Ntakirutimana.\n<\/p>\n<p  >\nOrdonn\u00e9 pr\u00eatre en 1968, le p\u00e8re Desouter a \u00e9t\u00e9 notamment pr\u00e9sident du comit\u00e9 des instituts missionnaires belges et d\u00e9l\u00e9gu\u00e9 de l'Association internationale pour le d\u00e9veloppement rural (AIDR), une ONG belge qui s'est occup\u00e9e surtout des programmes D'adduction D'eau potable au Rwanda. Il est membre de la soci\u00e9t\u00e9 des p\u00e8res blancs.\n<\/p>\n<p  >\nLe p\u00e8re Desouter a indiqu\u00e9 qu'en devenant missionnaire, \"je voulais faire de ma vie quelque chose de moins banale pour les jours qui me restaient\". Le t\u00e9moin a d\u00e9clar\u00e9 que pendant la vie missionnaire, \"Ce qui nous int\u00e9ressait, c'\u00e9tait D'avoir des gens dynamiques pr\u00eats \u00e0 construire la communaut\u00e9\". Certaines personnes all\u00e8guent que l'\u00e9glise a exacerb\u00e9 les tensions entre les Hutus et les Tutsis du Rwanda.\n<\/p>\n<p  >\nAT\/GF\/FH(NT-0211A)<\/p>\n","protected":false},"excerpt":{"rendered":"<p>Arusha 11 f\u00e9vrier 2002 (FH) - Un pr\u00eatre belge, le p\u00e8re Serge Desouter, a d\u00e9fendu l'\u00e9glise dans le proc\u00e8s du pasteur adventiste Elizaphan Ntakirutimana, coaccus\u00e9 de g\u00e9nocide avec son fils, le Dr G\u00e9rard Ntakirutimana, devant le Tribunal p\u00e9nal international pour le Rwanda (TPIR). \"Je ne peux pas accepter qu'on dise que l'\u00e9glise n'a rien dit\", [&hellip;]<\/p>\n","protected":false},"author":64,"featured_media":0,"comment_status":"open","ping_status":"closed","sticky":false,"template":"","format":"standard","meta":{"_acf_changed":false,"footnotes":""},"categories":[554],"tags":[],"ji_location":[],"class_list":["post-6098","post","type-post","status-publish","format-standard","hentry","category-hirondellenews"],"acf":[],"yoast_head":"<!-- This site is optimized with the Yoast SEO Premium plugin v25.3.1 (Yoast SEO v25.3.1) - https:\/\/yoast.com\/wordpress\/plugins\/seo\/ -->\n<title>11.02.2002 - TPIR\/NTAKIRUTIMANA - UN PRETRE BELGE DEFEND l&#039;EGLISE DANS LE PROCES D&#039;UN PASTEUR - JusticeInfo.net<\/title>\n<meta name=\"robots\" content=\"index, follow, max-snippet:-1, max-image-preview:large, max-video-preview:-1\" \/>\n<link rel=\"canonical\" href=\"https:\/\/www.justiceinfo.net\/fr\/6098-11022002-tpirntakirutimana-un-pretre-belge-defend-leglise-dans-le-proces-dun-pasteur2888.html\" \/>\n<meta property=\"og:locale\" content=\"fr_FR\" \/>\n<meta property=\"og:type\" content=\"article\" \/>\n<meta property=\"og:title\" content=\"11.02.2002 - TPIR\/NTAKIRUTIMANA - UN PRETRE BELGE DEFEND l&#039;EGLISE DANS LE PROCES D&#039;UN PASTEUR\" \/>\n<meta property=\"og:description\" content=\"Arusha 11 f\u00e9vrier 2002 (FH) - Un pr\u00eatre belge, le p\u00e8re Serge Desouter, a d\u00e9fendu l&#039;\u00e9glise dans le proc\u00e8s du pasteur adventiste Elizaphan Ntakirutimana, coaccus\u00e9 de g\u00e9nocide avec son fils, le Dr G\u00e9rard Ntakirutimana, devant le Tribunal p\u00e9nal international pour le Rwanda (TPIR). &quot;Je ne peux pas accepter qu&#039;on dise que l&#039;\u00e9glise n&#039;a rien dit&quot;, [&hellip;]\" \/>\n<meta property=\"og:url\" content=\"https:\/\/www.justiceinfo.net\/fr\/6098-11022002-tpirntakirutimana-un-pretre-belge-defend-leglise-dans-le-proces-dun-pasteur2888.html\" \/>\n<meta property=\"og:site_name\" content=\"JusticeInfo.net\" \/>\n<meta property=\"article:publisher\" content=\"https:\/\/www.facebook.com\/JusticeInfo\/\" \/>\n<meta property=\"article:published_time\" content=\"2002-02-10T23:00:00+00:00\" \/>\n<meta property=\"og:image\" content=\"https:\/\/www.justiceinfo.net\/wp-content\/uploads\/JusticeInfoNet_logo_1200x630px.jpg\" \/>\n\t<meta property=\"og:image:width\" content=\"1200\" \/>\n\t<meta property=\"og:image:height\" content=\"630\" \/>\n\t<meta property=\"og:image:type\" content=\"image\/jpeg\" \/>\n<meta name=\"author\" content=\"solivri\" \/>\n<meta name=\"twitter:card\" content=\"summary_large_image\" \/>\n<meta name=\"twitter:creator\" content=\"@justiceinfonet\" \/>\n<meta name=\"twitter:site\" content=\"@justiceinfonet\" \/>\n<meta name=\"twitter:label1\" content=\"\u00c9crit par\" \/>\n\t<meta name=\"twitter:data1\" content=\"solivri\" \/>\n\t<meta name=\"twitter:label2\" content=\"Dur\u00e9e de lecture estim\u00e9e\" \/>\n\t<meta name=\"twitter:data2\" content=\"4 minutes\" \/>\n<script type=\"application\/ld+json\" class=\"yoast-schema-graph\">{\"@context\":\"https:\/\/schema.org\",\"@graph\":[{\"@type\":\"NewsArticle\",\"@id\":\"https:\/\/www.justiceinfo.net\/fr\/6098-11022002-tpirntakirutimana-un-pretre-belge-defend-leglise-dans-le-proces-dun-pasteur2888.html#article\",\"isPartOf\":{\"@id\":\"https:\/\/www.justiceinfo.net\/fr\/6098-11022002-tpirntakirutimana-un-pretre-belge-defend-leglise-dans-le-proces-dun-pasteur2888.html\"},\"author\":{\"name\":\"solivri\",\"@id\":\"https:\/\/www.justiceinfo.net\/fr#\/schema\/person\/6e53cba1629e2e66f3fc1821d3091865\"},\"headline\":\"11.02.2002 - TPIR\/NTAKIRUTIMANA - UN PRETRE BELGE DEFEND l'EGLISE DANS LE PROCES D'UN PASTEUR\",\"datePublished\":\"2002-02-10T23:00:00+00:00\",\"mainEntityOfPage\":{\"@id\":\"https:\/\/www.justiceinfo.net\/fr\/6098-11022002-tpirntakirutimana-un-pretre-belge-defend-leglise-dans-le-proces-dun-pasteur2888.html\"},\"wordCount\":782,\"commentCount\":0,\"publisher\":{\"@id\":\"https:\/\/www.justiceinfo.net\/fr#organization\"},\"articleSection\":[\"Hirondelle News\"],\"inLanguage\":\"fr-FR\",\"potentialAction\":[{\"@type\":\"CommentAction\",\"name\":\"Comment\",\"target\":[\"https:\/\/www.justiceinfo.net\/fr\/6098-11022002-tpirntakirutimana-un-pretre-belge-defend-leglise-dans-le-proces-dun-pasteur2888.html#respond\"]}]},{\"@type\":\"WebPage\",\"@id\":\"https:\/\/www.justiceinfo.net\/fr\/6098-11022002-tpirntakirutimana-un-pretre-belge-defend-leglise-dans-le-proces-dun-pasteur2888.html\",\"url\":\"https:\/\/www.justiceinfo.net\/fr\/6098-11022002-tpirntakirutimana-un-pretre-belge-defend-leglise-dans-le-proces-dun-pasteur2888.html\",\"name\":\"11.02.2002 - TPIR\/NTAKIRUTIMANA - UN PRETRE BELGE DEFEND l'EGLISE DANS LE PROCES D'UN PASTEUR - JusticeInfo.net\",\"isPartOf\":{\"@id\":\"https:\/\/www.justiceinfo.net\/fr#website\"},\"datePublished\":\"2002-02-10T23:00:00+00:00\",\"breadcrumb\":{\"@id\":\"https:\/\/www.justiceinfo.net\/fr\/6098-11022002-tpirntakirutimana-un-pretre-belge-defend-leglise-dans-le-proces-dun-pasteur2888.html#breadcrumb\"},\"inLanguage\":\"fr-FR\",\"potentialAction\":[{\"@type\":\"ReadAction\",\"target\":[\"https:\/\/www.justiceinfo.net\/fr\/6098-11022002-tpirntakirutimana-un-pretre-belge-defend-leglise-dans-le-proces-dun-pasteur2888.html\"]}]},{\"@type\":\"BreadcrumbList\",\"@id\":\"https:\/\/www.justiceinfo.net\/fr\/6098-11022002-tpirntakirutimana-un-pretre-belge-defend-leglise-dans-le-proces-dun-pasteur2888.html#breadcrumb\",\"itemListElement\":[{\"@type\":\"ListItem\",\"position\":1,\"name\":\"Home\",\"item\":\"https:\/\/www.justiceinfo.net\/fr\"},{\"@type\":\"ListItem\",\"position\":2,\"name\":\"11.02.2002 - TPIR\/NTAKIRUTIMANA - UN PRETRE BELGE DEFEND l'EGLISE DANS LE PROCES D'UN PASTEUR\"}]},{\"@type\":\"WebSite\",\"@id\":\"https:\/\/www.justiceinfo.net\/fr#website\",\"url\":\"https:\/\/www.justiceinfo.net\/fr\",\"name\":\"JusticeInfo.net\",\"description\":\"La justice doit \u00eatre vue pour \u00eatre rendue\",\"publisher\":{\"@id\":\"https:\/\/www.justiceinfo.net\/fr#organization\"},\"potentialAction\":[{\"@type\":\"SearchAction\",\"target\":{\"@type\":\"EntryPoint\",\"urlTemplate\":\"https:\/\/www.justiceinfo.net\/fr?s={search_term_string}\"},\"query-input\":{\"@type\":\"PropertyValueSpecification\",\"valueRequired\":true,\"valueName\":\"search_term_string\"}}],\"inLanguage\":\"fr-FR\"},{\"@type\":\"Organization\",\"@id\":\"https:\/\/www.justiceinfo.net\/fr#organization\",\"name\":\"Justice Info\",\"url\":\"https:\/\/www.justiceinfo.net\/fr\",\"logo\":{\"@type\":\"ImageObject\",\"inLanguage\":\"fr-FR\",\"@id\":\"https:\/\/www.justiceinfo.net\/fr#\/schema\/logo\/image\/\",\"url\":\"https:\/\/www.justiceinfo.net\/wp-content\/uploads\/justiceinfo_logo-trans_1200x1200px.png\",\"contentUrl\":\"https:\/\/www.justiceinfo.net\/wp-content\/uploads\/justiceinfo_logo-trans_1200x1200px.png\",\"width\":1199,\"height\":1200,\"caption\":\"Justice Info\"},\"image\":{\"@id\":\"https:\/\/www.justiceinfo.net\/fr#\/schema\/logo\/image\/\"},\"sameAs\":[\"https:\/\/www.facebook.com\/JusticeInfo\/\",\"https:\/\/x.com\/justiceinfonet\",\"https:\/\/www.linkedin.com\/company\/justice-info\",\"https:\/\/www.youtube.com\/channel\/UCyCEsARodyuWtkWyhn-e7pA\"]},{\"@type\":\"Person\",\"name\":\"solivri\",\"url\":\"\/fr\/?s=solivri\"}]}<\/script>\n<!-- \/ Yoast SEO Premium plugin. -->","yoast_head_json":{"title":"11.02.2002 - TPIR\/NTAKIRUTIMANA - UN PRETRE BELGE DEFEND l'EGLISE DANS LE PROCES D'UN PASTEUR - JusticeInfo.net","robots":{"index":"index","follow":"follow","max-snippet":"max-snippet:-1","max-image-preview":"max-image-preview:large","max-video-preview":"max-video-preview:-1"},"canonical":"https:\/\/www.justiceinfo.net\/fr\/6098-11022002-tpirntakirutimana-un-pretre-belge-defend-leglise-dans-le-proces-dun-pasteur2888.html","og_locale":"fr_FR","og_type":"article","og_title":"11.02.2002 - TPIR\/NTAKIRUTIMANA - UN PRETRE BELGE DEFEND l'EGLISE DANS LE PROCES D'UN PASTEUR","og_description":"Arusha 11 f\u00e9vrier 2002 (FH) - Un pr\u00eatre belge, le p\u00e8re Serge Desouter, a d\u00e9fendu l'\u00e9glise dans le proc\u00e8s du pasteur adventiste Elizaphan Ntakirutimana, coaccus\u00e9 de g\u00e9nocide avec son fils, le Dr G\u00e9rard Ntakirutimana, devant le Tribunal p\u00e9nal international pour le Rwanda (TPIR). \"Je ne peux pas accepter qu'on dise que l'\u00e9glise n'a rien dit\", [&hellip;]","og_url":"https:\/\/www.justiceinfo.net\/fr\/6098-11022002-tpirntakirutimana-un-pretre-belge-defend-leglise-dans-le-proces-dun-pasteur2888.html","og_site_name":"JusticeInfo.net","article_publisher":"https:\/\/www.facebook.com\/JusticeInfo\/","article_published_time":"2002-02-10T23:00:00+00:00","og_image":[{"width":1200,"height":630,"url":"https:\/\/www.justiceinfo.net\/wp-content\/uploads\/JusticeInfoNet_logo_1200x630px.jpg","type":"image\/jpeg"}],"author":"solivri","twitter_card":"summary_large_image","twitter_creator":"@justiceinfonet","twitter_site":"@justiceinfonet","twitter_misc":{"\u00c9crit par":"solivri","Dur\u00e9e de lecture estim\u00e9e":"4 minutes"},"schema":{"@context":"https:\/\/schema.org","@graph":[{"@type":"NewsArticle","@id":"https:\/\/www.justiceinfo.net\/fr\/6098-11022002-tpirntakirutimana-un-pretre-belge-defend-leglise-dans-le-proces-dun-pasteur2888.html#article","isPartOf":{"@id":"https:\/\/www.justiceinfo.net\/fr\/6098-11022002-tpirntakirutimana-un-pretre-belge-defend-leglise-dans-le-proces-dun-pasteur2888.html"},"author":{"name":"solivri","@id":"https:\/\/www.justiceinfo.net\/fr#\/schema\/person\/6e53cba1629e2e66f3fc1821d3091865"},"headline":"11.02.2002 - TPIR\/NTAKIRUTIMANA - UN PRETRE BELGE DEFEND l'EGLISE DANS LE PROCES D'UN PASTEUR","datePublished":"2002-02-10T23:00:00+00:00","mainEntityOfPage":{"@id":"https:\/\/www.justiceinfo.net\/fr\/6098-11022002-tpirntakirutimana-un-pretre-belge-defend-leglise-dans-le-proces-dun-pasteur2888.html"},"wordCount":782,"commentCount":0,"publisher":{"@id":"https:\/\/www.justiceinfo.net\/fr#organization"},"articleSection":["Hirondelle News"],"inLanguage":"fr-FR","potentialAction":[{"@type":"CommentAction","name":"Comment","target":["https:\/\/www.justiceinfo.net\/fr\/6098-11022002-tpirntakirutimana-un-pretre-belge-defend-leglise-dans-le-proces-dun-pasteur2888.html#respond"]}]},{"@type":"WebPage","@id":"https:\/\/www.justiceinfo.net\/fr\/6098-11022002-tpirntakirutimana-un-pretre-belge-defend-leglise-dans-le-proces-dun-pasteur2888.html","url":"https:\/\/www.justiceinfo.net\/fr\/6098-11022002-tpirntakirutimana-un-pretre-belge-defend-leglise-dans-le-proces-dun-pasteur2888.html","name":"11.02.2002 - TPIR\/NTAKIRUTIMANA - UN PRETRE BELGE DEFEND l'EGLISE DANS LE PROCES D'UN PASTEUR - JusticeInfo.net","isPartOf":{"@id":"https:\/\/www.justiceinfo.net\/fr#website"},"datePublished":"2002-02-10T23:00:00+00:00","breadcrumb":{"@id":"https:\/\/www.justiceinfo.net\/fr\/6098-11022002-tpirntakirutimana-un-pretre-belge-defend-leglise-dans-le-proces-dun-pasteur2888.html#breadcrumb"},"inLanguage":"fr-FR","potentialAction":[{"@type":"ReadAction","target":["https:\/\/www.justiceinfo.net\/fr\/6098-11022002-tpirntakirutimana-un-pretre-belge-defend-leglise-dans-le-proces-dun-pasteur2888.html"]}]},{"@type":"BreadcrumbList","@id":"https:\/\/www.justiceinfo.net\/fr\/6098-11022002-tpirntakirutimana-un-pretre-belge-defend-leglise-dans-le-proces-dun-pasteur2888.html#breadcrumb","itemListElement":[{"@type":"ListItem","position":1,"name":"Home","item":"https:\/\/www.justiceinfo.net\/fr"},{"@type":"ListItem","position":2,"name":"11.02.2002 - TPIR\/NTAKIRUTIMANA - UN PRETRE BELGE DEFEND l'EGLISE DANS LE PROCES D'UN PASTEUR"}]},{"@type":"WebSite","@id":"https:\/\/www.justiceinfo.net\/fr#website","url":"https:\/\/www.justiceinfo.net\/fr","name":"JusticeInfo.net","description":"La justice doit \u00eatre vue pour \u00eatre rendue","publisher":{"@id":"https:\/\/www.justiceinfo.net\/fr#organization"},"potentialAction":[{"@type":"SearchAction","target":{"@type":"EntryPoint","urlTemplate":"https:\/\/www.justiceinfo.net\/fr?s={search_term_string}"},"query-input":{"@type":"PropertyValueSpecification","valueRequired":true,"valueName":"search_term_string"}}],"inLanguage":"fr-FR"},{"@type":"Organization","@id":"https:\/\/www.justiceinfo.net\/fr#organization","name":"Justice Info","url":"https:\/\/www.justiceinfo.net\/fr","logo":{"@type":"ImageObject","inLanguage":"fr-FR","@id":"https:\/\/www.justiceinfo.net\/fr#\/schema\/logo\/image\/","url":"https:\/\/www.justiceinfo.net\/wp-content\/uploads\/justiceinfo_logo-trans_1200x1200px.png","contentUrl":"https:\/\/www.justiceinfo.net\/wp-content\/uploads\/justiceinfo_logo-trans_1200x1200px.png","width":1199,"height":1200,"caption":"Justice Info"},"image":{"@id":"https:\/\/www.justiceinfo.net\/fr#\/schema\/logo\/image\/"},"sameAs":["https:\/\/www.facebook.com\/JusticeInfo\/","https:\/\/x.com\/justiceinfonet","https:\/\/www.linkedin.com\/company\/justice-info","https:\/\/www.youtube.com\/channel\/UCyCEsARodyuWtkWyhn-e7pA"]},{"@type":"Person","name":"solivri","url":"\/fr\/?s=solivri"}]}},"_links":{"self":[{"href":"https:\/\/www.justiceinfo.net\/fr\/wp-json\/wp\/v2\/posts\/6098","targetHints":{"allow":["GET"]}}],"collection":[{"href":"https:\/\/www.justiceinfo.net\/fr\/wp-json\/wp\/v2\/posts"}],"about":[{"href":"https:\/\/www.justiceinfo.net\/fr\/wp-json\/wp\/v2\/types\/post"}],"author":[{"embeddable":true,"href":"https:\/\/www.justiceinfo.net\/fr\/wp-json\/wp\/v2\/users\/64"}],"replies":[{"embeddable":true,"href":"https:\/\/www.justiceinfo.net\/fr\/wp-json\/wp\/v2\/comments?post=6098"}],"version-history":[{"count":0,"href":"https:\/\/www.justiceinfo.net\/fr\/wp-json\/wp\/v2\/posts\/6098\/revisions"}],"wp:attachment":[{"href":"https:\/\/www.justiceinfo.net\/fr\/wp-json\/wp\/v2\/media?parent=6098"}],"wp:term":[{"taxonomy":"category","embeddable":true,"href":"https:\/\/www.justiceinfo.net\/fr\/wp-json\/wp\/v2\/categories?post=6098"},{"taxonomy":"post_tag","embeddable":true,"href":"https:\/\/www.justiceinfo.net\/fr\/wp-json\/wp\/v2\/tags?post=6098"},{"taxonomy":"ji_location","embeddable":true,"href":"https:\/\/www.justiceinfo.net\/fr\/wp-json\/wp\/v2\/ji_location?post=6098"}],"curies":[{"name":"wp","href":"https:\/\/api.w.org\/{rel}","templated":true}]}}