{"id":6104,"date":"2002-02-08T00:00:00","date_gmt":"2002-02-07T23:00:00","guid":{"rendered":"https:\/\/www.justiceinfo.net\/6104-08022002-tpirntakirutimana-le-fpr-devrait-accepter-sa-responsabilite-dans-le-genocide-selon-2894.html"},"modified":"2002-02-08T00:00:00","modified_gmt":"2002-02-07T23:00:00","slug":"08022002-tpirntakirutimana-le-fpr-devrait-accepter-sa-responsabilite-dans-le-genocide-selon-2894","status":"publish","type":"post","link":"https:\/\/www.justiceinfo.net\/fr\/6104-08022002-tpirntakirutimana-le-fpr-devrait-accepter-sa-responsabilite-dans-le-genocide-selon-2894.html","title":{"rendered":"08.02.2002 - TPIR\/NTAKIRUTIMANA - LE FPR DEVRAIT ACCEPTER SA RESPONSABILITE DANS LE GENOCIDE, SELON"},"content":{"rendered":"<p  >\nArusha 8 f\u00e9vrier 2002 (FH) - Le Front patriotique rwandais (FPR), actuellement au pouvoir \u00e0 Kigali, devrait accepter sa responsabilit\u00e9 dans le g\u00e9nocide de 1994, a d\u00e9clar\u00e9 l'ancien premier rwandais, Faustin Twagiramungu, au cours D'une interview accord\u00e9e \u00e0 l'agence Hirondelle.\n<\/p>\n<p  >\n\"Je crois que nous avons tous des responsabilit\u00e9s dans ce qui s'est pass\u00e9 au Rwanda.\n<\/p>\n<p><!--more--><\/p>\n<p  >\nIl faudrait que le FPR accepte aussi qu'il a commis des crimes, et qu'il a tu\u00e9 des Rwandais, si m\u00eame il ne veut pas avouer qu'il a tu\u00e9 des Hutus.\"\n<\/p>\n<p  >\nl'ancien premier ministre s'exprimait au terme de sa d\u00e9position devant le Tribunal p\u00e9nal international pour le Rwanda (TPIR), en tant que t\u00e9moin de la d\u00e9fense dans le proc\u00e8s du pasteur adventiste Elizaphan Ntakirutimana, coaccus\u00e9 de g\u00e9nocide avec un de ses fils.\n<\/p>\n<p  >\nFaustin Twagiramungu, un Hutu mod\u00e9r\u00e9, dirigeait avant 1994 le Mouvement d\u00e9mocratique r\u00e9publicain (MDR), un parti D'opposition \u00e0 l'ex-pr\u00e9sident Juv\u00e9nal Habyarimana. Premier ministre d\u00e9sign\u00e9 au terme des accords de paix sign\u00e9s \u00e0 Arusha en ao\u00fbt 1993, il n'\u00e9tait cependant devenu chef du gouvernement qu'apr\u00e8s la victoire du FPR qui avait mis fin au g\u00e9nocide, en juillet 1994. Par la suite, il avait d\u00e9missionn\u00e9 de son poste apr\u00e8s avoir d\u00e9nonc\u00e9 des atrocit\u00e9s commises par l'arm\u00e9e \u00e0 l'encontre des civils.\n<\/p>\n<p  >\n\"Pr\u00e9paration mais pas planification\"\n<\/p>\n<p  >\nFaustin Twagiramungu a d\u00e9clar\u00e9 devant le TPIR qu'il croyait que des extr\u00e9mistes hutus membres de l'ancien r\u00e9gime rwandais avaient fait des pr\u00e9paratifs en vue D'\u00e9liminer des membres de l'opposition, Hutus et Tutsis confondus, mais qu'ils n'avaient pas planifi\u00e9 le g\u00e9nocide, d\u00e9clench\u00e9 par l'attentat contre l'avion qui transportait l'ex-pr\u00e9sident Habyarimana et son homologue burundais, Cyprien Ntaryamira.\n<\/p>\n<p  >\n\"Il y a eu une pr\u00e9paration psychologique, quand les gens disaient \"Tuzabatsemba tsemba\", c'est-\u00e0-dire \"nous allons exterminer tous ceux qui s'opposent au pouvoir du pr\u00e9sident Habyarimana\". [...] Est-ce que ce plan a \u00e9t\u00e9 mis \u00e0 ex\u00e9cution parce qu'il y a eu l'assassinat du pr\u00e9sident Habyarimana et de ses collaborateurs ? Si oui, cela signifierait que les gens ayant con\u00e7u ce plan sont les m\u00eames que ceux qui ont abattu l'avion. Or, il est prouv\u00e9 aujourD'hui que ce ne sont pas, malheureusement, eux qui l'auraient fait. Je dis alors qu'il faut absolument revoir ce que les gens ont d\u00e9clar\u00e9, et que pour les Rwandais il faut absolument que l'on essaie de r\u00e9\u00e9crire notre propre histoire.\" Faustin Twagiramungu, dans son t\u00e9moignage devant la Cour, a indiqu\u00e9 qu'il suspectait le FPR D'avoir commis cet attentat.\n<\/p>\n<p  >\nIl a d\u00e9clar\u00e9 \u00e0 l'agence Hirondelle que m\u00eame si les extr\u00e9mistes hutus n'avaient pas planifi\u00e9 le g\u00e9nocide du 6 avril 1994, cela ne signifiait pas qu'il ait \u00e9t\u00e9 \"spontan\u00e9\". l'ancien premier ministre a expliqu\u00e9 qu'il n'avait jamais ni\u00e9 que les massacres aient \u00e9t\u00e9 dirig\u00e9s par des membres de l'ex-arm\u00e9e \u00e0 dominante hutue et du gouvernement int\u00e9rimaire. \"C'est pourquoi J'ai bien pr\u00e9cis\u00e9 que le gouvernement Kambanda doit assumer ses responsabilit\u00e9s. Des gens ont dirig\u00e9 les tueries. Si l'on pr\u00e9tend qu'il y a un gouvernement, et que les gens s'entre-tuent sans que ce gouvernement ne les arr\u00eate, ou pire qu'il encourage les tueries afin de stopper le FPR, il faut que les membres de ce gouvernement assument. Je pense que je suis tr\u00e8s pr\u00e9cis sur cette question.\"\n<\/p>\n<p  >\nJean Kambanda \u00e9tait premier ministre sous le gouvernement int\u00e9rimaire mis en place le 9 avril 1994. Il a \u00e9t\u00e9 condamn\u00e9 \u00e0 l'emprisonnement \u00e0 vie par le TPIR, apr\u00e8s avoir plaid\u00e9 coupable pour g\u00e9nocide et crimes contre l'humanit\u00e9.\n<\/p>\n<p  >\nPas seulement un g\u00e9nocide tutsI Faustin Twagiramungu a par ailleurs d\u00e9clar\u00e9 devant la Cour qu'il n'\u00e9tait pas D'accord pour dire que le g\u00e9nocide \u00e9tait dirig\u00e9 contre les Tutsis seulement. Il a affirm\u00e9 que tous les opposants au r\u00e9gime Habyarimana \u00e9taient cibl\u00e9s, que des Hutus \u00e9taient \u00e9galement morts et que cela devait \u00eatre reconnu. \"On dit dans la presse, et dans certains livres, qu'il y a eu planification pour exterminer les Tutsis. J'ai bien pr\u00e9cis\u00e9 hier qu'il y avait eu un g\u00e9nocide des Tutsis et des gens de l'opposition. Sur des millions de Rwandais dans l'opposition, tous n'\u00e9taient pas Tutsis.\"\n<\/p>\n<p  >\nIl a regrett\u00e9 qu'il n'y ait jamais eu une enqu\u00eate fiable sur le nombre des victimes. \"Je n'accepterai jamais qu'on me dise qu'il y a eu un g\u00e9nocide des Tutsis uniquement, ce serait une trahison contre mes fr\u00e8res, et contre tous les autres Rwandais qui \u00e9taient avec moi, dans mon parti, ou dans D'autres partis et qui ont p\u00e9ri sous les machettes ou sous les houes de tous ces tueurs.\"\n<\/p>\n<p  >\nInterview\u00e9 par le procureur\n<\/p>\n<p  >\nAyant t\u00e9moign\u00e9 pour la premi\u00e8re fois pour la d\u00e9fense, Hirondelle \u00e0 demand\u00e9 \u00e0 Faustin Twagiramungu s'il \u00e9tait \u00e9galement dispos\u00e9 \u00e0 d\u00e9poser pour la poursuite dans une autre affaire. Il a expliqu\u00e9 avoir d\u00e9j\u00e0 rencontr\u00e9 des membres du parquet, mais a d\u00e9plor\u00e9 le manque de confidentialit\u00e9 au bureau du procureur. \"En l'an 2000, J'ai rencontr\u00e9 une commission envoy\u00e9e par le bureau du procureur et J'ai \u00e9t\u00e9 interview\u00e9 pendant six heures, puis J'ai sign\u00e9 un document qui a \u00e9t\u00e9 exhib\u00e9 hier devant le Tribunal, afin D'essayer de relever des contradictions entre mes t\u00e9moignages, ce qui ne s'est pas produit\". J'ai regrett\u00e9 que ce document ait \u00e9t\u00e9 distribu\u00e9 bien avant, il y a au moins six mois de \u00e7a. Le document circulait en effet en Belgique.\u2026 Je regrette le manque de confidentialit\u00e9 du bureau du procureur., a-t-il indiqu\u00e9.\n<\/p>\n<p  >\n\"Si aujourD'hui je suis venu ici, et qu'en l'an 2000 J'ai r\u00e9pondu aux questions du bureau du procureur, je ne vois pas pourquoi je ne r\u00e9pondrai pas \u00e0 une invitation du procureur\".\n<\/p>\n<p  >\nJC\/AT\/GF\/FH (NT_0208A)<\/p>\n","protected":false},"excerpt":{"rendered":"<p>Arusha 8 f\u00e9vrier 2002 (FH) - Le Front patriotique rwandais (FPR), actuellement au pouvoir \u00e0 Kigali, devrait accepter sa responsabilit\u00e9 dans le g\u00e9nocide de 1994, a d\u00e9clar\u00e9 l'ancien premier rwandais, Faustin Twagiramungu, au cours D'une interview accord\u00e9e \u00e0 l'agence Hirondelle. \"Je crois que nous avons tous des responsabilit\u00e9s dans ce qui s'est pass\u00e9 au Rwanda.<\/p>\n","protected":false},"author":64,"featured_media":0,"comment_status":"open","ping_status":"closed","sticky":false,"template":"","format":"standard","meta":{"_acf_changed":false,"footnotes":""},"categories":[554],"tags":[],"ji_location":[],"class_list":["post-6104","post","type-post","status-publish","format-standard","hentry","category-hirondellenews"],"acf":[],"yoast_head":"<!-- This site is optimized with the Yoast SEO Premium plugin v25.3.1 (Yoast SEO v25.3.1) - https:\/\/yoast.com\/wordpress\/plugins\/seo\/ -->\n<title>08.02.2002 - TPIR\/NTAKIRUTIMANA - LE FPR DEVRAIT ACCEPTER SA RESPONSABILITE DANS LE GENOCIDE, SELON - JusticeInfo.net<\/title>\n<meta name=\"robots\" content=\"index, follow, max-snippet:-1, max-image-preview:large, max-video-preview:-1\" \/>\n<link rel=\"canonical\" href=\"https:\/\/www.justiceinfo.net\/fr\/6104-08022002-tpirntakirutimana-le-fpr-devrait-accepter-sa-responsabilite-dans-le-genocide-selon-2894.html\" \/>\n<meta property=\"og:locale\" content=\"fr_FR\" \/>\n<meta property=\"og:type\" content=\"article\" \/>\n<meta property=\"og:title\" content=\"08.02.2002 - TPIR\/NTAKIRUTIMANA - LE FPR DEVRAIT ACCEPTER SA RESPONSABILITE DANS LE GENOCIDE, SELON\" \/>\n<meta property=\"og:description\" content=\"Arusha 8 f\u00e9vrier 2002 (FH) - Le Front patriotique rwandais (FPR), actuellement au pouvoir \u00e0 Kigali, devrait accepter sa responsabilit\u00e9 dans le g\u00e9nocide de 1994, a d\u00e9clar\u00e9 l&#039;ancien premier rwandais, Faustin Twagiramungu, au cours D&#039;une interview accord\u00e9e \u00e0 l&#039;agence Hirondelle. &quot;Je crois que nous avons tous des responsabilit\u00e9s dans ce qui s&#039;est pass\u00e9 au Rwanda.\" \/>\n<meta property=\"og:url\" content=\"https:\/\/www.justiceinfo.net\/fr\/6104-08022002-tpirntakirutimana-le-fpr-devrait-accepter-sa-responsabilite-dans-le-genocide-selon-2894.html\" \/>\n<meta property=\"og:site_name\" content=\"JusticeInfo.net\" \/>\n<meta property=\"article:publisher\" content=\"https:\/\/www.facebook.com\/JusticeInfo\/\" \/>\n<meta property=\"article:published_time\" content=\"2002-02-07T23:00:00+00:00\" \/>\n<meta property=\"og:image\" content=\"https:\/\/www.justiceinfo.net\/wp-content\/uploads\/JusticeInfoNet_logo_1200x630px.jpg\" \/>\n\t<meta property=\"og:image:width\" content=\"1200\" \/>\n\t<meta property=\"og:image:height\" content=\"630\" \/>\n\t<meta property=\"og:image:type\" content=\"image\/jpeg\" \/>\n<meta name=\"author\" content=\"solivri\" \/>\n<meta name=\"twitter:card\" content=\"summary_large_image\" \/>\n<meta name=\"twitter:creator\" content=\"@justiceinfonet\" \/>\n<meta name=\"twitter:site\" content=\"@justiceinfonet\" \/>\n<meta name=\"twitter:label1\" content=\"\u00c9crit par\" \/>\n\t<meta name=\"twitter:data1\" content=\"solivri\" \/>\n\t<meta name=\"twitter:label2\" content=\"Dur\u00e9e de lecture estim\u00e9e\" \/>\n\t<meta name=\"twitter:data2\" content=\"5 minutes\" \/>\n<script type=\"application\/ld+json\" class=\"yoast-schema-graph\">{\"@context\":\"https:\/\/schema.org\",\"@graph\":[{\"@type\":\"NewsArticle\",\"@id\":\"https:\/\/www.justiceinfo.net\/fr\/6104-08022002-tpirntakirutimana-le-fpr-devrait-accepter-sa-responsabilite-dans-le-genocide-selon-2894.html#article\",\"isPartOf\":{\"@id\":\"https:\/\/www.justiceinfo.net\/fr\/6104-08022002-tpirntakirutimana-le-fpr-devrait-accepter-sa-responsabilite-dans-le-genocide-selon-2894.html\"},\"author\":{\"name\":\"solivri\",\"@id\":\"https:\/\/www.justiceinfo.net\/fr#\/schema\/person\/6e53cba1629e2e66f3fc1821d3091865\"},\"headline\":\"08.02.2002 - TPIR\/NTAKIRUTIMANA - LE FPR DEVRAIT ACCEPTER SA RESPONSABILITE DANS LE GENOCIDE, SELON\",\"datePublished\":\"2002-02-07T23:00:00+00:00\",\"mainEntityOfPage\":{\"@id\":\"https:\/\/www.justiceinfo.net\/fr\/6104-08022002-tpirntakirutimana-le-fpr-devrait-accepter-sa-responsabilite-dans-le-genocide-selon-2894.html\"},\"wordCount\":1047,\"commentCount\":0,\"publisher\":{\"@id\":\"https:\/\/www.justiceinfo.net\/fr#organization\"},\"articleSection\":[\"Hirondelle News\"],\"inLanguage\":\"fr-FR\",\"potentialAction\":[{\"@type\":\"CommentAction\",\"name\":\"Comment\",\"target\":[\"https:\/\/www.justiceinfo.net\/fr\/6104-08022002-tpirntakirutimana-le-fpr-devrait-accepter-sa-responsabilite-dans-le-genocide-selon-2894.html#respond\"]}]},{\"@type\":\"WebPage\",\"@id\":\"https:\/\/www.justiceinfo.net\/fr\/6104-08022002-tpirntakirutimana-le-fpr-devrait-accepter-sa-responsabilite-dans-le-genocide-selon-2894.html\",\"url\":\"https:\/\/www.justiceinfo.net\/fr\/6104-08022002-tpirntakirutimana-le-fpr-devrait-accepter-sa-responsabilite-dans-le-genocide-selon-2894.html\",\"name\":\"08.02.2002 - TPIR\/NTAKIRUTIMANA - LE FPR DEVRAIT ACCEPTER SA RESPONSABILITE DANS LE GENOCIDE, SELON - JusticeInfo.net\",\"isPartOf\":{\"@id\":\"https:\/\/www.justiceinfo.net\/fr#website\"},\"datePublished\":\"2002-02-07T23:00:00+00:00\",\"breadcrumb\":{\"@id\":\"https:\/\/www.justiceinfo.net\/fr\/6104-08022002-tpirntakirutimana-le-fpr-devrait-accepter-sa-responsabilite-dans-le-genocide-selon-2894.html#breadcrumb\"},\"inLanguage\":\"fr-FR\",\"potentialAction\":[{\"@type\":\"ReadAction\",\"target\":[\"https:\/\/www.justiceinfo.net\/fr\/6104-08022002-tpirntakirutimana-le-fpr-devrait-accepter-sa-responsabilite-dans-le-genocide-selon-2894.html\"]}]},{\"@type\":\"BreadcrumbList\",\"@id\":\"https:\/\/www.justiceinfo.net\/fr\/6104-08022002-tpirntakirutimana-le-fpr-devrait-accepter-sa-responsabilite-dans-le-genocide-selon-2894.html#breadcrumb\",\"itemListElement\":[{\"@type\":\"ListItem\",\"position\":1,\"name\":\"Home\",\"item\":\"https:\/\/www.justiceinfo.net\/fr\"},{\"@type\":\"ListItem\",\"position\":2,\"name\":\"08.02.2002 - TPIR\/NTAKIRUTIMANA - LE FPR DEVRAIT ACCEPTER SA RESPONSABILITE DANS LE GENOCIDE, SELON\"}]},{\"@type\":\"WebSite\",\"@id\":\"https:\/\/www.justiceinfo.net\/fr#website\",\"url\":\"https:\/\/www.justiceinfo.net\/fr\",\"name\":\"JusticeInfo.net\",\"description\":\"La justice doit \u00eatre vue pour \u00eatre rendue\",\"publisher\":{\"@id\":\"https:\/\/www.justiceinfo.net\/fr#organization\"},\"potentialAction\":[{\"@type\":\"SearchAction\",\"target\":{\"@type\":\"EntryPoint\",\"urlTemplate\":\"https:\/\/www.justiceinfo.net\/fr?s={search_term_string}\"},\"query-input\":{\"@type\":\"PropertyValueSpecification\",\"valueRequired\":true,\"valueName\":\"search_term_string\"}}],\"inLanguage\":\"fr-FR\"},{\"@type\":\"Organization\",\"@id\":\"https:\/\/www.justiceinfo.net\/fr#organization\",\"name\":\"Justice Info\",\"url\":\"https:\/\/www.justiceinfo.net\/fr\",\"logo\":{\"@type\":\"ImageObject\",\"inLanguage\":\"fr-FR\",\"@id\":\"https:\/\/www.justiceinfo.net\/fr#\/schema\/logo\/image\/\",\"url\":\"https:\/\/www.justiceinfo.net\/wp-content\/uploads\/justiceinfo_logo-trans_1200x1200px.png\",\"contentUrl\":\"https:\/\/www.justiceinfo.net\/wp-content\/uploads\/justiceinfo_logo-trans_1200x1200px.png\",\"width\":1199,\"height\":1200,\"caption\":\"Justice Info\"},\"image\":{\"@id\":\"https:\/\/www.justiceinfo.net\/fr#\/schema\/logo\/image\/\"},\"sameAs\":[\"https:\/\/www.facebook.com\/JusticeInfo\/\",\"https:\/\/x.com\/justiceinfonet\",\"https:\/\/www.linkedin.com\/company\/justice-info\",\"https:\/\/www.youtube.com\/channel\/UCyCEsARodyuWtkWyhn-e7pA\"]},{\"@type\":\"Person\",\"name\":\"solivri\",\"url\":\"\/fr\/?s=solivri\"}]}<\/script>\n<!-- \/ Yoast SEO Premium plugin. -->","yoast_head_json":{"title":"08.02.2002 - TPIR\/NTAKIRUTIMANA - LE FPR DEVRAIT ACCEPTER SA RESPONSABILITE DANS LE GENOCIDE, SELON - JusticeInfo.net","robots":{"index":"index","follow":"follow","max-snippet":"max-snippet:-1","max-image-preview":"max-image-preview:large","max-video-preview":"max-video-preview:-1"},"canonical":"https:\/\/www.justiceinfo.net\/fr\/6104-08022002-tpirntakirutimana-le-fpr-devrait-accepter-sa-responsabilite-dans-le-genocide-selon-2894.html","og_locale":"fr_FR","og_type":"article","og_title":"08.02.2002 - TPIR\/NTAKIRUTIMANA - LE FPR DEVRAIT ACCEPTER SA RESPONSABILITE DANS LE GENOCIDE, SELON","og_description":"Arusha 8 f\u00e9vrier 2002 (FH) - Le Front patriotique rwandais (FPR), actuellement au pouvoir \u00e0 Kigali, devrait accepter sa responsabilit\u00e9 dans le g\u00e9nocide de 1994, a d\u00e9clar\u00e9 l'ancien premier rwandais, Faustin Twagiramungu, au cours D'une interview accord\u00e9e \u00e0 l'agence Hirondelle. \"Je crois que nous avons tous des responsabilit\u00e9s dans ce qui s'est pass\u00e9 au Rwanda.","og_url":"https:\/\/www.justiceinfo.net\/fr\/6104-08022002-tpirntakirutimana-le-fpr-devrait-accepter-sa-responsabilite-dans-le-genocide-selon-2894.html","og_site_name":"JusticeInfo.net","article_publisher":"https:\/\/www.facebook.com\/JusticeInfo\/","article_published_time":"2002-02-07T23:00:00+00:00","og_image":[{"width":1200,"height":630,"url":"https:\/\/www.justiceinfo.net\/wp-content\/uploads\/JusticeInfoNet_logo_1200x630px.jpg","type":"image\/jpeg"}],"author":"solivri","twitter_card":"summary_large_image","twitter_creator":"@justiceinfonet","twitter_site":"@justiceinfonet","twitter_misc":{"\u00c9crit par":"solivri","Dur\u00e9e de lecture estim\u00e9e":"5 minutes"},"schema":{"@context":"https:\/\/schema.org","@graph":[{"@type":"NewsArticle","@id":"https:\/\/www.justiceinfo.net\/fr\/6104-08022002-tpirntakirutimana-le-fpr-devrait-accepter-sa-responsabilite-dans-le-genocide-selon-2894.html#article","isPartOf":{"@id":"https:\/\/www.justiceinfo.net\/fr\/6104-08022002-tpirntakirutimana-le-fpr-devrait-accepter-sa-responsabilite-dans-le-genocide-selon-2894.html"},"author":{"name":"solivri","@id":"https:\/\/www.justiceinfo.net\/fr#\/schema\/person\/6e53cba1629e2e66f3fc1821d3091865"},"headline":"08.02.2002 - TPIR\/NTAKIRUTIMANA - LE FPR DEVRAIT ACCEPTER SA RESPONSABILITE DANS LE GENOCIDE, SELON","datePublished":"2002-02-07T23:00:00+00:00","mainEntityOfPage":{"@id":"https:\/\/www.justiceinfo.net\/fr\/6104-08022002-tpirntakirutimana-le-fpr-devrait-accepter-sa-responsabilite-dans-le-genocide-selon-2894.html"},"wordCount":1047,"commentCount":0,"publisher":{"@id":"https:\/\/www.justiceinfo.net\/fr#organization"},"articleSection":["Hirondelle News"],"inLanguage":"fr-FR","potentialAction":[{"@type":"CommentAction","name":"Comment","target":["https:\/\/www.justiceinfo.net\/fr\/6104-08022002-tpirntakirutimana-le-fpr-devrait-accepter-sa-responsabilite-dans-le-genocide-selon-2894.html#respond"]}]},{"@type":"WebPage","@id":"https:\/\/www.justiceinfo.net\/fr\/6104-08022002-tpirntakirutimana-le-fpr-devrait-accepter-sa-responsabilite-dans-le-genocide-selon-2894.html","url":"https:\/\/www.justiceinfo.net\/fr\/6104-08022002-tpirntakirutimana-le-fpr-devrait-accepter-sa-responsabilite-dans-le-genocide-selon-2894.html","name":"08.02.2002 - TPIR\/NTAKIRUTIMANA - LE FPR DEVRAIT ACCEPTER SA RESPONSABILITE DANS LE GENOCIDE, SELON - JusticeInfo.net","isPartOf":{"@id":"https:\/\/www.justiceinfo.net\/fr#website"},"datePublished":"2002-02-07T23:00:00+00:00","breadcrumb":{"@id":"https:\/\/www.justiceinfo.net\/fr\/6104-08022002-tpirntakirutimana-le-fpr-devrait-accepter-sa-responsabilite-dans-le-genocide-selon-2894.html#breadcrumb"},"inLanguage":"fr-FR","potentialAction":[{"@type":"ReadAction","target":["https:\/\/www.justiceinfo.net\/fr\/6104-08022002-tpirntakirutimana-le-fpr-devrait-accepter-sa-responsabilite-dans-le-genocide-selon-2894.html"]}]},{"@type":"BreadcrumbList","@id":"https:\/\/www.justiceinfo.net\/fr\/6104-08022002-tpirntakirutimana-le-fpr-devrait-accepter-sa-responsabilite-dans-le-genocide-selon-2894.html#breadcrumb","itemListElement":[{"@type":"ListItem","position":1,"name":"Home","item":"https:\/\/www.justiceinfo.net\/fr"},{"@type":"ListItem","position":2,"name":"08.02.2002 - TPIR\/NTAKIRUTIMANA - LE FPR DEVRAIT ACCEPTER SA RESPONSABILITE DANS LE GENOCIDE, SELON"}]},{"@type":"WebSite","@id":"https:\/\/www.justiceinfo.net\/fr#website","url":"https:\/\/www.justiceinfo.net\/fr","name":"JusticeInfo.net","description":"La justice doit \u00eatre vue pour \u00eatre rendue","publisher":{"@id":"https:\/\/www.justiceinfo.net\/fr#organization"},"potentialAction":[{"@type":"SearchAction","target":{"@type":"EntryPoint","urlTemplate":"https:\/\/www.justiceinfo.net\/fr?s={search_term_string}"},"query-input":{"@type":"PropertyValueSpecification","valueRequired":true,"valueName":"search_term_string"}}],"inLanguage":"fr-FR"},{"@type":"Organization","@id":"https:\/\/www.justiceinfo.net\/fr#organization","name":"Justice Info","url":"https:\/\/www.justiceinfo.net\/fr","logo":{"@type":"ImageObject","inLanguage":"fr-FR","@id":"https:\/\/www.justiceinfo.net\/fr#\/schema\/logo\/image\/","url":"https:\/\/www.justiceinfo.net\/wp-content\/uploads\/justiceinfo_logo-trans_1200x1200px.png","contentUrl":"https:\/\/www.justiceinfo.net\/wp-content\/uploads\/justiceinfo_logo-trans_1200x1200px.png","width":1199,"height":1200,"caption":"Justice Info"},"image":{"@id":"https:\/\/www.justiceinfo.net\/fr#\/schema\/logo\/image\/"},"sameAs":["https:\/\/www.facebook.com\/JusticeInfo\/","https:\/\/x.com\/justiceinfonet","https:\/\/www.linkedin.com\/company\/justice-info","https:\/\/www.youtube.com\/channel\/UCyCEsARodyuWtkWyhn-e7pA"]},{"@type":"Person","name":"solivri","url":"\/fr\/?s=solivri"}]}},"_links":{"self":[{"href":"https:\/\/www.justiceinfo.net\/fr\/wp-json\/wp\/v2\/posts\/6104","targetHints":{"allow":["GET"]}}],"collection":[{"href":"https:\/\/www.justiceinfo.net\/fr\/wp-json\/wp\/v2\/posts"}],"about":[{"href":"https:\/\/www.justiceinfo.net\/fr\/wp-json\/wp\/v2\/types\/post"}],"author":[{"embeddable":true,"href":"https:\/\/www.justiceinfo.net\/fr\/wp-json\/wp\/v2\/users\/64"}],"replies":[{"embeddable":true,"href":"https:\/\/www.justiceinfo.net\/fr\/wp-json\/wp\/v2\/comments?post=6104"}],"version-history":[{"count":0,"href":"https:\/\/www.justiceinfo.net\/fr\/wp-json\/wp\/v2\/posts\/6104\/revisions"}],"wp:attachment":[{"href":"https:\/\/www.justiceinfo.net\/fr\/wp-json\/wp\/v2\/media?parent=6104"}],"wp:term":[{"taxonomy":"category","embeddable":true,"href":"https:\/\/www.justiceinfo.net\/fr\/wp-json\/wp\/v2\/categories?post=6104"},{"taxonomy":"post_tag","embeddable":true,"href":"https:\/\/www.justiceinfo.net\/fr\/wp-json\/wp\/v2\/tags?post=6104"},{"taxonomy":"ji_location","embeddable":true,"href":"https:\/\/www.justiceinfo.net\/fr\/wp-json\/wp\/v2\/ji_location?post=6104"}],"curies":[{"name":"wp","href":"https:\/\/api.w.org\/{rel}","templated":true}]}}