{"id":6109,"date":"2002-02-07T00:00:00","date_gmt":"2002-02-06T23:00:00","guid":{"rendered":"https:\/\/www.justiceinfo.net\/6109-07022002-tpirsemanza-le-tribunal-refuse-a-un-temoin-de-la-defense-le-statut-dexpert2899.html"},"modified":"2002-02-07T00:00:00","modified_gmt":"2002-02-06T23:00:00","slug":"07022002-tpirsemanza-le-tribunal-refuse-a-un-temoin-de-la-defense-le-statut-dexpert2899","status":"publish","type":"post","link":"https:\/\/www.justiceinfo.net\/fr\/6109-07022002-tpirsemanza-le-tribunal-refuse-a-un-temoin-de-la-defense-le-statut-dexpert2899.html","title":{"rendered":"07.02.2002 - TPIR\/SEMANZA - LE TRIBUNAL REFUSE A UN TEMOIN DE LA DEFENSE LE STATUT D'EXPERT"},"content":{"rendered":"<p  >\nArusha 7 f\u00e9vrier 2002 (FH) - Le Tribunal p\u00e9nal international pour le Rwanda (TPIR) a refus\u00e9 jeudi qu'un t\u00e9moin de la d\u00e9fense puisse d\u00e9poser comme expert, mais l'a autoris\u00e9 \u00e0 d\u00e9poser comme t\u00e9moin des faits, dans le proc\u00e8s de l'ancien maire de Bicumbi (province Kigali rurale, centre-est du Rwanda), Laurent Semanza.  Antoine Nyetera, pr\u00e9sent\u00e9 comme un Tutsi membre de la famille royale, devait commencer sa d\u00e9position jeudi matin, mais les juges ont mis en doute son niveau D'\u00e9ducation.\n<\/p>\n<p><!--more--><\/p>\n<p  >\n\"Le t\u00e9moin ne peut pas d\u00e9poser comme expert car il n'a pas la formation requise dans le domaine pertinent sur lequel la chambre est saisie\", a annonc\u00e9 le juge russe Yakov Ostrovsky, qui pr\u00e9side les d\u00e9bats dans cette affaire, apr\u00e8s une heure de d\u00e9lib\u00e9ration en compagnie de ses pairs de la troisi\u00e8me chambre de premi\u00e8re instance. \"Il peut n\u00e9anmoins d\u00e9poser comme t\u00e9moin des faits pour des questions pr\u00e9cises\", a-t-elle ajout\u00e9.\n<\/p>\n<p  >\nDans une br\u00e8ve pr\u00e9sentation de son curriculum vitae, Antoine Nyetera s'est employ\u00e9 \u00e0 d\u00e9montrer que les recherches qu'il a faites, touchant le domaine de la culture, ainsi que les conf\u00e9rences auxquelles il a particip\u00e9, lui conf\u00e8rent la qualit\u00e9 D'expert. Le t\u00e9moin a affirm\u00e9 avoir consacr\u00e9 \"plus de quarante ans \u00e0 la recherche dans tous les aspects de la culture rwandaise\", mais n'avait pas avec lui de copies de ses recherches. Son rapport, r\u00e9dig\u00e9 \u00e0 la demande de la d\u00e9fense<br \/>\nde Semanza, s'intitule: \"Analyse historico-socio-politique du Rwanda, de l'\u00e8re pr\u00e9-coloniale \u00e0 nos jours\".\n<\/p>\n<p  >\nS'agissant de la pertinence de son expertise par rapport \u00e0 l'acte D'accusation de Semanza, le t\u00e9moin a r\u00e9pondu que le cas Semanza pourrait \u00eatre compar\u00e9 \u00e0 \"une rechute D'une maladie non soign\u00e9e\", sans donner plus de d\u00e9tails. Antoine Nyetera a ajout\u00e9 que cet acte D'accusation \"rentre dans le cadre de la situation socio-politico-culturelle de tout le peuple du Rwanda\". Il a affirm\u00e9 \u00eatre expert \"dans tous les aspects de la vie \".\n<\/p>\n<p  >\nExpert en beaux-arts\n<\/p>\n<p  >\n\"Au vu de son curriculum vitae, je ne constate aucun domaine D'expertise pr\u00e9cis au-del\u00e0 des beaux-arts\", a pour sa part relev\u00e9 le substitut canado-nigerian du procureur, Chile Eboe-Osuji. Le t\u00e9moin a suivi des \u00e9tudes de Beaux-Arts \u00e0 Bruges (Belgique) et \u00e0 Paris.\n<\/p>\n<p  >\nAntoine Nyetera a affirm\u00e9 que Semanza n'a jamais pratiqu\u00e9 de discrimination ethnique. Il a par ailleurs minimis\u00e9 l'influence politique que lui attribue le procureur.\n<\/p>\n<p  >\nAntoine Nyetera est l'avant dernier t\u00e9moin de la d\u00e9fense dans ce proc\u00e8s. Apr\u00e8s lui, viendra le tour de l'accus\u00e9 lui-m\u00eame.\n<\/p>\n<p  >\nMercredi matin, la chambre a par ailleurs rejet\u00e9 une requ\u00eate de la d\u00e9fense en r\u00e9vision D'une d\u00e9cision ant\u00e9rieure concernant la d\u00e9position de l'expert fran\u00e7ais en m\u00e9decine l\u00e9gale, Dominique Lecomte. La chambre a maintenu que l'expert fran\u00e7ais ne serait pas cit\u00e9, parce que son rapport n'a pas \u00e9t\u00e9 d\u00e9pos\u00e9 dans les d\u00e9lais requis. Les avocats ont indiqu\u00e9 qu'ils feront appel. Laurent Semanza est d\u00e9fendu par l'avocat am\u00e9ricano-camerounais, Me Charles Taku, et un confr\u00e8re b\u00e9ninois Me Sadikou Alao.\n<\/p>\n<p  >\nGA\/AT\/GF\/FH (SE-0207A)<\/p>\n","protected":false},"excerpt":{"rendered":"<p>Arusha 7 f\u00e9vrier 2002 (FH) - Le Tribunal p\u00e9nal international pour le Rwanda (TPIR) a refus\u00e9 jeudi qu'un t\u00e9moin de la d\u00e9fense puisse d\u00e9poser comme expert, mais l'a autoris\u00e9 \u00e0 d\u00e9poser comme t\u00e9moin des faits, dans le proc\u00e8s de l'ancien maire de Bicumbi (province Kigali rurale, centre-est du Rwanda), Laurent Semanza. Antoine Nyetera, pr\u00e9sent\u00e9 comme [&hellip;]<\/p>\n","protected":false},"author":64,"featured_media":0,"comment_status":"open","ping_status":"closed","sticky":false,"template":"","format":"standard","meta":{"_acf_changed":false,"footnotes":""},"categories":[554],"tags":[],"ji_location":[],"class_list":["post-6109","post","type-post","status-publish","format-standard","hentry","category-hirondellenews"],"acf":[],"yoast_head":"<!-- This site is optimized with the Yoast SEO Premium plugin v25.3.1 (Yoast SEO v25.3.1) - https:\/\/yoast.com\/wordpress\/plugins\/seo\/ -->\n<title>07.02.2002 - TPIR\/SEMANZA - LE TRIBUNAL REFUSE A UN TEMOIN DE LA DEFENSE LE STATUT D&#039;EXPERT - JusticeInfo.net<\/title>\n<meta name=\"robots\" content=\"index, follow, max-snippet:-1, max-image-preview:large, max-video-preview:-1\" \/>\n<link rel=\"canonical\" href=\"https:\/\/www.justiceinfo.net\/fr\/6109-07022002-tpirsemanza-le-tribunal-refuse-a-un-temoin-de-la-defense-le-statut-dexpert2899.html\" \/>\n<meta property=\"og:locale\" content=\"fr_FR\" \/>\n<meta property=\"og:type\" content=\"article\" \/>\n<meta property=\"og:title\" content=\"07.02.2002 - TPIR\/SEMANZA - LE TRIBUNAL REFUSE A UN TEMOIN DE LA DEFENSE LE STATUT D&#039;EXPERT\" \/>\n<meta property=\"og:description\" content=\"Arusha 7 f\u00e9vrier 2002 (FH) - Le Tribunal p\u00e9nal international pour le Rwanda (TPIR) a refus\u00e9 jeudi qu&#039;un t\u00e9moin de la d\u00e9fense puisse d\u00e9poser comme expert, mais l&#039;a autoris\u00e9 \u00e0 d\u00e9poser comme t\u00e9moin des faits, dans le proc\u00e8s de l&#039;ancien maire de Bicumbi (province Kigali rurale, centre-est du Rwanda), Laurent Semanza. Antoine Nyetera, pr\u00e9sent\u00e9 comme [&hellip;]\" \/>\n<meta property=\"og:url\" content=\"https:\/\/www.justiceinfo.net\/fr\/6109-07022002-tpirsemanza-le-tribunal-refuse-a-un-temoin-de-la-defense-le-statut-dexpert2899.html\" \/>\n<meta property=\"og:site_name\" content=\"JusticeInfo.net\" \/>\n<meta property=\"article:publisher\" content=\"https:\/\/www.facebook.com\/JusticeInfo\/\" \/>\n<meta property=\"article:published_time\" content=\"2002-02-06T23:00:00+00:00\" \/>\n<meta property=\"og:image\" content=\"https:\/\/www.justiceinfo.net\/wp-content\/uploads\/JusticeInfoNet_logo_1200x630px.jpg\" \/>\n\t<meta property=\"og:image:width\" content=\"1200\" \/>\n\t<meta property=\"og:image:height\" content=\"630\" \/>\n\t<meta property=\"og:image:type\" content=\"image\/jpeg\" \/>\n<meta name=\"author\" content=\"solivri\" \/>\n<meta name=\"twitter:card\" content=\"summary_large_image\" \/>\n<meta name=\"twitter:creator\" content=\"@justiceinfonet\" \/>\n<meta name=\"twitter:site\" content=\"@justiceinfonet\" \/>\n<meta name=\"twitter:label1\" content=\"\u00c9crit par\" \/>\n\t<meta name=\"twitter:data1\" content=\"solivri\" \/>\n\t<meta name=\"twitter:label2\" content=\"Dur\u00e9e de lecture estim\u00e9e\" \/>\n\t<meta name=\"twitter:data2\" content=\"3 minutes\" \/>\n<script type=\"application\/ld+json\" class=\"yoast-schema-graph\">{\"@context\":\"https:\/\/schema.org\",\"@graph\":[{\"@type\":\"NewsArticle\",\"@id\":\"https:\/\/www.justiceinfo.net\/fr\/6109-07022002-tpirsemanza-le-tribunal-refuse-a-un-temoin-de-la-defense-le-statut-dexpert2899.html#article\",\"isPartOf\":{\"@id\":\"https:\/\/www.justiceinfo.net\/fr\/6109-07022002-tpirsemanza-le-tribunal-refuse-a-un-temoin-de-la-defense-le-statut-dexpert2899.html\"},\"author\":{\"name\":\"solivri\",\"@id\":\"https:\/\/www.justiceinfo.net\/fr#\/schema\/person\/6e53cba1629e2e66f3fc1821d3091865\"},\"headline\":\"07.02.2002 - TPIR\/SEMANZA - LE TRIBUNAL REFUSE A UN TEMOIN DE LA DEFENSE LE STATUT D'EXPERT\",\"datePublished\":\"2002-02-06T23:00:00+00:00\",\"mainEntityOfPage\":{\"@id\":\"https:\/\/www.justiceinfo.net\/fr\/6109-07022002-tpirsemanza-le-tribunal-refuse-a-un-temoin-de-la-defense-le-statut-dexpert2899.html\"},\"wordCount\":574,\"commentCount\":0,\"publisher\":{\"@id\":\"https:\/\/www.justiceinfo.net\/fr#organization\"},\"articleSection\":[\"Hirondelle News\"],\"inLanguage\":\"fr-FR\",\"potentialAction\":[{\"@type\":\"CommentAction\",\"name\":\"Comment\",\"target\":[\"https:\/\/www.justiceinfo.net\/fr\/6109-07022002-tpirsemanza-le-tribunal-refuse-a-un-temoin-de-la-defense-le-statut-dexpert2899.html#respond\"]}]},{\"@type\":\"WebPage\",\"@id\":\"https:\/\/www.justiceinfo.net\/fr\/6109-07022002-tpirsemanza-le-tribunal-refuse-a-un-temoin-de-la-defense-le-statut-dexpert2899.html\",\"url\":\"https:\/\/www.justiceinfo.net\/fr\/6109-07022002-tpirsemanza-le-tribunal-refuse-a-un-temoin-de-la-defense-le-statut-dexpert2899.html\",\"name\":\"07.02.2002 - TPIR\/SEMANZA - LE TRIBUNAL REFUSE A UN TEMOIN DE LA DEFENSE LE STATUT D'EXPERT - JusticeInfo.net\",\"isPartOf\":{\"@id\":\"https:\/\/www.justiceinfo.net\/fr#website\"},\"datePublished\":\"2002-02-06T23:00:00+00:00\",\"breadcrumb\":{\"@id\":\"https:\/\/www.justiceinfo.net\/fr\/6109-07022002-tpirsemanza-le-tribunal-refuse-a-un-temoin-de-la-defense-le-statut-dexpert2899.html#breadcrumb\"},\"inLanguage\":\"fr-FR\",\"potentialAction\":[{\"@type\":\"ReadAction\",\"target\":[\"https:\/\/www.justiceinfo.net\/fr\/6109-07022002-tpirsemanza-le-tribunal-refuse-a-un-temoin-de-la-defense-le-statut-dexpert2899.html\"]}]},{\"@type\":\"BreadcrumbList\",\"@id\":\"https:\/\/www.justiceinfo.net\/fr\/6109-07022002-tpirsemanza-le-tribunal-refuse-a-un-temoin-de-la-defense-le-statut-dexpert2899.html#breadcrumb\",\"itemListElement\":[{\"@type\":\"ListItem\",\"position\":1,\"name\":\"Home\",\"item\":\"https:\/\/www.justiceinfo.net\/fr\"},{\"@type\":\"ListItem\",\"position\":2,\"name\":\"07.02.2002 - TPIR\/SEMANZA - LE TRIBUNAL REFUSE A UN TEMOIN DE LA DEFENSE LE STATUT D'EXPERT\"}]},{\"@type\":\"WebSite\",\"@id\":\"https:\/\/www.justiceinfo.net\/fr#website\",\"url\":\"https:\/\/www.justiceinfo.net\/fr\",\"name\":\"JusticeInfo.net\",\"description\":\"La justice doit \u00eatre vue pour \u00eatre rendue\",\"publisher\":{\"@id\":\"https:\/\/www.justiceinfo.net\/fr#organization\"},\"potentialAction\":[{\"@type\":\"SearchAction\",\"target\":{\"@type\":\"EntryPoint\",\"urlTemplate\":\"https:\/\/www.justiceinfo.net\/fr?s={search_term_string}\"},\"query-input\":{\"@type\":\"PropertyValueSpecification\",\"valueRequired\":true,\"valueName\":\"search_term_string\"}}],\"inLanguage\":\"fr-FR\"},{\"@type\":\"Organization\",\"@id\":\"https:\/\/www.justiceinfo.net\/fr#organization\",\"name\":\"Justice Info\",\"url\":\"https:\/\/www.justiceinfo.net\/fr\",\"logo\":{\"@type\":\"ImageObject\",\"inLanguage\":\"fr-FR\",\"@id\":\"https:\/\/www.justiceinfo.net\/fr#\/schema\/logo\/image\/\",\"url\":\"https:\/\/www.justiceinfo.net\/wp-content\/uploads\/justiceinfo_logo-trans_1200x1200px.png\",\"contentUrl\":\"https:\/\/www.justiceinfo.net\/wp-content\/uploads\/justiceinfo_logo-trans_1200x1200px.png\",\"width\":1199,\"height\":1200,\"caption\":\"Justice Info\"},\"image\":{\"@id\":\"https:\/\/www.justiceinfo.net\/fr#\/schema\/logo\/image\/\"},\"sameAs\":[\"https:\/\/www.facebook.com\/JusticeInfo\/\",\"https:\/\/x.com\/justiceinfonet\",\"https:\/\/www.linkedin.com\/company\/justice-info\",\"https:\/\/www.youtube.com\/channel\/UCyCEsARodyuWtkWyhn-e7pA\"]},{\"@type\":\"Person\",\"name\":\"solivri\",\"url\":\"\/fr\/?s=solivri\"}]}<\/script>\n<!-- \/ Yoast SEO Premium plugin. -->","yoast_head_json":{"title":"07.02.2002 - TPIR\/SEMANZA - LE TRIBUNAL REFUSE A UN TEMOIN DE LA DEFENSE LE STATUT D'EXPERT - JusticeInfo.net","robots":{"index":"index","follow":"follow","max-snippet":"max-snippet:-1","max-image-preview":"max-image-preview:large","max-video-preview":"max-video-preview:-1"},"canonical":"https:\/\/www.justiceinfo.net\/fr\/6109-07022002-tpirsemanza-le-tribunal-refuse-a-un-temoin-de-la-defense-le-statut-dexpert2899.html","og_locale":"fr_FR","og_type":"article","og_title":"07.02.2002 - TPIR\/SEMANZA - LE TRIBUNAL REFUSE A UN TEMOIN DE LA DEFENSE LE STATUT D'EXPERT","og_description":"Arusha 7 f\u00e9vrier 2002 (FH) - Le Tribunal p\u00e9nal international pour le Rwanda (TPIR) a refus\u00e9 jeudi qu'un t\u00e9moin de la d\u00e9fense puisse d\u00e9poser comme expert, mais l'a autoris\u00e9 \u00e0 d\u00e9poser comme t\u00e9moin des faits, dans le proc\u00e8s de l'ancien maire de Bicumbi (province Kigali rurale, centre-est du Rwanda), Laurent Semanza. Antoine Nyetera, pr\u00e9sent\u00e9 comme [&hellip;]","og_url":"https:\/\/www.justiceinfo.net\/fr\/6109-07022002-tpirsemanza-le-tribunal-refuse-a-un-temoin-de-la-defense-le-statut-dexpert2899.html","og_site_name":"JusticeInfo.net","article_publisher":"https:\/\/www.facebook.com\/JusticeInfo\/","article_published_time":"2002-02-06T23:00:00+00:00","og_image":[{"width":1200,"height":630,"url":"https:\/\/www.justiceinfo.net\/wp-content\/uploads\/JusticeInfoNet_logo_1200x630px.jpg","type":"image\/jpeg"}],"author":"solivri","twitter_card":"summary_large_image","twitter_creator":"@justiceinfonet","twitter_site":"@justiceinfonet","twitter_misc":{"\u00c9crit par":"solivri","Dur\u00e9e de lecture estim\u00e9e":"3 minutes"},"schema":{"@context":"https:\/\/schema.org","@graph":[{"@type":"NewsArticle","@id":"https:\/\/www.justiceinfo.net\/fr\/6109-07022002-tpirsemanza-le-tribunal-refuse-a-un-temoin-de-la-defense-le-statut-dexpert2899.html#article","isPartOf":{"@id":"https:\/\/www.justiceinfo.net\/fr\/6109-07022002-tpirsemanza-le-tribunal-refuse-a-un-temoin-de-la-defense-le-statut-dexpert2899.html"},"author":{"name":"solivri","@id":"https:\/\/www.justiceinfo.net\/fr#\/schema\/person\/6e53cba1629e2e66f3fc1821d3091865"},"headline":"07.02.2002 - TPIR\/SEMANZA - LE TRIBUNAL REFUSE A UN TEMOIN DE LA DEFENSE LE STATUT D'EXPERT","datePublished":"2002-02-06T23:00:00+00:00","mainEntityOfPage":{"@id":"https:\/\/www.justiceinfo.net\/fr\/6109-07022002-tpirsemanza-le-tribunal-refuse-a-un-temoin-de-la-defense-le-statut-dexpert2899.html"},"wordCount":574,"commentCount":0,"publisher":{"@id":"https:\/\/www.justiceinfo.net\/fr#organization"},"articleSection":["Hirondelle News"],"inLanguage":"fr-FR","potentialAction":[{"@type":"CommentAction","name":"Comment","target":["https:\/\/www.justiceinfo.net\/fr\/6109-07022002-tpirsemanza-le-tribunal-refuse-a-un-temoin-de-la-defense-le-statut-dexpert2899.html#respond"]}]},{"@type":"WebPage","@id":"https:\/\/www.justiceinfo.net\/fr\/6109-07022002-tpirsemanza-le-tribunal-refuse-a-un-temoin-de-la-defense-le-statut-dexpert2899.html","url":"https:\/\/www.justiceinfo.net\/fr\/6109-07022002-tpirsemanza-le-tribunal-refuse-a-un-temoin-de-la-defense-le-statut-dexpert2899.html","name":"07.02.2002 - TPIR\/SEMANZA - LE TRIBUNAL REFUSE A UN TEMOIN DE LA DEFENSE LE STATUT D'EXPERT - JusticeInfo.net","isPartOf":{"@id":"https:\/\/www.justiceinfo.net\/fr#website"},"datePublished":"2002-02-06T23:00:00+00:00","breadcrumb":{"@id":"https:\/\/www.justiceinfo.net\/fr\/6109-07022002-tpirsemanza-le-tribunal-refuse-a-un-temoin-de-la-defense-le-statut-dexpert2899.html#breadcrumb"},"inLanguage":"fr-FR","potentialAction":[{"@type":"ReadAction","target":["https:\/\/www.justiceinfo.net\/fr\/6109-07022002-tpirsemanza-le-tribunal-refuse-a-un-temoin-de-la-defense-le-statut-dexpert2899.html"]}]},{"@type":"BreadcrumbList","@id":"https:\/\/www.justiceinfo.net\/fr\/6109-07022002-tpirsemanza-le-tribunal-refuse-a-un-temoin-de-la-defense-le-statut-dexpert2899.html#breadcrumb","itemListElement":[{"@type":"ListItem","position":1,"name":"Home","item":"https:\/\/www.justiceinfo.net\/fr"},{"@type":"ListItem","position":2,"name":"07.02.2002 - TPIR\/SEMANZA - LE TRIBUNAL REFUSE A UN TEMOIN DE LA DEFENSE LE STATUT D'EXPERT"}]},{"@type":"WebSite","@id":"https:\/\/www.justiceinfo.net\/fr#website","url":"https:\/\/www.justiceinfo.net\/fr","name":"JusticeInfo.net","description":"La justice doit \u00eatre vue pour \u00eatre rendue","publisher":{"@id":"https:\/\/www.justiceinfo.net\/fr#organization"},"potentialAction":[{"@type":"SearchAction","target":{"@type":"EntryPoint","urlTemplate":"https:\/\/www.justiceinfo.net\/fr?s={search_term_string}"},"query-input":{"@type":"PropertyValueSpecification","valueRequired":true,"valueName":"search_term_string"}}],"inLanguage":"fr-FR"},{"@type":"Organization","@id":"https:\/\/www.justiceinfo.net\/fr#organization","name":"Justice Info","url":"https:\/\/www.justiceinfo.net\/fr","logo":{"@type":"ImageObject","inLanguage":"fr-FR","@id":"https:\/\/www.justiceinfo.net\/fr#\/schema\/logo\/image\/","url":"https:\/\/www.justiceinfo.net\/wp-content\/uploads\/justiceinfo_logo-trans_1200x1200px.png","contentUrl":"https:\/\/www.justiceinfo.net\/wp-content\/uploads\/justiceinfo_logo-trans_1200x1200px.png","width":1199,"height":1200,"caption":"Justice Info"},"image":{"@id":"https:\/\/www.justiceinfo.net\/fr#\/schema\/logo\/image\/"},"sameAs":["https:\/\/www.facebook.com\/JusticeInfo\/","https:\/\/x.com\/justiceinfonet","https:\/\/www.linkedin.com\/company\/justice-info","https:\/\/www.youtube.com\/channel\/UCyCEsARodyuWtkWyhn-e7pA"]},{"@type":"Person","name":"solivri","url":"\/fr\/?s=solivri"}]}},"_links":{"self":[{"href":"https:\/\/www.justiceinfo.net\/fr\/wp-json\/wp\/v2\/posts\/6109","targetHints":{"allow":["GET"]}}],"collection":[{"href":"https:\/\/www.justiceinfo.net\/fr\/wp-json\/wp\/v2\/posts"}],"about":[{"href":"https:\/\/www.justiceinfo.net\/fr\/wp-json\/wp\/v2\/types\/post"}],"author":[{"embeddable":true,"href":"https:\/\/www.justiceinfo.net\/fr\/wp-json\/wp\/v2\/users\/64"}],"replies":[{"embeddable":true,"href":"https:\/\/www.justiceinfo.net\/fr\/wp-json\/wp\/v2\/comments?post=6109"}],"version-history":[{"count":0,"href":"https:\/\/www.justiceinfo.net\/fr\/wp-json\/wp\/v2\/posts\/6109\/revisions"}],"wp:attachment":[{"href":"https:\/\/www.justiceinfo.net\/fr\/wp-json\/wp\/v2\/media?parent=6109"}],"wp:term":[{"taxonomy":"category","embeddable":true,"href":"https:\/\/www.justiceinfo.net\/fr\/wp-json\/wp\/v2\/categories?post=6109"},{"taxonomy":"post_tag","embeddable":true,"href":"https:\/\/www.justiceinfo.net\/fr\/wp-json\/wp\/v2\/tags?post=6109"},{"taxonomy":"ji_location","embeddable":true,"href":"https:\/\/www.justiceinfo.net\/fr\/wp-json\/wp\/v2\/ji_location?post=6109"}],"curies":[{"name":"wp","href":"https:\/\/api.w.org\/{rel}","templated":true}]}}