{"id":6175,"date":"2001-12-04T00:00:00","date_gmt":"2001-12-03T23:00:00","guid":{"rendered":"https:\/\/www.justiceinfo.net\/6175-04122001-tpirmilitaires-le-proces-des-militaires-devrait-commencer-debut-avril-20022965.html"},"modified":"2001-12-04T00:00:00","modified_gmt":"2001-12-03T23:00:00","slug":"04122001-tpirmilitaires-le-proces-des-militaires-devrait-commencer-debut-avril-20022965","status":"publish","type":"post","link":"https:\/\/www.justiceinfo.net\/fr\/6175-04122001-tpirmilitaires-le-proces-des-militaires-devrait-commencer-debut-avril-20022965.html","title":{"rendered":"04.12.2001 - TPIR\/MILITAIRES - LE PROCES DES MILITAIRES DEVRAIT COMMENCER DEBUT AVRIL 2002"},"content":{"rendered":"<p  >\nArusha, le 4 d\u00e9cembre 2001 (FH)- Le proc\u00e8s de quatre officiers de l'ex-arm\u00e9e rwandaise poursuivis pour g\u00e9nocide s'ouvrira sur le fond le 2 avril 2002 devant le Tribunal p\u00e9nal international pour le Rwanda (TPIR).  Il s'agit de l'ancien directeur de cabinet au minist\u00e8re de la d\u00e9fense, le colonel Th\u00e9oneste Bagosora, et de trois autres officiers: le lieutenant-colonel Anatole Nsengiyumva, le major Aloys Ntabakuze, ainsi que le g\u00e9n\u00e9ral de brigade Gratien Kabiligi.\n<\/p>\n<p><!--more--><\/p>\n<p  >\nLe parquet all\u00e8gue que quand le g\u00e9nocide a \u00e9clat\u00e9 au Rwanda le 6 avril 1994, le colonel Bagosora est devenu \"de facto\" le patron des affaires politiques et militaires du Rwanda.\n<\/p>\n<p  >\nBagosora est d\u00e9fendu par un avocat fran\u00e7ais Me Rapha\u00ebl Constant, Nsengiyumva par deux avocats kenyans, Me Kennedy Ogetto et Otachi Bw'Omanwa, Ntabakuze par l'Italien Me Clemente Monteroso, et Kabiligi par le Franco-togolais, Me Jean Degli.\n<\/p>\n<p  >\nl'affaire est devant la troisi\u00e8me chambre de premi\u00e8re instance du TPIR pr\u00e9sid\u00e9e par le juge Lloyd George Williams de St Kitts et Nevis et comprenant en outre les juges russe Yakov Ostrovsky et slov\u00e8ne Pavel Dolenc.\n<\/p>\n<p  >\nRequ\u00eates avant-proc\u00e8s\n<\/p>\n<p  >\nLundi et mardi, la chambre a entendu des requ\u00eates pr\u00e9alables \u00e0 l'ouverture du proc\u00e8s. La d\u00e9fense a notamment plaid\u00e9 une requ\u00eate aux fins de la communication des d\u00e9clarations de deux t\u00e9moins \u00e0 charge, \"ZB\" et \"ZC\". Seulement une partie des d\u00e9bats \u00e9tait publique.\n<\/p>\n<p  >\nMe Degli, plaidant au nom de toutes les \u00e9quipes de la d\u00e9fense, a soutenu que \"ces d\u00e9clarations constituent la base fondamentale de l'accusation port\u00e9e contre nos clients\".\n<\/p>\n<p  >\nLe substitut canado-nig\u00e9rian du procureur, Chile Eboe Osuji a qualifi\u00e9 cette requ\u00eate de \"pr\u00e9matur\u00e9e\", arguant que le parquet \u00e9tait dans les limites du d\u00e9lai fix\u00e9 par le r\u00e9glement. Ce dernier stipule que le procureur communique \u00e0 la d\u00e9fense \"au plus tard soixante jours avant la date fix\u00e9e pour le d\u00e9but du proc\u00e8s, copies des d\u00e9positions de tous les t\u00e9moins qu'il entend appeler \u00e0 la barre\".\n<\/p>\n<p  >\nl'affaire a \u00e9t\u00e9 mise en d\u00e9lib\u00e9r\u00e9.<br \/>\nGA\/AT\/DO\/FH (ML_1204A)<\/p>\n","protected":false},"excerpt":{"rendered":"<p>Arusha, le 4 d\u00e9cembre 2001 (FH)- Le proc\u00e8s de quatre officiers de l'ex-arm\u00e9e rwandaise poursuivis pour g\u00e9nocide s'ouvrira sur le fond le 2 avril 2002 devant le Tribunal p\u00e9nal international pour le Rwanda (TPIR). Il s'agit de l'ancien directeur de cabinet au minist\u00e8re de la d\u00e9fense, le colonel Th\u00e9oneste Bagosora, et de trois autres officiers: [&hellip;]<\/p>\n","protected":false},"author":64,"featured_media":0,"comment_status":"open","ping_status":"closed","sticky":false,"template":"","format":"standard","meta":{"_acf_changed":false,"footnotes":""},"categories":[554],"tags":[],"ji_location":[],"class_list":["post-6175","post","type-post","status-publish","format-standard","hentry","category-hirondellenews"],"acf":[],"yoast_head":"<!-- This site is optimized with the Yoast SEO Premium plugin v25.3.1 (Yoast SEO v25.3.1) - https:\/\/yoast.com\/wordpress\/plugins\/seo\/ -->\n<title>04.12.2001 - TPIR\/MILITAIRES - LE PROCES DES MILITAIRES DEVRAIT COMMENCER DEBUT AVRIL 2002 - JusticeInfo.net<\/title>\n<meta name=\"robots\" content=\"index, follow, max-snippet:-1, max-image-preview:large, max-video-preview:-1\" \/>\n<link rel=\"canonical\" href=\"https:\/\/www.justiceinfo.net\/fr\/6175-04122001-tpirmilitaires-le-proces-des-militaires-devrait-commencer-debut-avril-20022965.html\" \/>\n<meta property=\"og:locale\" content=\"fr_FR\" \/>\n<meta property=\"og:type\" content=\"article\" \/>\n<meta property=\"og:title\" content=\"04.12.2001 - TPIR\/MILITAIRES - LE PROCES DES MILITAIRES DEVRAIT COMMENCER DEBUT AVRIL 2002\" \/>\n<meta property=\"og:description\" content=\"Arusha, le 4 d\u00e9cembre 2001 (FH)- Le proc\u00e8s de quatre officiers de l&#039;ex-arm\u00e9e rwandaise poursuivis pour g\u00e9nocide s&#039;ouvrira sur le fond le 2 avril 2002 devant le Tribunal p\u00e9nal international pour le Rwanda (TPIR). Il s&#039;agit de l&#039;ancien directeur de cabinet au minist\u00e8re de la d\u00e9fense, le colonel Th\u00e9oneste Bagosora, et de trois autres officiers: [&hellip;]\" \/>\n<meta property=\"og:url\" content=\"https:\/\/www.justiceinfo.net\/fr\/6175-04122001-tpirmilitaires-le-proces-des-militaires-devrait-commencer-debut-avril-20022965.html\" \/>\n<meta property=\"og:site_name\" content=\"JusticeInfo.net\" \/>\n<meta property=\"article:publisher\" content=\"https:\/\/www.facebook.com\/JusticeInfo\/\" \/>\n<meta property=\"article:published_time\" content=\"2001-12-03T23:00:00+00:00\" \/>\n<meta property=\"og:image\" content=\"https:\/\/www.justiceinfo.net\/wp-content\/uploads\/JusticeInfoNet_logo_1200x630px.jpg\" \/>\n\t<meta property=\"og:image:width\" content=\"1200\" \/>\n\t<meta property=\"og:image:height\" content=\"630\" \/>\n\t<meta property=\"og:image:type\" content=\"image\/jpeg\" \/>\n<meta name=\"author\" content=\"solivri\" \/>\n<meta name=\"twitter:card\" content=\"summary_large_image\" \/>\n<meta name=\"twitter:creator\" content=\"@justiceinfonet\" \/>\n<meta name=\"twitter:site\" content=\"@justiceinfonet\" \/>\n<meta name=\"twitter:label1\" content=\"\u00c9crit par\" \/>\n\t<meta name=\"twitter:data1\" content=\"solivri\" \/>\n\t<meta name=\"twitter:label2\" content=\"Dur\u00e9e de lecture estim\u00e9e\" \/>\n\t<meta name=\"twitter:data2\" content=\"2 minutes\" \/>\n<script type=\"application\/ld+json\" class=\"yoast-schema-graph\">{\"@context\":\"https:\/\/schema.org\",\"@graph\":[{\"@type\":\"NewsArticle\",\"@id\":\"https:\/\/www.justiceinfo.net\/fr\/6175-04122001-tpirmilitaires-le-proces-des-militaires-devrait-commencer-debut-avril-20022965.html#article\",\"isPartOf\":{\"@id\":\"https:\/\/www.justiceinfo.net\/fr\/6175-04122001-tpirmilitaires-le-proces-des-militaires-devrait-commencer-debut-avril-20022965.html\"},\"author\":{\"name\":\"solivri\",\"@id\":\"https:\/\/www.justiceinfo.net\/fr#\/schema\/person\/6e53cba1629e2e66f3fc1821d3091865\"},\"headline\":\"04.12.2001 - TPIR\/MILITAIRES - LE PROCES DES MILITAIRES DEVRAIT COMMENCER DEBUT AVRIL 2002\",\"datePublished\":\"2001-12-03T23:00:00+00:00\",\"mainEntityOfPage\":{\"@id\":\"https:\/\/www.justiceinfo.net\/fr\/6175-04122001-tpirmilitaires-le-proces-des-militaires-devrait-commencer-debut-avril-20022965.html\"},\"wordCount\":383,\"commentCount\":0,\"publisher\":{\"@id\":\"https:\/\/www.justiceinfo.net\/fr#organization\"},\"articleSection\":[\"Hirondelle News\"],\"inLanguage\":\"fr-FR\",\"potentialAction\":[{\"@type\":\"CommentAction\",\"name\":\"Comment\",\"target\":[\"https:\/\/www.justiceinfo.net\/fr\/6175-04122001-tpirmilitaires-le-proces-des-militaires-devrait-commencer-debut-avril-20022965.html#respond\"]}]},{\"@type\":\"WebPage\",\"@id\":\"https:\/\/www.justiceinfo.net\/fr\/6175-04122001-tpirmilitaires-le-proces-des-militaires-devrait-commencer-debut-avril-20022965.html\",\"url\":\"https:\/\/www.justiceinfo.net\/fr\/6175-04122001-tpirmilitaires-le-proces-des-militaires-devrait-commencer-debut-avril-20022965.html\",\"name\":\"04.12.2001 - TPIR\/MILITAIRES - LE PROCES DES MILITAIRES DEVRAIT COMMENCER DEBUT AVRIL 2002 - JusticeInfo.net\",\"isPartOf\":{\"@id\":\"https:\/\/www.justiceinfo.net\/fr#website\"},\"datePublished\":\"2001-12-03T23:00:00+00:00\",\"breadcrumb\":{\"@id\":\"https:\/\/www.justiceinfo.net\/fr\/6175-04122001-tpirmilitaires-le-proces-des-militaires-devrait-commencer-debut-avril-20022965.html#breadcrumb\"},\"inLanguage\":\"fr-FR\",\"potentialAction\":[{\"@type\":\"ReadAction\",\"target\":[\"https:\/\/www.justiceinfo.net\/fr\/6175-04122001-tpirmilitaires-le-proces-des-militaires-devrait-commencer-debut-avril-20022965.html\"]}]},{\"@type\":\"BreadcrumbList\",\"@id\":\"https:\/\/www.justiceinfo.net\/fr\/6175-04122001-tpirmilitaires-le-proces-des-militaires-devrait-commencer-debut-avril-20022965.html#breadcrumb\",\"itemListElement\":[{\"@type\":\"ListItem\",\"position\":1,\"name\":\"Home\",\"item\":\"https:\/\/www.justiceinfo.net\/fr\"},{\"@type\":\"ListItem\",\"position\":2,\"name\":\"04.12.2001 - TPIR\/MILITAIRES - LE PROCES DES MILITAIRES DEVRAIT COMMENCER DEBUT AVRIL 2002\"}]},{\"@type\":\"WebSite\",\"@id\":\"https:\/\/www.justiceinfo.net\/fr#website\",\"url\":\"https:\/\/www.justiceinfo.net\/fr\",\"name\":\"JusticeInfo.net\",\"description\":\"La justice doit \u00eatre vue pour \u00eatre rendue\",\"publisher\":{\"@id\":\"https:\/\/www.justiceinfo.net\/fr#organization\"},\"potentialAction\":[{\"@type\":\"SearchAction\",\"target\":{\"@type\":\"EntryPoint\",\"urlTemplate\":\"https:\/\/www.justiceinfo.net\/fr?s={search_term_string}\"},\"query-input\":{\"@type\":\"PropertyValueSpecification\",\"valueRequired\":true,\"valueName\":\"search_term_string\"}}],\"inLanguage\":\"fr-FR\"},{\"@type\":\"Organization\",\"@id\":\"https:\/\/www.justiceinfo.net\/fr#organization\",\"name\":\"Justice Info\",\"url\":\"https:\/\/www.justiceinfo.net\/fr\",\"logo\":{\"@type\":\"ImageObject\",\"inLanguage\":\"fr-FR\",\"@id\":\"https:\/\/www.justiceinfo.net\/fr#\/schema\/logo\/image\/\",\"url\":\"https:\/\/www.justiceinfo.net\/wp-content\/uploads\/justiceinfo_logo-trans_1200x1200px.png\",\"contentUrl\":\"https:\/\/www.justiceinfo.net\/wp-content\/uploads\/justiceinfo_logo-trans_1200x1200px.png\",\"width\":1199,\"height\":1200,\"caption\":\"Justice Info\"},\"image\":{\"@id\":\"https:\/\/www.justiceinfo.net\/fr#\/schema\/logo\/image\/\"},\"sameAs\":[\"https:\/\/www.facebook.com\/JusticeInfo\/\",\"https:\/\/x.com\/justiceinfonet\",\"https:\/\/www.linkedin.com\/company\/justice-info\",\"https:\/\/www.youtube.com\/channel\/UCyCEsARodyuWtkWyhn-e7pA\"]},{\"@type\":\"Person\",\"name\":\"solivri\",\"url\":\"\/fr\/?s=solivri\"}]}<\/script>\n<!-- \/ Yoast SEO Premium plugin. -->","yoast_head_json":{"title":"04.12.2001 - TPIR\/MILITAIRES - LE PROCES DES MILITAIRES DEVRAIT COMMENCER DEBUT AVRIL 2002 - JusticeInfo.net","robots":{"index":"index","follow":"follow","max-snippet":"max-snippet:-1","max-image-preview":"max-image-preview:large","max-video-preview":"max-video-preview:-1"},"canonical":"https:\/\/www.justiceinfo.net\/fr\/6175-04122001-tpirmilitaires-le-proces-des-militaires-devrait-commencer-debut-avril-20022965.html","og_locale":"fr_FR","og_type":"article","og_title":"04.12.2001 - TPIR\/MILITAIRES - LE PROCES DES MILITAIRES DEVRAIT COMMENCER DEBUT AVRIL 2002","og_description":"Arusha, le 4 d\u00e9cembre 2001 (FH)- Le proc\u00e8s de quatre officiers de l'ex-arm\u00e9e rwandaise poursuivis pour g\u00e9nocide s'ouvrira sur le fond le 2 avril 2002 devant le Tribunal p\u00e9nal international pour le Rwanda (TPIR). Il s'agit de l'ancien directeur de cabinet au minist\u00e8re de la d\u00e9fense, le colonel Th\u00e9oneste Bagosora, et de trois autres officiers: [&hellip;]","og_url":"https:\/\/www.justiceinfo.net\/fr\/6175-04122001-tpirmilitaires-le-proces-des-militaires-devrait-commencer-debut-avril-20022965.html","og_site_name":"JusticeInfo.net","article_publisher":"https:\/\/www.facebook.com\/JusticeInfo\/","article_published_time":"2001-12-03T23:00:00+00:00","og_image":[{"width":1200,"height":630,"url":"https:\/\/www.justiceinfo.net\/wp-content\/uploads\/JusticeInfoNet_logo_1200x630px.jpg","type":"image\/jpeg"}],"author":"solivri","twitter_card":"summary_large_image","twitter_creator":"@justiceinfonet","twitter_site":"@justiceinfonet","twitter_misc":{"\u00c9crit par":"solivri","Dur\u00e9e de lecture estim\u00e9e":"2 minutes"},"schema":{"@context":"https:\/\/schema.org","@graph":[{"@type":"NewsArticle","@id":"https:\/\/www.justiceinfo.net\/fr\/6175-04122001-tpirmilitaires-le-proces-des-militaires-devrait-commencer-debut-avril-20022965.html#article","isPartOf":{"@id":"https:\/\/www.justiceinfo.net\/fr\/6175-04122001-tpirmilitaires-le-proces-des-militaires-devrait-commencer-debut-avril-20022965.html"},"author":{"name":"solivri","@id":"https:\/\/www.justiceinfo.net\/fr#\/schema\/person\/6e53cba1629e2e66f3fc1821d3091865"},"headline":"04.12.2001 - TPIR\/MILITAIRES - LE PROCES DES MILITAIRES DEVRAIT COMMENCER DEBUT AVRIL 2002","datePublished":"2001-12-03T23:00:00+00:00","mainEntityOfPage":{"@id":"https:\/\/www.justiceinfo.net\/fr\/6175-04122001-tpirmilitaires-le-proces-des-militaires-devrait-commencer-debut-avril-20022965.html"},"wordCount":383,"commentCount":0,"publisher":{"@id":"https:\/\/www.justiceinfo.net\/fr#organization"},"articleSection":["Hirondelle News"],"inLanguage":"fr-FR","potentialAction":[{"@type":"CommentAction","name":"Comment","target":["https:\/\/www.justiceinfo.net\/fr\/6175-04122001-tpirmilitaires-le-proces-des-militaires-devrait-commencer-debut-avril-20022965.html#respond"]}]},{"@type":"WebPage","@id":"https:\/\/www.justiceinfo.net\/fr\/6175-04122001-tpirmilitaires-le-proces-des-militaires-devrait-commencer-debut-avril-20022965.html","url":"https:\/\/www.justiceinfo.net\/fr\/6175-04122001-tpirmilitaires-le-proces-des-militaires-devrait-commencer-debut-avril-20022965.html","name":"04.12.2001 - TPIR\/MILITAIRES - LE PROCES DES MILITAIRES DEVRAIT COMMENCER DEBUT AVRIL 2002 - JusticeInfo.net","isPartOf":{"@id":"https:\/\/www.justiceinfo.net\/fr#website"},"datePublished":"2001-12-03T23:00:00+00:00","breadcrumb":{"@id":"https:\/\/www.justiceinfo.net\/fr\/6175-04122001-tpirmilitaires-le-proces-des-militaires-devrait-commencer-debut-avril-20022965.html#breadcrumb"},"inLanguage":"fr-FR","potentialAction":[{"@type":"ReadAction","target":["https:\/\/www.justiceinfo.net\/fr\/6175-04122001-tpirmilitaires-le-proces-des-militaires-devrait-commencer-debut-avril-20022965.html"]}]},{"@type":"BreadcrumbList","@id":"https:\/\/www.justiceinfo.net\/fr\/6175-04122001-tpirmilitaires-le-proces-des-militaires-devrait-commencer-debut-avril-20022965.html#breadcrumb","itemListElement":[{"@type":"ListItem","position":1,"name":"Home","item":"https:\/\/www.justiceinfo.net\/fr"},{"@type":"ListItem","position":2,"name":"04.12.2001 - TPIR\/MILITAIRES - LE PROCES DES MILITAIRES DEVRAIT COMMENCER DEBUT AVRIL 2002"}]},{"@type":"WebSite","@id":"https:\/\/www.justiceinfo.net\/fr#website","url":"https:\/\/www.justiceinfo.net\/fr","name":"JusticeInfo.net","description":"La justice doit \u00eatre vue pour \u00eatre rendue","publisher":{"@id":"https:\/\/www.justiceinfo.net\/fr#organization"},"potentialAction":[{"@type":"SearchAction","target":{"@type":"EntryPoint","urlTemplate":"https:\/\/www.justiceinfo.net\/fr?s={search_term_string}"},"query-input":{"@type":"PropertyValueSpecification","valueRequired":true,"valueName":"search_term_string"}}],"inLanguage":"fr-FR"},{"@type":"Organization","@id":"https:\/\/www.justiceinfo.net\/fr#organization","name":"Justice Info","url":"https:\/\/www.justiceinfo.net\/fr","logo":{"@type":"ImageObject","inLanguage":"fr-FR","@id":"https:\/\/www.justiceinfo.net\/fr#\/schema\/logo\/image\/","url":"https:\/\/www.justiceinfo.net\/wp-content\/uploads\/justiceinfo_logo-trans_1200x1200px.png","contentUrl":"https:\/\/www.justiceinfo.net\/wp-content\/uploads\/justiceinfo_logo-trans_1200x1200px.png","width":1199,"height":1200,"caption":"Justice Info"},"image":{"@id":"https:\/\/www.justiceinfo.net\/fr#\/schema\/logo\/image\/"},"sameAs":["https:\/\/www.facebook.com\/JusticeInfo\/","https:\/\/x.com\/justiceinfonet","https:\/\/www.linkedin.com\/company\/justice-info","https:\/\/www.youtube.com\/channel\/UCyCEsARodyuWtkWyhn-e7pA"]},{"@type":"Person","name":"solivri","url":"\/fr\/?s=solivri"}]}},"_links":{"self":[{"href":"https:\/\/www.justiceinfo.net\/fr\/wp-json\/wp\/v2\/posts\/6175","targetHints":{"allow":["GET"]}}],"collection":[{"href":"https:\/\/www.justiceinfo.net\/fr\/wp-json\/wp\/v2\/posts"}],"about":[{"href":"https:\/\/www.justiceinfo.net\/fr\/wp-json\/wp\/v2\/types\/post"}],"author":[{"embeddable":true,"href":"https:\/\/www.justiceinfo.net\/fr\/wp-json\/wp\/v2\/users\/64"}],"replies":[{"embeddable":true,"href":"https:\/\/www.justiceinfo.net\/fr\/wp-json\/wp\/v2\/comments?post=6175"}],"version-history":[{"count":0,"href":"https:\/\/www.justiceinfo.net\/fr\/wp-json\/wp\/v2\/posts\/6175\/revisions"}],"wp:attachment":[{"href":"https:\/\/www.justiceinfo.net\/fr\/wp-json\/wp\/v2\/media?parent=6175"}],"wp:term":[{"taxonomy":"category","embeddable":true,"href":"https:\/\/www.justiceinfo.net\/fr\/wp-json\/wp\/v2\/categories?post=6175"},{"taxonomy":"post_tag","embeddable":true,"href":"https:\/\/www.justiceinfo.net\/fr\/wp-json\/wp\/v2\/tags?post=6175"},{"taxonomy":"ji_location","embeddable":true,"href":"https:\/\/www.justiceinfo.net\/fr\/wp-json\/wp\/v2\/ji_location?post=6175"}],"curies":[{"name":"wp","href":"https:\/\/api.w.org\/{rel}","templated":true}]}}