{"id":6195,"date":"2001-11-28T00:00:00","date_gmt":"2001-11-27T23:00:00","guid":{"rendered":"https:\/\/www.justiceinfo.net\/6195-28112001-tpirarrestation-un-rwandais-suspecte-de-genocide-arraecircte-au-senegal2985.html"},"modified":"2001-11-28T00:00:00","modified_gmt":"2001-11-27T23:00:00","slug":"28112001-tpirarrestation-un-rwandais-suspecte-de-genocide-arraecircte-au-senegal2985","status":"publish","type":"post","link":"https:\/\/www.justiceinfo.net\/fr\/6195-28112001-tpirarrestation-un-rwandais-suspecte-de-genocide-arraecircte-au-senegal2985.html","title":{"rendered":"28.11.2001 - TPIR\/ARRESTATION - UN RWANDAIS SUSPECTE DE GENOCIDE ARR&Ecirc;TE AU SENEGAL"},"content":{"rendered":"<p  >\nArusha, le 28 novembre 2001 (FH) - Un ancien officier rwandais suspect\u00e9 de g\u00e9nocide, Aloys Simba, a \u00e9t\u00e9 arr\u00eat\u00e9 au S\u00e9n\u00e9gal, \u00e0 la demande du Tribunal p\u00e9nal international pour le Rwanda (TPIR).\n<\/p>\n<p  >\nDes sources inform\u00e9es au TPIR ont indiqu\u00e9 que son acte D'accusation n'a pas encore \u00e9t\u00e9 confirm\u00e9 par un juge, mais qu'il sera vraisembablement charg\u00e9 de g\u00e9nocide et de crimes contre l'humanit\u00e9 commis en pr\u00e9fecture de Gikongoro (sud-ouest du Rwanda) en 1994.\n<\/p>\n<p><!--more--><\/p>\n<p  >\nSimba a \u00e9t\u00e9 arr\u00eat\u00e9 mardi dans la ville s\u00e9n\u00e9galaise de Thies.\n<\/p>\n<p  >\nSimba \u00e9tait un colonel retrait\u00e9 de l'ex-arm\u00e9e rwandaise. En avril 1994, il \u00e9tait charg\u00e9 de la \"d\u00e9fense civile\" dans les pr\u00e9fectures de Butare (sud du Rwanda) et de Gikongoro.\n<\/p>\n<p  >\nIl est poursuivi en particulier pour des massacres de Tutsis \u00e0 l'\u00e9cole technique de Murambi pr\u00e8s de Gikongoro, o\u00f9 des milliers de Tutsis ont \u00e9t\u00e9 tu\u00e9s en 1994.\n<\/p>\n<p  >\nLe colonel Simba a fait partie du \"comit\u00e9 pour la paix et l'unit\u00e9 nationale\", un groupe D'officiers qui ont g\u00e9r\u00e9 les affaires de l'Etat apr\u00e8s le renversement de l'ex-pr\u00e9sident rwandais, Gr\u00e9goire Kayibanda, par le g\u00e9n\u00e9ral-major Juv\u00e9nal Habyarimana, le 5 juillet 1973.\n<\/p>\n<p  >\nIl est par la suite devenu ministre de l'information et, plus tard, d\u00e9put\u00e9. Le colonel Simba a notamment command\u00e9 le camp militaire de Kigali.<br \/>\nJC\/AT\/DO\/FH (AR_1128A)<\/p>\n","protected":false},"excerpt":{"rendered":"<p>Arusha, le 28 novembre 2001 (FH) - Un ancien officier rwandais suspect\u00e9 de g\u00e9nocide, Aloys Simba, a \u00e9t\u00e9 arr\u00eat\u00e9 au S\u00e9n\u00e9gal, \u00e0 la demande du Tribunal p\u00e9nal international pour le Rwanda (TPIR). Des sources inform\u00e9es au TPIR ont indiqu\u00e9 que son acte D'accusation n'a pas encore \u00e9t\u00e9 confirm\u00e9 par un juge, mais qu'il sera vraisembablement [&hellip;]<\/p>\n","protected":false},"author":64,"featured_media":0,"comment_status":"open","ping_status":"closed","sticky":false,"template":"","format":"standard","meta":{"_acf_changed":false,"footnotes":""},"categories":[554],"tags":[],"ji_location":[],"class_list":["post-6195","post","type-post","status-publish","format-standard","hentry","category-hirondellenews"],"acf":[],"yoast_head":"<!-- This site is optimized with the Yoast SEO Premium plugin v25.3.1 (Yoast SEO v25.3.1) - https:\/\/yoast.com\/wordpress\/plugins\/seo\/ -->\n<title>28.11.2001 - TPIR\/ARRESTATION - UN RWANDAIS SUSPECTE DE GENOCIDE ARR&Ecirc;TE AU SENEGAL - JusticeInfo.net<\/title>\n<meta name=\"robots\" content=\"index, follow, max-snippet:-1, max-image-preview:large, max-video-preview:-1\" \/>\n<link rel=\"canonical\" href=\"https:\/\/www.justiceinfo.net\/fr\/6195-28112001-tpirarrestation-un-rwandais-suspecte-de-genocide-arraecircte-au-senegal2985.html\" \/>\n<meta property=\"og:locale\" content=\"fr_FR\" \/>\n<meta property=\"og:type\" content=\"article\" \/>\n<meta property=\"og:title\" content=\"28.11.2001 - TPIR\/ARRESTATION - UN RWANDAIS SUSPECTE DE GENOCIDE ARR&Ecirc;TE AU SENEGAL\" \/>\n<meta property=\"og:description\" content=\"Arusha, le 28 novembre 2001 (FH) - Un ancien officier rwandais suspect\u00e9 de g\u00e9nocide, Aloys Simba, a \u00e9t\u00e9 arr\u00eat\u00e9 au S\u00e9n\u00e9gal, \u00e0 la demande du Tribunal p\u00e9nal international pour le Rwanda (TPIR). Des sources inform\u00e9es au TPIR ont indiqu\u00e9 que son acte D&#039;accusation n&#039;a pas encore \u00e9t\u00e9 confirm\u00e9 par un juge, mais qu&#039;il sera vraisembablement [&hellip;]\" \/>\n<meta property=\"og:url\" content=\"https:\/\/www.justiceinfo.net\/fr\/6195-28112001-tpirarrestation-un-rwandais-suspecte-de-genocide-arraecircte-au-senegal2985.html\" \/>\n<meta property=\"og:site_name\" content=\"JusticeInfo.net\" \/>\n<meta property=\"article:publisher\" content=\"https:\/\/www.facebook.com\/JusticeInfo\/\" \/>\n<meta property=\"article:published_time\" content=\"2001-11-27T23:00:00+00:00\" \/>\n<meta property=\"og:image\" content=\"https:\/\/www.justiceinfo.net\/wp-content\/uploads\/JusticeInfoNet_logo_1200x630px.jpg\" \/>\n\t<meta property=\"og:image:width\" content=\"1200\" \/>\n\t<meta property=\"og:image:height\" content=\"630\" \/>\n\t<meta property=\"og:image:type\" content=\"image\/jpeg\" \/>\n<meta name=\"author\" content=\"solivri\" \/>\n<meta name=\"twitter:card\" content=\"summary_large_image\" \/>\n<meta name=\"twitter:creator\" content=\"@justiceinfonet\" \/>\n<meta name=\"twitter:site\" content=\"@justiceinfonet\" \/>\n<meta name=\"twitter:label1\" content=\"\u00c9crit par\" \/>\n\t<meta name=\"twitter:data1\" content=\"solivri\" \/>\n\t<meta name=\"twitter:label2\" content=\"Dur\u00e9e de lecture estim\u00e9e\" \/>\n\t<meta name=\"twitter:data2\" content=\"1 minute\" \/>\n<script type=\"application\/ld+json\" class=\"yoast-schema-graph\">{\"@context\":\"https:\/\/schema.org\",\"@graph\":[{\"@type\":\"NewsArticle\",\"@id\":\"https:\/\/www.justiceinfo.net\/fr\/6195-28112001-tpirarrestation-un-rwandais-suspecte-de-genocide-arraecircte-au-senegal2985.html#article\",\"isPartOf\":{\"@id\":\"https:\/\/www.justiceinfo.net\/fr\/6195-28112001-tpirarrestation-un-rwandais-suspecte-de-genocide-arraecircte-au-senegal2985.html\"},\"author\":{\"name\":\"solivri\",\"@id\":\"https:\/\/www.justiceinfo.net\/fr#\/schema\/person\/6e53cba1629e2e66f3fc1821d3091865\"},\"headline\":\"28.11.2001 - TPIR\/ARRESTATION - UN RWANDAIS SUSPECTE DE GENOCIDE ARR&Ecirc;TE AU SENEGAL\",\"datePublished\":\"2001-11-27T23:00:00+00:00\",\"mainEntityOfPage\":{\"@id\":\"https:\/\/www.justiceinfo.net\/fr\/6195-28112001-tpirarrestation-un-rwandais-suspecte-de-genocide-arraecircte-au-senegal2985.html\"},\"wordCount\":252,\"commentCount\":0,\"publisher\":{\"@id\":\"https:\/\/www.justiceinfo.net\/fr#organization\"},\"articleSection\":[\"Hirondelle News\"],\"inLanguage\":\"fr-FR\",\"potentialAction\":[{\"@type\":\"CommentAction\",\"name\":\"Comment\",\"target\":[\"https:\/\/www.justiceinfo.net\/fr\/6195-28112001-tpirarrestation-un-rwandais-suspecte-de-genocide-arraecircte-au-senegal2985.html#respond\"]}]},{\"@type\":\"WebPage\",\"@id\":\"https:\/\/www.justiceinfo.net\/fr\/6195-28112001-tpirarrestation-un-rwandais-suspecte-de-genocide-arraecircte-au-senegal2985.html\",\"url\":\"https:\/\/www.justiceinfo.net\/fr\/6195-28112001-tpirarrestation-un-rwandais-suspecte-de-genocide-arraecircte-au-senegal2985.html\",\"name\":\"28.11.2001 - TPIR\/ARRESTATION - UN RWANDAIS SUSPECTE DE GENOCIDE ARR&Ecirc;TE AU SENEGAL - JusticeInfo.net\",\"isPartOf\":{\"@id\":\"https:\/\/www.justiceinfo.net\/fr#website\"},\"datePublished\":\"2001-11-27T23:00:00+00:00\",\"breadcrumb\":{\"@id\":\"https:\/\/www.justiceinfo.net\/fr\/6195-28112001-tpirarrestation-un-rwandais-suspecte-de-genocide-arraecircte-au-senegal2985.html#breadcrumb\"},\"inLanguage\":\"fr-FR\",\"potentialAction\":[{\"@type\":\"ReadAction\",\"target\":[\"https:\/\/www.justiceinfo.net\/fr\/6195-28112001-tpirarrestation-un-rwandais-suspecte-de-genocide-arraecircte-au-senegal2985.html\"]}]},{\"@type\":\"BreadcrumbList\",\"@id\":\"https:\/\/www.justiceinfo.net\/fr\/6195-28112001-tpirarrestation-un-rwandais-suspecte-de-genocide-arraecircte-au-senegal2985.html#breadcrumb\",\"itemListElement\":[{\"@type\":\"ListItem\",\"position\":1,\"name\":\"Home\",\"item\":\"https:\/\/www.justiceinfo.net\/fr\"},{\"@type\":\"ListItem\",\"position\":2,\"name\":\"28.11.2001 - TPIR\/ARRESTATION - UN RWANDAIS SUSPECTE DE GENOCIDE ARR&Ecirc;TE AU SENEGAL\"}]},{\"@type\":\"WebSite\",\"@id\":\"https:\/\/www.justiceinfo.net\/fr#website\",\"url\":\"https:\/\/www.justiceinfo.net\/fr\",\"name\":\"JusticeInfo.net\",\"description\":\"La justice doit \u00eatre vue pour \u00eatre rendue\",\"publisher\":{\"@id\":\"https:\/\/www.justiceinfo.net\/fr#organization\"},\"potentialAction\":[{\"@type\":\"SearchAction\",\"target\":{\"@type\":\"EntryPoint\",\"urlTemplate\":\"https:\/\/www.justiceinfo.net\/fr?s={search_term_string}\"},\"query-input\":{\"@type\":\"PropertyValueSpecification\",\"valueRequired\":true,\"valueName\":\"search_term_string\"}}],\"inLanguage\":\"fr-FR\"},{\"@type\":\"Organization\",\"@id\":\"https:\/\/www.justiceinfo.net\/fr#organization\",\"name\":\"Justice Info\",\"url\":\"https:\/\/www.justiceinfo.net\/fr\",\"logo\":{\"@type\":\"ImageObject\",\"inLanguage\":\"fr-FR\",\"@id\":\"https:\/\/www.justiceinfo.net\/fr#\/schema\/logo\/image\/\",\"url\":\"https:\/\/www.justiceinfo.net\/wp-content\/uploads\/justiceinfo_logo-trans_1200x1200px.png\",\"contentUrl\":\"https:\/\/www.justiceinfo.net\/wp-content\/uploads\/justiceinfo_logo-trans_1200x1200px.png\",\"width\":1199,\"height\":1200,\"caption\":\"Justice Info\"},\"image\":{\"@id\":\"https:\/\/www.justiceinfo.net\/fr#\/schema\/logo\/image\/\"},\"sameAs\":[\"https:\/\/www.facebook.com\/JusticeInfo\/\",\"https:\/\/x.com\/justiceinfonet\",\"https:\/\/www.linkedin.com\/company\/justice-info\",\"https:\/\/www.youtube.com\/channel\/UCyCEsARodyuWtkWyhn-e7pA\"]},{\"@type\":\"Person\",\"name\":\"solivri\",\"url\":\"\/fr\/?s=solivri\"}]}<\/script>\n<!-- \/ Yoast SEO Premium plugin. -->","yoast_head_json":{"title":"28.11.2001 - TPIR\/ARRESTATION - UN RWANDAIS SUSPECTE DE GENOCIDE ARR&Ecirc;TE AU SENEGAL - JusticeInfo.net","robots":{"index":"index","follow":"follow","max-snippet":"max-snippet:-1","max-image-preview":"max-image-preview:large","max-video-preview":"max-video-preview:-1"},"canonical":"https:\/\/www.justiceinfo.net\/fr\/6195-28112001-tpirarrestation-un-rwandais-suspecte-de-genocide-arraecircte-au-senegal2985.html","og_locale":"fr_FR","og_type":"article","og_title":"28.11.2001 - TPIR\/ARRESTATION - UN RWANDAIS SUSPECTE DE GENOCIDE ARR&Ecirc;TE AU SENEGAL","og_description":"Arusha, le 28 novembre 2001 (FH) - Un ancien officier rwandais suspect\u00e9 de g\u00e9nocide, Aloys Simba, a \u00e9t\u00e9 arr\u00eat\u00e9 au S\u00e9n\u00e9gal, \u00e0 la demande du Tribunal p\u00e9nal international pour le Rwanda (TPIR). Des sources inform\u00e9es au TPIR ont indiqu\u00e9 que son acte D'accusation n'a pas encore \u00e9t\u00e9 confirm\u00e9 par un juge, mais qu'il sera vraisembablement [&hellip;]","og_url":"https:\/\/www.justiceinfo.net\/fr\/6195-28112001-tpirarrestation-un-rwandais-suspecte-de-genocide-arraecircte-au-senegal2985.html","og_site_name":"JusticeInfo.net","article_publisher":"https:\/\/www.facebook.com\/JusticeInfo\/","article_published_time":"2001-11-27T23:00:00+00:00","og_image":[{"width":1200,"height":630,"url":"https:\/\/www.justiceinfo.net\/wp-content\/uploads\/JusticeInfoNet_logo_1200x630px.jpg","type":"image\/jpeg"}],"author":"solivri","twitter_card":"summary_large_image","twitter_creator":"@justiceinfonet","twitter_site":"@justiceinfonet","twitter_misc":{"\u00c9crit par":"solivri","Dur\u00e9e de lecture estim\u00e9e":"1 minute"},"schema":{"@context":"https:\/\/schema.org","@graph":[{"@type":"NewsArticle","@id":"https:\/\/www.justiceinfo.net\/fr\/6195-28112001-tpirarrestation-un-rwandais-suspecte-de-genocide-arraecircte-au-senegal2985.html#article","isPartOf":{"@id":"https:\/\/www.justiceinfo.net\/fr\/6195-28112001-tpirarrestation-un-rwandais-suspecte-de-genocide-arraecircte-au-senegal2985.html"},"author":{"name":"solivri","@id":"https:\/\/www.justiceinfo.net\/fr#\/schema\/person\/6e53cba1629e2e66f3fc1821d3091865"},"headline":"28.11.2001 - TPIR\/ARRESTATION - UN RWANDAIS SUSPECTE DE GENOCIDE ARR&Ecirc;TE AU SENEGAL","datePublished":"2001-11-27T23:00:00+00:00","mainEntityOfPage":{"@id":"https:\/\/www.justiceinfo.net\/fr\/6195-28112001-tpirarrestation-un-rwandais-suspecte-de-genocide-arraecircte-au-senegal2985.html"},"wordCount":252,"commentCount":0,"publisher":{"@id":"https:\/\/www.justiceinfo.net\/fr#organization"},"articleSection":["Hirondelle News"],"inLanguage":"fr-FR","potentialAction":[{"@type":"CommentAction","name":"Comment","target":["https:\/\/www.justiceinfo.net\/fr\/6195-28112001-tpirarrestation-un-rwandais-suspecte-de-genocide-arraecircte-au-senegal2985.html#respond"]}]},{"@type":"WebPage","@id":"https:\/\/www.justiceinfo.net\/fr\/6195-28112001-tpirarrestation-un-rwandais-suspecte-de-genocide-arraecircte-au-senegal2985.html","url":"https:\/\/www.justiceinfo.net\/fr\/6195-28112001-tpirarrestation-un-rwandais-suspecte-de-genocide-arraecircte-au-senegal2985.html","name":"28.11.2001 - TPIR\/ARRESTATION - UN RWANDAIS SUSPECTE DE GENOCIDE ARR&Ecirc;TE AU SENEGAL - JusticeInfo.net","isPartOf":{"@id":"https:\/\/www.justiceinfo.net\/fr#website"},"datePublished":"2001-11-27T23:00:00+00:00","breadcrumb":{"@id":"https:\/\/www.justiceinfo.net\/fr\/6195-28112001-tpirarrestation-un-rwandais-suspecte-de-genocide-arraecircte-au-senegal2985.html#breadcrumb"},"inLanguage":"fr-FR","potentialAction":[{"@type":"ReadAction","target":["https:\/\/www.justiceinfo.net\/fr\/6195-28112001-tpirarrestation-un-rwandais-suspecte-de-genocide-arraecircte-au-senegal2985.html"]}]},{"@type":"BreadcrumbList","@id":"https:\/\/www.justiceinfo.net\/fr\/6195-28112001-tpirarrestation-un-rwandais-suspecte-de-genocide-arraecircte-au-senegal2985.html#breadcrumb","itemListElement":[{"@type":"ListItem","position":1,"name":"Home","item":"https:\/\/www.justiceinfo.net\/fr"},{"@type":"ListItem","position":2,"name":"28.11.2001 - TPIR\/ARRESTATION - UN RWANDAIS SUSPECTE DE GENOCIDE ARR&Ecirc;TE AU SENEGAL"}]},{"@type":"WebSite","@id":"https:\/\/www.justiceinfo.net\/fr#website","url":"https:\/\/www.justiceinfo.net\/fr","name":"JusticeInfo.net","description":"La justice doit \u00eatre vue pour \u00eatre rendue","publisher":{"@id":"https:\/\/www.justiceinfo.net\/fr#organization"},"potentialAction":[{"@type":"SearchAction","target":{"@type":"EntryPoint","urlTemplate":"https:\/\/www.justiceinfo.net\/fr?s={search_term_string}"},"query-input":{"@type":"PropertyValueSpecification","valueRequired":true,"valueName":"search_term_string"}}],"inLanguage":"fr-FR"},{"@type":"Organization","@id":"https:\/\/www.justiceinfo.net\/fr#organization","name":"Justice Info","url":"https:\/\/www.justiceinfo.net\/fr","logo":{"@type":"ImageObject","inLanguage":"fr-FR","@id":"https:\/\/www.justiceinfo.net\/fr#\/schema\/logo\/image\/","url":"https:\/\/www.justiceinfo.net\/wp-content\/uploads\/justiceinfo_logo-trans_1200x1200px.png","contentUrl":"https:\/\/www.justiceinfo.net\/wp-content\/uploads\/justiceinfo_logo-trans_1200x1200px.png","width":1199,"height":1200,"caption":"Justice Info"},"image":{"@id":"https:\/\/www.justiceinfo.net\/fr#\/schema\/logo\/image\/"},"sameAs":["https:\/\/www.facebook.com\/JusticeInfo\/","https:\/\/x.com\/justiceinfonet","https:\/\/www.linkedin.com\/company\/justice-info","https:\/\/www.youtube.com\/channel\/UCyCEsARodyuWtkWyhn-e7pA"]},{"@type":"Person","name":"solivri","url":"\/fr\/?s=solivri"}]}},"_links":{"self":[{"href":"https:\/\/www.justiceinfo.net\/fr\/wp-json\/wp\/v2\/posts\/6195","targetHints":{"allow":["GET"]}}],"collection":[{"href":"https:\/\/www.justiceinfo.net\/fr\/wp-json\/wp\/v2\/posts"}],"about":[{"href":"https:\/\/www.justiceinfo.net\/fr\/wp-json\/wp\/v2\/types\/post"}],"author":[{"embeddable":true,"href":"https:\/\/www.justiceinfo.net\/fr\/wp-json\/wp\/v2\/users\/64"}],"replies":[{"embeddable":true,"href":"https:\/\/www.justiceinfo.net\/fr\/wp-json\/wp\/v2\/comments?post=6195"}],"version-history":[{"count":0,"href":"https:\/\/www.justiceinfo.net\/fr\/wp-json\/wp\/v2\/posts\/6195\/revisions"}],"wp:attachment":[{"href":"https:\/\/www.justiceinfo.net\/fr\/wp-json\/wp\/v2\/media?parent=6195"}],"wp:term":[{"taxonomy":"category","embeddable":true,"href":"https:\/\/www.justiceinfo.net\/fr\/wp-json\/wp\/v2\/categories?post=6195"},{"taxonomy":"post_tag","embeddable":true,"href":"https:\/\/www.justiceinfo.net\/fr\/wp-json\/wp\/v2\/tags?post=6195"},{"taxonomy":"ji_location","embeddable":true,"href":"https:\/\/www.justiceinfo.net\/fr\/wp-json\/wp\/v2\/ji_location?post=6195"}],"curies":[{"name":"wp","href":"https:\/\/api.w.org\/{rel}","templated":true}]}}