{"id":6209,"date":"2001-11-27T00:00:00","date_gmt":"2001-11-26T23:00:00","guid":{"rendered":"https:\/\/www.justiceinfo.net\/6209-27112001-tpirntakirutimana-requaecircte-en-constat-judiciaire-rejetee2999.html"},"modified":"2001-11-27T00:00:00","modified_gmt":"2001-11-26T23:00:00","slug":"27112001-tpirntakirutimana-requaecircte-en-constat-judiciaire-rejetee2999","status":"publish","type":"post","link":"https:\/\/www.justiceinfo.net\/fr\/6209-27112001-tpirntakirutimana-requaecircte-en-constat-judiciaire-rejetee2999.html","title":{"rendered":"27.11.2001 - TPIR\/NTAKIRUTIMANA - REQU&Ecirc;TE EN CONSTAT JUDICIAIRE REJETEE"},"content":{"rendered":"<p  >\nArusha, le 27 novembre 2001 (FH) - Le Tribunal a rejet\u00e9 une requ\u00eate du parquet en constat judiciaire dans le proc\u00e8s D'un pasteur adventiste accus\u00e9 conjointement avec un de ses fils devant le Tribunal p\u00e9nal international pour le Rwanda (TPIR).<br \/>\nLe parquet avait demand\u00e9 que la chambre consid\u00e8re comme \"d\u00e9j\u00e0 jug\u00e9s\" des faits \u00e9voqu\u00e9s ant\u00e9rieurement dans D'autres affaires, y compris des all\u00e9gations D'un plan de g\u00e9nocide.\n<\/p>\n<p><!--more--><\/p>\n<p  >\nLa d\u00e9fense avait affirm\u00e9 que le parquet proc\u00e9dait par g\u00e9n\u00e9ralisation, ajoutant que les faits pour lesquels le constat judiciaire est demand\u00e9 sont contest\u00e9s.\n<\/p>\n<p  >\nLes avocats avaient soulign\u00e9 qu'un tel constat porterait pr\u00e9judice aux droits des accus\u00e9s, notamment la pr\u00e9somption D'innocence.\n<\/p>\n<p  >\nLe proc\u00e8s concerne l'ancien responsable de l'\u00e9glise de Mugonero (pr\u00e9fecture Kibuye, ouest du Rwanda), le pasteur Elizaphan Ntakirutimana, ainsi que son fils, G\u00e9rard Ntakirutimana, qui \u00e9tait m\u00e9decin au m\u00eame endroit.\n<\/p>\n<p  >\nIls sont poursuivis pour des massacres de Tutsis qui avaient cherche refuge dans le complexe adventiste de Mugonero et dans les collines avoisantes de Bisesero entre avril et juillet 1994.\n<\/p>\n<p  >\nDans sa d\u00e9cision dat\u00e9e du 22 novembre dernier, la chambre a conclu que m\u00eame si certaines questions avaient \u00e9t\u00e9 d\u00e9battues, D'une fa\u00e7on ou D'une autre, dans D'autres affaires, il convient que les parties d\u00e9veloppent leurs arguments dans la pr\u00e9sente cause.\n<\/p>\n<p  >\nLes juges ont \u00e9galement rejet\u00e9 la th\u00e8se de l'\u00e9conomie judicaire avanc\u00e9e par le parquet \u00e0 l'appui de sa requ\u00eate, notant que l'accusation avait d\u00e9j\u00e0 cit\u00e9 tous ses t\u00e9moins en vingt sept jours D'audience et que ceux de la d\u00e9fense \u00e9taient programm\u00e9s entre le 14 janvier et le 15 f\u00e9vrier 2002. La chambre s'est en cons\u00e9quence d\u00e9clar\u00e9e D'avis que le constat judiciaire ne pourrait en aucun cas entra\u00eener de mani\u00e8re significative une quelconque \u00e9conomie judiciaire.\n<\/p>\n<p  >\nLe proc\u00e8s des Ntakirutimana se d\u00e9roule devant la premi\u00e8re chambre de premi\u00e8re instance du TPIR, pr\u00e9sid\u00e9e dans cette affaire, par le juge norv\u00e9gien Erik Mose, et comprenant en outre les juges, sud-africaine Navanathem Pillay, et s\u00e9n\u00e9galaise Andr\u00e9sie Vaz.\n<\/p>\n<p  >\nElizaphan Ntakirutimana est d\u00e9fendu par l'ancien procureur g\u00e9n\u00e9ral des Etats-Unis, Me Ramsey Clark, tandis que G\u00e9rard Ntakirutimana est repr\u00e9sent\u00e9 par Me Edward Medvene, \u00e9galement citoyen am\u00e9ricain. Les coaccus\u00e9s plaident non coupables.<br \/>\nAT\/DO\/FH (NT_1127A )<\/p>\n","protected":false},"excerpt":{"rendered":"<p>Arusha, le 27 novembre 2001 (FH) - Le Tribunal a rejet\u00e9 une requ\u00eate du parquet en constat judiciaire dans le proc\u00e8s D'un pasteur adventiste accus\u00e9 conjointement avec un de ses fils devant le Tribunal p\u00e9nal international pour le Rwanda (TPIR). Le parquet avait demand\u00e9 que la chambre consid\u00e8re comme \"d\u00e9j\u00e0 jug\u00e9s\" des faits \u00e9voqu\u00e9s ant\u00e9rieurement [&hellip;]<\/p>\n","protected":false},"author":64,"featured_media":0,"comment_status":"open","ping_status":"closed","sticky":false,"template":"","format":"standard","meta":{"_acf_changed":false,"footnotes":""},"categories":[554],"tags":[],"ji_location":[],"class_list":["post-6209","post","type-post","status-publish","format-standard","hentry","category-hirondellenews"],"acf":[],"yoast_head":"<!-- This site is optimized with the Yoast SEO Premium plugin v25.3.1 (Yoast SEO v25.3.1) - https:\/\/yoast.com\/wordpress\/plugins\/seo\/ -->\n<title>27.11.2001 - TPIR\/NTAKIRUTIMANA - REQU&Ecirc;TE EN CONSTAT JUDICIAIRE REJETEE - JusticeInfo.net<\/title>\n<meta name=\"robots\" content=\"index, follow, max-snippet:-1, max-image-preview:large, max-video-preview:-1\" \/>\n<link rel=\"canonical\" href=\"https:\/\/www.justiceinfo.net\/fr\/6209-27112001-tpirntakirutimana-requaecircte-en-constat-judiciaire-rejetee2999.html\" \/>\n<meta property=\"og:locale\" content=\"fr_FR\" \/>\n<meta property=\"og:type\" content=\"article\" \/>\n<meta property=\"og:title\" content=\"27.11.2001 - TPIR\/NTAKIRUTIMANA - REQU&Ecirc;TE EN CONSTAT JUDICIAIRE REJETEE\" \/>\n<meta property=\"og:description\" content=\"Arusha, le 27 novembre 2001 (FH) - Le Tribunal a rejet\u00e9 une requ\u00eate du parquet en constat judiciaire dans le proc\u00e8s D&#039;un pasteur adventiste accus\u00e9 conjointement avec un de ses fils devant le Tribunal p\u00e9nal international pour le Rwanda (TPIR). Le parquet avait demand\u00e9 que la chambre consid\u00e8re comme &quot;d\u00e9j\u00e0 jug\u00e9s&quot; des faits \u00e9voqu\u00e9s ant\u00e9rieurement [&hellip;]\" \/>\n<meta property=\"og:url\" content=\"https:\/\/www.justiceinfo.net\/fr\/6209-27112001-tpirntakirutimana-requaecircte-en-constat-judiciaire-rejetee2999.html\" \/>\n<meta property=\"og:site_name\" content=\"JusticeInfo.net\" \/>\n<meta property=\"article:publisher\" content=\"https:\/\/www.facebook.com\/JusticeInfo\/\" \/>\n<meta property=\"article:published_time\" content=\"2001-11-26T23:00:00+00:00\" \/>\n<meta property=\"og:image\" content=\"https:\/\/www.justiceinfo.net\/wp-content\/uploads\/JusticeInfoNet_logo_1200x630px.jpg\" \/>\n\t<meta property=\"og:image:width\" content=\"1200\" \/>\n\t<meta property=\"og:image:height\" content=\"630\" \/>\n\t<meta property=\"og:image:type\" content=\"image\/jpeg\" \/>\n<meta name=\"author\" content=\"solivri\" \/>\n<meta name=\"twitter:card\" content=\"summary_large_image\" \/>\n<meta name=\"twitter:creator\" content=\"@justiceinfonet\" \/>\n<meta name=\"twitter:site\" content=\"@justiceinfonet\" \/>\n<meta name=\"twitter:label1\" content=\"\u00c9crit par\" \/>\n\t<meta name=\"twitter:data1\" content=\"solivri\" \/>\n\t<meta name=\"twitter:label2\" content=\"Dur\u00e9e de lecture estim\u00e9e\" \/>\n\t<meta name=\"twitter:data2\" content=\"2 minutes\" \/>\n<script type=\"application\/ld+json\" class=\"yoast-schema-graph\">{\"@context\":\"https:\/\/schema.org\",\"@graph\":[{\"@type\":\"NewsArticle\",\"@id\":\"https:\/\/www.justiceinfo.net\/fr\/6209-27112001-tpirntakirutimana-requaecircte-en-constat-judiciaire-rejetee2999.html#article\",\"isPartOf\":{\"@id\":\"https:\/\/www.justiceinfo.net\/fr\/6209-27112001-tpirntakirutimana-requaecircte-en-constat-judiciaire-rejetee2999.html\"},\"author\":{\"name\":\"solivri\",\"@id\":\"https:\/\/www.justiceinfo.net\/fr#\/schema\/person\/6e53cba1629e2e66f3fc1821d3091865\"},\"headline\":\"27.11.2001 - TPIR\/NTAKIRUTIMANA - REQU&Ecirc;TE EN CONSTAT JUDICIAIRE REJETEE\",\"datePublished\":\"2001-11-26T23:00:00+00:00\",\"mainEntityOfPage\":{\"@id\":\"https:\/\/www.justiceinfo.net\/fr\/6209-27112001-tpirntakirutimana-requaecircte-en-constat-judiciaire-rejetee2999.html\"},\"wordCount\":434,\"commentCount\":0,\"publisher\":{\"@id\":\"https:\/\/www.justiceinfo.net\/fr#organization\"},\"articleSection\":[\"Hirondelle News\"],\"inLanguage\":\"fr-FR\",\"potentialAction\":[{\"@type\":\"CommentAction\",\"name\":\"Comment\",\"target\":[\"https:\/\/www.justiceinfo.net\/fr\/6209-27112001-tpirntakirutimana-requaecircte-en-constat-judiciaire-rejetee2999.html#respond\"]}]},{\"@type\":\"WebPage\",\"@id\":\"https:\/\/www.justiceinfo.net\/fr\/6209-27112001-tpirntakirutimana-requaecircte-en-constat-judiciaire-rejetee2999.html\",\"url\":\"https:\/\/www.justiceinfo.net\/fr\/6209-27112001-tpirntakirutimana-requaecircte-en-constat-judiciaire-rejetee2999.html\",\"name\":\"27.11.2001 - TPIR\/NTAKIRUTIMANA - REQU&Ecirc;TE EN CONSTAT JUDICIAIRE REJETEE - JusticeInfo.net\",\"isPartOf\":{\"@id\":\"https:\/\/www.justiceinfo.net\/fr#website\"},\"datePublished\":\"2001-11-26T23:00:00+00:00\",\"breadcrumb\":{\"@id\":\"https:\/\/www.justiceinfo.net\/fr\/6209-27112001-tpirntakirutimana-requaecircte-en-constat-judiciaire-rejetee2999.html#breadcrumb\"},\"inLanguage\":\"fr-FR\",\"potentialAction\":[{\"@type\":\"ReadAction\",\"target\":[\"https:\/\/www.justiceinfo.net\/fr\/6209-27112001-tpirntakirutimana-requaecircte-en-constat-judiciaire-rejetee2999.html\"]}]},{\"@type\":\"BreadcrumbList\",\"@id\":\"https:\/\/www.justiceinfo.net\/fr\/6209-27112001-tpirntakirutimana-requaecircte-en-constat-judiciaire-rejetee2999.html#breadcrumb\",\"itemListElement\":[{\"@type\":\"ListItem\",\"position\":1,\"name\":\"Home\",\"item\":\"https:\/\/www.justiceinfo.net\/fr\"},{\"@type\":\"ListItem\",\"position\":2,\"name\":\"27.11.2001 - TPIR\/NTAKIRUTIMANA - REQU&Ecirc;TE EN CONSTAT JUDICIAIRE REJETEE\"}]},{\"@type\":\"WebSite\",\"@id\":\"https:\/\/www.justiceinfo.net\/fr#website\",\"url\":\"https:\/\/www.justiceinfo.net\/fr\",\"name\":\"JusticeInfo.net\",\"description\":\"La justice doit \u00eatre vue pour \u00eatre rendue\",\"publisher\":{\"@id\":\"https:\/\/www.justiceinfo.net\/fr#organization\"},\"potentialAction\":[{\"@type\":\"SearchAction\",\"target\":{\"@type\":\"EntryPoint\",\"urlTemplate\":\"https:\/\/www.justiceinfo.net\/fr?s={search_term_string}\"},\"query-input\":{\"@type\":\"PropertyValueSpecification\",\"valueRequired\":true,\"valueName\":\"search_term_string\"}}],\"inLanguage\":\"fr-FR\"},{\"@type\":\"Organization\",\"@id\":\"https:\/\/www.justiceinfo.net\/fr#organization\",\"name\":\"Justice Info\",\"url\":\"https:\/\/www.justiceinfo.net\/fr\",\"logo\":{\"@type\":\"ImageObject\",\"inLanguage\":\"fr-FR\",\"@id\":\"https:\/\/www.justiceinfo.net\/fr#\/schema\/logo\/image\/\",\"url\":\"https:\/\/www.justiceinfo.net\/wp-content\/uploads\/justiceinfo_logo-trans_1200x1200px.png\",\"contentUrl\":\"https:\/\/www.justiceinfo.net\/wp-content\/uploads\/justiceinfo_logo-trans_1200x1200px.png\",\"width\":1199,\"height\":1200,\"caption\":\"Justice Info\"},\"image\":{\"@id\":\"https:\/\/www.justiceinfo.net\/fr#\/schema\/logo\/image\/\"},\"sameAs\":[\"https:\/\/www.facebook.com\/JusticeInfo\/\",\"https:\/\/x.com\/justiceinfonet\",\"https:\/\/www.linkedin.com\/company\/justice-info\",\"https:\/\/www.youtube.com\/channel\/UCyCEsARodyuWtkWyhn-e7pA\"]},{\"@type\":\"Person\",\"name\":\"solivri\",\"url\":\"\/fr\/?s=solivri\"}]}<\/script>\n<!-- \/ Yoast SEO Premium plugin. -->","yoast_head_json":{"title":"27.11.2001 - TPIR\/NTAKIRUTIMANA - REQU&Ecirc;TE EN CONSTAT JUDICIAIRE REJETEE - JusticeInfo.net","robots":{"index":"index","follow":"follow","max-snippet":"max-snippet:-1","max-image-preview":"max-image-preview:large","max-video-preview":"max-video-preview:-1"},"canonical":"https:\/\/www.justiceinfo.net\/fr\/6209-27112001-tpirntakirutimana-requaecircte-en-constat-judiciaire-rejetee2999.html","og_locale":"fr_FR","og_type":"article","og_title":"27.11.2001 - TPIR\/NTAKIRUTIMANA - REQU&Ecirc;TE EN CONSTAT JUDICIAIRE REJETEE","og_description":"Arusha, le 27 novembre 2001 (FH) - Le Tribunal a rejet\u00e9 une requ\u00eate du parquet en constat judiciaire dans le proc\u00e8s D'un pasteur adventiste accus\u00e9 conjointement avec un de ses fils devant le Tribunal p\u00e9nal international pour le Rwanda (TPIR). Le parquet avait demand\u00e9 que la chambre consid\u00e8re comme \"d\u00e9j\u00e0 jug\u00e9s\" des faits \u00e9voqu\u00e9s ant\u00e9rieurement [&hellip;]","og_url":"https:\/\/www.justiceinfo.net\/fr\/6209-27112001-tpirntakirutimana-requaecircte-en-constat-judiciaire-rejetee2999.html","og_site_name":"JusticeInfo.net","article_publisher":"https:\/\/www.facebook.com\/JusticeInfo\/","article_published_time":"2001-11-26T23:00:00+00:00","og_image":[{"width":1200,"height":630,"url":"https:\/\/www.justiceinfo.net\/wp-content\/uploads\/JusticeInfoNet_logo_1200x630px.jpg","type":"image\/jpeg"}],"author":"solivri","twitter_card":"summary_large_image","twitter_creator":"@justiceinfonet","twitter_site":"@justiceinfonet","twitter_misc":{"\u00c9crit par":"solivri","Dur\u00e9e de lecture estim\u00e9e":"2 minutes"},"schema":{"@context":"https:\/\/schema.org","@graph":[{"@type":"NewsArticle","@id":"https:\/\/www.justiceinfo.net\/fr\/6209-27112001-tpirntakirutimana-requaecircte-en-constat-judiciaire-rejetee2999.html#article","isPartOf":{"@id":"https:\/\/www.justiceinfo.net\/fr\/6209-27112001-tpirntakirutimana-requaecircte-en-constat-judiciaire-rejetee2999.html"},"author":{"name":"solivri","@id":"https:\/\/www.justiceinfo.net\/fr#\/schema\/person\/6e53cba1629e2e66f3fc1821d3091865"},"headline":"27.11.2001 - TPIR\/NTAKIRUTIMANA - REQU&Ecirc;TE EN CONSTAT JUDICIAIRE REJETEE","datePublished":"2001-11-26T23:00:00+00:00","mainEntityOfPage":{"@id":"https:\/\/www.justiceinfo.net\/fr\/6209-27112001-tpirntakirutimana-requaecircte-en-constat-judiciaire-rejetee2999.html"},"wordCount":434,"commentCount":0,"publisher":{"@id":"https:\/\/www.justiceinfo.net\/fr#organization"},"articleSection":["Hirondelle News"],"inLanguage":"fr-FR","potentialAction":[{"@type":"CommentAction","name":"Comment","target":["https:\/\/www.justiceinfo.net\/fr\/6209-27112001-tpirntakirutimana-requaecircte-en-constat-judiciaire-rejetee2999.html#respond"]}]},{"@type":"WebPage","@id":"https:\/\/www.justiceinfo.net\/fr\/6209-27112001-tpirntakirutimana-requaecircte-en-constat-judiciaire-rejetee2999.html","url":"https:\/\/www.justiceinfo.net\/fr\/6209-27112001-tpirntakirutimana-requaecircte-en-constat-judiciaire-rejetee2999.html","name":"27.11.2001 - TPIR\/NTAKIRUTIMANA - REQU&Ecirc;TE EN CONSTAT JUDICIAIRE REJETEE - JusticeInfo.net","isPartOf":{"@id":"https:\/\/www.justiceinfo.net\/fr#website"},"datePublished":"2001-11-26T23:00:00+00:00","breadcrumb":{"@id":"https:\/\/www.justiceinfo.net\/fr\/6209-27112001-tpirntakirutimana-requaecircte-en-constat-judiciaire-rejetee2999.html#breadcrumb"},"inLanguage":"fr-FR","potentialAction":[{"@type":"ReadAction","target":["https:\/\/www.justiceinfo.net\/fr\/6209-27112001-tpirntakirutimana-requaecircte-en-constat-judiciaire-rejetee2999.html"]}]},{"@type":"BreadcrumbList","@id":"https:\/\/www.justiceinfo.net\/fr\/6209-27112001-tpirntakirutimana-requaecircte-en-constat-judiciaire-rejetee2999.html#breadcrumb","itemListElement":[{"@type":"ListItem","position":1,"name":"Home","item":"https:\/\/www.justiceinfo.net\/fr"},{"@type":"ListItem","position":2,"name":"27.11.2001 - TPIR\/NTAKIRUTIMANA - REQU&Ecirc;TE EN CONSTAT JUDICIAIRE REJETEE"}]},{"@type":"WebSite","@id":"https:\/\/www.justiceinfo.net\/fr#website","url":"https:\/\/www.justiceinfo.net\/fr","name":"JusticeInfo.net","description":"La justice doit \u00eatre vue pour \u00eatre rendue","publisher":{"@id":"https:\/\/www.justiceinfo.net\/fr#organization"},"potentialAction":[{"@type":"SearchAction","target":{"@type":"EntryPoint","urlTemplate":"https:\/\/www.justiceinfo.net\/fr?s={search_term_string}"},"query-input":{"@type":"PropertyValueSpecification","valueRequired":true,"valueName":"search_term_string"}}],"inLanguage":"fr-FR"},{"@type":"Organization","@id":"https:\/\/www.justiceinfo.net\/fr#organization","name":"Justice Info","url":"https:\/\/www.justiceinfo.net\/fr","logo":{"@type":"ImageObject","inLanguage":"fr-FR","@id":"https:\/\/www.justiceinfo.net\/fr#\/schema\/logo\/image\/","url":"https:\/\/www.justiceinfo.net\/wp-content\/uploads\/justiceinfo_logo-trans_1200x1200px.png","contentUrl":"https:\/\/www.justiceinfo.net\/wp-content\/uploads\/justiceinfo_logo-trans_1200x1200px.png","width":1199,"height":1200,"caption":"Justice Info"},"image":{"@id":"https:\/\/www.justiceinfo.net\/fr#\/schema\/logo\/image\/"},"sameAs":["https:\/\/www.facebook.com\/JusticeInfo\/","https:\/\/x.com\/justiceinfonet","https:\/\/www.linkedin.com\/company\/justice-info","https:\/\/www.youtube.com\/channel\/UCyCEsARodyuWtkWyhn-e7pA"]},{"@type":"Person","name":"solivri","url":"\/fr\/?s=solivri"}]}},"_links":{"self":[{"href":"https:\/\/www.justiceinfo.net\/fr\/wp-json\/wp\/v2\/posts\/6209","targetHints":{"allow":["GET"]}}],"collection":[{"href":"https:\/\/www.justiceinfo.net\/fr\/wp-json\/wp\/v2\/posts"}],"about":[{"href":"https:\/\/www.justiceinfo.net\/fr\/wp-json\/wp\/v2\/types\/post"}],"author":[{"embeddable":true,"href":"https:\/\/www.justiceinfo.net\/fr\/wp-json\/wp\/v2\/users\/64"}],"replies":[{"embeddable":true,"href":"https:\/\/www.justiceinfo.net\/fr\/wp-json\/wp\/v2\/comments?post=6209"}],"version-history":[{"count":0,"href":"https:\/\/www.justiceinfo.net\/fr\/wp-json\/wp\/v2\/posts\/6209\/revisions"}],"wp:attachment":[{"href":"https:\/\/www.justiceinfo.net\/fr\/wp-json\/wp\/v2\/media?parent=6209"}],"wp:term":[{"taxonomy":"category","embeddable":true,"href":"https:\/\/www.justiceinfo.net\/fr\/wp-json\/wp\/v2\/categories?post=6209"},{"taxonomy":"post_tag","embeddable":true,"href":"https:\/\/www.justiceinfo.net\/fr\/wp-json\/wp\/v2\/tags?post=6209"},{"taxonomy":"ji_location","embeddable":true,"href":"https:\/\/www.justiceinfo.net\/fr\/wp-json\/wp\/v2\/ji_location?post=6209"}],"curies":[{"name":"wp","href":"https:\/\/api.w.org\/{rel}","templated":true}]}}