{"id":6281,"date":"2001-11-12T00:00:00","date_gmt":"2001-11-11T23:00:00","guid":{"rendered":"https:\/\/www.justiceinfo.net\/6281-12112001-tpirsemanza-semanza-etait-un-bon-maire-selon-un-temoin-de-la-defense3071.html"},"modified":"2001-11-12T00:00:00","modified_gmt":"2001-11-11T23:00:00","slug":"12112001-tpirsemanza-semanza-etait-un-bon-maire-selon-un-temoin-de-la-defense3071","status":"publish","type":"post","link":"https:\/\/www.justiceinfo.net\/fr\/6281-12112001-tpirsemanza-semanza-etait-un-bon-maire-selon-un-temoin-de-la-defense3071.html","title":{"rendered":"12.11.2001 - TPIR\/SEMANZA - SEMANZA ETAIT UN BON MAIRE, SELON UN TEMOIN DE LA DEFENSE"},"content":{"rendered":"<p  >\nArusha, le 12 novembre, 2001 (FH)  Un t\u00e9moin de la d\u00e9fense a affirm\u00e9 que l\u2019ancien maire de Bicumbi (pr\u00e9fecture de Kigali rurale, centre-est du Rwanda), Laurent Semanza, \u00e9tait exemplaire, lors de sa d\u00e9position, lundi, devant le Tribunal p\u00e9nal international pour le Rwanda (TPIR).  \"Semanza s\u2019entendait bien avec la population, il ne pratiquait pas la discrimination\" a d\u00e9clar\u00e9 le dix-huiti\u00e8me t\u00e9moin la d\u00e9fense.\n<\/p>\n<p><!--more--><\/p>\n<p  >\nD\u00e9sign\u00e9 par les lettres \"KNU\" pour prot\u00e9ger son anonymat, le t\u00e9moin a expliqu\u00e9 que l'accus\u00e9 avait contribu\u00e9 au d\u00e9veloppement de sa commune et pr\u00eat\u00e9 assistance aux n\u00e9cessiteux sans distinction D'ethnies, de religions ou de r\u00e9gions. Laurent Semanza a \u00e9t\u00e9 maire pendant plus de vingt ans.\n<\/p>\n<p  >\nIl est poursuivi pour des massacres de Tutsis dans les communes de Gikoro et Bicumbi. Il plaide non coupable. Le t\u00e9moin a affirm\u00e9 que l'accus\u00e9 est rest\u00e9 chez lui depuis l'annonce de la mort de l'ex-pr\u00e9sident rwandais Juv\u00e9nal Habyarimana, le 6 avril 1994, jusqu'\u00e0 sa fuite vers Gitarama, trois jours apr\u00e8s. Le parquet all\u00e8gue qu'il a particip\u00e9 \u00e0 l'organisation et \u00e0 l'ex\u00e9cution des massacres notamment au cours de cette p\u00e9riode.\n<\/p>\n<p  >\nLe proc\u00e8s se d\u00e9roule devant la troisi\u00e8me chambre de premi\u00e8re instance du TPIR pr\u00e9sid\u00e9e, dans cette affaire, par le juge russe Yakov Ostrovsky et comprenant en outre les juges George Williams de St Kitts et Nevis, et Pavel Dolenc de Slov\u00e9nie. GA\/AT\/DO\/FH (SE_1112A )<\/p>\n","protected":false},"excerpt":{"rendered":"<p>Arusha, le 12 novembre, 2001 (FH) Un t\u00e9moin de la d\u00e9fense a affirm\u00e9 que l\u2019ancien maire de Bicumbi (pr\u00e9fecture de Kigali rurale, centre-est du Rwanda), Laurent Semanza, \u00e9tait exemplaire, lors de sa d\u00e9position, lundi, devant le Tribunal p\u00e9nal international pour le Rwanda (TPIR). \"Semanza s\u2019entendait bien avec la population, il ne pratiquait pas la discrimination\" [&hellip;]<\/p>\n","protected":false},"author":64,"featured_media":0,"comment_status":"open","ping_status":"closed","sticky":false,"template":"","format":"standard","meta":{"_acf_changed":false,"footnotes":""},"categories":[554],"tags":[],"ji_location":[],"class_list":["post-6281","post","type-post","status-publish","format-standard","hentry","category-hirondellenews"],"acf":[],"yoast_head":"<!-- This site is optimized with the Yoast SEO Premium plugin v25.3.1 (Yoast SEO v25.3.1) - https:\/\/yoast.com\/wordpress\/plugins\/seo\/ -->\n<title>12.11.2001 - TPIR\/SEMANZA - SEMANZA ETAIT UN BON MAIRE, SELON UN TEMOIN DE LA DEFENSE - JusticeInfo.net<\/title>\n<meta name=\"robots\" content=\"index, follow, max-snippet:-1, max-image-preview:large, max-video-preview:-1\" \/>\n<link rel=\"canonical\" href=\"https:\/\/www.justiceinfo.net\/fr\/6281-12112001-tpirsemanza-semanza-etait-un-bon-maire-selon-un-temoin-de-la-defense3071.html\" \/>\n<meta property=\"og:locale\" content=\"fr_FR\" \/>\n<meta property=\"og:type\" content=\"article\" \/>\n<meta property=\"og:title\" content=\"12.11.2001 - TPIR\/SEMANZA - SEMANZA ETAIT UN BON MAIRE, SELON UN TEMOIN DE LA DEFENSE\" \/>\n<meta property=\"og:description\" content=\"Arusha, le 12 novembre, 2001 (FH) Un t\u00e9moin de la d\u00e9fense a affirm\u00e9 que l\u2019ancien maire de Bicumbi (pr\u00e9fecture de Kigali rurale, centre-est du Rwanda), Laurent Semanza, \u00e9tait exemplaire, lors de sa d\u00e9position, lundi, devant le Tribunal p\u00e9nal international pour le Rwanda (TPIR). &quot;Semanza s\u2019entendait bien avec la population, il ne pratiquait pas la discrimination&quot; [&hellip;]\" \/>\n<meta property=\"og:url\" content=\"https:\/\/www.justiceinfo.net\/fr\/6281-12112001-tpirsemanza-semanza-etait-un-bon-maire-selon-un-temoin-de-la-defense3071.html\" \/>\n<meta property=\"og:site_name\" content=\"JusticeInfo.net\" \/>\n<meta property=\"article:publisher\" content=\"https:\/\/www.facebook.com\/JusticeInfo\/\" \/>\n<meta property=\"article:published_time\" content=\"2001-11-11T23:00:00+00:00\" \/>\n<meta property=\"og:image\" content=\"https:\/\/www.justiceinfo.net\/wp-content\/uploads\/JusticeInfoNet_logo_1200x630px.jpg\" \/>\n\t<meta property=\"og:image:width\" content=\"1200\" \/>\n\t<meta property=\"og:image:height\" content=\"630\" \/>\n\t<meta property=\"og:image:type\" content=\"image\/jpeg\" \/>\n<meta name=\"author\" content=\"solivri\" \/>\n<meta name=\"twitter:card\" content=\"summary_large_image\" \/>\n<meta name=\"twitter:creator\" content=\"@justiceinfonet\" \/>\n<meta name=\"twitter:site\" content=\"@justiceinfonet\" \/>\n<meta name=\"twitter:label1\" content=\"\u00c9crit par\" \/>\n\t<meta name=\"twitter:data1\" content=\"solivri\" \/>\n\t<meta name=\"twitter:label2\" content=\"Dur\u00e9e de lecture estim\u00e9e\" \/>\n\t<meta name=\"twitter:data2\" content=\"1 minute\" \/>\n<script type=\"application\/ld+json\" class=\"yoast-schema-graph\">{\"@context\":\"https:\/\/schema.org\",\"@graph\":[{\"@type\":\"NewsArticle\",\"@id\":\"https:\/\/www.justiceinfo.net\/fr\/6281-12112001-tpirsemanza-semanza-etait-un-bon-maire-selon-un-temoin-de-la-defense3071.html#article\",\"isPartOf\":{\"@id\":\"https:\/\/www.justiceinfo.net\/fr\/6281-12112001-tpirsemanza-semanza-etait-un-bon-maire-selon-un-temoin-de-la-defense3071.html\"},\"author\":{\"name\":\"solivri\",\"@id\":\"https:\/\/www.justiceinfo.net\/fr#\/schema\/person\/6e53cba1629e2e66f3fc1821d3091865\"},\"headline\":\"12.11.2001 - TPIR\/SEMANZA - SEMANZA ETAIT UN BON MAIRE, SELON UN TEMOIN DE LA DEFENSE\",\"datePublished\":\"2001-11-11T23:00:00+00:00\",\"mainEntityOfPage\":{\"@id\":\"https:\/\/www.justiceinfo.net\/fr\/6281-12112001-tpirsemanza-semanza-etait-un-bon-maire-selon-un-temoin-de-la-defense3071.html\"},\"wordCount\":273,\"commentCount\":0,\"publisher\":{\"@id\":\"https:\/\/www.justiceinfo.net\/fr#organization\"},\"articleSection\":[\"Hirondelle News\"],\"inLanguage\":\"fr-FR\",\"potentialAction\":[{\"@type\":\"CommentAction\",\"name\":\"Comment\",\"target\":[\"https:\/\/www.justiceinfo.net\/fr\/6281-12112001-tpirsemanza-semanza-etait-un-bon-maire-selon-un-temoin-de-la-defense3071.html#respond\"]}]},{\"@type\":\"WebPage\",\"@id\":\"https:\/\/www.justiceinfo.net\/fr\/6281-12112001-tpirsemanza-semanza-etait-un-bon-maire-selon-un-temoin-de-la-defense3071.html\",\"url\":\"https:\/\/www.justiceinfo.net\/fr\/6281-12112001-tpirsemanza-semanza-etait-un-bon-maire-selon-un-temoin-de-la-defense3071.html\",\"name\":\"12.11.2001 - TPIR\/SEMANZA - SEMANZA ETAIT UN BON MAIRE, SELON UN TEMOIN DE LA DEFENSE - JusticeInfo.net\",\"isPartOf\":{\"@id\":\"https:\/\/www.justiceinfo.net\/fr#website\"},\"datePublished\":\"2001-11-11T23:00:00+00:00\",\"breadcrumb\":{\"@id\":\"https:\/\/www.justiceinfo.net\/fr\/6281-12112001-tpirsemanza-semanza-etait-un-bon-maire-selon-un-temoin-de-la-defense3071.html#breadcrumb\"},\"inLanguage\":\"fr-FR\",\"potentialAction\":[{\"@type\":\"ReadAction\",\"target\":[\"https:\/\/www.justiceinfo.net\/fr\/6281-12112001-tpirsemanza-semanza-etait-un-bon-maire-selon-un-temoin-de-la-defense3071.html\"]}]},{\"@type\":\"BreadcrumbList\",\"@id\":\"https:\/\/www.justiceinfo.net\/fr\/6281-12112001-tpirsemanza-semanza-etait-un-bon-maire-selon-un-temoin-de-la-defense3071.html#breadcrumb\",\"itemListElement\":[{\"@type\":\"ListItem\",\"position\":1,\"name\":\"Home\",\"item\":\"https:\/\/www.justiceinfo.net\/fr\"},{\"@type\":\"ListItem\",\"position\":2,\"name\":\"12.11.2001 - TPIR\/SEMANZA - SEMANZA ETAIT UN BON MAIRE, SELON UN TEMOIN DE LA DEFENSE\"}]},{\"@type\":\"WebSite\",\"@id\":\"https:\/\/www.justiceinfo.net\/fr#website\",\"url\":\"https:\/\/www.justiceinfo.net\/fr\",\"name\":\"JusticeInfo.net\",\"description\":\"La justice doit \u00eatre vue pour \u00eatre rendue\",\"publisher\":{\"@id\":\"https:\/\/www.justiceinfo.net\/fr#organization\"},\"potentialAction\":[{\"@type\":\"SearchAction\",\"target\":{\"@type\":\"EntryPoint\",\"urlTemplate\":\"https:\/\/www.justiceinfo.net\/fr?s={search_term_string}\"},\"query-input\":{\"@type\":\"PropertyValueSpecification\",\"valueRequired\":true,\"valueName\":\"search_term_string\"}}],\"inLanguage\":\"fr-FR\"},{\"@type\":\"Organization\",\"@id\":\"https:\/\/www.justiceinfo.net\/fr#organization\",\"name\":\"Justice Info\",\"url\":\"https:\/\/www.justiceinfo.net\/fr\",\"logo\":{\"@type\":\"ImageObject\",\"inLanguage\":\"fr-FR\",\"@id\":\"https:\/\/www.justiceinfo.net\/fr#\/schema\/logo\/image\/\",\"url\":\"https:\/\/www.justiceinfo.net\/wp-content\/uploads\/justiceinfo_logo-trans_1200x1200px.png\",\"contentUrl\":\"https:\/\/www.justiceinfo.net\/wp-content\/uploads\/justiceinfo_logo-trans_1200x1200px.png\",\"width\":1199,\"height\":1200,\"caption\":\"Justice Info\"},\"image\":{\"@id\":\"https:\/\/www.justiceinfo.net\/fr#\/schema\/logo\/image\/\"},\"sameAs\":[\"https:\/\/www.facebook.com\/JusticeInfo\/\",\"https:\/\/x.com\/justiceinfonet\",\"https:\/\/www.linkedin.com\/company\/justice-info\",\"https:\/\/www.youtube.com\/channel\/UCyCEsARodyuWtkWyhn-e7pA\"]},{\"@type\":\"Person\",\"name\":\"solivri\",\"url\":\"\/fr\/?s=solivri\"}]}<\/script>\n<!-- \/ Yoast SEO Premium plugin. -->","yoast_head_json":{"title":"12.11.2001 - TPIR\/SEMANZA - SEMANZA ETAIT UN BON MAIRE, SELON UN TEMOIN DE LA DEFENSE - JusticeInfo.net","robots":{"index":"index","follow":"follow","max-snippet":"max-snippet:-1","max-image-preview":"max-image-preview:large","max-video-preview":"max-video-preview:-1"},"canonical":"https:\/\/www.justiceinfo.net\/fr\/6281-12112001-tpirsemanza-semanza-etait-un-bon-maire-selon-un-temoin-de-la-defense3071.html","og_locale":"fr_FR","og_type":"article","og_title":"12.11.2001 - TPIR\/SEMANZA - SEMANZA ETAIT UN BON MAIRE, SELON UN TEMOIN DE LA DEFENSE","og_description":"Arusha, le 12 novembre, 2001 (FH) Un t\u00e9moin de la d\u00e9fense a affirm\u00e9 que l\u2019ancien maire de Bicumbi (pr\u00e9fecture de Kigali rurale, centre-est du Rwanda), Laurent Semanza, \u00e9tait exemplaire, lors de sa d\u00e9position, lundi, devant le Tribunal p\u00e9nal international pour le Rwanda (TPIR). \"Semanza s\u2019entendait bien avec la population, il ne pratiquait pas la discrimination\" [&hellip;]","og_url":"https:\/\/www.justiceinfo.net\/fr\/6281-12112001-tpirsemanza-semanza-etait-un-bon-maire-selon-un-temoin-de-la-defense3071.html","og_site_name":"JusticeInfo.net","article_publisher":"https:\/\/www.facebook.com\/JusticeInfo\/","article_published_time":"2001-11-11T23:00:00+00:00","og_image":[{"width":1200,"height":630,"url":"https:\/\/www.justiceinfo.net\/wp-content\/uploads\/JusticeInfoNet_logo_1200x630px.jpg","type":"image\/jpeg"}],"author":"solivri","twitter_card":"summary_large_image","twitter_creator":"@justiceinfonet","twitter_site":"@justiceinfonet","twitter_misc":{"\u00c9crit par":"solivri","Dur\u00e9e de lecture estim\u00e9e":"1 minute"},"schema":{"@context":"https:\/\/schema.org","@graph":[{"@type":"NewsArticle","@id":"https:\/\/www.justiceinfo.net\/fr\/6281-12112001-tpirsemanza-semanza-etait-un-bon-maire-selon-un-temoin-de-la-defense3071.html#article","isPartOf":{"@id":"https:\/\/www.justiceinfo.net\/fr\/6281-12112001-tpirsemanza-semanza-etait-un-bon-maire-selon-un-temoin-de-la-defense3071.html"},"author":{"name":"solivri","@id":"https:\/\/www.justiceinfo.net\/fr#\/schema\/person\/6e53cba1629e2e66f3fc1821d3091865"},"headline":"12.11.2001 - TPIR\/SEMANZA - SEMANZA ETAIT UN BON MAIRE, SELON UN TEMOIN DE LA DEFENSE","datePublished":"2001-11-11T23:00:00+00:00","mainEntityOfPage":{"@id":"https:\/\/www.justiceinfo.net\/fr\/6281-12112001-tpirsemanza-semanza-etait-un-bon-maire-selon-un-temoin-de-la-defense3071.html"},"wordCount":273,"commentCount":0,"publisher":{"@id":"https:\/\/www.justiceinfo.net\/fr#organization"},"articleSection":["Hirondelle News"],"inLanguage":"fr-FR","potentialAction":[{"@type":"CommentAction","name":"Comment","target":["https:\/\/www.justiceinfo.net\/fr\/6281-12112001-tpirsemanza-semanza-etait-un-bon-maire-selon-un-temoin-de-la-defense3071.html#respond"]}]},{"@type":"WebPage","@id":"https:\/\/www.justiceinfo.net\/fr\/6281-12112001-tpirsemanza-semanza-etait-un-bon-maire-selon-un-temoin-de-la-defense3071.html","url":"https:\/\/www.justiceinfo.net\/fr\/6281-12112001-tpirsemanza-semanza-etait-un-bon-maire-selon-un-temoin-de-la-defense3071.html","name":"12.11.2001 - TPIR\/SEMANZA - SEMANZA ETAIT UN BON MAIRE, SELON UN TEMOIN DE LA DEFENSE - JusticeInfo.net","isPartOf":{"@id":"https:\/\/www.justiceinfo.net\/fr#website"},"datePublished":"2001-11-11T23:00:00+00:00","breadcrumb":{"@id":"https:\/\/www.justiceinfo.net\/fr\/6281-12112001-tpirsemanza-semanza-etait-un-bon-maire-selon-un-temoin-de-la-defense3071.html#breadcrumb"},"inLanguage":"fr-FR","potentialAction":[{"@type":"ReadAction","target":["https:\/\/www.justiceinfo.net\/fr\/6281-12112001-tpirsemanza-semanza-etait-un-bon-maire-selon-un-temoin-de-la-defense3071.html"]}]},{"@type":"BreadcrumbList","@id":"https:\/\/www.justiceinfo.net\/fr\/6281-12112001-tpirsemanza-semanza-etait-un-bon-maire-selon-un-temoin-de-la-defense3071.html#breadcrumb","itemListElement":[{"@type":"ListItem","position":1,"name":"Home","item":"https:\/\/www.justiceinfo.net\/fr"},{"@type":"ListItem","position":2,"name":"12.11.2001 - TPIR\/SEMANZA - SEMANZA ETAIT UN BON MAIRE, SELON UN TEMOIN DE LA DEFENSE"}]},{"@type":"WebSite","@id":"https:\/\/www.justiceinfo.net\/fr#website","url":"https:\/\/www.justiceinfo.net\/fr","name":"JusticeInfo.net","description":"La justice doit \u00eatre vue pour \u00eatre rendue","publisher":{"@id":"https:\/\/www.justiceinfo.net\/fr#organization"},"potentialAction":[{"@type":"SearchAction","target":{"@type":"EntryPoint","urlTemplate":"https:\/\/www.justiceinfo.net\/fr?s={search_term_string}"},"query-input":{"@type":"PropertyValueSpecification","valueRequired":true,"valueName":"search_term_string"}}],"inLanguage":"fr-FR"},{"@type":"Organization","@id":"https:\/\/www.justiceinfo.net\/fr#organization","name":"Justice Info","url":"https:\/\/www.justiceinfo.net\/fr","logo":{"@type":"ImageObject","inLanguage":"fr-FR","@id":"https:\/\/www.justiceinfo.net\/fr#\/schema\/logo\/image\/","url":"https:\/\/www.justiceinfo.net\/wp-content\/uploads\/justiceinfo_logo-trans_1200x1200px.png","contentUrl":"https:\/\/www.justiceinfo.net\/wp-content\/uploads\/justiceinfo_logo-trans_1200x1200px.png","width":1199,"height":1200,"caption":"Justice Info"},"image":{"@id":"https:\/\/www.justiceinfo.net\/fr#\/schema\/logo\/image\/"},"sameAs":["https:\/\/www.facebook.com\/JusticeInfo\/","https:\/\/x.com\/justiceinfonet","https:\/\/www.linkedin.com\/company\/justice-info","https:\/\/www.youtube.com\/channel\/UCyCEsARodyuWtkWyhn-e7pA"]},{"@type":"Person","name":"solivri","url":"\/fr\/?s=solivri"}]}},"_links":{"self":[{"href":"https:\/\/www.justiceinfo.net\/fr\/wp-json\/wp\/v2\/posts\/6281","targetHints":{"allow":["GET"]}}],"collection":[{"href":"https:\/\/www.justiceinfo.net\/fr\/wp-json\/wp\/v2\/posts"}],"about":[{"href":"https:\/\/www.justiceinfo.net\/fr\/wp-json\/wp\/v2\/types\/post"}],"author":[{"embeddable":true,"href":"https:\/\/www.justiceinfo.net\/fr\/wp-json\/wp\/v2\/users\/64"}],"replies":[{"embeddable":true,"href":"https:\/\/www.justiceinfo.net\/fr\/wp-json\/wp\/v2\/comments?post=6281"}],"version-history":[{"count":0,"href":"https:\/\/www.justiceinfo.net\/fr\/wp-json\/wp\/v2\/posts\/6281\/revisions"}],"wp:attachment":[{"href":"https:\/\/www.justiceinfo.net\/fr\/wp-json\/wp\/v2\/media?parent=6281"}],"wp:term":[{"taxonomy":"category","embeddable":true,"href":"https:\/\/www.justiceinfo.net\/fr\/wp-json\/wp\/v2\/categories?post=6281"},{"taxonomy":"post_tag","embeddable":true,"href":"https:\/\/www.justiceinfo.net\/fr\/wp-json\/wp\/v2\/tags?post=6281"},{"taxonomy":"ji_location","embeddable":true,"href":"https:\/\/www.justiceinfo.net\/fr\/wp-json\/wp\/v2\/ji_location?post=6281"}],"curies":[{"name":"wp","href":"https:\/\/api.w.org\/{rel}","templated":true}]}}