{"id":6361,"date":"2001-09-28T00:00:00","date_gmt":"2001-09-27T22:00:00","guid":{"rendered":"https:\/\/www.justiceinfo.net\/6361-28092001-tpircyangugu-le-parquet-sur-le-point-de-cloturer-sa-preuve3151.html"},"modified":"2001-09-28T00:00:00","modified_gmt":"2001-09-27T22:00:00","slug":"28092001-tpircyangugu-le-parquet-sur-le-point-de-cloturer-sa-preuve3151","status":"publish","type":"post","link":"https:\/\/www.justiceinfo.net\/fr\/6361-28092001-tpircyangugu-le-parquet-sur-le-point-de-cloturer-sa-preuve3151.html","title":{"rendered":"28.09.2001 - TPIR\/CYANGUGU - LE PARQUET SUR LE POINT DE CLOTURER SA PREUVE"},"content":{"rendered":"<p  >\nArusha, le 28 septembre, 2001 (FH) - Le parquet est sur le point de cl\u00f4turer la pr\u00e9sentation de ses \u00e9l\u00e9ments de preuve dans le proc\u00e8s de trois anciens notables accus\u00e9s de g\u00e9nocide en pr\u00e9fecture de Cyangugu (sud-ouest du Rwanda), en cours devant le Tribunal p\u00e9nal international du Rwanda (TPIR).\n<\/p>\n<p  >\nl'accusation devrait citer ses deux derniers t\u00e9moins \u00e0 la reprise des d\u00e9bats le 19 novembre.\n<\/p>\n<p><!--more--><\/p>\n<p  >\nLe proc\u00e8s a \u00e9t\u00e9 suspendu mercredi dernier pour faire place \u00e0 une autre affaire jug\u00e9e devant la m\u00eame chambre.\n<\/p>\n<p  >\nA la suspension des d\u00e9bats, le parquet venait de citer quarante et un t\u00e9moins. Les t\u00e9moins restants sont tous les deux des experts. Il s'agit du professeur Lubambo et de Fran\u00e7ois-Xavier Nsanzuwera, ancien procureur de Kigali, r\u00e9sidant aujourD'hui en Belgique.\n<\/p>\n<p  >\nOuvert sur le fond le 18 septembre 2000, le proc\u00e8s du groupe Cyangugu concerne l'ancien pr\u00e9fet Emmanuel Bagambiki, l'ancien commandant de la garnison militaire de la place, le lieutenant Samuel Imanishimwe, ainsi que l'ex-ministre des transports et communications sous le gouvernement int\u00e9rimaire, originaire de cette r\u00e9gion, Andr\u00e9 Ntagerura.\n<\/p>\n<p  >\nl'accusation affirme que plus de cent mille Tutsis ont \u00e9t\u00e9 massacr\u00e9s dans la pr\u00e9fecture de Cyangugu en l'espace de vingt trois jours. Les coaccus\u00e9s se seraient entendus pour commettre le g\u00e9nocide anti-tutsi et les massacres D'opposants.\n<\/p>\n<p  >\nDes t\u00e9moins \u00e0 charge ont notamment rapport\u00e9 que l'ancien pr\u00e9fet Bagambiki aurait rassembl\u00e9 des Tutsis dans un stade puis en aurait s\u00e9lectionn\u00e9 certains, \u00e0 base de listes pr\u00e9\u00e9tablies, avant leur mise \u00e0 mort.\n<\/p>\n<p  >\nl'ancien ministre Ntagerura et l'ex-commandant Imanishimwe ont \u00e9t\u00e9 pour leur part accus\u00e9s, entre autres, de distribution D'armes aux milices civiles qui ont perp\u00e9tr\u00e9 le g\u00e9nocide.\n<\/p>\n<p  >\nUn t\u00e9moin a en particulier all\u00e9gu\u00e9 que Samuel Imanishimwe aurait pratiqu\u00e9 et encourag\u00e9 le cannibalisme. Les coaccus\u00e9s plaident non coupables.\n<\/p>\n<p  >\nLes avocats ont tent\u00e9 de d\u00e9cr\u00e9dibiliser les t\u00e9moins du parquet en relevant des incoh\u00e9rences dans leurs d\u00e9clarations, particuli\u00e8rement en ce qui concerne les lieux et les dates des \u00e9v\u00e9nements rapport\u00e9s.\n<\/p>\n<p  >\nLe parquet a eu souvent recours \u00e0 des personnes d\u00e9tenues au Rwanda et qui ont avou\u00e9 avoir pris part aux massacres, pour appuyer ses th\u00e8ses.\n<\/p>\n<p  >\nAndr\u00e9 Ntagerura est repr\u00e9sent\u00e9 par l'avocat canadien Me Henry Beno\u00eet, qui \u00e9tait auparavant co-conseil dans cette affaire. l'ancien ministre s'est s\u00e9par\u00e9 de l'avocat principal, l'Ivoirien Me Fakhy Konat\u00e9.\n<\/p>\n<p  >\nSamuel Imanishimwe est d\u00e9fendu par l'avocate camerounaise, Me Marie Louise Mbida, assist\u00e9 D'un confr\u00e8re en provenance de la R\u00e9publique d\u00e9mocratique du Congo (RDC), Me Jean-Pierre Fof\u00e9. Celui-ci a remplac\u00e9 tout r\u00e9cemment le Camerounais Me Georges So'o, d\u00e9c\u00e9d\u00e9.\n<\/p>\n<p  >\nEmmanuel Bagambiki est pour sa part repr\u00e9sent\u00e9 par l'avocat belge Me Vincent Lurquin. Il a r\u00e9cus\u00e9 le co-conseil canadien Me Luc Boutin. Emmanuel Bagambiki a \u00e9t\u00e9 \u00e0 quelques reprises autoris\u00e9 \u00e0 contre-interroger des t\u00e9moins \u00e0 la suite de Me Boutin. Me Lurquin \u00e9tait alors absent et le client avait d\u00e9j\u00e0 d\u00e9clar\u00e9 qu'il n'avait plus confiance en son co-conseil.\n<\/p>\n<p  >\nLe proc\u00e8s du groupe Cyangugu se d\u00e9roule devant la troisi\u00e8me chambre de premi\u00e8re instance du TPIR, pr\u00e9sid\u00e9e par le juge George Llyod Williams de Saint Kitts et Nevis, et comprenant en outre les juges, russe Yakov Ostrovsky et slov\u00e8ne Pavel Dolenc.\n<\/p>\n<p  >\nGA\/AT\/PHD\/FH (CY_0928a)<\/p>\n","protected":false},"excerpt":{"rendered":"<p>Arusha, le 28 septembre, 2001 (FH) - Le parquet est sur le point de cl\u00f4turer la pr\u00e9sentation de ses \u00e9l\u00e9ments de preuve dans le proc\u00e8s de trois anciens notables accus\u00e9s de g\u00e9nocide en pr\u00e9fecture de Cyangugu (sud-ouest du Rwanda), en cours devant le Tribunal p\u00e9nal international du Rwanda (TPIR). l'accusation devrait citer ses deux derniers [&hellip;]<\/p>\n","protected":false},"author":64,"featured_media":0,"comment_status":"open","ping_status":"closed","sticky":false,"template":"","format":"standard","meta":{"_acf_changed":false,"footnotes":""},"categories":[554],"tags":[],"ji_location":[],"class_list":["post-6361","post","type-post","status-publish","format-standard","hentry","category-hirondellenews"],"acf":[],"yoast_head":"<!-- This site is optimized with the Yoast SEO Premium plugin v25.3.1 (Yoast SEO v25.3.1) - https:\/\/yoast.com\/wordpress\/plugins\/seo\/ -->\n<title>28.09.2001 - TPIR\/CYANGUGU - LE PARQUET SUR LE POINT DE CLOTURER SA PREUVE - JusticeInfo.net<\/title>\n<meta name=\"robots\" content=\"index, follow, max-snippet:-1, max-image-preview:large, max-video-preview:-1\" \/>\n<link rel=\"canonical\" href=\"https:\/\/www.justiceinfo.net\/fr\/6361-28092001-tpircyangugu-le-parquet-sur-le-point-de-cloturer-sa-preuve3151.html\" \/>\n<meta property=\"og:locale\" content=\"fr_FR\" \/>\n<meta property=\"og:type\" content=\"article\" \/>\n<meta property=\"og:title\" content=\"28.09.2001 - TPIR\/CYANGUGU - LE PARQUET SUR LE POINT DE CLOTURER SA PREUVE\" \/>\n<meta property=\"og:description\" content=\"Arusha, le 28 septembre, 2001 (FH) - Le parquet est sur le point de cl\u00f4turer la pr\u00e9sentation de ses \u00e9l\u00e9ments de preuve dans le proc\u00e8s de trois anciens notables accus\u00e9s de g\u00e9nocide en pr\u00e9fecture de Cyangugu (sud-ouest du Rwanda), en cours devant le Tribunal p\u00e9nal international du Rwanda (TPIR). l&#039;accusation devrait citer ses deux derniers [&hellip;]\" \/>\n<meta property=\"og:url\" content=\"https:\/\/www.justiceinfo.net\/fr\/6361-28092001-tpircyangugu-le-parquet-sur-le-point-de-cloturer-sa-preuve3151.html\" \/>\n<meta property=\"og:site_name\" content=\"JusticeInfo.net\" \/>\n<meta property=\"article:publisher\" content=\"https:\/\/www.facebook.com\/JusticeInfo\/\" \/>\n<meta property=\"article:published_time\" content=\"2001-09-27T22:00:00+00:00\" \/>\n<meta property=\"og:image\" content=\"https:\/\/www.justiceinfo.net\/wp-content\/uploads\/JusticeInfoNet_logo_1200x630px.jpg\" \/>\n\t<meta property=\"og:image:width\" content=\"1200\" \/>\n\t<meta property=\"og:image:height\" content=\"630\" \/>\n\t<meta property=\"og:image:type\" content=\"image\/jpeg\" \/>\n<meta name=\"author\" content=\"solivri\" \/>\n<meta name=\"twitter:card\" content=\"summary_large_image\" \/>\n<meta name=\"twitter:creator\" content=\"@justiceinfonet\" \/>\n<meta name=\"twitter:site\" content=\"@justiceinfonet\" \/>\n<meta name=\"twitter:label1\" content=\"\u00c9crit par\" \/>\n\t<meta name=\"twitter:data1\" content=\"solivri\" \/>\n\t<meta name=\"twitter:label2\" content=\"Dur\u00e9e de lecture estim\u00e9e\" \/>\n\t<meta name=\"twitter:data2\" content=\"3 minutes\" \/>\n<script type=\"application\/ld+json\" class=\"yoast-schema-graph\">{\"@context\":\"https:\/\/schema.org\",\"@graph\":[{\"@type\":\"NewsArticle\",\"@id\":\"https:\/\/www.justiceinfo.net\/fr\/6361-28092001-tpircyangugu-le-parquet-sur-le-point-de-cloturer-sa-preuve3151.html#article\",\"isPartOf\":{\"@id\":\"https:\/\/www.justiceinfo.net\/fr\/6361-28092001-tpircyangugu-le-parquet-sur-le-point-de-cloturer-sa-preuve3151.html\"},\"author\":{\"name\":\"solivri\",\"@id\":\"https:\/\/www.justiceinfo.net\/fr#\/schema\/person\/6e53cba1629e2e66f3fc1821d3091865\"},\"headline\":\"28.09.2001 - TPIR\/CYANGUGU - LE PARQUET SUR LE POINT DE CLOTURER SA PREUVE\",\"datePublished\":\"2001-09-27T22:00:00+00:00\",\"mainEntityOfPage\":{\"@id\":\"https:\/\/www.justiceinfo.net\/fr\/6361-28092001-tpircyangugu-le-parquet-sur-le-point-de-cloturer-sa-preuve3151.html\"},\"wordCount\":601,\"commentCount\":0,\"publisher\":{\"@id\":\"https:\/\/www.justiceinfo.net\/fr#organization\"},\"articleSection\":[\"Hirondelle News\"],\"inLanguage\":\"fr-FR\",\"potentialAction\":[{\"@type\":\"CommentAction\",\"name\":\"Comment\",\"target\":[\"https:\/\/www.justiceinfo.net\/fr\/6361-28092001-tpircyangugu-le-parquet-sur-le-point-de-cloturer-sa-preuve3151.html#respond\"]}]},{\"@type\":\"WebPage\",\"@id\":\"https:\/\/www.justiceinfo.net\/fr\/6361-28092001-tpircyangugu-le-parquet-sur-le-point-de-cloturer-sa-preuve3151.html\",\"url\":\"https:\/\/www.justiceinfo.net\/fr\/6361-28092001-tpircyangugu-le-parquet-sur-le-point-de-cloturer-sa-preuve3151.html\",\"name\":\"28.09.2001 - TPIR\/CYANGUGU - LE PARQUET SUR LE POINT DE CLOTURER SA PREUVE - JusticeInfo.net\",\"isPartOf\":{\"@id\":\"https:\/\/www.justiceinfo.net\/fr#website\"},\"datePublished\":\"2001-09-27T22:00:00+00:00\",\"breadcrumb\":{\"@id\":\"https:\/\/www.justiceinfo.net\/fr\/6361-28092001-tpircyangugu-le-parquet-sur-le-point-de-cloturer-sa-preuve3151.html#breadcrumb\"},\"inLanguage\":\"fr-FR\",\"potentialAction\":[{\"@type\":\"ReadAction\",\"target\":[\"https:\/\/www.justiceinfo.net\/fr\/6361-28092001-tpircyangugu-le-parquet-sur-le-point-de-cloturer-sa-preuve3151.html\"]}]},{\"@type\":\"BreadcrumbList\",\"@id\":\"https:\/\/www.justiceinfo.net\/fr\/6361-28092001-tpircyangugu-le-parquet-sur-le-point-de-cloturer-sa-preuve3151.html#breadcrumb\",\"itemListElement\":[{\"@type\":\"ListItem\",\"position\":1,\"name\":\"Home\",\"item\":\"https:\/\/www.justiceinfo.net\/fr\"},{\"@type\":\"ListItem\",\"position\":2,\"name\":\"28.09.2001 - TPIR\/CYANGUGU - LE PARQUET SUR LE POINT DE CLOTURER SA PREUVE\"}]},{\"@type\":\"WebSite\",\"@id\":\"https:\/\/www.justiceinfo.net\/fr#website\",\"url\":\"https:\/\/www.justiceinfo.net\/fr\",\"name\":\"JusticeInfo.net\",\"description\":\"La justice doit \u00eatre vue pour \u00eatre rendue\",\"publisher\":{\"@id\":\"https:\/\/www.justiceinfo.net\/fr#organization\"},\"potentialAction\":[{\"@type\":\"SearchAction\",\"target\":{\"@type\":\"EntryPoint\",\"urlTemplate\":\"https:\/\/www.justiceinfo.net\/fr?s={search_term_string}\"},\"query-input\":{\"@type\":\"PropertyValueSpecification\",\"valueRequired\":true,\"valueName\":\"search_term_string\"}}],\"inLanguage\":\"fr-FR\"},{\"@type\":\"Organization\",\"@id\":\"https:\/\/www.justiceinfo.net\/fr#organization\",\"name\":\"Justice Info\",\"url\":\"https:\/\/www.justiceinfo.net\/fr\",\"logo\":{\"@type\":\"ImageObject\",\"inLanguage\":\"fr-FR\",\"@id\":\"https:\/\/www.justiceinfo.net\/fr#\/schema\/logo\/image\/\",\"url\":\"https:\/\/www.justiceinfo.net\/wp-content\/uploads\/justiceinfo_logo-trans_1200x1200px.png\",\"contentUrl\":\"https:\/\/www.justiceinfo.net\/wp-content\/uploads\/justiceinfo_logo-trans_1200x1200px.png\",\"width\":1199,\"height\":1200,\"caption\":\"Justice Info\"},\"image\":{\"@id\":\"https:\/\/www.justiceinfo.net\/fr#\/schema\/logo\/image\/\"},\"sameAs\":[\"https:\/\/www.facebook.com\/JusticeInfo\/\",\"https:\/\/x.com\/justiceinfonet\",\"https:\/\/www.linkedin.com\/company\/justice-info\",\"https:\/\/www.youtube.com\/channel\/UCyCEsARodyuWtkWyhn-e7pA\"]},{\"@type\":\"Person\",\"name\":\"solivri\",\"url\":\"\/fr\/?s=solivri\"}]}<\/script>\n<!-- \/ Yoast SEO Premium plugin. -->","yoast_head_json":{"title":"28.09.2001 - TPIR\/CYANGUGU - LE PARQUET SUR LE POINT DE CLOTURER SA PREUVE - JusticeInfo.net","robots":{"index":"index","follow":"follow","max-snippet":"max-snippet:-1","max-image-preview":"max-image-preview:large","max-video-preview":"max-video-preview:-1"},"canonical":"https:\/\/www.justiceinfo.net\/fr\/6361-28092001-tpircyangugu-le-parquet-sur-le-point-de-cloturer-sa-preuve3151.html","og_locale":"fr_FR","og_type":"article","og_title":"28.09.2001 - TPIR\/CYANGUGU - LE PARQUET SUR LE POINT DE CLOTURER SA PREUVE","og_description":"Arusha, le 28 septembre, 2001 (FH) - Le parquet est sur le point de cl\u00f4turer la pr\u00e9sentation de ses \u00e9l\u00e9ments de preuve dans le proc\u00e8s de trois anciens notables accus\u00e9s de g\u00e9nocide en pr\u00e9fecture de Cyangugu (sud-ouest du Rwanda), en cours devant le Tribunal p\u00e9nal international du Rwanda (TPIR). l'accusation devrait citer ses deux derniers [&hellip;]","og_url":"https:\/\/www.justiceinfo.net\/fr\/6361-28092001-tpircyangugu-le-parquet-sur-le-point-de-cloturer-sa-preuve3151.html","og_site_name":"JusticeInfo.net","article_publisher":"https:\/\/www.facebook.com\/JusticeInfo\/","article_published_time":"2001-09-27T22:00:00+00:00","og_image":[{"width":1200,"height":630,"url":"https:\/\/www.justiceinfo.net\/wp-content\/uploads\/JusticeInfoNet_logo_1200x630px.jpg","type":"image\/jpeg"}],"author":"solivri","twitter_card":"summary_large_image","twitter_creator":"@justiceinfonet","twitter_site":"@justiceinfonet","twitter_misc":{"\u00c9crit par":"solivri","Dur\u00e9e de lecture estim\u00e9e":"3 minutes"},"schema":{"@context":"https:\/\/schema.org","@graph":[{"@type":"NewsArticle","@id":"https:\/\/www.justiceinfo.net\/fr\/6361-28092001-tpircyangugu-le-parquet-sur-le-point-de-cloturer-sa-preuve3151.html#article","isPartOf":{"@id":"https:\/\/www.justiceinfo.net\/fr\/6361-28092001-tpircyangugu-le-parquet-sur-le-point-de-cloturer-sa-preuve3151.html"},"author":{"name":"solivri","@id":"https:\/\/www.justiceinfo.net\/fr#\/schema\/person\/6e53cba1629e2e66f3fc1821d3091865"},"headline":"28.09.2001 - TPIR\/CYANGUGU - LE PARQUET SUR LE POINT DE CLOTURER SA PREUVE","datePublished":"2001-09-27T22:00:00+00:00","mainEntityOfPage":{"@id":"https:\/\/www.justiceinfo.net\/fr\/6361-28092001-tpircyangugu-le-parquet-sur-le-point-de-cloturer-sa-preuve3151.html"},"wordCount":601,"commentCount":0,"publisher":{"@id":"https:\/\/www.justiceinfo.net\/fr#organization"},"articleSection":["Hirondelle News"],"inLanguage":"fr-FR","potentialAction":[{"@type":"CommentAction","name":"Comment","target":["https:\/\/www.justiceinfo.net\/fr\/6361-28092001-tpircyangugu-le-parquet-sur-le-point-de-cloturer-sa-preuve3151.html#respond"]}]},{"@type":"WebPage","@id":"https:\/\/www.justiceinfo.net\/fr\/6361-28092001-tpircyangugu-le-parquet-sur-le-point-de-cloturer-sa-preuve3151.html","url":"https:\/\/www.justiceinfo.net\/fr\/6361-28092001-tpircyangugu-le-parquet-sur-le-point-de-cloturer-sa-preuve3151.html","name":"28.09.2001 - TPIR\/CYANGUGU - LE PARQUET SUR LE POINT DE CLOTURER SA PREUVE - JusticeInfo.net","isPartOf":{"@id":"https:\/\/www.justiceinfo.net\/fr#website"},"datePublished":"2001-09-27T22:00:00+00:00","breadcrumb":{"@id":"https:\/\/www.justiceinfo.net\/fr\/6361-28092001-tpircyangugu-le-parquet-sur-le-point-de-cloturer-sa-preuve3151.html#breadcrumb"},"inLanguage":"fr-FR","potentialAction":[{"@type":"ReadAction","target":["https:\/\/www.justiceinfo.net\/fr\/6361-28092001-tpircyangugu-le-parquet-sur-le-point-de-cloturer-sa-preuve3151.html"]}]},{"@type":"BreadcrumbList","@id":"https:\/\/www.justiceinfo.net\/fr\/6361-28092001-tpircyangugu-le-parquet-sur-le-point-de-cloturer-sa-preuve3151.html#breadcrumb","itemListElement":[{"@type":"ListItem","position":1,"name":"Home","item":"https:\/\/www.justiceinfo.net\/fr"},{"@type":"ListItem","position":2,"name":"28.09.2001 - TPIR\/CYANGUGU - LE PARQUET SUR LE POINT DE CLOTURER SA PREUVE"}]},{"@type":"WebSite","@id":"https:\/\/www.justiceinfo.net\/fr#website","url":"https:\/\/www.justiceinfo.net\/fr","name":"JusticeInfo.net","description":"La justice doit \u00eatre vue pour \u00eatre rendue","publisher":{"@id":"https:\/\/www.justiceinfo.net\/fr#organization"},"potentialAction":[{"@type":"SearchAction","target":{"@type":"EntryPoint","urlTemplate":"https:\/\/www.justiceinfo.net\/fr?s={search_term_string}"},"query-input":{"@type":"PropertyValueSpecification","valueRequired":true,"valueName":"search_term_string"}}],"inLanguage":"fr-FR"},{"@type":"Organization","@id":"https:\/\/www.justiceinfo.net\/fr#organization","name":"Justice Info","url":"https:\/\/www.justiceinfo.net\/fr","logo":{"@type":"ImageObject","inLanguage":"fr-FR","@id":"https:\/\/www.justiceinfo.net\/fr#\/schema\/logo\/image\/","url":"https:\/\/www.justiceinfo.net\/wp-content\/uploads\/justiceinfo_logo-trans_1200x1200px.png","contentUrl":"https:\/\/www.justiceinfo.net\/wp-content\/uploads\/justiceinfo_logo-trans_1200x1200px.png","width":1199,"height":1200,"caption":"Justice Info"},"image":{"@id":"https:\/\/www.justiceinfo.net\/fr#\/schema\/logo\/image\/"},"sameAs":["https:\/\/www.facebook.com\/JusticeInfo\/","https:\/\/x.com\/justiceinfonet","https:\/\/www.linkedin.com\/company\/justice-info","https:\/\/www.youtube.com\/channel\/UCyCEsARodyuWtkWyhn-e7pA"]},{"@type":"Person","name":"solivri","url":"\/fr\/?s=solivri"}]}},"_links":{"self":[{"href":"https:\/\/www.justiceinfo.net\/fr\/wp-json\/wp\/v2\/posts\/6361","targetHints":{"allow":["GET"]}}],"collection":[{"href":"https:\/\/www.justiceinfo.net\/fr\/wp-json\/wp\/v2\/posts"}],"about":[{"href":"https:\/\/www.justiceinfo.net\/fr\/wp-json\/wp\/v2\/types\/post"}],"author":[{"embeddable":true,"href":"https:\/\/www.justiceinfo.net\/fr\/wp-json\/wp\/v2\/users\/64"}],"replies":[{"embeddable":true,"href":"https:\/\/www.justiceinfo.net\/fr\/wp-json\/wp\/v2\/comments?post=6361"}],"version-history":[{"count":0,"href":"https:\/\/www.justiceinfo.net\/fr\/wp-json\/wp\/v2\/posts\/6361\/revisions"}],"wp:attachment":[{"href":"https:\/\/www.justiceinfo.net\/fr\/wp-json\/wp\/v2\/media?parent=6361"}],"wp:term":[{"taxonomy":"category","embeddable":true,"href":"https:\/\/www.justiceinfo.net\/fr\/wp-json\/wp\/v2\/categories?post=6361"},{"taxonomy":"post_tag","embeddable":true,"href":"https:\/\/www.justiceinfo.net\/fr\/wp-json\/wp\/v2\/tags?post=6361"},{"taxonomy":"ji_location","embeddable":true,"href":"https:\/\/www.justiceinfo.net\/fr\/wp-json\/wp\/v2\/ji_location?post=6361"}],"curies":[{"name":"wp","href":"https:\/\/api.w.org\/{rel}","templated":true}]}}