{"id":6417,"date":"2001-09-18T00:00:00","date_gmt":"2001-09-17T22:00:00","guid":{"rendered":"https:\/\/www.justiceinfo.net\/6417-18092001-tpirkamuhanda-proces-reporte-dune-journee-suite-a-la-maladie-dun-avocat3207.html"},"modified":"2001-09-18T00:00:00","modified_gmt":"2001-09-17T22:00:00","slug":"18092001-tpirkamuhanda-proces-reporte-dune-journee-suite-a-la-maladie-dun-avocat3207","status":"publish","type":"post","link":"https:\/\/www.justiceinfo.net\/fr\/6417-18092001-tpirkamuhanda-proces-reporte-dune-journee-suite-a-la-maladie-dun-avocat3207.html","title":{"rendered":"18.09.2001 - TPIR\/KAMUHANDA - PROCES REPORTE D'UNE JOURNEE SUITE A LA MALADIE D'UN AVOCAT"},"content":{"rendered":"<p  >\nArusha 18 septembre 2001(FH)- Le proc\u00e8s de l'ex-ministre de l'enseignement sup\u00e9rieur, de la recherche scientifique et de la culture au sein du gouvernement int\u00e9rimaire, Jean de Dieu Kamuhanda, a \u00e9t\u00e9 ajourn\u00e9 jusqu'\u00e0 mercredi matin, suite \u00e0 l'\u00e9tat de sant\u00e9 de l'avocate principale, la Guin\u00e9enne Me Aicha Cond\u00e9.\n<\/p>\n<p  >\n\"Je suis dans un \u00e9tat qui ne m'a pas permis de me concentrer au cours de l'interrogatoire principal, et je ne saurais mener mon contre-interrogatoire directement\" a d\u00e9clar\u00e9 mardi matin Me Cond\u00e9, demandant que le proc\u00e8s soit report\u00e9 D'une journ\u00e9e.\n<\/p>\n<p><!--more--><\/p>\n<p  >\nMe Cond\u00e9 avait d\u00e9j\u00e0 signal\u00e9 ses probl\u00e8mes de sant\u00e9 lundi apr\u00e8s-midi. Elle est assist\u00e9e de la Britannique Me Grace Amakye. Les deux avocates contre-interrogent alternativement les t\u00e9moins du parquet. Me Amakye avait contre-interrog\u00e9 le septi\u00e8me t\u00e9moin de l'accusation qui a termin\u00e9 sa d\u00e9position lundi et c'\u00e9tait le tour de l'avocate principale de tester la cr\u00e9dibilit\u00e9 du t\u00e9moin suivant.\n<\/p>\n<p  >\nD\u00e9nomm\u00e9\" GEE\" pour prot\u00e9ger son anonymat, le t\u00e9moin a affirm\u00e9 qu'un jour D'avril 1994, l'accus\u00e9 serait arriv\u00e9 \u00e0 la paroisse protestante de Gikomero (pr\u00e9fecture de Kigali rural, centre du Rwanda), en compagnie de policiers et de militaires, \u00e0 bord D'une camionnette de couleur blanche.\n<\/p>\n<p  >\n\" Quand son v\u00e9hicule est arriv\u00e9, les r\u00e9fugi\u00e9s se sont \u00e9cri\u00e9s en disant : nous allons mourir, Kamuhanda arrive!' C'est ainsi que J'ai su qu'il s'agissait de lui\" a dit M GEE. \"Il est sorti de son v\u00e9hicule, je l'ai vu. C'est dans cette localit\u00e9 que je l'ai connu, c'est la premi\u00e8re fois que je l'ai vu\" a poursuivi le t\u00e9moin, \u00e0 qui il n'a pas \u00e9t\u00e9 demand\u00e9 D'identifier l'accus\u00e9 au pr\u00e9toire contrairement aux habitudes.\n<\/p>\n<p  >\nM. GEE, arriv\u00e9 \u00e0 Gikomero en qu\u00eate de refuge apr\u00e8s avoir \u00e9t\u00e9 d\u00e9log\u00e9 \u00e0 plusieurs endroits par des miliciens, a affirm\u00e9 qu'environ quatre cent r\u00e9fugi\u00e9s Tutsis avaient cherch\u00e9 refuge \u00e0 la paroisse de Gikomero, et qu'il en \u00e9tait le seul survivant, apr\u00e8s avoir pass\u00e9 la nuit parmi les victimes. \"Je ne connais pas un seul qui ait surv\u00e9cu \u00e0 Gikomero\" a-t-il affirm\u00e9.\n<\/p>\n<p  >\nLe t\u00e9moin pr\u00e9c\u00e9dent avait \u00e9valu\u00e9 \u00e0 trois mille les r\u00e9fugi\u00e9s tutsis \u00e0 Gikomero, et avait affirm\u00e9 qu'environ un millier avait p\u00e9ri sur place tandis que le reste avait fui \"pour malheureusement aller \u00eatre tu\u00e9 ailleurs\".\n<\/p>\n<p  >\nCe t\u00e9moin avait \u00e9galement chiffr\u00e9 \u00e0 quatre v\u00e9hicules le convoi dont faisait partie Kamuhanda, mais M. GEE a indiqu\u00e9 que le v\u00e9hicule de l'accus\u00e9 \u00e9tait suivi de deux autres v\u00e9hicules. Il ne lui a pas \u00e9t\u00e9 demand\u00e9 de d\u00e9crire ces v\u00e9hicules. l'interrogatoire principal a \u00e9t\u00e9 men\u00e9 par le repr\u00e9sentant nig\u00e9rian du parquet Ibukunolu Babajide. M. GEE ne sait ni lire ni \u00e9crire, a-t-il indiqu\u00e9.\n<\/p>\n<p  >\nLe proc\u00e8s se d\u00e9roule devant la deuxi\u00e8me chambre de premi\u00e8re instance du Tribunal p\u00e9nal international pour le Rwanda (TPIR) pr\u00e9sid\u00e9e par le juge tanzanien, William Hussein Sekule, et compos\u00e9e en outre des juges Arlette Ramaroson de Madagascar, et Winston Churchill.Matanzima Maqutu du Lesotho.\n<\/p>\n<p  >\nBN\/AT\/PHD7FH(KH_0918A)<\/p>\n","protected":false},"excerpt":{"rendered":"<p>Arusha 18 septembre 2001(FH)- Le proc\u00e8s de l'ex-ministre de l'enseignement sup\u00e9rieur, de la recherche scientifique et de la culture au sein du gouvernement int\u00e9rimaire, Jean de Dieu Kamuhanda, a \u00e9t\u00e9 ajourn\u00e9 jusqu'\u00e0 mercredi matin, suite \u00e0 l'\u00e9tat de sant\u00e9 de l'avocate principale, la Guin\u00e9enne Me Aicha Cond\u00e9. \"Je suis dans un \u00e9tat qui ne m'a [&hellip;]<\/p>\n","protected":false},"author":64,"featured_media":0,"comment_status":"open","ping_status":"closed","sticky":false,"template":"","format":"standard","meta":{"_acf_changed":false,"footnotes":""},"categories":[554],"tags":[],"ji_location":[],"class_list":["post-6417","post","type-post","status-publish","format-standard","hentry","category-hirondellenews"],"acf":[],"yoast_head":"<!-- This site is optimized with the Yoast SEO Premium plugin v25.3.1 (Yoast SEO v25.3.1) - https:\/\/yoast.com\/wordpress\/plugins\/seo\/ -->\n<title>18.09.2001 - TPIR\/KAMUHANDA - PROCES REPORTE D&#039;UNE JOURNEE SUITE A LA MALADIE D&#039;UN AVOCAT - JusticeInfo.net<\/title>\n<meta name=\"robots\" content=\"index, follow, max-snippet:-1, max-image-preview:large, max-video-preview:-1\" \/>\n<link rel=\"canonical\" href=\"https:\/\/www.justiceinfo.net\/fr\/6417-18092001-tpirkamuhanda-proces-reporte-dune-journee-suite-a-la-maladie-dun-avocat3207.html\" \/>\n<meta property=\"og:locale\" content=\"fr_FR\" \/>\n<meta property=\"og:type\" content=\"article\" \/>\n<meta property=\"og:title\" content=\"18.09.2001 - TPIR\/KAMUHANDA - PROCES REPORTE D&#039;UNE JOURNEE SUITE A LA MALADIE D&#039;UN AVOCAT\" \/>\n<meta property=\"og:description\" content=\"Arusha 18 septembre 2001(FH)- Le proc\u00e8s de l&#039;ex-ministre de l&#039;enseignement sup\u00e9rieur, de la recherche scientifique et de la culture au sein du gouvernement int\u00e9rimaire, Jean de Dieu Kamuhanda, a \u00e9t\u00e9 ajourn\u00e9 jusqu&#039;\u00e0 mercredi matin, suite \u00e0 l&#039;\u00e9tat de sant\u00e9 de l&#039;avocate principale, la Guin\u00e9enne Me Aicha Cond\u00e9. &quot;Je suis dans un \u00e9tat qui ne m&#039;a [&hellip;]\" \/>\n<meta property=\"og:url\" content=\"https:\/\/www.justiceinfo.net\/fr\/6417-18092001-tpirkamuhanda-proces-reporte-dune-journee-suite-a-la-maladie-dun-avocat3207.html\" \/>\n<meta property=\"og:site_name\" content=\"JusticeInfo.net\" \/>\n<meta property=\"article:publisher\" content=\"https:\/\/www.facebook.com\/JusticeInfo\/\" \/>\n<meta property=\"article:published_time\" content=\"2001-09-17T22:00:00+00:00\" \/>\n<meta property=\"og:image\" content=\"https:\/\/www.justiceinfo.net\/wp-content\/uploads\/JusticeInfoNet_logo_1200x630px.jpg\" \/>\n\t<meta property=\"og:image:width\" content=\"1200\" \/>\n\t<meta property=\"og:image:height\" content=\"630\" \/>\n\t<meta property=\"og:image:type\" content=\"image\/jpeg\" \/>\n<meta name=\"author\" content=\"solivri\" \/>\n<meta name=\"twitter:card\" content=\"summary_large_image\" \/>\n<meta name=\"twitter:creator\" content=\"@justiceinfonet\" \/>\n<meta name=\"twitter:site\" content=\"@justiceinfonet\" \/>\n<meta name=\"twitter:label1\" content=\"\u00c9crit par\" \/>\n\t<meta name=\"twitter:data1\" content=\"solivri\" \/>\n\t<meta name=\"twitter:label2\" content=\"Dur\u00e9e de lecture estim\u00e9e\" \/>\n\t<meta name=\"twitter:data2\" content=\"3 minutes\" \/>\n<script type=\"application\/ld+json\" class=\"yoast-schema-graph\">{\"@context\":\"https:\/\/schema.org\",\"@graph\":[{\"@type\":\"NewsArticle\",\"@id\":\"https:\/\/www.justiceinfo.net\/fr\/6417-18092001-tpirkamuhanda-proces-reporte-dune-journee-suite-a-la-maladie-dun-avocat3207.html#article\",\"isPartOf\":{\"@id\":\"https:\/\/www.justiceinfo.net\/fr\/6417-18092001-tpirkamuhanda-proces-reporte-dune-journee-suite-a-la-maladie-dun-avocat3207.html\"},\"author\":{\"name\":\"solivri\",\"@id\":\"https:\/\/www.justiceinfo.net\/fr#\/schema\/person\/6e53cba1629e2e66f3fc1821d3091865\"},\"headline\":\"18.09.2001 - TPIR\/KAMUHANDA - PROCES REPORTE D'UNE JOURNEE SUITE A LA MALADIE D'UN AVOCAT\",\"datePublished\":\"2001-09-17T22:00:00+00:00\",\"mainEntityOfPage\":{\"@id\":\"https:\/\/www.justiceinfo.net\/fr\/6417-18092001-tpirkamuhanda-proces-reporte-dune-journee-suite-a-la-maladie-dun-avocat3207.html\"},\"wordCount\":566,\"commentCount\":0,\"publisher\":{\"@id\":\"https:\/\/www.justiceinfo.net\/fr#organization\"},\"articleSection\":[\"Hirondelle News\"],\"inLanguage\":\"fr-FR\",\"potentialAction\":[{\"@type\":\"CommentAction\",\"name\":\"Comment\",\"target\":[\"https:\/\/www.justiceinfo.net\/fr\/6417-18092001-tpirkamuhanda-proces-reporte-dune-journee-suite-a-la-maladie-dun-avocat3207.html#respond\"]}]},{\"@type\":\"WebPage\",\"@id\":\"https:\/\/www.justiceinfo.net\/fr\/6417-18092001-tpirkamuhanda-proces-reporte-dune-journee-suite-a-la-maladie-dun-avocat3207.html\",\"url\":\"https:\/\/www.justiceinfo.net\/fr\/6417-18092001-tpirkamuhanda-proces-reporte-dune-journee-suite-a-la-maladie-dun-avocat3207.html\",\"name\":\"18.09.2001 - TPIR\/KAMUHANDA - PROCES REPORTE D'UNE JOURNEE SUITE A LA MALADIE D'UN AVOCAT - JusticeInfo.net\",\"isPartOf\":{\"@id\":\"https:\/\/www.justiceinfo.net\/fr#website\"},\"datePublished\":\"2001-09-17T22:00:00+00:00\",\"breadcrumb\":{\"@id\":\"https:\/\/www.justiceinfo.net\/fr\/6417-18092001-tpirkamuhanda-proces-reporte-dune-journee-suite-a-la-maladie-dun-avocat3207.html#breadcrumb\"},\"inLanguage\":\"fr-FR\",\"potentialAction\":[{\"@type\":\"ReadAction\",\"target\":[\"https:\/\/www.justiceinfo.net\/fr\/6417-18092001-tpirkamuhanda-proces-reporte-dune-journee-suite-a-la-maladie-dun-avocat3207.html\"]}]},{\"@type\":\"BreadcrumbList\",\"@id\":\"https:\/\/www.justiceinfo.net\/fr\/6417-18092001-tpirkamuhanda-proces-reporte-dune-journee-suite-a-la-maladie-dun-avocat3207.html#breadcrumb\",\"itemListElement\":[{\"@type\":\"ListItem\",\"position\":1,\"name\":\"Home\",\"item\":\"https:\/\/www.justiceinfo.net\/fr\"},{\"@type\":\"ListItem\",\"position\":2,\"name\":\"18.09.2001 - TPIR\/KAMUHANDA - PROCES REPORTE D'UNE JOURNEE SUITE A LA MALADIE D'UN AVOCAT\"}]},{\"@type\":\"WebSite\",\"@id\":\"https:\/\/www.justiceinfo.net\/fr#website\",\"url\":\"https:\/\/www.justiceinfo.net\/fr\",\"name\":\"JusticeInfo.net\",\"description\":\"La justice doit \u00eatre vue pour \u00eatre rendue\",\"publisher\":{\"@id\":\"https:\/\/www.justiceinfo.net\/fr#organization\"},\"potentialAction\":[{\"@type\":\"SearchAction\",\"target\":{\"@type\":\"EntryPoint\",\"urlTemplate\":\"https:\/\/www.justiceinfo.net\/fr?s={search_term_string}\"},\"query-input\":{\"@type\":\"PropertyValueSpecification\",\"valueRequired\":true,\"valueName\":\"search_term_string\"}}],\"inLanguage\":\"fr-FR\"},{\"@type\":\"Organization\",\"@id\":\"https:\/\/www.justiceinfo.net\/fr#organization\",\"name\":\"Justice Info\",\"url\":\"https:\/\/www.justiceinfo.net\/fr\",\"logo\":{\"@type\":\"ImageObject\",\"inLanguage\":\"fr-FR\",\"@id\":\"https:\/\/www.justiceinfo.net\/fr#\/schema\/logo\/image\/\",\"url\":\"https:\/\/www.justiceinfo.net\/wp-content\/uploads\/justiceinfo_logo-trans_1200x1200px.png\",\"contentUrl\":\"https:\/\/www.justiceinfo.net\/wp-content\/uploads\/justiceinfo_logo-trans_1200x1200px.png\",\"width\":1199,\"height\":1200,\"caption\":\"Justice Info\"},\"image\":{\"@id\":\"https:\/\/www.justiceinfo.net\/fr#\/schema\/logo\/image\/\"},\"sameAs\":[\"https:\/\/www.facebook.com\/JusticeInfo\/\",\"https:\/\/x.com\/justiceinfonet\",\"https:\/\/www.linkedin.com\/company\/justice-info\",\"https:\/\/www.youtube.com\/channel\/UCyCEsARodyuWtkWyhn-e7pA\"]},{\"@type\":\"Person\",\"name\":\"solivri\",\"url\":\"\/fr\/?s=solivri\"}]}<\/script>\n<!-- \/ Yoast SEO Premium plugin. -->","yoast_head_json":{"title":"18.09.2001 - TPIR\/KAMUHANDA - PROCES REPORTE D'UNE JOURNEE SUITE A LA MALADIE D'UN AVOCAT - JusticeInfo.net","robots":{"index":"index","follow":"follow","max-snippet":"max-snippet:-1","max-image-preview":"max-image-preview:large","max-video-preview":"max-video-preview:-1"},"canonical":"https:\/\/www.justiceinfo.net\/fr\/6417-18092001-tpirkamuhanda-proces-reporte-dune-journee-suite-a-la-maladie-dun-avocat3207.html","og_locale":"fr_FR","og_type":"article","og_title":"18.09.2001 - TPIR\/KAMUHANDA - PROCES REPORTE D'UNE JOURNEE SUITE A LA MALADIE D'UN AVOCAT","og_description":"Arusha 18 septembre 2001(FH)- Le proc\u00e8s de l'ex-ministre de l'enseignement sup\u00e9rieur, de la recherche scientifique et de la culture au sein du gouvernement int\u00e9rimaire, Jean de Dieu Kamuhanda, a \u00e9t\u00e9 ajourn\u00e9 jusqu'\u00e0 mercredi matin, suite \u00e0 l'\u00e9tat de sant\u00e9 de l'avocate principale, la Guin\u00e9enne Me Aicha Cond\u00e9. \"Je suis dans un \u00e9tat qui ne m'a [&hellip;]","og_url":"https:\/\/www.justiceinfo.net\/fr\/6417-18092001-tpirkamuhanda-proces-reporte-dune-journee-suite-a-la-maladie-dun-avocat3207.html","og_site_name":"JusticeInfo.net","article_publisher":"https:\/\/www.facebook.com\/JusticeInfo\/","article_published_time":"2001-09-17T22:00:00+00:00","og_image":[{"width":1200,"height":630,"url":"https:\/\/www.justiceinfo.net\/wp-content\/uploads\/JusticeInfoNet_logo_1200x630px.jpg","type":"image\/jpeg"}],"author":"solivri","twitter_card":"summary_large_image","twitter_creator":"@justiceinfonet","twitter_site":"@justiceinfonet","twitter_misc":{"\u00c9crit par":"solivri","Dur\u00e9e de lecture estim\u00e9e":"3 minutes"},"schema":{"@context":"https:\/\/schema.org","@graph":[{"@type":"NewsArticle","@id":"https:\/\/www.justiceinfo.net\/fr\/6417-18092001-tpirkamuhanda-proces-reporte-dune-journee-suite-a-la-maladie-dun-avocat3207.html#article","isPartOf":{"@id":"https:\/\/www.justiceinfo.net\/fr\/6417-18092001-tpirkamuhanda-proces-reporte-dune-journee-suite-a-la-maladie-dun-avocat3207.html"},"author":{"name":"solivri","@id":"https:\/\/www.justiceinfo.net\/fr#\/schema\/person\/6e53cba1629e2e66f3fc1821d3091865"},"headline":"18.09.2001 - TPIR\/KAMUHANDA - PROCES REPORTE D'UNE JOURNEE SUITE A LA MALADIE D'UN AVOCAT","datePublished":"2001-09-17T22:00:00+00:00","mainEntityOfPage":{"@id":"https:\/\/www.justiceinfo.net\/fr\/6417-18092001-tpirkamuhanda-proces-reporte-dune-journee-suite-a-la-maladie-dun-avocat3207.html"},"wordCount":566,"commentCount":0,"publisher":{"@id":"https:\/\/www.justiceinfo.net\/fr#organization"},"articleSection":["Hirondelle News"],"inLanguage":"fr-FR","potentialAction":[{"@type":"CommentAction","name":"Comment","target":["https:\/\/www.justiceinfo.net\/fr\/6417-18092001-tpirkamuhanda-proces-reporte-dune-journee-suite-a-la-maladie-dun-avocat3207.html#respond"]}]},{"@type":"WebPage","@id":"https:\/\/www.justiceinfo.net\/fr\/6417-18092001-tpirkamuhanda-proces-reporte-dune-journee-suite-a-la-maladie-dun-avocat3207.html","url":"https:\/\/www.justiceinfo.net\/fr\/6417-18092001-tpirkamuhanda-proces-reporte-dune-journee-suite-a-la-maladie-dun-avocat3207.html","name":"18.09.2001 - TPIR\/KAMUHANDA - PROCES REPORTE D'UNE JOURNEE SUITE A LA MALADIE D'UN AVOCAT - JusticeInfo.net","isPartOf":{"@id":"https:\/\/www.justiceinfo.net\/fr#website"},"datePublished":"2001-09-17T22:00:00+00:00","breadcrumb":{"@id":"https:\/\/www.justiceinfo.net\/fr\/6417-18092001-tpirkamuhanda-proces-reporte-dune-journee-suite-a-la-maladie-dun-avocat3207.html#breadcrumb"},"inLanguage":"fr-FR","potentialAction":[{"@type":"ReadAction","target":["https:\/\/www.justiceinfo.net\/fr\/6417-18092001-tpirkamuhanda-proces-reporte-dune-journee-suite-a-la-maladie-dun-avocat3207.html"]}]},{"@type":"BreadcrumbList","@id":"https:\/\/www.justiceinfo.net\/fr\/6417-18092001-tpirkamuhanda-proces-reporte-dune-journee-suite-a-la-maladie-dun-avocat3207.html#breadcrumb","itemListElement":[{"@type":"ListItem","position":1,"name":"Home","item":"https:\/\/www.justiceinfo.net\/fr"},{"@type":"ListItem","position":2,"name":"18.09.2001 - TPIR\/KAMUHANDA - PROCES REPORTE D'UNE JOURNEE SUITE A LA MALADIE D'UN AVOCAT"}]},{"@type":"WebSite","@id":"https:\/\/www.justiceinfo.net\/fr#website","url":"https:\/\/www.justiceinfo.net\/fr","name":"JusticeInfo.net","description":"La justice doit \u00eatre vue pour \u00eatre rendue","publisher":{"@id":"https:\/\/www.justiceinfo.net\/fr#organization"},"potentialAction":[{"@type":"SearchAction","target":{"@type":"EntryPoint","urlTemplate":"https:\/\/www.justiceinfo.net\/fr?s={search_term_string}"},"query-input":{"@type":"PropertyValueSpecification","valueRequired":true,"valueName":"search_term_string"}}],"inLanguage":"fr-FR"},{"@type":"Organization","@id":"https:\/\/www.justiceinfo.net\/fr#organization","name":"Justice Info","url":"https:\/\/www.justiceinfo.net\/fr","logo":{"@type":"ImageObject","inLanguage":"fr-FR","@id":"https:\/\/www.justiceinfo.net\/fr#\/schema\/logo\/image\/","url":"https:\/\/www.justiceinfo.net\/wp-content\/uploads\/justiceinfo_logo-trans_1200x1200px.png","contentUrl":"https:\/\/www.justiceinfo.net\/wp-content\/uploads\/justiceinfo_logo-trans_1200x1200px.png","width":1199,"height":1200,"caption":"Justice Info"},"image":{"@id":"https:\/\/www.justiceinfo.net\/fr#\/schema\/logo\/image\/"},"sameAs":["https:\/\/www.facebook.com\/JusticeInfo\/","https:\/\/x.com\/justiceinfonet","https:\/\/www.linkedin.com\/company\/justice-info","https:\/\/www.youtube.com\/channel\/UCyCEsARodyuWtkWyhn-e7pA"]},{"@type":"Person","name":"solivri","url":"\/fr\/?s=solivri"}]}},"_links":{"self":[{"href":"https:\/\/www.justiceinfo.net\/fr\/wp-json\/wp\/v2\/posts\/6417","targetHints":{"allow":["GET"]}}],"collection":[{"href":"https:\/\/www.justiceinfo.net\/fr\/wp-json\/wp\/v2\/posts"}],"about":[{"href":"https:\/\/www.justiceinfo.net\/fr\/wp-json\/wp\/v2\/types\/post"}],"author":[{"embeddable":true,"href":"https:\/\/www.justiceinfo.net\/fr\/wp-json\/wp\/v2\/users\/64"}],"replies":[{"embeddable":true,"href":"https:\/\/www.justiceinfo.net\/fr\/wp-json\/wp\/v2\/comments?post=6417"}],"version-history":[{"count":0,"href":"https:\/\/www.justiceinfo.net\/fr\/wp-json\/wp\/v2\/posts\/6417\/revisions"}],"wp:attachment":[{"href":"https:\/\/www.justiceinfo.net\/fr\/wp-json\/wp\/v2\/media?parent=6417"}],"wp:term":[{"taxonomy":"category","embeddable":true,"href":"https:\/\/www.justiceinfo.net\/fr\/wp-json\/wp\/v2\/categories?post=6417"},{"taxonomy":"post_tag","embeddable":true,"href":"https:\/\/www.justiceinfo.net\/fr\/wp-json\/wp\/v2\/tags?post=6417"},{"taxonomy":"ji_location","embeddable":true,"href":"https:\/\/www.justiceinfo.net\/fr\/wp-json\/wp\/v2\/ji_location?post=6417"}],"curies":[{"name":"wp","href":"https:\/\/api.w.org\/{rel}","templated":true}]}}