{"id":6433,"date":"2001-09-13T00:00:00","date_gmt":"2001-09-12T22:00:00","guid":{"rendered":"https:\/\/www.justiceinfo.net\/6433-13092001-tpirkamuhanda-laccuse-aurait-ordonne-de-tuer-les-tutsis3223.html"},"modified":"2001-09-13T00:00:00","modified_gmt":"2001-09-12T22:00:00","slug":"13092001-tpirkamuhanda-laccuse-aurait-ordonne-de-tuer-les-tutsis3223","status":"publish","type":"post","link":"https:\/\/www.justiceinfo.net\/fr\/6433-13092001-tpirkamuhanda-laccuse-aurait-ordonne-de-tuer-les-tutsis3223.html","title":{"rendered":"13.09.2001 - TPIR\/KAMUHANDA - l'ACCUSE AURAIT ORDONNE DE TUER LES TUTSIS"},"content":{"rendered":"<p  >\nArusha 13 septembre 2001(FH)- l'ex-ministre de l'enseignement sup\u00e9rieur sous le gouvernement int\u00e9rimaire, Jean de Dieu Kamuhanda, aurait donn\u00e9 l'ordre de tuer les Tutsis r\u00e9fugi\u00e9s \u00e0 la paroisse de Gikomero (pr\u00e9fecture de Kigali rural, centre du Rwanda), a affirm\u00e9 un t\u00e9moin de l'accusation entendu jeudi devant le Tribunal p\u00e9nal international pour le Rwanda(TPIR):\n<\/p>\n<p  >\nD\u00e9sign\u00e9 par le pseudonyme \"GAF\" pour prot\u00e9ger son anonymat, le septi\u00e8me t\u00e9moin du parquet a d\u00e9clar\u00e9 qu'en date du 12 avril 1994, l'accus\u00e9 est arriv\u00e9 \u00e0 la paroisse de Gikomero dans un convoi de quatre v\u00e9hicules, dont deux D'entre eux transportaient des miliciens Interahamwe.  l'accus\u00e9 aurait ordonn\u00e9 \u00e0 ces miliciens de tuer les r\u00e9fugi\u00e9s.\n<\/p>\n<p><!--more--><\/p>\n<p  >\n\"Je me rappelle que je l'ai vu. J'ai reconnu son visage. Il est descendu du v\u00e9hicule, il a lev\u00e9 ses bras en l'air, et s'adressant aux personnes qui \u00e9taient venues avec lui, les Interahamwe , il a dit 'travaillez' \" a affirm\u00e9 le t\u00e9moin GAF, qui s'exprimait en sa langue maternelle, le kinyarwanda, m\u00e9lang\u00e9 par moments \u00e0 de l'anglais.\n<\/p>\n<p  >\nLe t\u00e9moin a d\u00e9clar\u00e9 qu'avant m\u00eame que l'accus\u00e9 ne donne l'ordre de tuer, \"ses gens\" avaient d\u00e9j\u00e0 tir\u00e9 sur l'assistant du pasteur de la paroisse, Augustin Bucundura, un Tutsi, qui est mort sur le coup.\n<\/p>\n<p  >\n\"Je dirai que c'est lui [Kamuhanda] qui a apport\u00e9 les instruments utilis\u00e9s pour le massacre\" a poursuivi GAF.\" Je dis cela parce qu'avant son arriv\u00e9e, rien ne s'\u00e9tait pass\u00e9 . Nous avions un centre de n\u00e9goce o\u00f9 il y avait des Hutus, mais ils n'avaient rien fait. Avant son arriv\u00e9e, il n'y avait ni fusils, ni grenades, ni massues, ni machettes dans la r\u00e9gion\" a expliqu\u00e9 le t\u00e9moin.\n<\/p>\n<p  >\nLe t\u00e9moin GAF a encore affirm\u00e9 que l'accus\u00e9 a quitt\u00e9 les lieux aussit\u00f4t apr\u00e8s le d\u00e9but des massacres. Environ un millier de Tutsis auraient \u00e9t\u00e9 tu\u00e9s \u00e0 cet endroit. Au total trois mille personnes s'\u00e9taient r\u00e9fugi\u00e9es \u00e0 la paroisse,.selon le t\u00e9moin.\n<\/p>\n<p  >\nLe t\u00e9moin a indiqu\u00e9 que lorsque les tueries ont commenc\u00e9, \"beaucoup de gens ont pu fuir pour aller malheureusement \u00eatre tu\u00e9s ailleurs\".\n<\/p>\n<p  >\nJean de Dieu Kamuhanda est repr\u00e9sent\u00e9 par l'avocate guinn\u00e9enne Me Aicha Cond\u00e9 et une consoeur britannique, Me Grace Amakye. l'accus\u00e9 entend pr\u00e9senter une d\u00e9fense D'alibi.\n<\/p>\n<p  >\nLa d\u00e9position de GAF se poursuit lundi prochain.\n<\/p>\n<p  >\nl'ex-ministre est jug\u00e9 par la deuxi\u00e8me chambre de premi\u00e8re instance du TPIR pr\u00e9sid\u00e9e par le juge tanzanien William Hussein Sekule, et compos\u00e9e en outre des juges, malgache Arlette Ramaroson et lesothan, Winston Churchill Matanzima Maqutu.\n<\/p>\n<p  >\nBN\/AT\/PHD\/FH (KH_0913A)<\/p>\n","protected":false},"excerpt":{"rendered":"<p>Arusha 13 septembre 2001(FH)- l'ex-ministre de l'enseignement sup\u00e9rieur sous le gouvernement int\u00e9rimaire, Jean de Dieu Kamuhanda, aurait donn\u00e9 l'ordre de tuer les Tutsis r\u00e9fugi\u00e9s \u00e0 la paroisse de Gikomero (pr\u00e9fecture de Kigali rural, centre du Rwanda), a affirm\u00e9 un t\u00e9moin de l'accusation entendu jeudi devant le Tribunal p\u00e9nal international pour le Rwanda(TPIR): D\u00e9sign\u00e9 par le [&hellip;]<\/p>\n","protected":false},"author":64,"featured_media":0,"comment_status":"open","ping_status":"closed","sticky":false,"template":"","format":"standard","meta":{"_acf_changed":false,"footnotes":""},"categories":[554],"tags":[],"ji_location":[],"class_list":["post-6433","post","type-post","status-publish","format-standard","hentry","category-hirondellenews"],"acf":[],"yoast_head":"<!-- This site is optimized with the Yoast SEO Premium plugin v25.3.1 (Yoast SEO v25.3.1) - https:\/\/yoast.com\/wordpress\/plugins\/seo\/ -->\n<title>13.09.2001 - TPIR\/KAMUHANDA - l&#039;ACCUSE AURAIT ORDONNE DE TUER LES TUTSIS - JusticeInfo.net<\/title>\n<meta name=\"robots\" content=\"index, follow, max-snippet:-1, max-image-preview:large, max-video-preview:-1\" \/>\n<link rel=\"canonical\" href=\"https:\/\/www.justiceinfo.net\/fr\/6433-13092001-tpirkamuhanda-laccuse-aurait-ordonne-de-tuer-les-tutsis3223.html\" \/>\n<meta property=\"og:locale\" content=\"fr_FR\" \/>\n<meta property=\"og:type\" content=\"article\" \/>\n<meta property=\"og:title\" content=\"13.09.2001 - TPIR\/KAMUHANDA - l&#039;ACCUSE AURAIT ORDONNE DE TUER LES TUTSIS\" \/>\n<meta property=\"og:description\" content=\"Arusha 13 septembre 2001(FH)- l&#039;ex-ministre de l&#039;enseignement sup\u00e9rieur sous le gouvernement int\u00e9rimaire, Jean de Dieu Kamuhanda, aurait donn\u00e9 l&#039;ordre de tuer les Tutsis r\u00e9fugi\u00e9s \u00e0 la paroisse de Gikomero (pr\u00e9fecture de Kigali rural, centre du Rwanda), a affirm\u00e9 un t\u00e9moin de l&#039;accusation entendu jeudi devant le Tribunal p\u00e9nal international pour le Rwanda(TPIR): D\u00e9sign\u00e9 par le [&hellip;]\" \/>\n<meta property=\"og:url\" content=\"https:\/\/www.justiceinfo.net\/fr\/6433-13092001-tpirkamuhanda-laccuse-aurait-ordonne-de-tuer-les-tutsis3223.html\" \/>\n<meta property=\"og:site_name\" content=\"JusticeInfo.net\" \/>\n<meta property=\"article:publisher\" content=\"https:\/\/www.facebook.com\/JusticeInfo\/\" \/>\n<meta property=\"article:published_time\" content=\"2001-09-12T22:00:00+00:00\" \/>\n<meta property=\"og:image\" content=\"https:\/\/www.justiceinfo.net\/wp-content\/uploads\/JusticeInfoNet_logo_1200x630px.jpg\" \/>\n\t<meta property=\"og:image:width\" content=\"1200\" \/>\n\t<meta property=\"og:image:height\" content=\"630\" \/>\n\t<meta property=\"og:image:type\" content=\"image\/jpeg\" \/>\n<meta name=\"author\" content=\"solivri\" \/>\n<meta name=\"twitter:card\" content=\"summary_large_image\" \/>\n<meta name=\"twitter:creator\" content=\"@justiceinfonet\" \/>\n<meta name=\"twitter:site\" content=\"@justiceinfonet\" \/>\n<meta name=\"twitter:label1\" content=\"\u00c9crit par\" \/>\n\t<meta name=\"twitter:data1\" content=\"solivri\" \/>\n\t<meta name=\"twitter:label2\" content=\"Dur\u00e9e de lecture estim\u00e9e\" \/>\n\t<meta name=\"twitter:data2\" content=\"2 minutes\" \/>\n<script type=\"application\/ld+json\" class=\"yoast-schema-graph\">{\"@context\":\"https:\/\/schema.org\",\"@graph\":[{\"@type\":\"NewsArticle\",\"@id\":\"https:\/\/www.justiceinfo.net\/fr\/6433-13092001-tpirkamuhanda-laccuse-aurait-ordonne-de-tuer-les-tutsis3223.html#article\",\"isPartOf\":{\"@id\":\"https:\/\/www.justiceinfo.net\/fr\/6433-13092001-tpirkamuhanda-laccuse-aurait-ordonne-de-tuer-les-tutsis3223.html\"},\"author\":{\"name\":\"solivri\",\"@id\":\"https:\/\/www.justiceinfo.net\/fr#\/schema\/person\/6e53cba1629e2e66f3fc1821d3091865\"},\"headline\":\"13.09.2001 - TPIR\/KAMUHANDA - l'ACCUSE AURAIT ORDONNE DE TUER LES TUTSIS\",\"datePublished\":\"2001-09-12T22:00:00+00:00\",\"mainEntityOfPage\":{\"@id\":\"https:\/\/www.justiceinfo.net\/fr\/6433-13092001-tpirkamuhanda-laccuse-aurait-ordonne-de-tuer-les-tutsis3223.html\"},\"wordCount\":485,\"commentCount\":0,\"publisher\":{\"@id\":\"https:\/\/www.justiceinfo.net\/fr#organization\"},\"articleSection\":[\"Hirondelle News\"],\"inLanguage\":\"fr-FR\",\"potentialAction\":[{\"@type\":\"CommentAction\",\"name\":\"Comment\",\"target\":[\"https:\/\/www.justiceinfo.net\/fr\/6433-13092001-tpirkamuhanda-laccuse-aurait-ordonne-de-tuer-les-tutsis3223.html#respond\"]}]},{\"@type\":\"WebPage\",\"@id\":\"https:\/\/www.justiceinfo.net\/fr\/6433-13092001-tpirkamuhanda-laccuse-aurait-ordonne-de-tuer-les-tutsis3223.html\",\"url\":\"https:\/\/www.justiceinfo.net\/fr\/6433-13092001-tpirkamuhanda-laccuse-aurait-ordonne-de-tuer-les-tutsis3223.html\",\"name\":\"13.09.2001 - TPIR\/KAMUHANDA - l'ACCUSE AURAIT ORDONNE DE TUER LES TUTSIS - JusticeInfo.net\",\"isPartOf\":{\"@id\":\"https:\/\/www.justiceinfo.net\/fr#website\"},\"datePublished\":\"2001-09-12T22:00:00+00:00\",\"breadcrumb\":{\"@id\":\"https:\/\/www.justiceinfo.net\/fr\/6433-13092001-tpirkamuhanda-laccuse-aurait-ordonne-de-tuer-les-tutsis3223.html#breadcrumb\"},\"inLanguage\":\"fr-FR\",\"potentialAction\":[{\"@type\":\"ReadAction\",\"target\":[\"https:\/\/www.justiceinfo.net\/fr\/6433-13092001-tpirkamuhanda-laccuse-aurait-ordonne-de-tuer-les-tutsis3223.html\"]}]},{\"@type\":\"BreadcrumbList\",\"@id\":\"https:\/\/www.justiceinfo.net\/fr\/6433-13092001-tpirkamuhanda-laccuse-aurait-ordonne-de-tuer-les-tutsis3223.html#breadcrumb\",\"itemListElement\":[{\"@type\":\"ListItem\",\"position\":1,\"name\":\"Home\",\"item\":\"https:\/\/www.justiceinfo.net\/fr\"},{\"@type\":\"ListItem\",\"position\":2,\"name\":\"13.09.2001 - TPIR\/KAMUHANDA - l'ACCUSE AURAIT ORDONNE DE TUER LES TUTSIS\"}]},{\"@type\":\"WebSite\",\"@id\":\"https:\/\/www.justiceinfo.net\/fr#website\",\"url\":\"https:\/\/www.justiceinfo.net\/fr\",\"name\":\"JusticeInfo.net\",\"description\":\"La justice doit \u00eatre vue pour \u00eatre rendue\",\"publisher\":{\"@id\":\"https:\/\/www.justiceinfo.net\/fr#organization\"},\"potentialAction\":[{\"@type\":\"SearchAction\",\"target\":{\"@type\":\"EntryPoint\",\"urlTemplate\":\"https:\/\/www.justiceinfo.net\/fr?s={search_term_string}\"},\"query-input\":{\"@type\":\"PropertyValueSpecification\",\"valueRequired\":true,\"valueName\":\"search_term_string\"}}],\"inLanguage\":\"fr-FR\"},{\"@type\":\"Organization\",\"@id\":\"https:\/\/www.justiceinfo.net\/fr#organization\",\"name\":\"Justice Info\",\"url\":\"https:\/\/www.justiceinfo.net\/fr\",\"logo\":{\"@type\":\"ImageObject\",\"inLanguage\":\"fr-FR\",\"@id\":\"https:\/\/www.justiceinfo.net\/fr#\/schema\/logo\/image\/\",\"url\":\"https:\/\/www.justiceinfo.net\/wp-content\/uploads\/justiceinfo_logo-trans_1200x1200px.png\",\"contentUrl\":\"https:\/\/www.justiceinfo.net\/wp-content\/uploads\/justiceinfo_logo-trans_1200x1200px.png\",\"width\":1199,\"height\":1200,\"caption\":\"Justice Info\"},\"image\":{\"@id\":\"https:\/\/www.justiceinfo.net\/fr#\/schema\/logo\/image\/\"},\"sameAs\":[\"https:\/\/www.facebook.com\/JusticeInfo\/\",\"https:\/\/x.com\/justiceinfonet\",\"https:\/\/www.linkedin.com\/company\/justice-info\",\"https:\/\/www.youtube.com\/channel\/UCyCEsARodyuWtkWyhn-e7pA\"]},{\"@type\":\"Person\",\"name\":\"solivri\",\"url\":\"\/fr\/?s=solivri\"}]}<\/script>\n<!-- \/ Yoast SEO Premium plugin. -->","yoast_head_json":{"title":"13.09.2001 - TPIR\/KAMUHANDA - l'ACCUSE AURAIT ORDONNE DE TUER LES TUTSIS - JusticeInfo.net","robots":{"index":"index","follow":"follow","max-snippet":"max-snippet:-1","max-image-preview":"max-image-preview:large","max-video-preview":"max-video-preview:-1"},"canonical":"https:\/\/www.justiceinfo.net\/fr\/6433-13092001-tpirkamuhanda-laccuse-aurait-ordonne-de-tuer-les-tutsis3223.html","og_locale":"fr_FR","og_type":"article","og_title":"13.09.2001 - TPIR\/KAMUHANDA - l'ACCUSE AURAIT ORDONNE DE TUER LES TUTSIS","og_description":"Arusha 13 septembre 2001(FH)- l'ex-ministre de l'enseignement sup\u00e9rieur sous le gouvernement int\u00e9rimaire, Jean de Dieu Kamuhanda, aurait donn\u00e9 l'ordre de tuer les Tutsis r\u00e9fugi\u00e9s \u00e0 la paroisse de Gikomero (pr\u00e9fecture de Kigali rural, centre du Rwanda), a affirm\u00e9 un t\u00e9moin de l'accusation entendu jeudi devant le Tribunal p\u00e9nal international pour le Rwanda(TPIR): D\u00e9sign\u00e9 par le [&hellip;]","og_url":"https:\/\/www.justiceinfo.net\/fr\/6433-13092001-tpirkamuhanda-laccuse-aurait-ordonne-de-tuer-les-tutsis3223.html","og_site_name":"JusticeInfo.net","article_publisher":"https:\/\/www.facebook.com\/JusticeInfo\/","article_published_time":"2001-09-12T22:00:00+00:00","og_image":[{"width":1200,"height":630,"url":"https:\/\/www.justiceinfo.net\/wp-content\/uploads\/JusticeInfoNet_logo_1200x630px.jpg","type":"image\/jpeg"}],"author":"solivri","twitter_card":"summary_large_image","twitter_creator":"@justiceinfonet","twitter_site":"@justiceinfonet","twitter_misc":{"\u00c9crit par":"solivri","Dur\u00e9e de lecture estim\u00e9e":"2 minutes"},"schema":{"@context":"https:\/\/schema.org","@graph":[{"@type":"NewsArticle","@id":"https:\/\/www.justiceinfo.net\/fr\/6433-13092001-tpirkamuhanda-laccuse-aurait-ordonne-de-tuer-les-tutsis3223.html#article","isPartOf":{"@id":"https:\/\/www.justiceinfo.net\/fr\/6433-13092001-tpirkamuhanda-laccuse-aurait-ordonne-de-tuer-les-tutsis3223.html"},"author":{"name":"solivri","@id":"https:\/\/www.justiceinfo.net\/fr#\/schema\/person\/6e53cba1629e2e66f3fc1821d3091865"},"headline":"13.09.2001 - TPIR\/KAMUHANDA - l'ACCUSE AURAIT ORDONNE DE TUER LES TUTSIS","datePublished":"2001-09-12T22:00:00+00:00","mainEntityOfPage":{"@id":"https:\/\/www.justiceinfo.net\/fr\/6433-13092001-tpirkamuhanda-laccuse-aurait-ordonne-de-tuer-les-tutsis3223.html"},"wordCount":485,"commentCount":0,"publisher":{"@id":"https:\/\/www.justiceinfo.net\/fr#organization"},"articleSection":["Hirondelle News"],"inLanguage":"fr-FR","potentialAction":[{"@type":"CommentAction","name":"Comment","target":["https:\/\/www.justiceinfo.net\/fr\/6433-13092001-tpirkamuhanda-laccuse-aurait-ordonne-de-tuer-les-tutsis3223.html#respond"]}]},{"@type":"WebPage","@id":"https:\/\/www.justiceinfo.net\/fr\/6433-13092001-tpirkamuhanda-laccuse-aurait-ordonne-de-tuer-les-tutsis3223.html","url":"https:\/\/www.justiceinfo.net\/fr\/6433-13092001-tpirkamuhanda-laccuse-aurait-ordonne-de-tuer-les-tutsis3223.html","name":"13.09.2001 - TPIR\/KAMUHANDA - l'ACCUSE AURAIT ORDONNE DE TUER LES TUTSIS - JusticeInfo.net","isPartOf":{"@id":"https:\/\/www.justiceinfo.net\/fr#website"},"datePublished":"2001-09-12T22:00:00+00:00","breadcrumb":{"@id":"https:\/\/www.justiceinfo.net\/fr\/6433-13092001-tpirkamuhanda-laccuse-aurait-ordonne-de-tuer-les-tutsis3223.html#breadcrumb"},"inLanguage":"fr-FR","potentialAction":[{"@type":"ReadAction","target":["https:\/\/www.justiceinfo.net\/fr\/6433-13092001-tpirkamuhanda-laccuse-aurait-ordonne-de-tuer-les-tutsis3223.html"]}]},{"@type":"BreadcrumbList","@id":"https:\/\/www.justiceinfo.net\/fr\/6433-13092001-tpirkamuhanda-laccuse-aurait-ordonne-de-tuer-les-tutsis3223.html#breadcrumb","itemListElement":[{"@type":"ListItem","position":1,"name":"Home","item":"https:\/\/www.justiceinfo.net\/fr"},{"@type":"ListItem","position":2,"name":"13.09.2001 - TPIR\/KAMUHANDA - l'ACCUSE AURAIT ORDONNE DE TUER LES TUTSIS"}]},{"@type":"WebSite","@id":"https:\/\/www.justiceinfo.net\/fr#website","url":"https:\/\/www.justiceinfo.net\/fr","name":"JusticeInfo.net","description":"La justice doit \u00eatre vue pour \u00eatre rendue","publisher":{"@id":"https:\/\/www.justiceinfo.net\/fr#organization"},"potentialAction":[{"@type":"SearchAction","target":{"@type":"EntryPoint","urlTemplate":"https:\/\/www.justiceinfo.net\/fr?s={search_term_string}"},"query-input":{"@type":"PropertyValueSpecification","valueRequired":true,"valueName":"search_term_string"}}],"inLanguage":"fr-FR"},{"@type":"Organization","@id":"https:\/\/www.justiceinfo.net\/fr#organization","name":"Justice Info","url":"https:\/\/www.justiceinfo.net\/fr","logo":{"@type":"ImageObject","inLanguage":"fr-FR","@id":"https:\/\/www.justiceinfo.net\/fr#\/schema\/logo\/image\/","url":"https:\/\/www.justiceinfo.net\/wp-content\/uploads\/justiceinfo_logo-trans_1200x1200px.png","contentUrl":"https:\/\/www.justiceinfo.net\/wp-content\/uploads\/justiceinfo_logo-trans_1200x1200px.png","width":1199,"height":1200,"caption":"Justice Info"},"image":{"@id":"https:\/\/www.justiceinfo.net\/fr#\/schema\/logo\/image\/"},"sameAs":["https:\/\/www.facebook.com\/JusticeInfo\/","https:\/\/x.com\/justiceinfonet","https:\/\/www.linkedin.com\/company\/justice-info","https:\/\/www.youtube.com\/channel\/UCyCEsARodyuWtkWyhn-e7pA"]},{"@type":"Person","name":"solivri","url":"\/fr\/?s=solivri"}]}},"_links":{"self":[{"href":"https:\/\/www.justiceinfo.net\/fr\/wp-json\/wp\/v2\/posts\/6433","targetHints":{"allow":["GET"]}}],"collection":[{"href":"https:\/\/www.justiceinfo.net\/fr\/wp-json\/wp\/v2\/posts"}],"about":[{"href":"https:\/\/www.justiceinfo.net\/fr\/wp-json\/wp\/v2\/types\/post"}],"author":[{"embeddable":true,"href":"https:\/\/www.justiceinfo.net\/fr\/wp-json\/wp\/v2\/users\/64"}],"replies":[{"embeddable":true,"href":"https:\/\/www.justiceinfo.net\/fr\/wp-json\/wp\/v2\/comments?post=6433"}],"version-history":[{"count":0,"href":"https:\/\/www.justiceinfo.net\/fr\/wp-json\/wp\/v2\/posts\/6433\/revisions"}],"wp:attachment":[{"href":"https:\/\/www.justiceinfo.net\/fr\/wp-json\/wp\/v2\/media?parent=6433"}],"wp:term":[{"taxonomy":"category","embeddable":true,"href":"https:\/\/www.justiceinfo.net\/fr\/wp-json\/wp\/v2\/categories?post=6433"},{"taxonomy":"post_tag","embeddable":true,"href":"https:\/\/www.justiceinfo.net\/fr\/wp-json\/wp\/v2\/tags?post=6433"},{"taxonomy":"ji_location","embeddable":true,"href":"https:\/\/www.justiceinfo.net\/fr\/wp-json\/wp\/v2\/ji_location?post=6433"}],"curies":[{"name":"wp","href":"https:\/\/api.w.org\/{rel}","templated":true}]}}