{"id":6507,"date":"2001-07-25T00:00:00","date_gmt":"2001-07-24T22:00:00","guid":{"rendered":"https:\/\/www.justiceinfo.net\/6507-25072001-tpirkajelijeli-proces-ajourne-jusquau-1er-octobre3297.html"},"modified":"2001-07-25T00:00:00","modified_gmt":"2001-07-24T22:00:00","slug":"25072001-tpirkajelijeli-proces-ajourne-jusquau-1er-octobre3297","status":"publish","type":"post","link":"https:\/\/www.justiceinfo.net\/fr\/6507-25072001-tpirkajelijeli-proces-ajourne-jusquau-1er-octobre3297.html","title":{"rendered":"25.07.2001 - TPIR\/KAJELIJELI - PROCES AJOURNE JUSQU'AU 1ER OCTOBRE"},"content":{"rendered":"<p  >\nArusha 25 juillet 2001 (FH) - Le proc\u00e8s de l'ancien maire de Mukingo (pr\u00e9fecture de Ruhengeri, nord du Rwanda), Juv\u00e9nal Kajelijeli, a \u00e9t\u00e9 ajourn\u00e9 jusqu'au 1er octobre prochain, a-t-on appris mercredi \u00e0 Arusha.\n<\/p>\n<p  >\nLe proc\u00e8s devait se poursuivre jusqu'au 27 juillet, mais il a \u00e9t\u00e9 suspendu mercredi, en raison D'un engagement pris par un des juges en dehors D'Arusha.\n<\/p>\n<p><!--more--><\/p>\n<p  >\nDeux t\u00e9moins d\u00e9tenus au Rwanda, qui se trouvaient d\u00e9j\u00e0 sur place, n'ont pas pu \u00eatre entendus. A la suspension des d\u00e9bats, le Tribunal venait D'entendre le huiti\u00e8me t\u00e9moin du parquet. l'accusation citera au total quinze t\u00e9moins.\n<\/p>\n<p  >\nLe huiti\u00e8me t\u00e9moin du parquet est \u00e9galement d\u00e9tenu au Rwanda et a avou\u00e9, devant les autorit\u00e9s judiciaires de son pays, avoir particip\u00e9 aux attaques men\u00e9es contre les Tutsis en pr\u00e9fecture de Ruhengeri en 1994. Il a accus\u00e9 l'ancien maire de Mukingo D'avoir supervis\u00e9 ces attaques.\n<\/p>\n<p  >\nJuv\u00e9nal Kajelijeli est poursuivi pour g\u00e9nocide et crimes contre l'humanit\u00e9, incluant des viols. Il plaide non coupable.\n<\/p>\n<p  >\nLe Tribunal a indiqu\u00e9 qu'il pourrait rappeler le huiti\u00e8me t\u00e9moin \u00e0 la barre pour lui demander davantage D'\u00e9claircissements.\n<\/p>\n<p  >\nLe proc\u00e8s se d\u00e9roule devant la deuxi\u00e8me chambre de premi\u00e8re instance du TPIR pr\u00e9sid\u00e9e par le juge tanzanien William Hussein Sekule et comprenant en outre les juges malgache, Arlette Ramaroson et lesothan, Winston Churchill Mantazima Maqutu.\n<\/p>\n<p  >\nPeu avant le report du proc\u00e8s, l'avocat de Juv\u00e9nal Kajelijeli, l'Am\u00e9ricain Me Lennox Hinds, a indiqu\u00e9 que les t\u00e9moins de la d\u00e9fense avaient peur de venir d\u00e9poser en faveur de son client. Cette peur serait li\u00e9e au r\u00e9cent licenciement de l'enqu\u00eateur de la d\u00e9fense dans ce proc\u00e8s, Augustin Basebya, apr\u00e8s que le greffe eut d\u00e9couvert que son nom figure sur la liste des personnes suspect\u00e9es de g\u00e9nocide au Rwanda.\n<\/p>\n<p  >\nMe Hinds a expliqu\u00e9 que les t\u00e9moins de la d\u00e9fense estiment qu'un tribunal qui ne peut pas prot\u00e9ger son enqu\u00eateur ne pourrait pas \u00e0 plus forte raison prot\u00e9ger des personnes venant de l'ext\u00e9rieur.\n<\/p>\n<p  >\nAvant la reprise du proc\u00e8s Kajelijeli, la chambre conduira, du 3 au 27 septembre prochain, le proc\u00e8s de l'ancien ministre de l'enseignement sup\u00e9rieur sous le gouvernement int\u00e9rimaire, Jean de Dieu Kamuhanda.\n<\/p>\n<p  >\nLe proc\u00e8s Kajelijeli se d\u00e9roulera pendant une semaine, avant de faire place \u00e0 celui de six personnes accus\u00e9es de crimes commis \u00e0 Butare (sud du Rwanda).\n<\/p>\n<p  >\nAT\/PHD\/FH (KJ_0725A)<\/p>\n","protected":false},"excerpt":{"rendered":"<p>Arusha 25 juillet 2001 (FH) - Le proc\u00e8s de l'ancien maire de Mukingo (pr\u00e9fecture de Ruhengeri, nord du Rwanda), Juv\u00e9nal Kajelijeli, a \u00e9t\u00e9 ajourn\u00e9 jusqu'au 1er octobre prochain, a-t-on appris mercredi \u00e0 Arusha. Le proc\u00e8s devait se poursuivre jusqu'au 27 juillet, mais il a \u00e9t\u00e9 suspendu mercredi, en raison D'un engagement pris par un des [&hellip;]<\/p>\n","protected":false},"author":64,"featured_media":0,"comment_status":"open","ping_status":"closed","sticky":false,"template":"","format":"standard","meta":{"_acf_changed":false,"footnotes":""},"categories":[554],"tags":[],"ji_location":[],"class_list":["post-6507","post","type-post","status-publish","format-standard","hentry","category-hirondellenews"],"acf":[],"yoast_head":"<!-- This site is optimized with the Yoast SEO Premium plugin v25.3.1 (Yoast SEO v25.3.1) - https:\/\/yoast.com\/wordpress\/plugins\/seo\/ -->\n<title>25.07.2001 - TPIR\/KAJELIJELI - PROCES AJOURNE JUSQU&#039;AU 1ER OCTOBRE - JusticeInfo.net<\/title>\n<meta name=\"robots\" content=\"index, follow, max-snippet:-1, max-image-preview:large, max-video-preview:-1\" \/>\n<link rel=\"canonical\" href=\"https:\/\/www.justiceinfo.net\/fr\/6507-25072001-tpirkajelijeli-proces-ajourne-jusquau-1er-octobre3297.html\" \/>\n<meta property=\"og:locale\" content=\"fr_FR\" \/>\n<meta property=\"og:type\" content=\"article\" \/>\n<meta property=\"og:title\" content=\"25.07.2001 - TPIR\/KAJELIJELI - PROCES AJOURNE JUSQU&#039;AU 1ER OCTOBRE\" \/>\n<meta property=\"og:description\" content=\"Arusha 25 juillet 2001 (FH) - Le proc\u00e8s de l&#039;ancien maire de Mukingo (pr\u00e9fecture de Ruhengeri, nord du Rwanda), Juv\u00e9nal Kajelijeli, a \u00e9t\u00e9 ajourn\u00e9 jusqu&#039;au 1er octobre prochain, a-t-on appris mercredi \u00e0 Arusha. Le proc\u00e8s devait se poursuivre jusqu&#039;au 27 juillet, mais il a \u00e9t\u00e9 suspendu mercredi, en raison D&#039;un engagement pris par un des [&hellip;]\" \/>\n<meta property=\"og:url\" content=\"https:\/\/www.justiceinfo.net\/fr\/6507-25072001-tpirkajelijeli-proces-ajourne-jusquau-1er-octobre3297.html\" \/>\n<meta property=\"og:site_name\" content=\"JusticeInfo.net\" \/>\n<meta property=\"article:publisher\" content=\"https:\/\/www.facebook.com\/JusticeInfo\/\" \/>\n<meta property=\"article:published_time\" content=\"2001-07-24T22:00:00+00:00\" \/>\n<meta property=\"og:image\" content=\"https:\/\/www.justiceinfo.net\/wp-content\/uploads\/JusticeInfoNet_logo_1200x630px.jpg\" \/>\n\t<meta property=\"og:image:width\" content=\"1200\" \/>\n\t<meta property=\"og:image:height\" content=\"630\" \/>\n\t<meta property=\"og:image:type\" content=\"image\/jpeg\" \/>\n<meta name=\"author\" content=\"solivri\" \/>\n<meta name=\"twitter:card\" content=\"summary_large_image\" \/>\n<meta name=\"twitter:creator\" content=\"@justiceinfonet\" \/>\n<meta name=\"twitter:site\" content=\"@justiceinfonet\" \/>\n<meta name=\"twitter:label1\" content=\"\u00c9crit par\" \/>\n\t<meta name=\"twitter:data1\" content=\"solivri\" \/>\n\t<meta name=\"twitter:label2\" content=\"Dur\u00e9e de lecture estim\u00e9e\" \/>\n\t<meta name=\"twitter:data2\" content=\"2 minutes\" \/>\n<script type=\"application\/ld+json\" class=\"yoast-schema-graph\">{\"@context\":\"https:\/\/schema.org\",\"@graph\":[{\"@type\":\"NewsArticle\",\"@id\":\"https:\/\/www.justiceinfo.net\/fr\/6507-25072001-tpirkajelijeli-proces-ajourne-jusquau-1er-octobre3297.html#article\",\"isPartOf\":{\"@id\":\"https:\/\/www.justiceinfo.net\/fr\/6507-25072001-tpirkajelijeli-proces-ajourne-jusquau-1er-octobre3297.html\"},\"author\":{\"name\":\"solivri\",\"@id\":\"https:\/\/www.justiceinfo.net\/fr#\/schema\/person\/6e53cba1629e2e66f3fc1821d3091865\"},\"headline\":\"25.07.2001 - TPIR\/KAJELIJELI - PROCES AJOURNE JUSQU'AU 1ER OCTOBRE\",\"datePublished\":\"2001-07-24T22:00:00+00:00\",\"mainEntityOfPage\":{\"@id\":\"https:\/\/www.justiceinfo.net\/fr\/6507-25072001-tpirkajelijeli-proces-ajourne-jusquau-1er-octobre3297.html\"},\"wordCount\":449,\"commentCount\":0,\"publisher\":{\"@id\":\"https:\/\/www.justiceinfo.net\/fr#organization\"},\"articleSection\":[\"Hirondelle News\"],\"inLanguage\":\"fr-FR\",\"potentialAction\":[{\"@type\":\"CommentAction\",\"name\":\"Comment\",\"target\":[\"https:\/\/www.justiceinfo.net\/fr\/6507-25072001-tpirkajelijeli-proces-ajourne-jusquau-1er-octobre3297.html#respond\"]}]},{\"@type\":\"WebPage\",\"@id\":\"https:\/\/www.justiceinfo.net\/fr\/6507-25072001-tpirkajelijeli-proces-ajourne-jusquau-1er-octobre3297.html\",\"url\":\"https:\/\/www.justiceinfo.net\/fr\/6507-25072001-tpirkajelijeli-proces-ajourne-jusquau-1er-octobre3297.html\",\"name\":\"25.07.2001 - TPIR\/KAJELIJELI - PROCES AJOURNE JUSQU'AU 1ER OCTOBRE - JusticeInfo.net\",\"isPartOf\":{\"@id\":\"https:\/\/www.justiceinfo.net\/fr#website\"},\"datePublished\":\"2001-07-24T22:00:00+00:00\",\"breadcrumb\":{\"@id\":\"https:\/\/www.justiceinfo.net\/fr\/6507-25072001-tpirkajelijeli-proces-ajourne-jusquau-1er-octobre3297.html#breadcrumb\"},\"inLanguage\":\"fr-FR\",\"potentialAction\":[{\"@type\":\"ReadAction\",\"target\":[\"https:\/\/www.justiceinfo.net\/fr\/6507-25072001-tpirkajelijeli-proces-ajourne-jusquau-1er-octobre3297.html\"]}]},{\"@type\":\"BreadcrumbList\",\"@id\":\"https:\/\/www.justiceinfo.net\/fr\/6507-25072001-tpirkajelijeli-proces-ajourne-jusquau-1er-octobre3297.html#breadcrumb\",\"itemListElement\":[{\"@type\":\"ListItem\",\"position\":1,\"name\":\"Home\",\"item\":\"https:\/\/www.justiceinfo.net\/fr\"},{\"@type\":\"ListItem\",\"position\":2,\"name\":\"25.07.2001 - TPIR\/KAJELIJELI - PROCES AJOURNE JUSQU'AU 1ER OCTOBRE\"}]},{\"@type\":\"WebSite\",\"@id\":\"https:\/\/www.justiceinfo.net\/fr#website\",\"url\":\"https:\/\/www.justiceinfo.net\/fr\",\"name\":\"JusticeInfo.net\",\"description\":\"La justice doit \u00eatre vue pour \u00eatre rendue\",\"publisher\":{\"@id\":\"https:\/\/www.justiceinfo.net\/fr#organization\"},\"potentialAction\":[{\"@type\":\"SearchAction\",\"target\":{\"@type\":\"EntryPoint\",\"urlTemplate\":\"https:\/\/www.justiceinfo.net\/fr?s={search_term_string}\"},\"query-input\":{\"@type\":\"PropertyValueSpecification\",\"valueRequired\":true,\"valueName\":\"search_term_string\"}}],\"inLanguage\":\"fr-FR\"},{\"@type\":\"Organization\",\"@id\":\"https:\/\/www.justiceinfo.net\/fr#organization\",\"name\":\"Justice Info\",\"url\":\"https:\/\/www.justiceinfo.net\/fr\",\"logo\":{\"@type\":\"ImageObject\",\"inLanguage\":\"fr-FR\",\"@id\":\"https:\/\/www.justiceinfo.net\/fr#\/schema\/logo\/image\/\",\"url\":\"https:\/\/www.justiceinfo.net\/wp-content\/uploads\/justiceinfo_logo-trans_1200x1200px.png\",\"contentUrl\":\"https:\/\/www.justiceinfo.net\/wp-content\/uploads\/justiceinfo_logo-trans_1200x1200px.png\",\"width\":1199,\"height\":1200,\"caption\":\"Justice Info\"},\"image\":{\"@id\":\"https:\/\/www.justiceinfo.net\/fr#\/schema\/logo\/image\/\"},\"sameAs\":[\"https:\/\/www.facebook.com\/JusticeInfo\/\",\"https:\/\/x.com\/justiceinfonet\",\"https:\/\/www.linkedin.com\/company\/justice-info\",\"https:\/\/www.youtube.com\/channel\/UCyCEsARodyuWtkWyhn-e7pA\"]},{\"@type\":\"Person\",\"name\":\"solivri\",\"url\":\"\/fr\/?s=solivri\"}]}<\/script>\n<!-- \/ Yoast SEO Premium plugin. -->","yoast_head_json":{"title":"25.07.2001 - TPIR\/KAJELIJELI - PROCES AJOURNE JUSQU'AU 1ER OCTOBRE - JusticeInfo.net","robots":{"index":"index","follow":"follow","max-snippet":"max-snippet:-1","max-image-preview":"max-image-preview:large","max-video-preview":"max-video-preview:-1"},"canonical":"https:\/\/www.justiceinfo.net\/fr\/6507-25072001-tpirkajelijeli-proces-ajourne-jusquau-1er-octobre3297.html","og_locale":"fr_FR","og_type":"article","og_title":"25.07.2001 - TPIR\/KAJELIJELI - PROCES AJOURNE JUSQU'AU 1ER OCTOBRE","og_description":"Arusha 25 juillet 2001 (FH) - Le proc\u00e8s de l'ancien maire de Mukingo (pr\u00e9fecture de Ruhengeri, nord du Rwanda), Juv\u00e9nal Kajelijeli, a \u00e9t\u00e9 ajourn\u00e9 jusqu'au 1er octobre prochain, a-t-on appris mercredi \u00e0 Arusha. Le proc\u00e8s devait se poursuivre jusqu'au 27 juillet, mais il a \u00e9t\u00e9 suspendu mercredi, en raison D'un engagement pris par un des [&hellip;]","og_url":"https:\/\/www.justiceinfo.net\/fr\/6507-25072001-tpirkajelijeli-proces-ajourne-jusquau-1er-octobre3297.html","og_site_name":"JusticeInfo.net","article_publisher":"https:\/\/www.facebook.com\/JusticeInfo\/","article_published_time":"2001-07-24T22:00:00+00:00","og_image":[{"width":1200,"height":630,"url":"https:\/\/www.justiceinfo.net\/wp-content\/uploads\/JusticeInfoNet_logo_1200x630px.jpg","type":"image\/jpeg"}],"author":"solivri","twitter_card":"summary_large_image","twitter_creator":"@justiceinfonet","twitter_site":"@justiceinfonet","twitter_misc":{"\u00c9crit par":"solivri","Dur\u00e9e de lecture estim\u00e9e":"2 minutes"},"schema":{"@context":"https:\/\/schema.org","@graph":[{"@type":"NewsArticle","@id":"https:\/\/www.justiceinfo.net\/fr\/6507-25072001-tpirkajelijeli-proces-ajourne-jusquau-1er-octobre3297.html#article","isPartOf":{"@id":"https:\/\/www.justiceinfo.net\/fr\/6507-25072001-tpirkajelijeli-proces-ajourne-jusquau-1er-octobre3297.html"},"author":{"name":"solivri","@id":"https:\/\/www.justiceinfo.net\/fr#\/schema\/person\/6e53cba1629e2e66f3fc1821d3091865"},"headline":"25.07.2001 - TPIR\/KAJELIJELI - PROCES AJOURNE JUSQU'AU 1ER OCTOBRE","datePublished":"2001-07-24T22:00:00+00:00","mainEntityOfPage":{"@id":"https:\/\/www.justiceinfo.net\/fr\/6507-25072001-tpirkajelijeli-proces-ajourne-jusquau-1er-octobre3297.html"},"wordCount":449,"commentCount":0,"publisher":{"@id":"https:\/\/www.justiceinfo.net\/fr#organization"},"articleSection":["Hirondelle News"],"inLanguage":"fr-FR","potentialAction":[{"@type":"CommentAction","name":"Comment","target":["https:\/\/www.justiceinfo.net\/fr\/6507-25072001-tpirkajelijeli-proces-ajourne-jusquau-1er-octobre3297.html#respond"]}]},{"@type":"WebPage","@id":"https:\/\/www.justiceinfo.net\/fr\/6507-25072001-tpirkajelijeli-proces-ajourne-jusquau-1er-octobre3297.html","url":"https:\/\/www.justiceinfo.net\/fr\/6507-25072001-tpirkajelijeli-proces-ajourne-jusquau-1er-octobre3297.html","name":"25.07.2001 - TPIR\/KAJELIJELI - PROCES AJOURNE JUSQU'AU 1ER OCTOBRE - JusticeInfo.net","isPartOf":{"@id":"https:\/\/www.justiceinfo.net\/fr#website"},"datePublished":"2001-07-24T22:00:00+00:00","breadcrumb":{"@id":"https:\/\/www.justiceinfo.net\/fr\/6507-25072001-tpirkajelijeli-proces-ajourne-jusquau-1er-octobre3297.html#breadcrumb"},"inLanguage":"fr-FR","potentialAction":[{"@type":"ReadAction","target":["https:\/\/www.justiceinfo.net\/fr\/6507-25072001-tpirkajelijeli-proces-ajourne-jusquau-1er-octobre3297.html"]}]},{"@type":"BreadcrumbList","@id":"https:\/\/www.justiceinfo.net\/fr\/6507-25072001-tpirkajelijeli-proces-ajourne-jusquau-1er-octobre3297.html#breadcrumb","itemListElement":[{"@type":"ListItem","position":1,"name":"Home","item":"https:\/\/www.justiceinfo.net\/fr"},{"@type":"ListItem","position":2,"name":"25.07.2001 - TPIR\/KAJELIJELI - PROCES AJOURNE JUSQU'AU 1ER OCTOBRE"}]},{"@type":"WebSite","@id":"https:\/\/www.justiceinfo.net\/fr#website","url":"https:\/\/www.justiceinfo.net\/fr","name":"JusticeInfo.net","description":"La justice doit \u00eatre vue pour \u00eatre rendue","publisher":{"@id":"https:\/\/www.justiceinfo.net\/fr#organization"},"potentialAction":[{"@type":"SearchAction","target":{"@type":"EntryPoint","urlTemplate":"https:\/\/www.justiceinfo.net\/fr?s={search_term_string}"},"query-input":{"@type":"PropertyValueSpecification","valueRequired":true,"valueName":"search_term_string"}}],"inLanguage":"fr-FR"},{"@type":"Organization","@id":"https:\/\/www.justiceinfo.net\/fr#organization","name":"Justice Info","url":"https:\/\/www.justiceinfo.net\/fr","logo":{"@type":"ImageObject","inLanguage":"fr-FR","@id":"https:\/\/www.justiceinfo.net\/fr#\/schema\/logo\/image\/","url":"https:\/\/www.justiceinfo.net\/wp-content\/uploads\/justiceinfo_logo-trans_1200x1200px.png","contentUrl":"https:\/\/www.justiceinfo.net\/wp-content\/uploads\/justiceinfo_logo-trans_1200x1200px.png","width":1199,"height":1200,"caption":"Justice Info"},"image":{"@id":"https:\/\/www.justiceinfo.net\/fr#\/schema\/logo\/image\/"},"sameAs":["https:\/\/www.facebook.com\/JusticeInfo\/","https:\/\/x.com\/justiceinfonet","https:\/\/www.linkedin.com\/company\/justice-info","https:\/\/www.youtube.com\/channel\/UCyCEsARodyuWtkWyhn-e7pA"]},{"@type":"Person","name":"solivri","url":"\/fr\/?s=solivri"}]}},"_links":{"self":[{"href":"https:\/\/www.justiceinfo.net\/fr\/wp-json\/wp\/v2\/posts\/6507","targetHints":{"allow":["GET"]}}],"collection":[{"href":"https:\/\/www.justiceinfo.net\/fr\/wp-json\/wp\/v2\/posts"}],"about":[{"href":"https:\/\/www.justiceinfo.net\/fr\/wp-json\/wp\/v2\/types\/post"}],"author":[{"embeddable":true,"href":"https:\/\/www.justiceinfo.net\/fr\/wp-json\/wp\/v2\/users\/64"}],"replies":[{"embeddable":true,"href":"https:\/\/www.justiceinfo.net\/fr\/wp-json\/wp\/v2\/comments?post=6507"}],"version-history":[{"count":0,"href":"https:\/\/www.justiceinfo.net\/fr\/wp-json\/wp\/v2\/posts\/6507\/revisions"}],"wp:attachment":[{"href":"https:\/\/www.justiceinfo.net\/fr\/wp-json\/wp\/v2\/media?parent=6507"}],"wp:term":[{"taxonomy":"category","embeddable":true,"href":"https:\/\/www.justiceinfo.net\/fr\/wp-json\/wp\/v2\/categories?post=6507"},{"taxonomy":"post_tag","embeddable":true,"href":"https:\/\/www.justiceinfo.net\/fr\/wp-json\/wp\/v2\/tags?post=6507"},{"taxonomy":"ji_location","embeddable":true,"href":"https:\/\/www.justiceinfo.net\/fr\/wp-json\/wp\/v2\/ji_location?post=6507"}],"curies":[{"name":"wp","href":"https:\/\/api.w.org\/{rel}","templated":true}]}}