{"id":6599,"date":"2001-06-19T00:00:00","date_gmt":"2001-06-18T22:00:00","guid":{"rendered":"https:\/\/www.justiceinfo.net\/6599-19062001-tpirmedias-au-moins-deux-experts-seront-cites-par-le-parquet3389.html"},"modified":"2001-06-19T00:00:00","modified_gmt":"2001-06-18T22:00:00","slug":"19062001-tpirmedias-au-moins-deux-experts-seront-cites-par-le-parquet3389","status":"publish","type":"post","link":"https:\/\/www.justiceinfo.net\/fr\/6599-19062001-tpirmedias-au-moins-deux-experts-seront-cites-par-le-parquet3389.html","title":{"rendered":"19.06.2001 - TPIR\/MEDIAS - AU MOINS DEUX EXPERTS SERONT CITES PAR LE PARQUET"},"content":{"rendered":"<p  >\nArusha 19 juin 2001 (FH) - Le parquet citera au moins deux t\u00e9moins experts dans le proc\u00e8s des anciens responsables des \"m\u00e9dias de la haine\" en cours devant le Tribunal p\u00e9nal international pour le Rwanda (TPIR).  Le substitut am\u00e9ricain du procureur, Stephen Rapp, a nomm\u00e9 deux experts rwandais: le linguiste Mathias Ruzindana et l'historien Marcel Kabanda.\n<\/p>\n<p><!--more--><\/p>\n<p  >\nAncien professeur au d\u00e9partement D'anglais de l'Universit\u00e9 nationale du Rwanda, Mathias Ruzindana est actuellement employ\u00e9 au service de traduction du parquet du TPIR \u00e0 Kigali.\n<\/p>\n<p  >\nMathias Ruzindana a d\u00e9j\u00e0 t\u00e9moign\u00e9 dans deux proc\u00e8s au TPIR: ceux des anciens maires, de Taba (pr\u00e9fecture de Gitarama, centre du Rwanda), Jean-Paul Akayesu, et de Bicumbi (pr\u00e9fecture de Kigali rurale, est du Rwanda), Laurent Semanza.\n<\/p>\n<p  >\nDans le proc\u00e8s contre Jean-Paul Akayesu, Mathias Ruzindana avait notamment \u00e9voqu\u00e9 le sens de certains termes r\u00e9currents dans les discours politiques au Rwanda dans les ann\u00e9es 1990 et r\u00e9percut\u00e9s dans les m\u00e9dias. l'expert avait entre autres expliqu\u00e9 l'utilisation des termes kinyarwanda comme Inyenz [cancrelats] et Inkotanyi [lutteurs]. Certains experts du parquet affirment que les politiciens de l'\u00e9poque pratiquaient \"le double langage\".\n<\/p>\n<p  >\nMarcel Kabanda est quant \u00e0 lui co-auteur de l'ouvrage \"Rwanda. Les m\u00e9dias du g\u00e9nocide\" \u00e9dit\u00e9 en 1995, sous la direction du chercheur fran\u00e7ais, Jean-Pierre Chr\u00e9tien, du Centre national de la recherche scientifique (CNRS) \u00e0 Paris.\n<\/p>\n<p  >\nLes auteurs ont notamment d\u00e9pouill\u00e9 des cassettes enregistr\u00e9es D'\u00e9missions de la Radio-T\u00e9l\u00e9vision libre des Mille Collines (RTLM) entre octobre 1993 et juillet 1994 et de Radio Rwanda en avril 1994; une s\u00e9rie presque compl\u00e8te du bimensuel Kangura \u00e0 partir de mai 1990 et six exemplaires de sa version internationale, ainsiqu'environ 70 num\u00e9ros de p\u00e9riodiques \"extr\u00e9mistes.\"\n<\/p>\n<p  >\nLe parquet en est actuellement \u00e0 son vingt troisi\u00e8me t\u00e9moin dans le proc\u00e8s des m\u00e9dias, sur la quarantaine pr\u00e9vue. Aucun expert n'a t\u00e9moign\u00e9 jusqu'\u00e0 ce jour.\n<\/p>\n<p  >\nLe proc\u00e8s concerne l'ancien promoteur de la RTLM, Ferdinand Nahimana, l'ancien directeur et r\u00e9dacteur en chef de la revue Kangura, Hassan Ngeze, ainsi que l'ancien conseiller politique au minist\u00e8re des affaires \u00e9trang\u00e8res et membre du comit\u00e9 D'initaitive de la RTLM, Jean-Bosco Barayagwiza.\n<\/p>\n<p  >\nJean-Bosco Barayagwiza boycotte ce proc\u00e8s depuis son ouverture sur le fond en octobre 2000, arguant que le TPIR est manipul\u00e9 par le gouvernement rwandais. Le vingt troisi\u00e8me t\u00e9moin d\u00e9pose contre Hassan Ngeze.\n<\/p>\n<p  >\nAT\/PHD\/FH (ME_0619A )<\/p>\n","protected":false},"excerpt":{"rendered":"<p>Arusha 19 juin 2001 (FH) - Le parquet citera au moins deux t\u00e9moins experts dans le proc\u00e8s des anciens responsables des \"m\u00e9dias de la haine\" en cours devant le Tribunal p\u00e9nal international pour le Rwanda (TPIR). Le substitut am\u00e9ricain du procureur, Stephen Rapp, a nomm\u00e9 deux experts rwandais: le linguiste Mathias Ruzindana et l'historien Marcel [&hellip;]<\/p>\n","protected":false},"author":64,"featured_media":0,"comment_status":"open","ping_status":"closed","sticky":false,"template":"","format":"standard","meta":{"_acf_changed":false,"footnotes":""},"categories":[554],"tags":[],"ji_location":[],"class_list":["post-6599","post","type-post","status-publish","format-standard","hentry","category-hirondellenews"],"acf":[],"yoast_head":"<!-- This site is optimized with the Yoast SEO Premium plugin v25.3.1 (Yoast SEO v25.3.1) - https:\/\/yoast.com\/wordpress\/plugins\/seo\/ -->\n<title>19.06.2001 - TPIR\/MEDIAS - AU MOINS DEUX EXPERTS SERONT CITES PAR LE PARQUET - JusticeInfo.net<\/title>\n<meta name=\"robots\" content=\"index, follow, max-snippet:-1, max-image-preview:large, max-video-preview:-1\" \/>\n<link rel=\"canonical\" href=\"https:\/\/www.justiceinfo.net\/fr\/6599-19062001-tpirmedias-au-moins-deux-experts-seront-cites-par-le-parquet3389.html\" \/>\n<meta property=\"og:locale\" content=\"fr_FR\" \/>\n<meta property=\"og:type\" content=\"article\" \/>\n<meta property=\"og:title\" content=\"19.06.2001 - TPIR\/MEDIAS - AU MOINS DEUX EXPERTS SERONT CITES PAR LE PARQUET\" \/>\n<meta property=\"og:description\" content=\"Arusha 19 juin 2001 (FH) - Le parquet citera au moins deux t\u00e9moins experts dans le proc\u00e8s des anciens responsables des &quot;m\u00e9dias de la haine&quot; en cours devant le Tribunal p\u00e9nal international pour le Rwanda (TPIR). Le substitut am\u00e9ricain du procureur, Stephen Rapp, a nomm\u00e9 deux experts rwandais: le linguiste Mathias Ruzindana et l&#039;historien Marcel [&hellip;]\" \/>\n<meta property=\"og:url\" content=\"https:\/\/www.justiceinfo.net\/fr\/6599-19062001-tpirmedias-au-moins-deux-experts-seront-cites-par-le-parquet3389.html\" \/>\n<meta property=\"og:site_name\" content=\"JusticeInfo.net\" \/>\n<meta property=\"article:publisher\" content=\"https:\/\/www.facebook.com\/JusticeInfo\/\" \/>\n<meta property=\"article:published_time\" content=\"2001-06-18T22:00:00+00:00\" \/>\n<meta property=\"og:image\" content=\"https:\/\/www.justiceinfo.net\/wp-content\/uploads\/JusticeInfoNet_logo_1200x630px.jpg\" \/>\n\t<meta property=\"og:image:width\" content=\"1200\" \/>\n\t<meta property=\"og:image:height\" content=\"630\" \/>\n\t<meta property=\"og:image:type\" content=\"image\/jpeg\" \/>\n<meta name=\"author\" content=\"solivri\" \/>\n<meta name=\"twitter:card\" content=\"summary_large_image\" \/>\n<meta name=\"twitter:creator\" content=\"@justiceinfonet\" \/>\n<meta name=\"twitter:site\" content=\"@justiceinfonet\" \/>\n<meta name=\"twitter:label1\" content=\"\u00c9crit par\" \/>\n\t<meta name=\"twitter:data1\" content=\"solivri\" \/>\n\t<meta name=\"twitter:label2\" content=\"Dur\u00e9e de lecture estim\u00e9e\" \/>\n\t<meta name=\"twitter:data2\" content=\"2 minutes\" \/>\n<script type=\"application\/ld+json\" class=\"yoast-schema-graph\">{\"@context\":\"https:\/\/schema.org\",\"@graph\":[{\"@type\":\"NewsArticle\",\"@id\":\"https:\/\/www.justiceinfo.net\/fr\/6599-19062001-tpirmedias-au-moins-deux-experts-seront-cites-par-le-parquet3389.html#article\",\"isPartOf\":{\"@id\":\"https:\/\/www.justiceinfo.net\/fr\/6599-19062001-tpirmedias-au-moins-deux-experts-seront-cites-par-le-parquet3389.html\"},\"author\":{\"name\":\"solivri\",\"@id\":\"https:\/\/www.justiceinfo.net\/fr#\/schema\/person\/6e53cba1629e2e66f3fc1821d3091865\"},\"headline\":\"19.06.2001 - TPIR\/MEDIAS - AU MOINS DEUX EXPERTS SERONT CITES PAR LE PARQUET\",\"datePublished\":\"2001-06-18T22:00:00+00:00\",\"mainEntityOfPage\":{\"@id\":\"https:\/\/www.justiceinfo.net\/fr\/6599-19062001-tpirmedias-au-moins-deux-experts-seront-cites-par-le-parquet3389.html\"},\"wordCount\":429,\"commentCount\":0,\"publisher\":{\"@id\":\"https:\/\/www.justiceinfo.net\/fr#organization\"},\"articleSection\":[\"Hirondelle News\"],\"inLanguage\":\"fr-FR\",\"potentialAction\":[{\"@type\":\"CommentAction\",\"name\":\"Comment\",\"target\":[\"https:\/\/www.justiceinfo.net\/fr\/6599-19062001-tpirmedias-au-moins-deux-experts-seront-cites-par-le-parquet3389.html#respond\"]}]},{\"@type\":\"WebPage\",\"@id\":\"https:\/\/www.justiceinfo.net\/fr\/6599-19062001-tpirmedias-au-moins-deux-experts-seront-cites-par-le-parquet3389.html\",\"url\":\"https:\/\/www.justiceinfo.net\/fr\/6599-19062001-tpirmedias-au-moins-deux-experts-seront-cites-par-le-parquet3389.html\",\"name\":\"19.06.2001 - TPIR\/MEDIAS - AU MOINS DEUX EXPERTS SERONT CITES PAR LE PARQUET - JusticeInfo.net\",\"isPartOf\":{\"@id\":\"https:\/\/www.justiceinfo.net\/fr#website\"},\"datePublished\":\"2001-06-18T22:00:00+00:00\",\"breadcrumb\":{\"@id\":\"https:\/\/www.justiceinfo.net\/fr\/6599-19062001-tpirmedias-au-moins-deux-experts-seront-cites-par-le-parquet3389.html#breadcrumb\"},\"inLanguage\":\"fr-FR\",\"potentialAction\":[{\"@type\":\"ReadAction\",\"target\":[\"https:\/\/www.justiceinfo.net\/fr\/6599-19062001-tpirmedias-au-moins-deux-experts-seront-cites-par-le-parquet3389.html\"]}]},{\"@type\":\"BreadcrumbList\",\"@id\":\"https:\/\/www.justiceinfo.net\/fr\/6599-19062001-tpirmedias-au-moins-deux-experts-seront-cites-par-le-parquet3389.html#breadcrumb\",\"itemListElement\":[{\"@type\":\"ListItem\",\"position\":1,\"name\":\"Home\",\"item\":\"https:\/\/www.justiceinfo.net\/fr\"},{\"@type\":\"ListItem\",\"position\":2,\"name\":\"19.06.2001 - TPIR\/MEDIAS - AU MOINS DEUX EXPERTS SERONT CITES PAR LE PARQUET\"}]},{\"@type\":\"WebSite\",\"@id\":\"https:\/\/www.justiceinfo.net\/fr#website\",\"url\":\"https:\/\/www.justiceinfo.net\/fr\",\"name\":\"JusticeInfo.net\",\"description\":\"La justice doit \u00eatre vue pour \u00eatre rendue\",\"publisher\":{\"@id\":\"https:\/\/www.justiceinfo.net\/fr#organization\"},\"potentialAction\":[{\"@type\":\"SearchAction\",\"target\":{\"@type\":\"EntryPoint\",\"urlTemplate\":\"https:\/\/www.justiceinfo.net\/fr?s={search_term_string}\"},\"query-input\":{\"@type\":\"PropertyValueSpecification\",\"valueRequired\":true,\"valueName\":\"search_term_string\"}}],\"inLanguage\":\"fr-FR\"},{\"@type\":\"Organization\",\"@id\":\"https:\/\/www.justiceinfo.net\/fr#organization\",\"name\":\"Justice Info\",\"url\":\"https:\/\/www.justiceinfo.net\/fr\",\"logo\":{\"@type\":\"ImageObject\",\"inLanguage\":\"fr-FR\",\"@id\":\"https:\/\/www.justiceinfo.net\/fr#\/schema\/logo\/image\/\",\"url\":\"https:\/\/www.justiceinfo.net\/wp-content\/uploads\/justiceinfo_logo-trans_1200x1200px.png\",\"contentUrl\":\"https:\/\/www.justiceinfo.net\/wp-content\/uploads\/justiceinfo_logo-trans_1200x1200px.png\",\"width\":1199,\"height\":1200,\"caption\":\"Justice Info\"},\"image\":{\"@id\":\"https:\/\/www.justiceinfo.net\/fr#\/schema\/logo\/image\/\"},\"sameAs\":[\"https:\/\/www.facebook.com\/JusticeInfo\/\",\"https:\/\/x.com\/justiceinfonet\",\"https:\/\/www.linkedin.com\/company\/justice-info\",\"https:\/\/www.youtube.com\/channel\/UCyCEsARodyuWtkWyhn-e7pA\"]},{\"@type\":\"Person\",\"name\":\"solivri\",\"url\":\"\/fr\/?s=solivri\"}]}<\/script>\n<!-- \/ Yoast SEO Premium plugin. -->","yoast_head_json":{"title":"19.06.2001 - TPIR\/MEDIAS - AU MOINS DEUX EXPERTS SERONT CITES PAR LE PARQUET - JusticeInfo.net","robots":{"index":"index","follow":"follow","max-snippet":"max-snippet:-1","max-image-preview":"max-image-preview:large","max-video-preview":"max-video-preview:-1"},"canonical":"https:\/\/www.justiceinfo.net\/fr\/6599-19062001-tpirmedias-au-moins-deux-experts-seront-cites-par-le-parquet3389.html","og_locale":"fr_FR","og_type":"article","og_title":"19.06.2001 - TPIR\/MEDIAS - AU MOINS DEUX EXPERTS SERONT CITES PAR LE PARQUET","og_description":"Arusha 19 juin 2001 (FH) - Le parquet citera au moins deux t\u00e9moins experts dans le proc\u00e8s des anciens responsables des \"m\u00e9dias de la haine\" en cours devant le Tribunal p\u00e9nal international pour le Rwanda (TPIR). Le substitut am\u00e9ricain du procureur, Stephen Rapp, a nomm\u00e9 deux experts rwandais: le linguiste Mathias Ruzindana et l'historien Marcel [&hellip;]","og_url":"https:\/\/www.justiceinfo.net\/fr\/6599-19062001-tpirmedias-au-moins-deux-experts-seront-cites-par-le-parquet3389.html","og_site_name":"JusticeInfo.net","article_publisher":"https:\/\/www.facebook.com\/JusticeInfo\/","article_published_time":"2001-06-18T22:00:00+00:00","og_image":[{"width":1200,"height":630,"url":"https:\/\/www.justiceinfo.net\/wp-content\/uploads\/JusticeInfoNet_logo_1200x630px.jpg","type":"image\/jpeg"}],"author":"solivri","twitter_card":"summary_large_image","twitter_creator":"@justiceinfonet","twitter_site":"@justiceinfonet","twitter_misc":{"\u00c9crit par":"solivri","Dur\u00e9e de lecture estim\u00e9e":"2 minutes"},"schema":{"@context":"https:\/\/schema.org","@graph":[{"@type":"NewsArticle","@id":"https:\/\/www.justiceinfo.net\/fr\/6599-19062001-tpirmedias-au-moins-deux-experts-seront-cites-par-le-parquet3389.html#article","isPartOf":{"@id":"https:\/\/www.justiceinfo.net\/fr\/6599-19062001-tpirmedias-au-moins-deux-experts-seront-cites-par-le-parquet3389.html"},"author":{"name":"solivri","@id":"https:\/\/www.justiceinfo.net\/fr#\/schema\/person\/6e53cba1629e2e66f3fc1821d3091865"},"headline":"19.06.2001 - TPIR\/MEDIAS - AU MOINS DEUX EXPERTS SERONT CITES PAR LE PARQUET","datePublished":"2001-06-18T22:00:00+00:00","mainEntityOfPage":{"@id":"https:\/\/www.justiceinfo.net\/fr\/6599-19062001-tpirmedias-au-moins-deux-experts-seront-cites-par-le-parquet3389.html"},"wordCount":429,"commentCount":0,"publisher":{"@id":"https:\/\/www.justiceinfo.net\/fr#organization"},"articleSection":["Hirondelle News"],"inLanguage":"fr-FR","potentialAction":[{"@type":"CommentAction","name":"Comment","target":["https:\/\/www.justiceinfo.net\/fr\/6599-19062001-tpirmedias-au-moins-deux-experts-seront-cites-par-le-parquet3389.html#respond"]}]},{"@type":"WebPage","@id":"https:\/\/www.justiceinfo.net\/fr\/6599-19062001-tpirmedias-au-moins-deux-experts-seront-cites-par-le-parquet3389.html","url":"https:\/\/www.justiceinfo.net\/fr\/6599-19062001-tpirmedias-au-moins-deux-experts-seront-cites-par-le-parquet3389.html","name":"19.06.2001 - TPIR\/MEDIAS - AU MOINS DEUX EXPERTS SERONT CITES PAR LE PARQUET - JusticeInfo.net","isPartOf":{"@id":"https:\/\/www.justiceinfo.net\/fr#website"},"datePublished":"2001-06-18T22:00:00+00:00","breadcrumb":{"@id":"https:\/\/www.justiceinfo.net\/fr\/6599-19062001-tpirmedias-au-moins-deux-experts-seront-cites-par-le-parquet3389.html#breadcrumb"},"inLanguage":"fr-FR","potentialAction":[{"@type":"ReadAction","target":["https:\/\/www.justiceinfo.net\/fr\/6599-19062001-tpirmedias-au-moins-deux-experts-seront-cites-par-le-parquet3389.html"]}]},{"@type":"BreadcrumbList","@id":"https:\/\/www.justiceinfo.net\/fr\/6599-19062001-tpirmedias-au-moins-deux-experts-seront-cites-par-le-parquet3389.html#breadcrumb","itemListElement":[{"@type":"ListItem","position":1,"name":"Home","item":"https:\/\/www.justiceinfo.net\/fr"},{"@type":"ListItem","position":2,"name":"19.06.2001 - TPIR\/MEDIAS - AU MOINS DEUX EXPERTS SERONT CITES PAR LE PARQUET"}]},{"@type":"WebSite","@id":"https:\/\/www.justiceinfo.net\/fr#website","url":"https:\/\/www.justiceinfo.net\/fr","name":"JusticeInfo.net","description":"La justice doit \u00eatre vue pour \u00eatre rendue","publisher":{"@id":"https:\/\/www.justiceinfo.net\/fr#organization"},"potentialAction":[{"@type":"SearchAction","target":{"@type":"EntryPoint","urlTemplate":"https:\/\/www.justiceinfo.net\/fr?s={search_term_string}"},"query-input":{"@type":"PropertyValueSpecification","valueRequired":true,"valueName":"search_term_string"}}],"inLanguage":"fr-FR"},{"@type":"Organization","@id":"https:\/\/www.justiceinfo.net\/fr#organization","name":"Justice Info","url":"https:\/\/www.justiceinfo.net\/fr","logo":{"@type":"ImageObject","inLanguage":"fr-FR","@id":"https:\/\/www.justiceinfo.net\/fr#\/schema\/logo\/image\/","url":"https:\/\/www.justiceinfo.net\/wp-content\/uploads\/justiceinfo_logo-trans_1200x1200px.png","contentUrl":"https:\/\/www.justiceinfo.net\/wp-content\/uploads\/justiceinfo_logo-trans_1200x1200px.png","width":1199,"height":1200,"caption":"Justice Info"},"image":{"@id":"https:\/\/www.justiceinfo.net\/fr#\/schema\/logo\/image\/"},"sameAs":["https:\/\/www.facebook.com\/JusticeInfo\/","https:\/\/x.com\/justiceinfonet","https:\/\/www.linkedin.com\/company\/justice-info","https:\/\/www.youtube.com\/channel\/UCyCEsARodyuWtkWyhn-e7pA"]},{"@type":"Person","name":"solivri","url":"\/fr\/?s=solivri"}]}},"_links":{"self":[{"href":"https:\/\/www.justiceinfo.net\/fr\/wp-json\/wp\/v2\/posts\/6599","targetHints":{"allow":["GET"]}}],"collection":[{"href":"https:\/\/www.justiceinfo.net\/fr\/wp-json\/wp\/v2\/posts"}],"about":[{"href":"https:\/\/www.justiceinfo.net\/fr\/wp-json\/wp\/v2\/types\/post"}],"author":[{"embeddable":true,"href":"https:\/\/www.justiceinfo.net\/fr\/wp-json\/wp\/v2\/users\/64"}],"replies":[{"embeddable":true,"href":"https:\/\/www.justiceinfo.net\/fr\/wp-json\/wp\/v2\/comments?post=6599"}],"version-history":[{"count":0,"href":"https:\/\/www.justiceinfo.net\/fr\/wp-json\/wp\/v2\/posts\/6599\/revisions"}],"wp:attachment":[{"href":"https:\/\/www.justiceinfo.net\/fr\/wp-json\/wp\/v2\/media?parent=6599"}],"wp:term":[{"taxonomy":"category","embeddable":true,"href":"https:\/\/www.justiceinfo.net\/fr\/wp-json\/wp\/v2\/categories?post=6599"},{"taxonomy":"post_tag","embeddable":true,"href":"https:\/\/www.justiceinfo.net\/fr\/wp-json\/wp\/v2\/tags?post=6599"},{"taxonomy":"ji_location","embeddable":true,"href":"https:\/\/www.justiceinfo.net\/fr\/wp-json\/wp\/v2\/ji_location?post=6599"}],"curies":[{"name":"wp","href":"https:\/\/api.w.org\/{rel}","templated":true}]}}