{"id":6669,"date":"2001-05-16T00:00:00","date_gmt":"2001-05-15T22:00:00","guid":{"rendered":"https:\/\/www.justiceinfo.net\/6669-16052001-tpirmedias-malentendus-autour-du-contre-interrogatoire-dun-temoin-par-un-accuse3459.html"},"modified":"2001-05-16T00:00:00","modified_gmt":"2001-05-15T22:00:00","slug":"16052001-tpirmedias-malentendus-autour-du-contre-interrogatoire-dun-temoin-par-un-accuse3459","status":"publish","type":"post","link":"https:\/\/www.justiceinfo.net\/fr\/6669-16052001-tpirmedias-malentendus-autour-du-contre-interrogatoire-dun-temoin-par-un-accuse3459.html","title":{"rendered":"16.05.2001 - TPIR\/MEDIAS - MALENTENDUS AUTOUR DU CONTRE-INTERROGATOIRE D\u2019UN TEMOIN PAR UN ACCUSE"},"content":{"rendered":"<p  >\nArusha, le 16 mai 2001(FH)- L\u2019autorisation accord\u00e9e \u00e0 un accus\u00e9 de contre-interroger un t\u00e9moin n\u2019a pas \u00e9t\u00e9 comprise de la m\u00eame mani\u00e8re par toutes les parties, a affirm\u00e9, mercredi, un des avocats de la d\u00e9fense.\n<\/p>\n<p  >\nL\u2019avocate anglaise Me Diana Ellis, co-conseil dans le proc\u00e8s de l\u2019ancien promoteur de la Radio-t\u00e9l\u00e9vision libre des mille collines (RTLM), Ferdinand Nahimana, a indiqu\u00e9 que la d\u00e9cision des juges avait \u00e9t\u00e9 mal comprise en raison des probl\u00e8mes de traduction.\n<\/p>\n<p><!--more--><\/p>\n<p  >\nMardi, la chambre qui juge les anciens responsables des \"m\u00e9dias de la haine\", avait autoris\u00e9 l\u2019ancien directeur et r\u00e9dacteur en chef de la revue Kangura, Hassan Ngeze, \u00e0 contre-interroger le vingti\u00e8me t\u00e9moin du parquet en attendant que soit r\u00e9gl\u00e9e d\u00e9finitivement la question de sa repr\u00e9sentation par des d\u00e9fenseurs.\n<\/p>\n<p  >\nHassan Ngeze souhaite le remplacement de ses d\u00e9fenseurs actuels, l \u2018Am\u00e9ricain Me John Floyd et le Canadien Me Ren\u00e9 Martel, par des avocats qu\u2019il paierait lui-m\u00eame, avec le concours de ses amis et coll\u00e8gues, a-t-il d\u00e9clar\u00e9.\n<\/p>\n<p  >\nLa pr\u00e9sidente de la chambre, la juge sud-africaine Navanethem Pillay, avait invit\u00e9 les avocats et le parquet \u00e0 \u00e9mettre leurs commentaires avant qu\u2019elle n\u2019autorise Hassan Ngeze \u00e0 contre-interroger le t\u00e9moin, mais personne n\u2019avait demand\u00e9 la parole.\n<\/p>\n<p  >\n\"Aucune partie n\u2019avait compris votre invitation\", a soulign\u00e9 Me Diana Ellis, expliquant que les propos tenus par la juge Pillay \u00e9taient \"clairs en anglais mais pas en traduction\" fran\u00e7aise.\n<\/p>\n<p  >\nLa juge Pillay et Me Ellis s\u2019expriment en anglais tandis que les avocats de la d\u00e9fense qui \u00e9taient pr\u00e9sents \u00e0 l\u2019audience ainsi que le substitut du procureur en charge du dossier ce jour l\u00e0 sont des francophones.\n<\/p>\n<p  >\nMe Ellis a propos\u00e9 que le parquet et Me Ren\u00e9 Martel soient entendus avant le d\u00e9but du contre-interrogatoire du t\u00e9moin fix\u00e9 jeudi matin. La chambre ne s\u2019est pas encore prononc\u00e9e sur la question.\n<\/p>\n<p  >\nD\u00e9sign\u00e9 sous le pseudonyme \"EB\" pour prot\u00e9ger son anonymat, le vingti\u00e8me t\u00e9moin du parquet d\u00e9pose essentiellement contre Hassan Ngeze.\n<\/p>\n<p  >\nLe t\u00e9moin a accus\u00e9 l\u2019ancien journaliste d\u2019avoir particip\u00e9 aux massacres de Tutsis dans sa r\u00e9gion natale de Gisenyi (nord-ouest du Rwanda).\n<\/p>\n<p  >\nMe Martel a d\u2019abord tent\u00e9 de faire rejeter la d\u00e9position de EB, arguant qu\u2019elle \u00e9tait fond\u00e9e sur des ou\u00ef-dire, mais il n\u2019a pas eu gain de cause. Le Tribunal lui a sugg\u00e9r\u00e9 de tester la cr\u00e9dibilit\u00e9 du t\u00e9moin lors du contre-interrogatoire.<\/p>\n","protected":false},"excerpt":{"rendered":"<p>Arusha, le 16 mai 2001(FH)- L\u2019autorisation accord\u00e9e \u00e0 un accus\u00e9 de contre-interroger un t\u00e9moin n\u2019a pas \u00e9t\u00e9 comprise de la m\u00eame mani\u00e8re par toutes les parties, a affirm\u00e9, mercredi, un des avocats de la d\u00e9fense. L\u2019avocate anglaise Me Diana Ellis, co-conseil dans le proc\u00e8s de l\u2019ancien promoteur de la Radio-t\u00e9l\u00e9vision libre des mille collines (RTLM), [&hellip;]<\/p>\n","protected":false},"author":64,"featured_media":0,"comment_status":"open","ping_status":"closed","sticky":false,"template":"","format":"standard","meta":{"_acf_changed":false,"footnotes":""},"categories":[554],"tags":[],"ji_location":[],"class_list":["post-6669","post","type-post","status-publish","format-standard","hentry","category-hirondellenews"],"acf":[],"yoast_head":"<!-- This site is optimized with the Yoast SEO Premium plugin v25.3.1 (Yoast SEO v25.3.1) - https:\/\/yoast.com\/wordpress\/plugins\/seo\/ -->\n<title>16.05.2001 - TPIR\/MEDIAS - MALENTENDUS AUTOUR DU CONTRE-INTERROGATOIRE D\u2019UN TEMOIN PAR UN ACCUSE - JusticeInfo.net<\/title>\n<meta name=\"robots\" content=\"index, follow, max-snippet:-1, max-image-preview:large, max-video-preview:-1\" \/>\n<link rel=\"canonical\" href=\"https:\/\/www.justiceinfo.net\/fr\/6669-16052001-tpirmedias-malentendus-autour-du-contre-interrogatoire-dun-temoin-par-un-accuse3459.html\" \/>\n<meta property=\"og:locale\" content=\"fr_FR\" \/>\n<meta property=\"og:type\" content=\"article\" \/>\n<meta property=\"og:title\" content=\"16.05.2001 - TPIR\/MEDIAS - MALENTENDUS AUTOUR DU CONTRE-INTERROGATOIRE D\u2019UN TEMOIN PAR UN ACCUSE\" \/>\n<meta property=\"og:description\" content=\"Arusha, le 16 mai 2001(FH)- L\u2019autorisation accord\u00e9e \u00e0 un accus\u00e9 de contre-interroger un t\u00e9moin n\u2019a pas \u00e9t\u00e9 comprise de la m\u00eame mani\u00e8re par toutes les parties, a affirm\u00e9, mercredi, un des avocats de la d\u00e9fense. L\u2019avocate anglaise Me Diana Ellis, co-conseil dans le proc\u00e8s de l\u2019ancien promoteur de la Radio-t\u00e9l\u00e9vision libre des mille collines (RTLM), [&hellip;]\" \/>\n<meta property=\"og:url\" content=\"https:\/\/www.justiceinfo.net\/fr\/6669-16052001-tpirmedias-malentendus-autour-du-contre-interrogatoire-dun-temoin-par-un-accuse3459.html\" \/>\n<meta property=\"og:site_name\" content=\"JusticeInfo.net\" \/>\n<meta property=\"article:publisher\" content=\"https:\/\/www.facebook.com\/JusticeInfo\/\" \/>\n<meta property=\"article:published_time\" content=\"2001-05-15T22:00:00+00:00\" \/>\n<meta property=\"og:image\" content=\"https:\/\/www.justiceinfo.net\/wp-content\/uploads\/JusticeInfoNet_logo_1200x630px.jpg\" \/>\n\t<meta property=\"og:image:width\" content=\"1200\" \/>\n\t<meta property=\"og:image:height\" content=\"630\" \/>\n\t<meta property=\"og:image:type\" content=\"image\/jpeg\" \/>\n<meta name=\"author\" content=\"solivri\" \/>\n<meta name=\"twitter:card\" content=\"summary_large_image\" \/>\n<meta name=\"twitter:creator\" content=\"@justiceinfonet\" \/>\n<meta name=\"twitter:site\" content=\"@justiceinfonet\" \/>\n<meta name=\"twitter:label1\" content=\"\u00c9crit par\" \/>\n\t<meta name=\"twitter:data1\" content=\"solivri\" \/>\n\t<meta name=\"twitter:label2\" content=\"Dur\u00e9e de lecture estim\u00e9e\" \/>\n\t<meta name=\"twitter:data2\" content=\"2 minutes\" \/>\n<script type=\"application\/ld+json\" class=\"yoast-schema-graph\">{\"@context\":\"https:\/\/schema.org\",\"@graph\":[{\"@type\":\"NewsArticle\",\"@id\":\"https:\/\/www.justiceinfo.net\/fr\/6669-16052001-tpirmedias-malentendus-autour-du-contre-interrogatoire-dun-temoin-par-un-accuse3459.html#article\",\"isPartOf\":{\"@id\":\"https:\/\/www.justiceinfo.net\/fr\/6669-16052001-tpirmedias-malentendus-autour-du-contre-interrogatoire-dun-temoin-par-un-accuse3459.html\"},\"author\":{\"name\":\"solivri\",\"@id\":\"https:\/\/www.justiceinfo.net\/fr#\/schema\/person\/6e53cba1629e2e66f3fc1821d3091865\"},\"headline\":\"16.05.2001 - TPIR\/MEDIAS - MALENTENDUS AUTOUR DU CONTRE-INTERROGATOIRE D\u2019UN TEMOIN PAR UN ACCUSE\",\"datePublished\":\"2001-05-15T22:00:00+00:00\",\"mainEntityOfPage\":{\"@id\":\"https:\/\/www.justiceinfo.net\/fr\/6669-16052001-tpirmedias-malentendus-autour-du-contre-interrogatoire-dun-temoin-par-un-accuse3459.html\"},\"wordCount\":446,\"commentCount\":0,\"publisher\":{\"@id\":\"https:\/\/www.justiceinfo.net\/fr#organization\"},\"articleSection\":[\"Hirondelle News\"],\"inLanguage\":\"fr-FR\",\"potentialAction\":[{\"@type\":\"CommentAction\",\"name\":\"Comment\",\"target\":[\"https:\/\/www.justiceinfo.net\/fr\/6669-16052001-tpirmedias-malentendus-autour-du-contre-interrogatoire-dun-temoin-par-un-accuse3459.html#respond\"]}]},{\"@type\":\"WebPage\",\"@id\":\"https:\/\/www.justiceinfo.net\/fr\/6669-16052001-tpirmedias-malentendus-autour-du-contre-interrogatoire-dun-temoin-par-un-accuse3459.html\",\"url\":\"https:\/\/www.justiceinfo.net\/fr\/6669-16052001-tpirmedias-malentendus-autour-du-contre-interrogatoire-dun-temoin-par-un-accuse3459.html\",\"name\":\"16.05.2001 - TPIR\/MEDIAS - MALENTENDUS AUTOUR DU CONTRE-INTERROGATOIRE D\u2019UN TEMOIN PAR UN ACCUSE - JusticeInfo.net\",\"isPartOf\":{\"@id\":\"https:\/\/www.justiceinfo.net\/fr#website\"},\"datePublished\":\"2001-05-15T22:00:00+00:00\",\"breadcrumb\":{\"@id\":\"https:\/\/www.justiceinfo.net\/fr\/6669-16052001-tpirmedias-malentendus-autour-du-contre-interrogatoire-dun-temoin-par-un-accuse3459.html#breadcrumb\"},\"inLanguage\":\"fr-FR\",\"potentialAction\":[{\"@type\":\"ReadAction\",\"target\":[\"https:\/\/www.justiceinfo.net\/fr\/6669-16052001-tpirmedias-malentendus-autour-du-contre-interrogatoire-dun-temoin-par-un-accuse3459.html\"]}]},{\"@type\":\"BreadcrumbList\",\"@id\":\"https:\/\/www.justiceinfo.net\/fr\/6669-16052001-tpirmedias-malentendus-autour-du-contre-interrogatoire-dun-temoin-par-un-accuse3459.html#breadcrumb\",\"itemListElement\":[{\"@type\":\"ListItem\",\"position\":1,\"name\":\"Home\",\"item\":\"https:\/\/www.justiceinfo.net\/fr\"},{\"@type\":\"ListItem\",\"position\":2,\"name\":\"16.05.2001 - TPIR\/MEDIAS - MALENTENDUS AUTOUR DU CONTRE-INTERROGATOIRE D\u2019UN TEMOIN PAR UN ACCUSE\"}]},{\"@type\":\"WebSite\",\"@id\":\"https:\/\/www.justiceinfo.net\/fr#website\",\"url\":\"https:\/\/www.justiceinfo.net\/fr\",\"name\":\"JusticeInfo.net\",\"description\":\"La justice doit \u00eatre vue pour \u00eatre rendue\",\"publisher\":{\"@id\":\"https:\/\/www.justiceinfo.net\/fr#organization\"},\"potentialAction\":[{\"@type\":\"SearchAction\",\"target\":{\"@type\":\"EntryPoint\",\"urlTemplate\":\"https:\/\/www.justiceinfo.net\/fr?s={search_term_string}\"},\"query-input\":{\"@type\":\"PropertyValueSpecification\",\"valueRequired\":true,\"valueName\":\"search_term_string\"}}],\"inLanguage\":\"fr-FR\"},{\"@type\":\"Organization\",\"@id\":\"https:\/\/www.justiceinfo.net\/fr#organization\",\"name\":\"Justice Info\",\"url\":\"https:\/\/www.justiceinfo.net\/fr\",\"logo\":{\"@type\":\"ImageObject\",\"inLanguage\":\"fr-FR\",\"@id\":\"https:\/\/www.justiceinfo.net\/fr#\/schema\/logo\/image\/\",\"url\":\"https:\/\/www.justiceinfo.net\/wp-content\/uploads\/justiceinfo_logo-trans_1200x1200px.png\",\"contentUrl\":\"https:\/\/www.justiceinfo.net\/wp-content\/uploads\/justiceinfo_logo-trans_1200x1200px.png\",\"width\":1199,\"height\":1200,\"caption\":\"Justice Info\"},\"image\":{\"@id\":\"https:\/\/www.justiceinfo.net\/fr#\/schema\/logo\/image\/\"},\"sameAs\":[\"https:\/\/www.facebook.com\/JusticeInfo\/\",\"https:\/\/x.com\/justiceinfonet\",\"https:\/\/www.linkedin.com\/company\/justice-info\",\"https:\/\/www.youtube.com\/channel\/UCyCEsARodyuWtkWyhn-e7pA\"]},{\"@type\":\"Person\",\"name\":\"solivri\",\"url\":\"\/fr\/?s=solivri\"}]}<\/script>\n<!-- \/ Yoast SEO Premium plugin. -->","yoast_head_json":{"title":"16.05.2001 - TPIR\/MEDIAS - MALENTENDUS AUTOUR DU CONTRE-INTERROGATOIRE D\u2019UN TEMOIN PAR UN ACCUSE - JusticeInfo.net","robots":{"index":"index","follow":"follow","max-snippet":"max-snippet:-1","max-image-preview":"max-image-preview:large","max-video-preview":"max-video-preview:-1"},"canonical":"https:\/\/www.justiceinfo.net\/fr\/6669-16052001-tpirmedias-malentendus-autour-du-contre-interrogatoire-dun-temoin-par-un-accuse3459.html","og_locale":"fr_FR","og_type":"article","og_title":"16.05.2001 - TPIR\/MEDIAS - MALENTENDUS AUTOUR DU CONTRE-INTERROGATOIRE D\u2019UN TEMOIN PAR UN ACCUSE","og_description":"Arusha, le 16 mai 2001(FH)- L\u2019autorisation accord\u00e9e \u00e0 un accus\u00e9 de contre-interroger un t\u00e9moin n\u2019a pas \u00e9t\u00e9 comprise de la m\u00eame mani\u00e8re par toutes les parties, a affirm\u00e9, mercredi, un des avocats de la d\u00e9fense. L\u2019avocate anglaise Me Diana Ellis, co-conseil dans le proc\u00e8s de l\u2019ancien promoteur de la Radio-t\u00e9l\u00e9vision libre des mille collines (RTLM), [&hellip;]","og_url":"https:\/\/www.justiceinfo.net\/fr\/6669-16052001-tpirmedias-malentendus-autour-du-contre-interrogatoire-dun-temoin-par-un-accuse3459.html","og_site_name":"JusticeInfo.net","article_publisher":"https:\/\/www.facebook.com\/JusticeInfo\/","article_published_time":"2001-05-15T22:00:00+00:00","og_image":[{"width":1200,"height":630,"url":"https:\/\/www.justiceinfo.net\/wp-content\/uploads\/JusticeInfoNet_logo_1200x630px.jpg","type":"image\/jpeg"}],"author":"solivri","twitter_card":"summary_large_image","twitter_creator":"@justiceinfonet","twitter_site":"@justiceinfonet","twitter_misc":{"\u00c9crit par":"solivri","Dur\u00e9e de lecture estim\u00e9e":"2 minutes"},"schema":{"@context":"https:\/\/schema.org","@graph":[{"@type":"NewsArticle","@id":"https:\/\/www.justiceinfo.net\/fr\/6669-16052001-tpirmedias-malentendus-autour-du-contre-interrogatoire-dun-temoin-par-un-accuse3459.html#article","isPartOf":{"@id":"https:\/\/www.justiceinfo.net\/fr\/6669-16052001-tpirmedias-malentendus-autour-du-contre-interrogatoire-dun-temoin-par-un-accuse3459.html"},"author":{"name":"solivri","@id":"https:\/\/www.justiceinfo.net\/fr#\/schema\/person\/6e53cba1629e2e66f3fc1821d3091865"},"headline":"16.05.2001 - TPIR\/MEDIAS - MALENTENDUS AUTOUR DU CONTRE-INTERROGATOIRE D\u2019UN TEMOIN PAR UN ACCUSE","datePublished":"2001-05-15T22:00:00+00:00","mainEntityOfPage":{"@id":"https:\/\/www.justiceinfo.net\/fr\/6669-16052001-tpirmedias-malentendus-autour-du-contre-interrogatoire-dun-temoin-par-un-accuse3459.html"},"wordCount":446,"commentCount":0,"publisher":{"@id":"https:\/\/www.justiceinfo.net\/fr#organization"},"articleSection":["Hirondelle News"],"inLanguage":"fr-FR","potentialAction":[{"@type":"CommentAction","name":"Comment","target":["https:\/\/www.justiceinfo.net\/fr\/6669-16052001-tpirmedias-malentendus-autour-du-contre-interrogatoire-dun-temoin-par-un-accuse3459.html#respond"]}]},{"@type":"WebPage","@id":"https:\/\/www.justiceinfo.net\/fr\/6669-16052001-tpirmedias-malentendus-autour-du-contre-interrogatoire-dun-temoin-par-un-accuse3459.html","url":"https:\/\/www.justiceinfo.net\/fr\/6669-16052001-tpirmedias-malentendus-autour-du-contre-interrogatoire-dun-temoin-par-un-accuse3459.html","name":"16.05.2001 - TPIR\/MEDIAS - MALENTENDUS AUTOUR DU CONTRE-INTERROGATOIRE D\u2019UN TEMOIN PAR UN ACCUSE - JusticeInfo.net","isPartOf":{"@id":"https:\/\/www.justiceinfo.net\/fr#website"},"datePublished":"2001-05-15T22:00:00+00:00","breadcrumb":{"@id":"https:\/\/www.justiceinfo.net\/fr\/6669-16052001-tpirmedias-malentendus-autour-du-contre-interrogatoire-dun-temoin-par-un-accuse3459.html#breadcrumb"},"inLanguage":"fr-FR","potentialAction":[{"@type":"ReadAction","target":["https:\/\/www.justiceinfo.net\/fr\/6669-16052001-tpirmedias-malentendus-autour-du-contre-interrogatoire-dun-temoin-par-un-accuse3459.html"]}]},{"@type":"BreadcrumbList","@id":"https:\/\/www.justiceinfo.net\/fr\/6669-16052001-tpirmedias-malentendus-autour-du-contre-interrogatoire-dun-temoin-par-un-accuse3459.html#breadcrumb","itemListElement":[{"@type":"ListItem","position":1,"name":"Home","item":"https:\/\/www.justiceinfo.net\/fr"},{"@type":"ListItem","position":2,"name":"16.05.2001 - TPIR\/MEDIAS - MALENTENDUS AUTOUR DU CONTRE-INTERROGATOIRE D\u2019UN TEMOIN PAR UN ACCUSE"}]},{"@type":"WebSite","@id":"https:\/\/www.justiceinfo.net\/fr#website","url":"https:\/\/www.justiceinfo.net\/fr","name":"JusticeInfo.net","description":"La justice doit \u00eatre vue pour \u00eatre rendue","publisher":{"@id":"https:\/\/www.justiceinfo.net\/fr#organization"},"potentialAction":[{"@type":"SearchAction","target":{"@type":"EntryPoint","urlTemplate":"https:\/\/www.justiceinfo.net\/fr?s={search_term_string}"},"query-input":{"@type":"PropertyValueSpecification","valueRequired":true,"valueName":"search_term_string"}}],"inLanguage":"fr-FR"},{"@type":"Organization","@id":"https:\/\/www.justiceinfo.net\/fr#organization","name":"Justice Info","url":"https:\/\/www.justiceinfo.net\/fr","logo":{"@type":"ImageObject","inLanguage":"fr-FR","@id":"https:\/\/www.justiceinfo.net\/fr#\/schema\/logo\/image\/","url":"https:\/\/www.justiceinfo.net\/wp-content\/uploads\/justiceinfo_logo-trans_1200x1200px.png","contentUrl":"https:\/\/www.justiceinfo.net\/wp-content\/uploads\/justiceinfo_logo-trans_1200x1200px.png","width":1199,"height":1200,"caption":"Justice Info"},"image":{"@id":"https:\/\/www.justiceinfo.net\/fr#\/schema\/logo\/image\/"},"sameAs":["https:\/\/www.facebook.com\/JusticeInfo\/","https:\/\/x.com\/justiceinfonet","https:\/\/www.linkedin.com\/company\/justice-info","https:\/\/www.youtube.com\/channel\/UCyCEsARodyuWtkWyhn-e7pA"]},{"@type":"Person","name":"solivri","url":"\/fr\/?s=solivri"}]}},"_links":{"self":[{"href":"https:\/\/www.justiceinfo.net\/fr\/wp-json\/wp\/v2\/posts\/6669","targetHints":{"allow":["GET"]}}],"collection":[{"href":"https:\/\/www.justiceinfo.net\/fr\/wp-json\/wp\/v2\/posts"}],"about":[{"href":"https:\/\/www.justiceinfo.net\/fr\/wp-json\/wp\/v2\/types\/post"}],"author":[{"embeddable":true,"href":"https:\/\/www.justiceinfo.net\/fr\/wp-json\/wp\/v2\/users\/64"}],"replies":[{"embeddable":true,"href":"https:\/\/www.justiceinfo.net\/fr\/wp-json\/wp\/v2\/comments?post=6669"}],"version-history":[{"count":0,"href":"https:\/\/www.justiceinfo.net\/fr\/wp-json\/wp\/v2\/posts\/6669\/revisions"}],"wp:attachment":[{"href":"https:\/\/www.justiceinfo.net\/fr\/wp-json\/wp\/v2\/media?parent=6669"}],"wp:term":[{"taxonomy":"category","embeddable":true,"href":"https:\/\/www.justiceinfo.net\/fr\/wp-json\/wp\/v2\/categories?post=6669"},{"taxonomy":"post_tag","embeddable":true,"href":"https:\/\/www.justiceinfo.net\/fr\/wp-json\/wp\/v2\/tags?post=6669"},{"taxonomy":"ji_location","embeddable":true,"href":"https:\/\/www.justiceinfo.net\/fr\/wp-json\/wp\/v2\/ji_location?post=6669"}],"curies":[{"name":"wp","href":"https:\/\/api.w.org\/{rel}","templated":true}]}}